{"id":50365,"date":"2019-06-20T11:09:18","date_gmt":"2019-06-20T14:09:18","guid":{"rendered":"http:\/\/cooltivarte.com\/portal\/?p=50365"},"modified":"2019-06-20T11:16:56","modified_gmt":"2019-06-20T14:16:56","slug":"lucia-ferreira-al-sur-del-atardecer-cancion-final-cayo-la-cabra","status":"publish","type":"post","link":"https:\/\/cooltivarte.com\/portal\/lucia-ferreira-al-sur-del-atardecer-cancion-final-cayo-la-cabra\/","title":{"rendered":"Luc\u00eda Ferreira &#8211; Al Sur Del Atardecer (Canci\u00f3n final &#8220;Cay\u00f3 la Cabra&#8221;)"},"content":{"rendered":"<p><strong>Letra &#8211; Al Sur Del Atardecer<\/strong><\/p>\n<div class=\"M1CzJc PZPZlf kno-fb-ctx\">\n<div class=\"u7wWjf\" data-mh=\"-1\">Al sur del atardecer,<br \/>\nsiento que te desped\u00eds,<br \/>\nce cae el d\u00eda y no s\u00e9,<br \/>\nsi te estoy cantando a vos,<br \/>\no me estoy cantando a mi.<br \/>\nHoy tengo miedo a perder<br \/>\na que no pase mas nada,<br \/>\nel miedo mas natural,<br \/>\nde cantar mi serenata<br \/>\ny que no abras la ventana.<br \/>\nNo se si llueve o si tengo<br \/>\ntoda la lluvia en los ojos,<br \/>\nyo siempre hable de ser libre<br \/>\npero c\u00f3mo me cuesta el despojo.<br \/>\nSe que si vos no ven\u00eds<br \/>\nno se a donde encontrarnos,<br \/>\nparece que una pasi\u00f3n,<br \/>\nme libera el coraz\u00f3n,<br \/>\nmientras se lo va quedando.<br \/>\nDe que me sirve cantar,<br \/>\n\u00bfPor que sera que insisto?<br \/>\ncomo buscando un lugar.<br \/>\ndonde me guste mi voz<br \/>\ny me confirme que existo.<br \/>\nNo hay nada mas natural,<br \/>\nque a veces no entender nada,<br \/>\nni un segundo despu\u00e9s<br \/>\ndejar que se acurruque<br \/>\nmi consuelo en tu mirada.<br \/>\nNo hay nada mas natural<br \/>\nque aveces no entender nada,<br \/>\nni un segundo despu\u00e9s<br \/>\ndejar que se acurruquen<br \/>\nmi consuelo en tu mirada.<br \/>\nUna canci\u00f3n de amor<br \/>\nme lame las heridas<br \/>\ny al sur del atardecer,<br \/>\nuna canci\u00f3n de amor<br \/>\nme lame las heridas<br \/>\ny al sur del atardecer<br \/>\namanece una despedida.<\/div>\n<\/div>\n<p>&nbsp;<\/p>\n<p><strong><a href=\"https:\/\/cooltivarte.com\/portal\/?s=Luc%C3%ADa+Ferreira\">Luc\u00eda Ferreira<\/a><\/strong> &#8211; <strong>Al Sur Del Atardecer<\/strong> en vivo en <strong>La Trastienda. <\/strong><\/p>\n<p>Esta canci\u00f3n final de <a href=\"https:\/\/cooltivarte.com\/portal\/?s=Cay%C3%B3+la+Cabra\"><strong>Cay\u00f3 la Cabra<\/strong><\/a>, fue interpretada tiempo despu\u00e9s por <a href=\"https:\/\/cooltivarte.com\/portal\/?s=La+Vela+Puerca\"><strong>La Vela Puerca<\/strong><\/a>.<\/p>\n<p>En esta ocasi\u00f3n en vivo en La Trastienda por<strong> <a href=\"https:\/\/cooltivarte.com\/portal\/?s=Lu+Ferreira\">Lu Ferreira.<\/a><\/strong><\/p>\n<p>&nbsp;<\/p>\n","protected":false},"excerpt":{"rendered":"<p>Letra &#8211; Al Sur Del Atardecer Al sur del atardecer, siento que te desped\u00eds, ce cae el d\u00eda y no s\u00e9, si te estoy cantando a vos, o me estoy cantando a mi. Hoy tengo miedo a perder a que no pase mas nada, el miedo mas natural, de cantar mi serenata y que no [&hellip;]<\/p>\n","protected":false},"author":8,"featured_media":50367,"comment_status":"closed","ping_status":"closed","sticky":false,"template":"","format":"video","meta":{"om_disable_all_campaigns":false,"ngg_post_thumbnail":0,"jnews-multi-image_gallery":[],"jnews_single_post":[],"jnews_primary_category":[],"jnews_social_meta":[],"jnews_override_counter":[],"footnotes":""},"categories":[51],"tags":[9213,1921,101,367,1703],"class_list":["post-50365","post","type-post","status-publish","format-video","has-post-thumbnail","hentry","category-noticias","tag-al-sur-del-atardecer","tag-cayo-la-cabra","tag-la-trastienda","tag-letra","tag-lucia-ferreira","post_format-post-format-video"],"yoast_head":"<!-- This site is optimized with the Yoast SEO plugin v27.5 - https:\/\/yoast.com\/product\/yoast-seo-wordpress\/ -->\n<title>Luc\u00eda Ferreira - Al Sur Del Atardecer (Canci\u00f3n final &quot;Cay\u00f3 la Cabra&quot;) - Cooltivarte Portal<\/title>\n<meta name=\"description\" content=\"COOLTIVARTE.COM es un portal digital colaborativo de actualizaci\u00f3n permanente dedicado a difundir el acontecer art\u00edstico y cultural, entrevista artistas, gestores y productores de las diferentes disciplinas del arte, y publicando art\u00edculos de reflexi\u00f3n de producci\u00f3n propia sobre los elementos culturales.\" \/>\n<meta name=\"robots\" content=\"index, follow, max-snippet:-1, max-image-preview:large, max-video-preview:-1\" \/>\n<link rel=\"canonical\" href=\"https:\/\/cooltivarte.com\/portal\/lucia-ferreira-al-sur-del-atardecer-cancion-final-cayo-la-cabra\/\" \/>\n<meta property=\"og:locale\" content=\"es_ES\" \/>\n<meta property=\"og:type\" content=\"article\" \/>\n<meta property=\"og:title\" content=\"Luc\u00eda Ferreira - Al Sur Del Atardecer (Canci\u00f3n final &quot;Cay\u00f3 la Cabra&quot;) - Cooltivarte Portal\" \/>\n<meta property=\"og:description\" content=\"COOLTIVARTE.COM es un portal digital colaborativo de actualizaci\u00f3n permanente dedicado a difundir el acontecer art\u00edstico y cultural, entrevista artistas, gestores y productores de las diferentes disciplinas del arte, y publicando art\u00edculos de reflexi\u00f3n de producci\u00f3n propia sobre los elementos culturales.\" \/>\n<meta property=\"og:url\" content=\"https:\/\/cooltivarte.com\/portal\/lucia-ferreira-al-sur-del-atardecer-cancion-final-cayo-la-cabra\/\" \/>\n<meta property=\"og:site_name\" content=\"Cooltivarte Portal\" \/>\n<meta property=\"article:publisher\" content=\"https:\/\/www.facebook.com\/cooltivartecom\/\" \/>\n<meta property=\"article:author\" content=\"https:\/\/www.facebook.com\/cooltivartecom\" \/>\n<meta property=\"article:published_time\" content=\"2019-06-20T14:09:18+00:00\" \/>\n<meta property=\"article:modified_time\" content=\"2019-06-20T14:16:56+00:00\" \/>\n<meta property=\"og:image\" content=\"https:\/\/cooltivarte.com\/portal\/wp-content\/uploads\/2019\/06\/hqdefault-29.jpg\" \/>\n\t<meta property=\"og:image:width\" content=\"480\" \/>\n\t<meta property=\"og:image:height\" content=\"360\" \/>\n\t<meta property=\"og:image:type\" content=\"image\/jpeg\" \/>\n<meta name=\"author\" content=\"Cooltivarte\" \/>\n<meta name=\"twitter:card\" content=\"summary_large_image\" \/>\n<meta name=\"twitter:creator\" content=\"@https:\/\/x.com\/obolocultural\" \/>\n<meta name=\"twitter:site\" content=\"@obolocultural\" \/>\n<meta name=\"twitter:label1\" content=\"Escrito por\" \/>\n\t<meta name=\"twitter:data1\" content=\"Cooltivarte\" \/>\n\t<meta name=\"twitter:label2\" content=\"Tiempo de lectura\" \/>\n\t<meta name=\"twitter:data2\" content=\"1 minuto\" \/>\n<!-- \/ Yoast SEO plugin. -->","yoast_head_json":{"title":"Luc\u00eda Ferreira - Al Sur Del Atardecer (Canci\u00f3n final \"Cay\u00f3 la Cabra\") - Cooltivarte Portal","description":"COOLTIVARTE.COM es un portal digital colaborativo de actualizaci\u00f3n permanente dedicado a difundir el acontecer art\u00edstico y cultural, entrevista artistas, gestores y productores de las diferentes disciplinas del arte, y publicando art\u00edculos de reflexi\u00f3n de producci\u00f3n propia sobre los elementos culturales.","robots":{"index":"index","follow":"follow","max-snippet":"max-snippet:-1","max-image-preview":"max-image-preview:large","max-video-preview":"max-video-preview:-1"},"canonical":"https:\/\/cooltivarte.com\/portal\/lucia-ferreira-al-sur-del-atardecer-cancion-final-cayo-la-cabra\/","og_locale":"es_ES","og_type":"article","og_title":"Luc\u00eda Ferreira - Al Sur Del Atardecer (Canci\u00f3n final \"Cay\u00f3 la Cabra\") - Cooltivarte Portal","og_description":"COOLTIVARTE.COM es un portal digital colaborativo de actualizaci\u00f3n permanente dedicado a difundir el acontecer art\u00edstico y cultural, entrevista artistas, gestores y productores de las diferentes disciplinas del arte, y publicando art\u00edculos de reflexi\u00f3n de producci\u00f3n propia sobre los elementos culturales.","og_url":"https:\/\/cooltivarte.com\/portal\/lucia-ferreira-al-sur-del-atardecer-cancion-final-cayo-la-cabra\/","og_site_name":"Cooltivarte Portal","article_publisher":"https:\/\/www.facebook.com\/cooltivartecom\/","article_author":"https:\/\/www.facebook.com\/cooltivartecom","article_published_time":"2019-06-20T14:09:18+00:00","article_modified_time":"2019-06-20T14:16:56+00:00","og_image":[{"width":480,"height":360,"url":"https:\/\/cooltivarte.com\/portal\/wp-content\/uploads\/2019\/06\/hqdefault-29.jpg","type":"image\/jpeg"}],"author":"Cooltivarte","twitter_card":"summary_large_image","twitter_creator":"@https:\/\/x.com\/obolocultural","twitter_site":"@obolocultural","twitter_misc":{"Escrito por":"Cooltivarte","Tiempo de lectura":"1 minuto"},"schema":{"@context":"https:\/\/schema.org","@graph":[{"@type":"NewsArticle","@id":"https:\/\/cooltivarte.com\/portal\/lucia-ferreira-al-sur-del-atardecer-cancion-final-cayo-la-cabra\/#article","isPartOf":{"@id":"https:\/\/cooltivarte.com\/portal\/lucia-ferreira-al-sur-del-atardecer-cancion-final-cayo-la-cabra\/"},"author":{"name":"Cooltivarte","@id":"https:\/\/cooltivarte.com\/portal\/#\/schema\/person\/ec2a4f4e71b740d0c559c0ab9a157e19"},"headline":"Luc\u00eda Ferreira &#8211; Al Sur Del Atardecer (Canci\u00f3n final &#8220;Cay\u00f3 la Cabra&#8221;)","datePublished":"2019-06-20T14:09:18+00:00","dateModified":"2019-06-20T14:16:56+00:00","mainEntityOfPage":{"@id":"https:\/\/cooltivarte.com\/portal\/lucia-ferreira-al-sur-del-atardecer-cancion-final-cayo-la-cabra\/"},"wordCount":275,"publisher":{"@id":"https:\/\/cooltivarte.com\/portal\/#organization"},"image":{"@id":"https:\/\/cooltivarte.com\/portal\/lucia-ferreira-al-sur-del-atardecer-cancion-final-cayo-la-cabra\/#primaryimage"},"thumbnailUrl":"https:\/\/cooltivarte.com\/portal\/wp-content\/uploads\/2019\/06\/hqdefault-29.jpg","keywords":["Al Sur Del Atardecer","Cay\u00f3 la Cabra","La Trastienda","Letra","Luc\u00eda Ferreira"],"articleSection":["Noticias"],"inLanguage":"es-AR"},{"@type":"WebPage","@id":"https:\/\/cooltivarte.com\/portal\/lucia-ferreira-al-sur-del-atardecer-cancion-final-cayo-la-cabra\/","url":"https:\/\/cooltivarte.com\/portal\/lucia-ferreira-al-sur-del-atardecer-cancion-final-cayo-la-cabra\/","name":"Luc\u00eda Ferreira - Al Sur Del Atardecer (Canci\u00f3n final \"Cay\u00f3 la Cabra\") - Cooltivarte Portal","isPartOf":{"@id":"https:\/\/cooltivarte.com\/portal\/#website"},"primaryImageOfPage":{"@id":"https:\/\/cooltivarte.com\/portal\/lucia-ferreira-al-sur-del-atardecer-cancion-final-cayo-la-cabra\/#primaryimage"},"image":{"@id":"https:\/\/cooltivarte.com\/portal\/lucia-ferreira-al-sur-del-atardecer-cancion-final-cayo-la-cabra\/#primaryimage"},"thumbnailUrl":"https:\/\/cooltivarte.com\/portal\/wp-content\/uploads\/2019\/06\/hqdefault-29.jpg","datePublished":"2019-06-20T14:09:18+00:00","dateModified":"2019-06-20T14:16:56+00:00","description":"COOLTIVARTE.COM es un portal digital colaborativo de actualizaci\u00f3n permanente dedicado a difundir el acontecer art\u00edstico y cultural, entrevista artistas, gestores y productores de las diferentes disciplinas del arte, y publicando art\u00edculos de reflexi\u00f3n de producci\u00f3n propia sobre los elementos culturales.","breadcrumb":{"@id":"https:\/\/cooltivarte.com\/portal\/lucia-ferreira-al-sur-del-atardecer-cancion-final-cayo-la-cabra\/#breadcrumb"},"inLanguage":"es-AR","potentialAction":[{"@type":"ReadAction","target":["https:\/\/cooltivarte.com\/portal\/lucia-ferreira-al-sur-del-atardecer-cancion-final-cayo-la-cabra\/"]}]},{"@type":"ImageObject","inLanguage":"es-AR","@id":"https:\/\/cooltivarte.com\/portal\/lucia-ferreira-al-sur-del-atardecer-cancion-final-cayo-la-cabra\/#primaryimage","url":"https:\/\/cooltivarte.com\/portal\/wp-content\/uploads\/2019\/06\/hqdefault-29.jpg","contentUrl":"https:\/\/cooltivarte.com\/portal\/wp-content\/uploads\/2019\/06\/hqdefault-29.jpg","width":480,"height":360,"caption":"Luc\u00eda Ferreira - Al Sur Del Atardecer en vivo en La Trastienda. Esta canci\u00f3n final de Cay\u00f3 la Cabra, fue interpretada tiempo despu\u00e9s por La Vela Puerca. En esta ocasi\u00f3n en vivo en La Trastienda por Lu Ferreira."},{"@type":"BreadcrumbList","@id":"https:\/\/cooltivarte.com\/portal\/lucia-ferreira-al-sur-del-atardecer-cancion-final-cayo-la-cabra\/#breadcrumb","itemListElement":[{"@type":"ListItem","position":1,"name":"Portada","item":"https:\/\/cooltivarte.com\/portal\/"},{"@type":"ListItem","position":2,"name":"Luc\u00eda Ferreira &#8211; Al Sur Del Atardecer (Canci\u00f3n final \u00abCay\u00f3 la Cabra\u00bb)"}]},{"@type":"WebSite","@id":"https:\/\/cooltivarte.com\/portal\/#website","url":"https:\/\/cooltivarte.com\/portal\/","name":"Cooltivarte Portal","description":"Arte, cultura y turismo para el mundo ...","publisher":{"@id":"https:\/\/cooltivarte.com\/portal\/#organization"},"potentialAction":[{"@type":"SearchAction","target":{"@type":"EntryPoint","urlTemplate":"https:\/\/cooltivarte.com\/portal\/?s={search_term_string}"},"query-input":{"@type":"PropertyValueSpecification","valueRequired":true,"valueName":"search_term_string"}}],"inLanguage":"es-AR"},{"@type":"Organization","@id":"https:\/\/cooltivarte.com\/portal\/#organization","name":"cooltivarte","url":"https:\/\/cooltivarte.com\/portal\/","logo":{"@type":"ImageObject","inLanguage":"es-AR","@id":"https:\/\/cooltivarte.com\/portal\/#\/schema\/logo\/image\/","url":"https:\/\/cooltivarte.com\/portal\/wp-content\/uploads\/2020\/04\/logo-cooltivarte-v2.png","contentUrl":"https:\/\/cooltivarte.com\/portal\/wp-content\/uploads\/2020\/04\/logo-cooltivarte-v2.png","width":851,"height":243,"caption":"cooltivarte"},"image":{"@id":"https:\/\/cooltivarte.com\/portal\/#\/schema\/logo\/image\/"},"sameAs":["https:\/\/www.facebook.com\/cooltivartecom\/","https:\/\/x.com\/obolocultural","https:\/\/www.instagram.com\/_cooltivarte_\/","https:\/\/www.linkedin.com\/company\/-bolocultural?reportsuccess=8zaNG1HwhPbAR9iQhZ5rfGeqz_vQFftHun0ZWU0Wy9vNemRJ8vtcKdJvzQfW8XagyOJSKg0XvfJ1dp","https:\/\/www.pinterest.com\/cooltivarte\/","https:\/\/cooltivarte.tumblr.com\/","https:\/\/www.tiktok.com\/@cooltivarte","https:\/\/www.youtube.com\/@PrensaCooltivarte"]},{"@type":"Person","@id":"https:\/\/cooltivarte.com\/portal\/#\/schema\/person\/ec2a4f4e71b740d0c559c0ab9a157e19","name":"Cooltivarte","image":{"@type":"ImageObject","inLanguage":"es-AR","@id":"https:\/\/cooltivarte.com\/portal\/wp-content\/uploads\/2014\/05\/logo-cooltivarte-120x120.jpg","url":"https:\/\/cooltivarte.com\/portal\/wp-content\/uploads\/2014\/05\/logo-cooltivarte-120x120.jpg","contentUrl":"https:\/\/cooltivarte.com\/portal\/wp-content\/uploads\/2014\/05\/logo-cooltivarte-120x120.jpg","caption":"Cooltivarte"},"description":"Somos COOLTIVARTE.COM. Un portal digital dedicado a difundir el acontecer art\u00edstico y cultural del Uruguay. Estamos en la vuelta desde el a\u00f1o 2003, y como evoluci\u00f3n del bolet\u00edn Obolo Cultural, nos encontramos abocados a apoyar a los artistas nacionales brind\u00e1ndoles un espacio de difusi\u00f3n. Creemos en la idea de utilizar la potencialidad que hoy d\u00eda nos otorga la web, para que la cultura uruguaya y sus creadores dispongan de una din\u00e1mica ventana, que los ponga en contacto entre s\u00ed y con el mundo. Somos COOLTIVARTE.COM y pretendemos configurarnos como un portal din\u00e1mico, entretenido y atento a los nuevos emprendimientos, que busque siempre la interacci\u00f3n con los artistas.","sameAs":["http:\/\/www.cooltivarte.com","https:\/\/www.facebook.com\/cooltivartecom","https:\/\/www.instagram.com\/_cooltivarte_\/","https:\/\/www.linkedin.com\/company\/-bolocultural","https:\/\/www.pinterest.com\/cooltivarte\/","https:\/\/x.com\/https:\/\/x.com\/obolocultural","https:\/\/www.youtube.com\/@PrensaCooltivarte","https:\/\/www.tumblr.com\/blog\/cooltivarte"],"url":"https:\/\/cooltivarte.com\/portal\/author\/cooltivarte\/"}]}},"_links":{"self":[{"href":"https:\/\/cooltivarte.com\/portal\/wp-json\/wp\/v2\/posts\/50365","targetHints":{"allow":["GET"]}}],"collection":[{"href":"https:\/\/cooltivarte.com\/portal\/wp-json\/wp\/v2\/posts"}],"about":[{"href":"https:\/\/cooltivarte.com\/portal\/wp-json\/wp\/v2\/types\/post"}],"author":[{"embeddable":true,"href":"https:\/\/cooltivarte.com\/portal\/wp-json\/wp\/v2\/users\/8"}],"replies":[{"embeddable":true,"href":"https:\/\/cooltivarte.com\/portal\/wp-json\/wp\/v2\/comments?post=50365"}],"version-history":[{"count":5,"href":"https:\/\/cooltivarte.com\/portal\/wp-json\/wp\/v2\/posts\/50365\/revisions"}],"predecessor-version":[{"id":50371,"href":"https:\/\/cooltivarte.com\/portal\/wp-json\/wp\/v2\/posts\/50365\/revisions\/50371"}],"wp:featuredmedia":[{"embeddable":true,"href":"https:\/\/cooltivarte.com\/portal\/wp-json\/wp\/v2\/media\/50367"}],"wp:attachment":[{"href":"https:\/\/cooltivarte.com\/portal\/wp-json\/wp\/v2\/media?parent=50365"}],"wp:term":[{"taxonomy":"category","embeddable":true,"href":"https:\/\/cooltivarte.com\/portal\/wp-json\/wp\/v2\/categories?post=50365"},{"taxonomy":"post_tag","embeddable":true,"href":"https:\/\/cooltivarte.com\/portal\/wp-json\/wp\/v2\/tags?post=50365"}],"curies":[{"name":"wp","href":"https:\/\/api.w.org\/{rel}","templated":true}]}}