{"id":50243,"date":"2019-06-19T14:17:00","date_gmt":"2019-06-19T17:17:00","guid":{"rendered":"http:\/\/cooltivarte.com\/portal\/?p=50243"},"modified":"2019-06-19T14:17:00","modified_gmt":"2019-06-19T17:17:00","slug":"xiv-festival-internacional-de-poesia","status":"publish","type":"post","link":"https:\/\/cooltivarte.com\/portal\/xiv-festival-internacional-de-poesia\/","title":{"rendered":"XIV Festival Internacional de Poes\u00eda"},"content":{"rendered":"<h3>El Festival Internacional de Poes\u00eda de Buenos Aires celebra su XIV edici\u00f3n, y por cuarto a\u00f1o consecutivo cuenta con el CCK como sede principal. Dirigido por la poeta Graciela Ar\u00e1oz, el festival propone una nutrida serie de actividades: recitales de poes\u00eda, lecturas, performances, proyecciones y espect\u00e1culos musicales. Participan poetas y artistas de diversas ciudades argentinas e invitados de Brasil, Canad\u00e1, Chile, China, Colombia, Dinamarca, Eslovenia, Espa\u00f1a, Inglaterra, Italia, Marruecos, M\u00e9xico, Suecia, Uruguay y Venezuela.<\/h3>\n<p>Adem\u00e1s, en el marco del <strong>FIP<\/strong>, se lleva adelante la<strong> VIII edici\u00f3n de la Escuela Internacional de Poes\u00eda<\/strong> de Buenos Aires. En ella se desarrollan talleres no formales que abordan diferentes cuestiones en torno al g\u00e9nero po\u00e9tico.<\/p>\n<h3><strong>Actividades del Festival Internacional de Poes\u00eda en el CCK<\/strong><\/h3>\n<p><strong>Jueves 20 de junio &#8211; Sala Argentina<\/strong><br \/>\n19h Acto de apertura: palabras de bienvenida a cargo de Graciela Ar\u00e1oz, directora del FIP y presidente de la Sociedad de Escritoras y Escritores de la Argentina.<br \/>\n19:20h El rap y la poes\u00eda: espect\u00e1culo musical a cargo de Juan Pablo Castillo \u201cUnder MC\u201d (CABA, Argentina).<br \/>\n19:50h Lecturas po\u00e9ticas: Mar\u00eda Teresa Andruetto (C\u00f3rdoba, Argentina), Luna Miguel (Espa\u00f1a), Xiao Xiao (China) y Reina Mar\u00eda Rodr\u00edguez (Cuba).<br \/>\n20:30h Freedom: espect\u00e1culo musical a cargo de Minadar Gospel Choir.<\/p>\n<p><strong>S\u00e1bado 22 de junio &#8211; Sala Federal<\/strong><br \/>\n18h Recital de poes\u00eda I: Fran\u00e7oise Roy (Canad\u00e1), Claudia Berrueto (M\u00e9xico), Romina Freschi (CABA, Argentina) y Gabriel G\u00f3mez Saavedra (Tucum\u00e1n, Argentina).<br \/>\n18:30h Recital de poes\u00eda II: Marina Arrate (Chile), Alexis Romero (Venezuela), Ana Arzoumanian (CABA, Argentina) y Fernanda Mugica (Mar del Plata, Argentina).<br \/>\n18:50h Performance: Poemario trans pirado, por Susy Shock.<br \/>\n19h Recital de poes\u00eda III: Marie Silkeberg (Suecia), Raquel Jaduszliwer (CABA, Argentina), Luis Osvaldo Tedesco (CABA, Argentina) y Sabrina Usach (Mendoza. Argentina).<br \/>\n19:40h Proyecci\u00f3n audiovisual: Tus cosas, por Mariana Bomba y Lola Rubinstein<br \/>\n19:45h Recital de poes\u00eda IV: Oulaya Drissi El Bouzaidi (Marruecos), Ga\u0161per Malej (Eslovenia) y Luis Chitarroni (CABA, Argentina).<br \/>\n20:20h Videopoes\u00eda: La historia de una mujer que mira la disoluci\u00f3n de un paisaje, performance de la poeta Antonella Bukovaz (Italia)<br \/>\n20:40h: Recital de poes\u00eda V: Gigliola Zecchin \u201cCanela\u201d (CABA, Argentina), Pia Juul (Dinamarca) y Alicia Migdal (Uruguay). Anfitrionas: Graciela Ar\u00e1oz y Mirtha Hortas.<\/p>\n<p><strong>Domingo 23 de junio &#8211; Sala Argentina<\/strong><br \/>\n18h Cierre del XIV FIP: \u00a1Hasta luego Buenos Aires!: lecturas, performances y canto en una noche polif\u00f3nica, con todos los participantes del festival. Anfitrionas: Graciela Ar\u00e1oz y Mirta Hortas.<\/p>\n<p><strong>Talleres de la Escuela Internacional de Poes\u00eda en el CCK<\/strong><br \/>\nViernes 21 de junio, 17 a 19h &#8211; Auditorio 612: \u00bfInternet es una palabra dif\u00edcil de rimar? Taller de poes\u00eda, memes y m\u00e1s, con Luna Miguel. Para 10 participantes<br \/>\nDirigido a un p\u00fablico adolescente o joven, interesado en la poes\u00eda pero tambi\u00e9n en las redes sociales y en c\u00f3mo estas nos pueden facilitar herramientas no s\u00f3lo para entender la literatura universal, sino tambi\u00e9n para escribir nuestros propios poemas. A trav\u00e9s de memes virales por todos conocidos se analizan sentimientos y se escribir\u00e1n textos propios. Se ver\u00e1n tambi\u00e9n ejemplos de poetas que han crecido en Internet y espacios de creaci\u00f3n nuevos y radicales. Habr\u00e1 espacio para preguntas y debate para poner en com\u00fan dudas e impresiones.<\/p>\n<p><strong>Viernes 21 de junio, 17 a 19h &#8211; Auditorio 614<\/strong>: Pie de imprenta, con Mar\u00eda Teresa Andruetto. Para 30 participantes<br \/>\nTrabajo de estimulaci\u00f3n\/memoria a partir de ejercicios, frases y elementos llevados por la coordinadora. Lectura de poemas relacionados con esos mismos elementos; producci\u00f3n de textos a partir de estimulaci\u00f3n sensorial y lecturas; lectura y sugerencias sobre esas producciones.<\/p>\n<p><strong>S\u00e1bado 22 de junio, 17 a 19h &#8211; Auditorio 614:<\/strong> Poes\u00eda para docentes y bibliotecarios, con Luis Chitarroni. Cupos limitados<br \/>\nEl mundo ac\u00fastico del poema, su proyecci\u00f3n. \/ Musitar y gritar: poes\u00eda del murmullo y del estallido: e e cummings, Allen Ginsberg. \/ Nuestros versos de ac\u00e1: Girondo, Orozco. \/ Morir por el o\u00eddo: el padre de Hamlet. \/ Digamos lo que no se deja o\u00edr. \/ El veneno del mensaje. \/ Con mis ojos en tus labios. \/ De la A del canto a la Zeta de la voz: Caetano y los concretistas. \/ Exaltaci\u00f3n de la cordura y poemas de locos: Pound en St. Elizabeth, de Elizabeth Bishop. \/ Viento entero. \/ Ven a verme llorar y nos moriremos de risa.<br \/>\nLa danza y el poema escrito. \/ Val\u00e9ry: un poema del pensamiento en el aire. &#8220;Yo podr\u00eda bailar ese sill\u00f3n&#8221;, dijo Isadora. \/ Fragmentos de Amor a Roma y Alambres.\/ C\u00f3mo trazar todas las l\u00edneas que merece el poema sin decir &#8220;pensar en voz alta&#8221;. La voz alta desatada del mon\u00f3logo interior a bordo de ciertos transportes con maniobras controladas. Yeats y Borges. \/ El Browning y el Tennyson de Crotto. \/ El Nautilus de Deniz.<\/p>\n<p><strong>S\u00e1bado 22 de junio, 17 a 19h &#8211; Auditorio 612:<\/strong> Rap &#8220;Ritmo y poes\u00eda&#8221;, con Juan Pablo Castillo aka Under MC. Para 50 participantes<br \/>\nUn taller destinado a conocer las nociones r\u00edtmicas y de escritura del rap y las t\u00e9cnicas que usan los Mc&#8217;s (raperos) para ponerlos en pr\u00e1ctica y experimentar la expresi\u00f3n personal a trav\u00e9s de la composici\u00f3n de versos y rimas individuales y grupales.<\/p>\n<p><strong>Las actividades del Festival Internacional de Poes\u00eda son gratuitas y no requieren reserva de entradas: se accede por orden de llegada, hasta agotar la capacidad de las salas. Los talleres de la Escuela Internacional de Poes\u00eda tienen cupos limitados y requieren inscripci\u00f3n previa<\/strong>.<\/p>\n<p>Texto y fotograf\u00eda: Cortes\u00eda Sistema Federal de Medios y Contenidos P\u00fablicos.<\/p>\n","protected":false},"excerpt":{"rendered":"<p>El Festival Internacional de Poes\u00eda de Buenos Aires celebra su XIV edici\u00f3n, y por cuarto a\u00f1o consecutivo cuenta con el CCK como sede principal. Dirigido por la poeta Graciela Ar\u00e1oz, el festival propone una nutrida serie de actividades: recitales de poes\u00eda, lecturas, performances, proyecciones y espect\u00e1culos musicales. Participan poetas y artistas de diversas ciudades argentinas [&hellip;]<\/p>\n","protected":false},"author":134,"featured_media":50257,"comment_status":"closed","ping_status":"closed","sticky":false,"template":"","format":"standard","meta":{"om_disable_all_campaigns":false,"ngg_post_thumbnail":0,"jnews-multi-image_gallery":[],"jnews_single_post":[],"jnews_primary_category":[],"jnews_social_meta":[],"jnews_override_counter":[],"footnotes":""},"categories":[6008],"tags":[],"class_list":["post-50243","post","type-post","status-publish","format-standard","has-post-thumbnail","hentry","category-desde-buenos-aires"],"yoast_head":"<!-- This site is optimized with the Yoast SEO plugin v27.4 - https:\/\/yoast.com\/product\/yoast-seo-wordpress\/ -->\n<title>XIV Festival Internacional de Poes\u00eda - Cooltivarte Portal<\/title>\n<meta name=\"description\" content=\"COOLTIVARTE.COM es un portal digital colaborativo de actualizaci\u00f3n permanente dedicado a difundir el acontecer art\u00edstico y cultural, entrevista artistas, gestores y productores de las diferentes disciplinas del arte, y publicando art\u00edculos de reflexi\u00f3n de producci\u00f3n propia sobre los elementos culturales.\" \/>\n<meta name=\"robots\" content=\"index, follow, max-snippet:-1, max-image-preview:large, max-video-preview:-1\" \/>\n<link rel=\"canonical\" href=\"https:\/\/cooltivarte.com\/portal\/xiv-festival-internacional-de-poesia\/\" \/>\n<meta property=\"og:locale\" content=\"es_ES\" \/>\n<meta property=\"og:type\" content=\"article\" \/>\n<meta property=\"og:title\" content=\"XIV Festival Internacional de Poes\u00eda - Cooltivarte Portal\" \/>\n<meta property=\"og:description\" content=\"COOLTIVARTE.COM es un portal digital colaborativo de actualizaci\u00f3n permanente dedicado a difundir el acontecer art\u00edstico y cultural, entrevista artistas, gestores y productores de las diferentes disciplinas del arte, y publicando art\u00edculos de reflexi\u00f3n de producci\u00f3n propia sobre los elementos culturales.\" \/>\n<meta property=\"og:url\" content=\"https:\/\/cooltivarte.com\/portal\/xiv-festival-internacional-de-poesia\/\" \/>\n<meta property=\"og:site_name\" content=\"Cooltivarte Portal\" \/>\n<meta property=\"article:publisher\" content=\"https:\/\/www.facebook.com\/cooltivartecom\/\" \/>\n<meta property=\"article:author\" content=\"https:\/\/www.facebook.com\/pato.bue?ref=br_rs\" \/>\n<meta property=\"article:published_time\" content=\"2019-06-19T17:17:00+00:00\" \/>\n<meta property=\"og:image\" content=\"https:\/\/cooltivarte.com\/portal\/wp-content\/uploads\/2019\/06\/festival-de-poesia.png\" \/>\n\t<meta property=\"og:image:width\" content=\"757\" \/>\n\t<meta property=\"og:image:height\" content=\"476\" \/>\n\t<meta property=\"og:image:type\" content=\"image\/png\" \/>\n<meta name=\"author\" content=\"Patricia Ianniruberto\" \/>\n<meta name=\"twitter:card\" content=\"summary_large_image\" \/>\n<meta name=\"twitter:creator\" content=\"@https:\/\/x.com\/obolocultural\" \/>\n<meta name=\"twitter:site\" content=\"@obolocultural\" \/>\n<meta name=\"twitter:label1\" content=\"Escrito por\" \/>\n\t<meta name=\"twitter:data1\" content=\"Patricia Ianniruberto\" \/>\n\t<meta name=\"twitter:label2\" content=\"Tiempo de lectura\" \/>\n\t<meta name=\"twitter:data2\" content=\"5 minutos\" \/>\n<!-- \/ Yoast SEO plugin. -->","yoast_head_json":{"title":"XIV Festival Internacional de Poes\u00eda - Cooltivarte Portal","description":"COOLTIVARTE.COM es un portal digital colaborativo de actualizaci\u00f3n permanente dedicado a difundir el acontecer art\u00edstico y cultural, entrevista artistas, gestores y productores de las diferentes disciplinas del arte, y publicando art\u00edculos de reflexi\u00f3n de producci\u00f3n propia sobre los elementos culturales.","robots":{"index":"index","follow":"follow","max-snippet":"max-snippet:-1","max-image-preview":"max-image-preview:large","max-video-preview":"max-video-preview:-1"},"canonical":"https:\/\/cooltivarte.com\/portal\/xiv-festival-internacional-de-poesia\/","og_locale":"es_ES","og_type":"article","og_title":"XIV Festival Internacional de Poes\u00eda - Cooltivarte Portal","og_description":"COOLTIVARTE.COM es un portal digital colaborativo de actualizaci\u00f3n permanente dedicado a difundir el acontecer art\u00edstico y cultural, entrevista artistas, gestores y productores de las diferentes disciplinas del arte, y publicando art\u00edculos de reflexi\u00f3n de producci\u00f3n propia sobre los elementos culturales.","og_url":"https:\/\/cooltivarte.com\/portal\/xiv-festival-internacional-de-poesia\/","og_site_name":"Cooltivarte Portal","article_publisher":"https:\/\/www.facebook.com\/cooltivartecom\/","article_author":"https:\/\/www.facebook.com\/pato.bue?ref=br_rs","article_published_time":"2019-06-19T17:17:00+00:00","og_image":[{"width":757,"height":476,"url":"https:\/\/cooltivarte.com\/portal\/wp-content\/uploads\/2019\/06\/festival-de-poesia.png","type":"image\/png"}],"author":"Patricia Ianniruberto","twitter_card":"summary_large_image","twitter_creator":"@https:\/\/x.com\/obolocultural","twitter_site":"@obolocultural","twitter_misc":{"Escrito por":"Patricia Ianniruberto","Tiempo de lectura":"5 minutos"},"schema":{"@context":"https:\/\/schema.org","@graph":[{"@type":"NewsArticle","@id":"https:\/\/cooltivarte.com\/portal\/xiv-festival-internacional-de-poesia\/#article","isPartOf":{"@id":"https:\/\/cooltivarte.com\/portal\/xiv-festival-internacional-de-poesia\/"},"author":{"name":"Patricia Ianniruberto","@id":"https:\/\/cooltivarte.com\/portal\/#\/schema\/person\/efd7b91a624d2d005d1571effe8c04b9"},"headline":"XIV Festival Internacional de Poes\u00eda","datePublished":"2019-06-19T17:17:00+00:00","mainEntityOfPage":{"@id":"https:\/\/cooltivarte.com\/portal\/xiv-festival-internacional-de-poesia\/"},"wordCount":957,"publisher":{"@id":"https:\/\/cooltivarte.com\/portal\/#organization"},"image":{"@id":"https:\/\/cooltivarte.com\/portal\/xiv-festival-internacional-de-poesia\/#primaryimage"},"thumbnailUrl":"https:\/\/cooltivarte.com\/portal\/wp-content\/uploads\/2019\/06\/festival-de-poesia.png","articleSection":["Desde Buenos Aires"],"inLanguage":"es-AR"},{"@type":"WebPage","@id":"https:\/\/cooltivarte.com\/portal\/xiv-festival-internacional-de-poesia\/","url":"https:\/\/cooltivarte.com\/portal\/xiv-festival-internacional-de-poesia\/","name":"XIV Festival Internacional de Poes\u00eda - Cooltivarte Portal","isPartOf":{"@id":"https:\/\/cooltivarte.com\/portal\/#website"},"primaryImageOfPage":{"@id":"https:\/\/cooltivarte.com\/portal\/xiv-festival-internacional-de-poesia\/#primaryimage"},"image":{"@id":"https:\/\/cooltivarte.com\/portal\/xiv-festival-internacional-de-poesia\/#primaryimage"},"thumbnailUrl":"https:\/\/cooltivarte.com\/portal\/wp-content\/uploads\/2019\/06\/festival-de-poesia.png","datePublished":"2019-06-19T17:17:00+00:00","description":"COOLTIVARTE.COM es un portal digital colaborativo de actualizaci\u00f3n permanente dedicado a difundir el acontecer art\u00edstico y cultural, entrevista artistas, gestores y productores de las diferentes disciplinas del arte, y publicando art\u00edculos de reflexi\u00f3n de producci\u00f3n propia sobre los elementos culturales.","breadcrumb":{"@id":"https:\/\/cooltivarte.com\/portal\/xiv-festival-internacional-de-poesia\/#breadcrumb"},"inLanguage":"es-AR","potentialAction":[{"@type":"ReadAction","target":["https:\/\/cooltivarte.com\/portal\/xiv-festival-internacional-de-poesia\/"]}]},{"@type":"ImageObject","inLanguage":"es-AR","@id":"https:\/\/cooltivarte.com\/portal\/xiv-festival-internacional-de-poesia\/#primaryimage","url":"https:\/\/cooltivarte.com\/portal\/wp-content\/uploads\/2019\/06\/festival-de-poesia.png","contentUrl":"https:\/\/cooltivarte.com\/portal\/wp-content\/uploads\/2019\/06\/festival-de-poesia.png","width":757,"height":476},{"@type":"BreadcrumbList","@id":"https:\/\/cooltivarte.com\/portal\/xiv-festival-internacional-de-poesia\/#breadcrumb","itemListElement":[{"@type":"ListItem","position":1,"name":"Portada","item":"https:\/\/cooltivarte.com\/portal\/"},{"@type":"ListItem","position":2,"name":"XIV Festival Internacional de Poes\u00eda"}]},{"@type":"WebSite","@id":"https:\/\/cooltivarte.com\/portal\/#website","url":"https:\/\/cooltivarte.com\/portal\/","name":"Cooltivarte Portal","description":"Arte, cultura y turismo para el mundo ...","publisher":{"@id":"https:\/\/cooltivarte.com\/portal\/#organization"},"potentialAction":[{"@type":"SearchAction","target":{"@type":"EntryPoint","urlTemplate":"https:\/\/cooltivarte.com\/portal\/?s={search_term_string}"},"query-input":{"@type":"PropertyValueSpecification","valueRequired":true,"valueName":"search_term_string"}}],"inLanguage":"es-AR"},{"@type":"Organization","@id":"https:\/\/cooltivarte.com\/portal\/#organization","name":"cooltivarte","url":"https:\/\/cooltivarte.com\/portal\/","logo":{"@type":"ImageObject","inLanguage":"es-AR","@id":"https:\/\/cooltivarte.com\/portal\/#\/schema\/logo\/image\/","url":"https:\/\/cooltivarte.com\/portal\/wp-content\/uploads\/2020\/04\/logo-cooltivarte-v2.png","contentUrl":"https:\/\/cooltivarte.com\/portal\/wp-content\/uploads\/2020\/04\/logo-cooltivarte-v2.png","width":851,"height":243,"caption":"cooltivarte"},"image":{"@id":"https:\/\/cooltivarte.com\/portal\/#\/schema\/logo\/image\/"},"sameAs":["https:\/\/www.facebook.com\/cooltivartecom\/","https:\/\/x.com\/obolocultural","https:\/\/www.instagram.com\/_cooltivarte_\/","https:\/\/www.linkedin.com\/company\/-bolocultural?reportsuccess=8zaNG1HwhPbAR9iQhZ5rfGeqz_vQFftHun0ZWU0Wy9vNemRJ8vtcKdJvzQfW8XagyOJSKg0XvfJ1dp","https:\/\/www.pinterest.com\/cooltivarte\/","https:\/\/cooltivarte.tumblr.com\/","https:\/\/www.tiktok.com\/@cooltivarte","https:\/\/www.youtube.com\/@PrensaCooltivarte"]},{"@type":"Person","@id":"https:\/\/cooltivarte.com\/portal\/#\/schema\/person\/efd7b91a624d2d005d1571effe8c04b9","name":"Patricia Ianniruberto","image":{"@type":"ImageObject","inLanguage":"es-AR","@id":"https:\/\/cooltivarte.com\/portal\/wp-content\/uploads\/2018\/04\/patricia-ianniruberto-120x120.jpg","url":"https:\/\/cooltivarte.com\/portal\/wp-content\/uploads\/2018\/04\/patricia-ianniruberto-120x120.jpg","contentUrl":"https:\/\/cooltivarte.com\/portal\/wp-content\/uploads\/2018\/04\/patricia-ianniruberto-120x120.jpg","caption":"Patricia Ianniruberto"},"description":"Patricia Ianniruberto. Egresada de Bellas Artes (Inst. Beato Ang\u00e9lico). Curs\u00f3 Dise\u00f1o Gr\u00e1fico y Comunicaci\u00f3n Visual (UBA) y producci\u00f3n de cine (SICA). Ejerci\u00f3 como docente de Bellas Artes y de Dise\u00f1o I y II (UBA). Freelance de agencias de publicidad y cineanimaci\u00f3n. Como dise\u00f1adora independiente se especializ\u00f3 en comunicaci\u00f3n visual, prensa y producci\u00f3n, asesorando a empresas en imagen corporativa, producci\u00f3n integral de contenidos y piezas de comunicaci\u00f3n: folletos, cat\u00e1logos, revistas, stands, web, tv, v\u00eda p\u00fablica, asesoramiento en derechos de autor, marcas y dominios junto al Estudio Lauritsen. Desarroll\u00f3 proyectos pioneros de tecnolog\u00eda en Internet y aplicaciones interactivas (netmedia). Locaciones: cine y medios. En Uruguay: seleccionada: Taller de promoci\u00f3n y distribuci\u00f3n Mercosur: nuevas herramientas multiplataforma\/Mercosur Audiovisual (Programa de Cooperaci\u00f3n con la Comunidad Europea). Representaci\u00f3n y gesti\u00f3n de notas en instituciones p\u00fablicas y privadas vinculadas al arte y la cultura. Corresponsal de revistas de cultura y colaboradora de medios gr\u00e1ficos y digitales. Edici\u00f3n y producci\u00f3n de contenidos multiplataforma. Gesti\u00f3n cultural y de prensa-Corresponsal en Buenos Aires: Argentina\/Uruguay.","sameAs":["https:\/\/www.facebook.com\/pato.bue?ref=br_rs","https:\/\/www.instagram.com\/_cooltivarte_\/","https:\/\/www.linkedin.com\/company\/-bolocultural\/","https:\/\/www.pinterest.com\/cooltivarte\/","https:\/\/x.com\/https:\/\/x.com\/obolocultural","https:\/\/www.youtube.com\/@PrensaCooltivarte","https:\/\/cooltivarte.tumblr.com\/"],"url":"https:\/\/cooltivarte.com\/portal\/author\/patricia-ianniruberto\/"}]}},"_links":{"self":[{"href":"https:\/\/cooltivarte.com\/portal\/wp-json\/wp\/v2\/posts\/50243","targetHints":{"allow":["GET"]}}],"collection":[{"href":"https:\/\/cooltivarte.com\/portal\/wp-json\/wp\/v2\/posts"}],"about":[{"href":"https:\/\/cooltivarte.com\/portal\/wp-json\/wp\/v2\/types\/post"}],"author":[{"embeddable":true,"href":"https:\/\/cooltivarte.com\/portal\/wp-json\/wp\/v2\/users\/134"}],"replies":[{"embeddable":true,"href":"https:\/\/cooltivarte.com\/portal\/wp-json\/wp\/v2\/comments?post=50243"}],"version-history":[{"count":4,"href":"https:\/\/cooltivarte.com\/portal\/wp-json\/wp\/v2\/posts\/50243\/revisions"}],"predecessor-version":[{"id":50258,"href":"https:\/\/cooltivarte.com\/portal\/wp-json\/wp\/v2\/posts\/50243\/revisions\/50258"}],"wp:featuredmedia":[{"embeddable":true,"href":"https:\/\/cooltivarte.com\/portal\/wp-json\/wp\/v2\/media\/50257"}],"wp:attachment":[{"href":"https:\/\/cooltivarte.com\/portal\/wp-json\/wp\/v2\/media?parent=50243"}],"wp:term":[{"taxonomy":"category","embeddable":true,"href":"https:\/\/cooltivarte.com\/portal\/wp-json\/wp\/v2\/categories?post=50243"},{"taxonomy":"post_tag","embeddable":true,"href":"https:\/\/cooltivarte.com\/portal\/wp-json\/wp\/v2\/tags?post=50243"}],"curies":[{"name":"wp","href":"https:\/\/api.w.org\/{rel}","templated":true}]}}