{"id":49934,"date":"2019-06-14T10:12:12","date_gmt":"2019-06-14T13:12:12","guid":{"rendered":"http:\/\/cooltivarte.com\/portal\/?p=49934"},"modified":"2024-02-12T12:11:59","modified_gmt":"2024-02-12T15:11:59","slug":"terapia-de-pareja-entrevista-a-german-medina-y-lucia-rodriguez","status":"publish","type":"post","link":"https:\/\/cooltivarte.com\/portal\/terapia-de-pareja-entrevista-a-german-medina-y-lucia-rodriguez\/","title":{"rendered":"Terapia de pareja &#8211; Entrevista a Germ\u00e1n Medina y Luc\u00eda Rodr\u00edguez"},"content":{"rendered":"<figure id=\"attachment_67672\" aria-describedby=\"caption-attachment-67672\" style=\"width: 1024px\" class=\"wp-caption aligncenter\"><img fetchpriority=\"high\" decoding=\"async\" class=\"wp-image-67672 size-full\" title=\"TERAPIA DE PAREJA EN SALTO - Entrevista a Germ\u00e1n Medina y Luc\u00eda Rodr\u00edguez. Junio 2019\" src=\"https:\/\/cooltivarte.com\/portal\/wp-content\/uploads\/2019\/06\/Germ\u00e1n-Medina-y-Lucia-Garcia-Fotos-Mayra-C\u00e1nepa-junio-2019-1.jpg\" alt=\"TERAPIA DE PAREJA EN SALTO - Entrevista a Germ\u00e1n Medina y Luc\u00eda Rodr\u00edguez. Junio 2019 \u00a9 Fotos Mayra C\u00e1nepa www.cooltivarte.com\" width=\"1024\" height=\"683\" srcset=\"https:\/\/cooltivarte.com\/portal\/wp-content\/uploads\/2019\/06\/Germ\u00e1n-Medina-y-Lucia-Garcia-Fotos-Mayra-C\u00e1nepa-junio-2019-1.jpg 1024w, https:\/\/cooltivarte.com\/portal\/wp-content\/uploads\/2019\/06\/Germ\u00e1n-Medina-y-Lucia-Garcia-Fotos-Mayra-C\u00e1nepa-junio-2019-1-300x200.jpg 300w, https:\/\/cooltivarte.com\/portal\/wp-content\/uploads\/2019\/06\/Germ\u00e1n-Medina-y-Lucia-Garcia-Fotos-Mayra-C\u00e1nepa-junio-2019-1-768x512.jpg 768w\" sizes=\"(max-width: 1024px) 100vw, 1024px\" \/><figcaption id=\"caption-attachment-67672\" class=\"wp-caption-text\">TERAPIA DE PAREJA EN SALTO &#8211; Entrevista a Germ\u00e1n Medina y Luc\u00eda Rodr\u00edguez. Junio 2019<\/figcaption><\/figure>\n<p>&nbsp;<\/p>\n<p>Junio 2019<\/p>\n<p><strong>\u00bfSon pareja en la vida real?<\/strong><\/p>\n<p>Si, somos pareja. Despu\u00e9s de tanto tiempo casi que somos socios tambi\u00e9n (risas). Somos pareja hace ya cinco a\u00f1os, tenemos un hijo que se llama Mateo, tiene dos a\u00f1os, que qued\u00f3 en Montevideo. Lu tiene otro hijo tambi\u00e9n que se llama Felipe.<\/p>\n<p>O sea, es todo muy familiar. Nosotros protagonizamos el espect\u00e1culo siendo pareja real.<\/p>\n<p>&nbsp;<\/p>\n<p><strong>\u00bfEs el primer espect\u00e1culo que hacen juntos<\/strong><strong>?<\/strong><\/p>\n<p>No. Es el tercero.<\/p>\n<p>Adem\u00e1s trabajamos cuatro a\u00f1os en carnaval. Salimos tres a\u00f1os en <strong>Revista House<\/strong> y el a\u00f1o pasados salimos en <strong>Parodistas Los Antiguos<\/strong>.<\/p>\n<p>&nbsp;<\/p>\n<p><strong>\u00bfDe qu\u00e9 trata el espect\u00e1culo ?<\/strong><\/p>\n<p>En realidad, lo que hicimos nosotros en teatro fue contar la vida de una pareja a lo largo del tiempo.<\/p>\n<p>Al principio hicimos El y Ella, donde cont\u00e1bamos las diferencias entre hombres y mujeres en la convivencia y dem\u00e1s.<\/p>\n<p>Despu\u00e9s tuvimos un beb\u00e9, entonces hicimos El y Ella y un beb\u00e9, que fue con el espect\u00e1culo que vinimos el a\u00f1o pasado donde contamos de padres nuevos, qu\u00e9 era lo qu\u00e9 nos pasaba, que le pasaba a la pareja con un hijo. Y ahora esta Terapia de pareja , que se trata de la pareja a lo largo del tiempo , el desgaste del amor, la rutina y qu\u00e9 hacer para poder salvar esa pareja.<\/p>\n<p>Siempre lo protag\u00f3nico de nuestros espect\u00e1culos es la pareja. Y despu\u00e9s de ah\u00ed se desprende humor cotidiano.<\/p>\n<p>&nbsp;<\/p>\n<p><strong>\u00bfYa hab\u00edan venido a Salto?<\/strong><\/p>\n<p>Si, vinimos el a\u00f1o pasado al <strong>Teatro Larra\u00f1aga<\/strong>, cuando hicimos una gira por 27 ciudades. Este a\u00f1o llevamos 6, 7 y vamos a hacer 20 ciudades aproximadamente.<\/p>\n<p>Estamos en una gira de todo el pa\u00eds. Estamos re felices con lo que est\u00e1 pasando.<\/p>\n<p>Se vienen agotando todas las funciones. Estuvimos en Paysand\u00fa, Nueva Helvecia, Canelones, Colonia y Melo. Seguimos con <strong>Terapia de Pareja<\/strong> todo el a\u00f1o.<\/p>\n<p>Estamos en Montevideo tambi\u00e9n, los s\u00e1bados hacemos doble funci\u00f3n en el Movie.<\/p>\n<p>Este espect\u00e1culo lo estrenamos a fin del a\u00f1o pasado en el Movie y la idea es recorrer todo este a\u00f1o todo el pa\u00eds con el espect\u00e1culo y pensar que es lo que se viene.<\/p>\n<p>&nbsp;<\/p>\n<p><strong>\u00bfEn el espect\u00e1culo que sensaci\u00f3n tienen respecto al p\u00fablico?<\/strong><\/p>\n<p>Es divino lo qu\u00e9 pasa con la gente, se r\u00eden, se divierten mucho. El a\u00f1o pasado nos dimos cuenta que la gente del interior es m\u00e1s agradecida, te lo dicen, de que vengas, que venga el espect\u00e1culo. La gente agradece poder divertirse, re\u00edrse un rato.<\/p>\n<p>A m\u00ed el a\u00f1o pasado me llamaba la atenci\u00f3n que la gente me dec\u00eda hac\u00eda tiempo que no me re\u00eda y es como b\u00e1sico poder re\u00edr. La gente del interior es mucho m\u00e1s afectuosa que en Montevideo.<\/p>\n<p>&nbsp;<\/p>\n<p><strong>\u00bfUstedes vienen del humor en cuanto a formaci\u00f3n?<\/strong><\/p>\n<p>Germ\u00e1n: Yo hice teatro, improvisaci\u00f3n pero nunca termine nada de lo que empec\u00e9. Empec\u00e9 a hacer stand up hace diez a\u00f1os y siempre estuve vinculado al humor y cuando conoc\u00ed a Lu empec\u00e9 a hacer obras humor\u00edsticas pero de texto hecho por nosotros.<\/p>\n<p>Lucia: Yo tengo una formaci\u00f3n m\u00e1s de teatro convencional. Hice una escuela de teatro convencional y durante mucho tiempo me dedique solo al teatro, hasta que me pico el bichito del humor y ah\u00ed conoc\u00ed el stand up. Hice un curso y ah\u00ed nos conocimos con Germ\u00e1n e intentamos vincular los dos mundos, sobre todo este a\u00f1o que es m\u00e1s una comedia rom\u00e1ntica que un espect\u00e1culo de stand up.<\/p>\n<p>&nbsp;<\/p>\n<p><strong>\u00bfAlgo que quieran agregar?<\/strong><\/p>\n<p>Gracias.<\/p>\n<p>&nbsp;<\/p>\n<h3><a href=\"https:\/\/www.facebook.com\/media\/set\/?set=a.2278256938887873&amp;type=3\" target=\"_blank\" rel=\"noopener\">Ir a la fotogaler\u00eda<\/a><\/h3>\n<p><iframe style=\"border: none; overflow: hidden;\" src=\"https:\/\/www.facebook.com\/plugins\/post.php?href=https%3A%2F%2Fwww.facebook.com%2Fmedia%2Fset%2F%3Fset%3Da.2278256938887873%26type%3D3&amp;width=100%\" width=\"100%\" height=\"669\" frameborder=\"0\" scrolling=\"no\"><\/iframe><br \/>\n&nbsp;<br \/>\n&nbsp;<\/p>\n","protected":false},"excerpt":{"rendered":"<p>\u00bfSon pareja en la vida real?<\/p>\n<p>Si, somos pareja. Despu\u00e9s de tanto tiempo casi que somos socios tambi\u00e9n (risas). Somos pareja hace ya cinco a\u00f1os, tenemos un hijo que se llama Mateo, tiene dos a\u00f1os, que qued\u00f3 en Montevideo. Lu tiene otro hijo tambi\u00e9n que se llama Felipe.<\/p>\n<p>O sea, es todo muy familiar. Nosotros protagonizamos el espect\u00e1culo siendo pareja real.<\/p>\n","protected":false},"author":109,"featured_media":67672,"comment_status":"closed","ping_status":"closed","sticky":true,"template":"","format":"standard","meta":{"om_disable_all_campaigns":false,"ngg_post_thumbnail":0,"jnews-multi-image_gallery":[],"jnews_single_post":{"subtitle":"Junio 2019","format":"standard","video":"","gallery":"","source_name":"","source_url":"","via_name":"","via_url":"","override_template":"0","override":[{"template":"4","single_blog_custom":"","parallax":"1","fullscreen":"0","layout":"right-sidebar","sidebar":"default-sidebar","second_sidebar":"default-sidebar","sticky_sidebar":"1","share_position":"bottom","share_float_style":"share-monocrhome","show_share_counter":"1","show_view_counter":"1","show_featured":"1","show_post_meta":"1","show_post_author":"1","show_post_author_image":"1","show_post_date":"1","post_date_format":"default","post_date_format_custom":"Y\/m\/d","show_post_category":"1","show_post_reading_time":"0","post_reading_time_wpm":"300","show_zoom_button":"0","zoom_button_out_step":"2","zoom_button_in_step":"3","show_post_tag":"1","show_prev_next_post":"1","show_popup_post":"1","number_popup_post":"1","show_author_box":"1","show_post_related":"0","show_inline_post_related":"0"}],"override_image_size":"0","image_override":[{"single_post_thumbnail_size":"no-crop","single_post_gallery_size":"crop-500"}],"trending_post":"0","trending_post_position":"meta","trending_post_label":"Trending","sponsored_post":"0","sponsored_post_label":"Sponsored by","sponsored_post_name":"","sponsored_post_url":"","sponsored_post_logo_enable":"0","sponsored_post_logo":"","sponsored_post_desc":"","disable_ad":"0"},"jnews_primary_category":{"id":"","hide":""},"jnews_social_meta":{"fb_title":"","fb_description":"","fb_image":"","twitter_title":"","twitter_description":"","twitter_image":""},"jnews_override_counter":{"override_view_counter":"0","view_counter_number":"0","override_share_counter":"0","share_counter_number":"0","override_like_counter":"0","like_counter_number":"0","override_dislike_counter":"0","dislike_counter_number":"0"},"footnotes":""},"categories":[57],"tags":[63,9065,9067,9141,1685,534,75,7511,9064],"class_list":["post-49934","post","type-post","status-publish","format-standard","has-post-thumbnail","hentry","category-teatro","tag-entrevista","tag-german-medina","tag-improvisacion","tag-lucia-rodriguez","tag-salto","tag-stand-up","tag-teatro-2","tag-teatro-larranaga","tag-terapia-de-pareja"],"yoast_head":"<!-- This site is optimized with the Yoast SEO plugin v27.5 - https:\/\/yoast.com\/product\/yoast-seo-wordpress\/ -->\n<title>Terapia de pareja - Entrevista a Germ\u00e1n Medina y Luc\u00eda Rodr\u00edguez - Cooltivarte Portal<\/title>\n<meta name=\"description\" content=\"\u00bfSon pareja en la vida real? Si, somos pareja. Despu\u00e9s de tanto tiempo casi que somos socios tambi\u00e9n (risas). Somos pareja hace ya cinco a\u00f1os, tenemos un hijo que se llama Mateo, tiene dos a\u00f1os, que qued\u00f3 en Montevideo. Lu tiene otro hijo tambi\u00e9n que se llama Felipe.\" \/>\n<meta name=\"robots\" content=\"index, follow, max-snippet:-1, max-image-preview:large, max-video-preview:-1\" \/>\n<link rel=\"canonical\" href=\"https:\/\/cooltivarte.com\/portal\/terapia-de-pareja-entrevista-a-german-medina-y-lucia-rodriguez\/\" \/>\n<meta property=\"og:locale\" content=\"es_ES\" \/>\n<meta property=\"og:type\" content=\"article\" \/>\n<meta property=\"og:title\" content=\"Terapia de pareja - Entrevista a Germ\u00e1n Medina y Luc\u00eda Rodr\u00edguez\" \/>\n<meta property=\"og:description\" content=\"\u00bfSon pareja en la vida real? Si, somos pareja. Despu\u00e9s de tanto tiempo casi que somos socios tambi\u00e9n (risas). Somos pareja hace ya cinco a\u00f1os, tenemos un hijo que se llama Mateo, tiene dos a\u00f1os, que qued\u00f3 en Montevideo. Lu tiene otro hijo tambi\u00e9n que se llama Felipe.\" \/>\n<meta property=\"og:url\" content=\"https:\/\/cooltivarte.com\/portal\/terapia-de-pareja-entrevista-a-german-medina-y-lucia-rodriguez\/\" \/>\n<meta property=\"og:site_name\" content=\"Cooltivarte Portal\" \/>\n<meta property=\"article:publisher\" content=\"https:\/\/www.facebook.com\/cooltivartecom\/\" \/>\n<meta property=\"article:author\" content=\"https:\/\/www.facebook.com\/Cclope-Fotografas-1064784936870601\/\" \/>\n<meta property=\"article:published_time\" content=\"2019-06-14T13:12:12+00:00\" \/>\n<meta property=\"article:modified_time\" content=\"2024-02-12T15:11:59+00:00\" \/>\n<meta property=\"og:image\" content=\"https:\/\/cooltivarte.com\/portal\/wp-content\/uploads\/2019\/06\/Germ\u00e1n-Medina-y-Lucia-Garcia-Fotos-Mayra-C\u00e1nepa-junio-2019-1.jpg\" \/>\n\t<meta property=\"og:image:width\" content=\"1024\" \/>\n\t<meta property=\"og:image:height\" content=\"683\" \/>\n\t<meta property=\"og:image:type\" content=\"image\/jpeg\" \/>\n<meta name=\"author\" content=\"Mayra C\u00e1nepa\" \/>\n<meta name=\"twitter:card\" content=\"summary_large_image\" \/>\n<meta name=\"twitter:title\" content=\"Terapia de pareja - Entrevista a Germ\u00e1n Medina y Luc\u00eda Rodr\u00edguez\" \/>\n<meta name=\"twitter:description\" content=\"\u00bfSon pareja en la vida real? Si, somos pareja. Despu\u00e9s de tanto tiempo casi que somos socios tambi\u00e9n (risas). Somos pareja hace ya cinco a\u00f1os, tenemos un hijo que se llama Mateo, tiene dos a\u00f1os, que qued\u00f3 en Montevideo. Lu tiene otro hijo tambi\u00e9n que se llama Felipe.\" \/>\n<meta name=\"twitter:image\" content=\"https:\/\/cooltivarte.com\/portal\/wp-content\/uploads\/2019\/06\/Germ\u00e1n-Medina-y-Lucia-Garcia-Fotos-Mayra-C\u00e1nepa-junio-2019-1.jpg\" \/>\n<meta name=\"twitter:creator\" content=\"@https:\/\/x.com\/obolocultural\" \/>\n<meta name=\"twitter:site\" content=\"@obolocultural\" \/>\n<meta name=\"twitter:label1\" content=\"Escrito por\" \/>\n\t<meta name=\"twitter:data1\" content=\"Mayra C\u00e1nepa\" \/>\n\t<meta name=\"twitter:label2\" content=\"Tiempo de lectura\" \/>\n\t<meta name=\"twitter:data2\" content=\"3 minutos\" \/>\n<!-- \/ Yoast SEO plugin. -->","yoast_head_json":{"title":"Terapia de pareja - Entrevista a Germ\u00e1n Medina y Luc\u00eda Rodr\u00edguez - Cooltivarte Portal","description":"\u00bfSon pareja en la vida real? Si, somos pareja. Despu\u00e9s de tanto tiempo casi que somos socios tambi\u00e9n (risas). Somos pareja hace ya cinco a\u00f1os, tenemos un hijo que se llama Mateo, tiene dos a\u00f1os, que qued\u00f3 en Montevideo. Lu tiene otro hijo tambi\u00e9n que se llama Felipe.","robots":{"index":"index","follow":"follow","max-snippet":"max-snippet:-1","max-image-preview":"max-image-preview:large","max-video-preview":"max-video-preview:-1"},"canonical":"https:\/\/cooltivarte.com\/portal\/terapia-de-pareja-entrevista-a-german-medina-y-lucia-rodriguez\/","og_locale":"es_ES","og_type":"article","og_title":"Terapia de pareja - Entrevista a Germ\u00e1n Medina y Luc\u00eda Rodr\u00edguez","og_description":"\u00bfSon pareja en la vida real? Si, somos pareja. Despu\u00e9s de tanto tiempo casi que somos socios tambi\u00e9n (risas). Somos pareja hace ya cinco a\u00f1os, tenemos un hijo que se llama Mateo, tiene dos a\u00f1os, que qued\u00f3 en Montevideo. Lu tiene otro hijo tambi\u00e9n que se llama Felipe.","og_url":"https:\/\/cooltivarte.com\/portal\/terapia-de-pareja-entrevista-a-german-medina-y-lucia-rodriguez\/","og_site_name":"Cooltivarte Portal","article_publisher":"https:\/\/www.facebook.com\/cooltivartecom\/","article_author":"https:\/\/www.facebook.com\/Cclope-Fotografas-1064784936870601\/","article_published_time":"2019-06-14T13:12:12+00:00","article_modified_time":"2024-02-12T15:11:59+00:00","og_image":[{"width":1024,"height":683,"url":"https:\/\/cooltivarte.com\/portal\/wp-content\/uploads\/2019\/06\/Germ\u00e1n-Medina-y-Lucia-Garcia-Fotos-Mayra-C\u00e1nepa-junio-2019-1.jpg","type":"image\/jpeg"}],"author":"Mayra C\u00e1nepa","twitter_card":"summary_large_image","twitter_title":"Terapia de pareja - Entrevista a Germ\u00e1n Medina y Luc\u00eda Rodr\u00edguez","twitter_description":"\u00bfSon pareja en la vida real? Si, somos pareja. Despu\u00e9s de tanto tiempo casi que somos socios tambi\u00e9n (risas). Somos pareja hace ya cinco a\u00f1os, tenemos un hijo que se llama Mateo, tiene dos a\u00f1os, que qued\u00f3 en Montevideo. Lu tiene otro hijo tambi\u00e9n que se llama Felipe.","twitter_image":"https:\/\/cooltivarte.com\/portal\/wp-content\/uploads\/2019\/06\/Germ\u00e1n-Medina-y-Lucia-Garcia-Fotos-Mayra-C\u00e1nepa-junio-2019-1.jpg","twitter_creator":"@https:\/\/x.com\/obolocultural","twitter_site":"@obolocultural","twitter_misc":{"Escrito por":"Mayra C\u00e1nepa","Tiempo de lectura":"3 minutos"},"schema":{"@context":"https:\/\/schema.org","@graph":[{"@type":"NewsArticle","@id":"https:\/\/cooltivarte.com\/portal\/terapia-de-pareja-entrevista-a-german-medina-y-lucia-rodriguez\/#article","isPartOf":{"@id":"https:\/\/cooltivarte.com\/portal\/terapia-de-pareja-entrevista-a-german-medina-y-lucia-rodriguez\/"},"author":{"name":"Mayra C\u00e1nepa","@id":"https:\/\/cooltivarte.com\/portal\/#\/schema\/person\/9b70ce615c4c5cfa6d8fe78a6b9ba2e3"},"headline":"Terapia de pareja &#8211; Entrevista a Germ\u00e1n Medina y Luc\u00eda Rodr\u00edguez","datePublished":"2019-06-14T13:12:12+00:00","dateModified":"2024-02-12T15:11:59+00:00","mainEntityOfPage":{"@id":"https:\/\/cooltivarte.com\/portal\/terapia-de-pareja-entrevista-a-german-medina-y-lucia-rodriguez\/"},"wordCount":672,"publisher":{"@id":"https:\/\/cooltivarte.com\/portal\/#organization"},"image":{"@id":"https:\/\/cooltivarte.com\/portal\/terapia-de-pareja-entrevista-a-german-medina-y-lucia-rodriguez\/#primaryimage"},"thumbnailUrl":"https:\/\/cooltivarte.com\/portal\/wp-content\/uploads\/2019\/06\/Germ\u00e1n-Medina-y-Lucia-Garcia-Fotos-Mayra-C\u00e1nepa-junio-2019-1.jpg","keywords":["Entrevista","Germ\u00e1n Medina","improvisaci\u00f3n","Luc\u00eda Rodr\u00edguez","Salto","stand up","Teatro","Teatro Larra\u00f1aga","Terapia de pareja"],"articleSection":["Teatro"],"inLanguage":"es-AR"},{"@type":"WebPage","@id":"https:\/\/cooltivarte.com\/portal\/terapia-de-pareja-entrevista-a-german-medina-y-lucia-rodriguez\/","url":"https:\/\/cooltivarte.com\/portal\/terapia-de-pareja-entrevista-a-german-medina-y-lucia-rodriguez\/","name":"Terapia de pareja - Entrevista a Germ\u00e1n Medina y Luc\u00eda Rodr\u00edguez - Cooltivarte Portal","isPartOf":{"@id":"https:\/\/cooltivarte.com\/portal\/#website"},"primaryImageOfPage":{"@id":"https:\/\/cooltivarte.com\/portal\/terapia-de-pareja-entrevista-a-german-medina-y-lucia-rodriguez\/#primaryimage"},"image":{"@id":"https:\/\/cooltivarte.com\/portal\/terapia-de-pareja-entrevista-a-german-medina-y-lucia-rodriguez\/#primaryimage"},"thumbnailUrl":"https:\/\/cooltivarte.com\/portal\/wp-content\/uploads\/2019\/06\/Germ\u00e1n-Medina-y-Lucia-Garcia-Fotos-Mayra-C\u00e1nepa-junio-2019-1.jpg","datePublished":"2019-06-14T13:12:12+00:00","dateModified":"2024-02-12T15:11:59+00:00","description":"\u00bfSon pareja en la vida real? Si, somos pareja. Despu\u00e9s de tanto tiempo casi que somos socios tambi\u00e9n (risas). Somos pareja hace ya cinco a\u00f1os, tenemos un hijo que se llama Mateo, tiene dos a\u00f1os, que qued\u00f3 en Montevideo. Lu tiene otro hijo tambi\u00e9n que se llama Felipe.","breadcrumb":{"@id":"https:\/\/cooltivarte.com\/portal\/terapia-de-pareja-entrevista-a-german-medina-y-lucia-rodriguez\/#breadcrumb"},"inLanguage":"es-AR","potentialAction":[{"@type":"ReadAction","target":["https:\/\/cooltivarte.com\/portal\/terapia-de-pareja-entrevista-a-german-medina-y-lucia-rodriguez\/"]}]},{"@type":"ImageObject","inLanguage":"es-AR","@id":"https:\/\/cooltivarte.com\/portal\/terapia-de-pareja-entrevista-a-german-medina-y-lucia-rodriguez\/#primaryimage","url":"https:\/\/cooltivarte.com\/portal\/wp-content\/uploads\/2019\/06\/Germ\u00e1n-Medina-y-Lucia-Garcia-Fotos-Mayra-C\u00e1nepa-junio-2019-1.jpg","contentUrl":"https:\/\/cooltivarte.com\/portal\/wp-content\/uploads\/2019\/06\/Germ\u00e1n-Medina-y-Lucia-Garcia-Fotos-Mayra-C\u00e1nepa-junio-2019-1.jpg","width":1024,"height":683,"caption":"TERAPIA DE PAREJA EN SALTO - Entrevista a Germ\u00e1n Medina y Luc\u00eda Rodr\u00edguez. Junio 2019"},{"@type":"BreadcrumbList","@id":"https:\/\/cooltivarte.com\/portal\/terapia-de-pareja-entrevista-a-german-medina-y-lucia-rodriguez\/#breadcrumb","itemListElement":[{"@type":"ListItem","position":1,"name":"Portada","item":"https:\/\/cooltivarte.com\/portal\/"},{"@type":"ListItem","position":2,"name":"Terapia de pareja &#8211; Entrevista a Germ\u00e1n Medina y Luc\u00eda Rodr\u00edguez"}]},{"@type":"WebSite","@id":"https:\/\/cooltivarte.com\/portal\/#website","url":"https:\/\/cooltivarte.com\/portal\/","name":"Cooltivarte Portal","description":"Arte, cultura y turismo para el mundo ...","publisher":{"@id":"https:\/\/cooltivarte.com\/portal\/#organization"},"potentialAction":[{"@type":"SearchAction","target":{"@type":"EntryPoint","urlTemplate":"https:\/\/cooltivarte.com\/portal\/?s={search_term_string}"},"query-input":{"@type":"PropertyValueSpecification","valueRequired":true,"valueName":"search_term_string"}}],"inLanguage":"es-AR"},{"@type":"Organization","@id":"https:\/\/cooltivarte.com\/portal\/#organization","name":"cooltivarte","url":"https:\/\/cooltivarte.com\/portal\/","logo":{"@type":"ImageObject","inLanguage":"es-AR","@id":"https:\/\/cooltivarte.com\/portal\/#\/schema\/logo\/image\/","url":"https:\/\/cooltivarte.com\/portal\/wp-content\/uploads\/2020\/04\/logo-cooltivarte-v2.png","contentUrl":"https:\/\/cooltivarte.com\/portal\/wp-content\/uploads\/2020\/04\/logo-cooltivarte-v2.png","width":851,"height":243,"caption":"cooltivarte"},"image":{"@id":"https:\/\/cooltivarte.com\/portal\/#\/schema\/logo\/image\/"},"sameAs":["https:\/\/www.facebook.com\/cooltivartecom\/","https:\/\/x.com\/obolocultural","https:\/\/www.instagram.com\/_cooltivarte_\/","https:\/\/www.linkedin.com\/company\/-bolocultural?reportsuccess=8zaNG1HwhPbAR9iQhZ5rfGeqz_vQFftHun0ZWU0Wy9vNemRJ8vtcKdJvzQfW8XagyOJSKg0XvfJ1dp","https:\/\/www.pinterest.com\/cooltivarte\/","https:\/\/cooltivarte.tumblr.com\/","https:\/\/www.tiktok.com\/@cooltivarte","https:\/\/www.youtube.com\/@PrensaCooltivarte"]},{"@type":"Person","@id":"https:\/\/cooltivarte.com\/portal\/#\/schema\/person\/9b70ce615c4c5cfa6d8fe78a6b9ba2e3","name":"Mayra C\u00e1nepa","image":{"@type":"ImageObject","inLanguage":"es-AR","@id":"https:\/\/cooltivarte.com\/portal\/wp-content\/uploads\/2019\/03\/yop-120x120.jpg","url":"https:\/\/cooltivarte.com\/portal\/wp-content\/uploads\/2019\/03\/yop-120x120.jpg","contentUrl":"https:\/\/cooltivarte.com\/portal\/wp-content\/uploads\/2019\/03\/yop-120x120.jpg","caption":"Mayra C\u00e1nepa"},"description":"Lic. en bibliotecolog\u00eda. Estudi\u00f3 fotograf\u00eda,teatro y teatro de t\u00edteres en diferentes escuelas en Montevideo. Actualmente reside en Salto.","sameAs":["https:\/\/www.facebook.com\/Cclope-Fotografas-1064784936870601\/","https:\/\/www.instagram.com\/Ciclopefotografia01","https:\/\/www.linkedin.com\/company\/-bolocultural","https:\/\/www.pinterest.com\/cooltivarte","https:\/\/x.com\/https:\/\/x.com\/obolocultural","https:\/\/www.youtube.com\/@PrensaCooltivarte","https:\/\/www.tumblr.com\/blog\/cooltivarte"],"url":"https:\/\/cooltivarte.com\/portal\/author\/mayra-canepa\/"}]}},"_links":{"self":[{"href":"https:\/\/cooltivarte.com\/portal\/wp-json\/wp\/v2\/posts\/49934","targetHints":{"allow":["GET"]}}],"collection":[{"href":"https:\/\/cooltivarte.com\/portal\/wp-json\/wp\/v2\/posts"}],"about":[{"href":"https:\/\/cooltivarte.com\/portal\/wp-json\/wp\/v2\/types\/post"}],"author":[{"embeddable":true,"href":"https:\/\/cooltivarte.com\/portal\/wp-json\/wp\/v2\/users\/109"}],"replies":[{"embeddable":true,"href":"https:\/\/cooltivarte.com\/portal\/wp-json\/wp\/v2\/comments?post=49934"}],"version-history":[{"count":16,"href":"https:\/\/cooltivarte.com\/portal\/wp-json\/wp\/v2\/posts\/49934\/revisions"}],"predecessor-version":[{"id":99039,"href":"https:\/\/cooltivarte.com\/portal\/wp-json\/wp\/v2\/posts\/49934\/revisions\/99039"}],"wp:featuredmedia":[{"embeddable":true,"href":"https:\/\/cooltivarte.com\/portal\/wp-json\/wp\/v2\/media\/67672"}],"wp:attachment":[{"href":"https:\/\/cooltivarte.com\/portal\/wp-json\/wp\/v2\/media?parent=49934"}],"wp:term":[{"taxonomy":"category","embeddable":true,"href":"https:\/\/cooltivarte.com\/portal\/wp-json\/wp\/v2\/categories?post=49934"},{"taxonomy":"post_tag","embeddable":true,"href":"https:\/\/cooltivarte.com\/portal\/wp-json\/wp\/v2\/tags?post=49934"}],"curies":[{"name":"wp","href":"https:\/\/api.w.org\/{rel}","templated":true}]}}