{"id":49558,"date":"2019-06-07T19:15:03","date_gmt":"2019-06-07T22:15:03","guid":{"rendered":"http:\/\/cooltivarte.com\/portal\/?p=49558"},"modified":"2021-04-17T11:00:31","modified_gmt":"2021-04-17T14:00:31","slug":"entrevista-a-aldo-moreira-maestro-actor-director-y-productor","status":"publish","type":"post","link":"https:\/\/cooltivarte.com\/portal\/entrevista-a-aldo-moreira-maestro-actor-director-y-productor\/","title":{"rendered":"Entrevista a Aldo Moreira &#8211; Maestro, Actor, Director y Productor"},"content":{"rendered":"<p><strong>Aldo, c\u00f3mo est\u00e1s?<\/strong><\/p>\n<p>&#8211; Hola, Bien! Disfrutando del domingo luego de una semana de mucho trabajo y un s\u00e1bado de mucho ensayo.<\/p>\n<p>&nbsp;<\/p>\n<p><strong>Me alegro, contanos d\u00f3nde naciste? Sos de Montevideo?<\/strong><\/p>\n<p>&#8211; Nac\u00ed en la ciudad de Trinidad, departamento de Flores. Pero vivo en Montevideo desde el a\u00f1o 1998.<\/p>\n<p>&nbsp;<\/p>\n<p><strong>C\u00f3mo y cu\u00e1ndo empezaste con la actuaci\u00f3n?<\/strong><\/p>\n<p>&#8211; Empec\u00e9 con la actuaci\u00f3n en Flores, en mi etapa liceal. En aquellos tiempos, las <strong>Casas de Cultura<\/strong> de cada departamento del interior, daban cursos de Teatro auspiciados y organizados por el MEC, con excelentes profesores que viajaban desde Montevideo. Ten\u00eda 16 a\u00f1os, si saco bien la cuentas&#8230; ah\u00ed empez\u00f3 todo.<\/p>\n<p>&nbsp;<\/p>\n<p><strong>Y a partir de cu\u00e1ndo empezaste a actuar?<\/strong><\/p>\n<p>&#8211; Empec\u00e9 a actuar en los talleres de los cursos del Mec. Ten\u00eda buenas calificaciones y condiciones y ya con 18 a\u00f1os pas\u00e9 a integrar el <strong>Elenco Municipal de Teatro<\/strong>.<\/p>\n<p>&nbsp;<\/p>\n<p><strong>Que bueno! Adem\u00e1s sos maestro verdad?<\/strong><\/p>\n<p>-Exacto. Soy maestro de Educaci\u00f3n Primaria.<\/p>\n<p>&nbsp;<\/p>\n<p><strong>Y c\u00f3mo se llevan estos roles, se unen en alg\u00fan punto?<\/strong><\/p>\n<p>&#8211; En cierta forma si. Dar una clase, es una forma de actuar para atraer la atenci\u00f3n de los ni\u00f1os. Un maestro usa muchos recursos esc\u00e9nicos para lograr la atenci\u00f3n de su auditorio: la clase.<\/p>\n<p>&nbsp;<\/p>\n<p><strong>Y cu\u00e1l de las dos vocaciones te gustan m\u00e1s?<\/strong><\/p>\n<p>&#8211; La primera.<\/p>\n<p>&nbsp;<\/p>\n<p><strong>T\u00fa dirig\u00eds, escrib\u00eds, y produc\u00eds, adem\u00e1s de actuar?<\/strong><\/p>\n<p>&#8211; Si, act\u00fao desde que te coment\u00e9 antes. Luego tuve procesos de formaci\u00f3n con otros profesores en Montevideo. Escribir, escribo desde ni\u00f1o. Recuerdo que cuando las maestras propon\u00edan escribir un cuento yo lo que hac\u00eda era una especie de gui\u00f3n, en que los personajes dialogaban.<\/p>\n<p>Despu\u00e9s estudi\u00e9 literatura en el IPA, m\u00e1s un par de talleres de escritura creativa que realic\u00e9, los cuales me ofrecieron estrategias y recursos para plasmar lo escrito de una forma m\u00e1s t\u00e9cnica. En cuanto a la direcci\u00f3n teatral surge como motivaci\u00f3n de un gran docente que tuve &#8211;<strong>Eduardo P\u00e9rez<\/strong>&#8211; quien desde el a\u00f1o 2000 me dec\u00eda: &#8220;<em>Aldo, vos tenes que dirigir tus textos. La esencia de lo que transmiten tus obras la ten\u00e9s en tu cabeza como un todo, en relaci\u00f3n a una puesta en escena. Vos escrib\u00eds obras que son comedias para hacer, no para que queden en un caj\u00f3n<\/em>&#8220;. Y Bueno, ya tengo dirigidas una decena de obras con distintos elencos independientes. La mayor\u00eda, obras de mi autor\u00eda. Luego desde hace 6 a\u00f1os soy productor de: &#8211; <strong>Cuarta Pared Teatro<\/strong> &#8211; junto con <strong>Fabi\u00e1n Soneira<\/strong>.<\/p>\n<p>&nbsp;<\/p>\n<p><strong>Sent\u00eds que el uruguayo apoya nuestro teatro?<\/strong><\/p>\n<p>&#8211; En general no. La gente no va al Teatro. Pero no me puedo quejar, desde que empec\u00e9 a meterme en el circuito teatral capitalino, all\u00e1 por el 2000 en <strong>Arteatro<\/strong>, siempre tuve amigos que acompa\u00f1aron mi inicio, continuaron mi proceso y hoy en d\u00eda hay un grupo impresionante de gente que me sigue y en enero ya est\u00e1 preguntando: &#8220;<em>Aldo, \u00bfeste a\u00f1o cuando estrenas?<\/em>&#8220;.<\/p>\n<p>&nbsp;<\/p>\n<p><strong>Buen\u00edsimo, y que pensas de las nuevas generaciones como maestro?<\/strong><\/p>\n<p>&#8211; Todo ha cambiado y lo seguir\u00e1 haciendo. Las nuevas generaciones tienen otras inquietudes, otras formas de comunicarse, incluso. De todas formas hay chicos que a\u00fan siguen teniendo historias escolares como la que te cont\u00e9 antes y hoy en d\u00eda, el arte se ense\u00f1a en el Liceo. Eso es muy bueno.<\/p>\n<p>&nbsp;<\/p>\n<p><strong>Sos de ir al teatro?<\/strong><\/p>\n<p>&#8211; \u00daltimamente voy a ver obras de amigos, conocidos y compa\u00f1eros de elenco. Antes de tener mi propia obra, iba al Teatro de mi\u00e9rcoles a domingo sin falta. Ve\u00eda todo.<\/p>\n<p>&nbsp;<\/p>\n<p><strong>Contame de qu\u00e9 trata T\u00c9 DE TIZAS?<\/strong><\/p>\n<p>&#8211; <strong>T\u00c9 DE TIZAS<\/strong> es la historia de unas maestras en una escuela, donde suceden cosas raras. Las maestras Dora y Betty parecen ser el anti estereotipo, son maestras gritonas, mal habladas, exageradas, que comienzan a investigar situaciones que no les cierran, en el marco de mucho humor.<\/p>\n<p>&nbsp;<\/p>\n<p><strong>Y hace cuanto la est\u00e1n haciendo?<\/strong><\/p>\n<p>&#8211; <strong>T\u00c9 DE TIZAS<\/strong> es un gui\u00f3n del a\u00f1o 2007. En el 2008 y 2009 la dirig\u00ed con un elenco en <strong>Arteatro<\/strong>. Este 2019, diez a\u00f1os despu\u00e9s vuelve la misma propuesta pero con un elenco distinto, en una sala diferente, con cambios en la historia que se cuenta y con una puesta en escena con m\u00e1s vor\u00e1gine magisterial, por que en diez a\u00f1os todo ha cambiado.<\/p>\n<p>&nbsp;<\/p>\n<p><strong>Es teatro Independiente?<\/strong><\/p>\n<p>&#8211; Teatro completamente independiente, que maneja y distribuye rubros econ\u00f3micos en la modalidad de cooperativa.<\/p>\n<p>&nbsp;<\/p>\n<p><strong>Y qui\u00e9nes son los actores que te acompa\u00f1an?<\/strong><\/p>\n<p>&#8211; Este a\u00f1o el elenco est\u00e1 conformado por dos personas m\u00e1s. <strong>Dami\u00e1n Montenegro<\/strong>, excelente actor (Ahora est\u00e1 haciendo en el<strong> teatro de la Candela<\/strong> &#8220;<em>la noche del matador<\/em>&#8221; <strong>Patricia Mieres<\/strong>, tambi\u00e9n una genia de la comedia, pero que en realidad, se dedica m\u00e1s que nada a la docencia con la tem\u00e1tica de ni\u00f1os con trastornos generalizados del desarrollo y Yo. Elenco de tres este a\u00f1os. Pocos pero buenos.<\/p>\n<p>&nbsp;<\/p>\n<p><strong>Contanos d\u00eda, horario y lugar donde la vamos a poder ver?<\/strong><\/p>\n<p>&#8211; La obra ir\u00e1 s\u00e1bados y domingos de agosto, s\u00e1bados: 20:30 hs. domingos a las 19:00, en el <strong>Complejo Cultural Platea Sur<\/strong> (Ciudad Vieja).<\/p>\n<p>&nbsp;<\/p>\n<p><strong>Aldo para cerrar, describ\u00ed el teatro en una palabra.<\/strong><\/p>\n<p>-Risas<\/p>\n<p>&nbsp;<\/p>\n<p><strong>Gracias<\/strong><br \/>&#8211; Gracias a t\u00ed.<\/p>\n<p>&nbsp;<\/p>\n<p>&nbsp;<\/p>\n<p>&nbsp;<\/p>\n<p>&nbsp;<\/p>\n\n\n<div class=\"wp-block-group\"><div class=\"wp-block-group__inner-container\">\nngg_shortcode_0_placeholder\n<\/div><\/div>\n","protected":false},"excerpt":{"rendered":"<p>Aldo, c\u00f3mo est\u00e1s? &#8211; Hola, Bien! Disfrutando del domingo luego de una semana de mucho trabajo y un s\u00e1bado de mucho ensayo. &nbsp; Me alegro, contanos d\u00f3nde naciste? Sos de Montevideo? &#8211; Nac\u00ed en la ciudad de Trinidad, departamento de Flores. Pero vivo en Montevideo desde el a\u00f1o 1998. &nbsp; C\u00f3mo y cu\u00e1ndo empezaste con [&hellip;]<\/p>\n","protected":false},"author":106,"featured_media":49561,"comment_status":"closed","ping_status":"closed","sticky":true,"template":"","format":"standard","meta":{"om_disable_all_campaigns":false,"ngg_post_thumbnail":0,"jnews-multi-image_gallery":[],"jnews_single_post":[],"jnews_primary_category":[],"jnews_social_meta":[],"jnews_override_counter":[],"footnotes":""},"categories":[8558],"tags":[255,8857,8859,1865,8858,2383,8860],"class_list":["post-49558","post","type-post","status-publish","format-standard","has-post-thumbnail","hentry","category-entretablas","tag-actor","tag-aldo-moreira","tag-cursos-de-teatro","tag-director","tag-maestro","tag-productor","tag-te-de-tizas"],"yoast_head":"<!-- This site is optimized with the Yoast SEO plugin v27.5 - https:\/\/yoast.com\/product\/yoast-seo-wordpress\/ -->\n<title>Entrevista a Aldo Moreira - Maestro, Actor, Director y Productor - Cooltivarte Portal<\/title>\n<meta name=\"description\" content=\"COOLTIVARTE.COM es un portal digital colaborativo de actualizaci\u00f3n permanente dedicado a difundir el acontecer art\u00edstico y cultural, entrevista artistas, gestores y productores de las diferentes disciplinas del arte, y publicando art\u00edculos de reflexi\u00f3n de producci\u00f3n propia sobre los elementos culturales.\" \/>\n<meta name=\"robots\" content=\"index, follow, max-snippet:-1, max-image-preview:large, max-video-preview:-1\" \/>\n<link rel=\"canonical\" href=\"https:\/\/cooltivarte.com\/portal\/entrevista-a-aldo-moreira-maestro-actor-director-y-productor\/\" \/>\n<meta property=\"og:locale\" content=\"es_ES\" \/>\n<meta property=\"og:type\" content=\"article\" \/>\n<meta property=\"og:title\" content=\"Entrevista a Aldo Moreira - Maestro, Actor, Director y Productor - Cooltivarte Portal\" \/>\n<meta property=\"og:description\" content=\"COOLTIVARTE.COM es un portal digital colaborativo de actualizaci\u00f3n permanente dedicado a difundir el acontecer art\u00edstico y cultural, entrevista artistas, gestores y productores de las diferentes disciplinas del arte, y publicando art\u00edculos de reflexi\u00f3n de producci\u00f3n propia sobre los elementos culturales.\" \/>\n<meta property=\"og:url\" content=\"https:\/\/cooltivarte.com\/portal\/entrevista-a-aldo-moreira-maestro-actor-director-y-productor\/\" \/>\n<meta property=\"og:site_name\" content=\"Cooltivarte Portal\" \/>\n<meta property=\"article:publisher\" content=\"https:\/\/www.facebook.com\/cooltivartecom\/\" \/>\n<meta property=\"article:author\" content=\"https:\/\/www.facebook.com\/andrea.silvera.75?ref=br_rs\" \/>\n<meta property=\"article:published_time\" content=\"2019-06-07T22:15:03+00:00\" \/>\n<meta property=\"article:modified_time\" content=\"2021-04-17T14:00:31+00:00\" \/>\n<meta property=\"og:image\" content=\"https:\/\/cooltivarte.com\/portal\/wp-content\/uploads\/2019\/06\/Fotorreportaje-a-Aldo-Moreira-Maestro-Actor-Director-Productor-JUNIO-2019-FOTO-ANDREA-SILVERA-www-cooltivarte-com.jpg\" \/>\n\t<meta property=\"og:image:width\" content=\"960\" \/>\n\t<meta property=\"og:image:height\" content=\"960\" \/>\n\t<meta property=\"og:image:type\" content=\"image\/jpeg\" \/>\n<meta name=\"author\" content=\"Andrea Silvera\" \/>\n<meta name=\"twitter:card\" content=\"summary_large_image\" \/>\n<meta name=\"twitter:creator\" content=\"@https:\/\/x.com\/obolocultural\" \/>\n<meta name=\"twitter:site\" content=\"@obolocultural\" \/>\n<meta name=\"twitter:label1\" content=\"Escrito por\" \/>\n\t<meta name=\"twitter:data1\" content=\"Andrea Silvera\" \/>\n\t<meta name=\"twitter:label2\" content=\"Tiempo de lectura\" \/>\n\t<meta name=\"twitter:data2\" content=\"4 minutos\" \/>\n<!-- \/ Yoast SEO plugin. -->","yoast_head_json":{"title":"Entrevista a Aldo Moreira - Maestro, Actor, Director y Productor - Cooltivarte Portal","description":"COOLTIVARTE.COM es un portal digital colaborativo de actualizaci\u00f3n permanente dedicado a difundir el acontecer art\u00edstico y cultural, entrevista artistas, gestores y productores de las diferentes disciplinas del arte, y publicando art\u00edculos de reflexi\u00f3n de producci\u00f3n propia sobre los elementos culturales.","robots":{"index":"index","follow":"follow","max-snippet":"max-snippet:-1","max-image-preview":"max-image-preview:large","max-video-preview":"max-video-preview:-1"},"canonical":"https:\/\/cooltivarte.com\/portal\/entrevista-a-aldo-moreira-maestro-actor-director-y-productor\/","og_locale":"es_ES","og_type":"article","og_title":"Entrevista a Aldo Moreira - Maestro, Actor, Director y Productor - Cooltivarte Portal","og_description":"COOLTIVARTE.COM es un portal digital colaborativo de actualizaci\u00f3n permanente dedicado a difundir el acontecer art\u00edstico y cultural, entrevista artistas, gestores y productores de las diferentes disciplinas del arte, y publicando art\u00edculos de reflexi\u00f3n de producci\u00f3n propia sobre los elementos culturales.","og_url":"https:\/\/cooltivarte.com\/portal\/entrevista-a-aldo-moreira-maestro-actor-director-y-productor\/","og_site_name":"Cooltivarte Portal","article_publisher":"https:\/\/www.facebook.com\/cooltivartecom\/","article_author":"https:\/\/www.facebook.com\/andrea.silvera.75?ref=br_rs","article_published_time":"2019-06-07T22:15:03+00:00","article_modified_time":"2021-04-17T14:00:31+00:00","og_image":[{"width":960,"height":960,"url":"https:\/\/cooltivarte.com\/portal\/wp-content\/uploads\/2019\/06\/Fotorreportaje-a-Aldo-Moreira-Maestro-Actor-Director-Productor-JUNIO-2019-FOTO-ANDREA-SILVERA-www-cooltivarte-com.jpg","type":"image\/jpeg"}],"author":"Andrea Silvera","twitter_card":"summary_large_image","twitter_creator":"@https:\/\/x.com\/obolocultural","twitter_site":"@obolocultural","twitter_misc":{"Escrito por":"Andrea Silvera","Tiempo de lectura":"4 minutos"},"schema":{"@context":"https:\/\/schema.org","@graph":[{"@type":"NewsArticle","@id":"https:\/\/cooltivarte.com\/portal\/entrevista-a-aldo-moreira-maestro-actor-director-y-productor\/#article","isPartOf":{"@id":"https:\/\/cooltivarte.com\/portal\/entrevista-a-aldo-moreira-maestro-actor-director-y-productor\/"},"author":{"name":"Andrea Silvera","@id":"https:\/\/cooltivarte.com\/portal\/#\/schema\/person\/0476509639dddad640f8732b5022b1a0"},"headline":"Entrevista a Aldo Moreira &#8211; Maestro, Actor, Director y Productor","datePublished":"2019-06-07T22:15:03+00:00","dateModified":"2021-04-17T14:00:31+00:00","mainEntityOfPage":{"@id":"https:\/\/cooltivarte.com\/portal\/entrevista-a-aldo-moreira-maestro-actor-director-y-productor\/"},"wordCount":953,"publisher":{"@id":"https:\/\/cooltivarte.com\/portal\/#organization"},"image":{"@id":"https:\/\/cooltivarte.com\/portal\/entrevista-a-aldo-moreira-maestro-actor-director-y-productor\/#primaryimage"},"thumbnailUrl":"https:\/\/cooltivarte.com\/portal\/wp-content\/uploads\/2019\/06\/Fotorreportaje-a-Aldo-Moreira-Maestro-Actor-Director-Productor-JUNIO-2019-FOTO-ANDREA-SILVERA-www-cooltivarte-com.jpg","keywords":["ACTOR","Aldo Moreira","cursos de Teatro","director","Maestro","productor","T\u00c9 DE TIZAS"],"articleSection":["Entretablas"],"inLanguage":"es-AR"},{"@type":"WebPage","@id":"https:\/\/cooltivarte.com\/portal\/entrevista-a-aldo-moreira-maestro-actor-director-y-productor\/","url":"https:\/\/cooltivarte.com\/portal\/entrevista-a-aldo-moreira-maestro-actor-director-y-productor\/","name":"Entrevista a Aldo Moreira - Maestro, Actor, Director y Productor - Cooltivarte Portal","isPartOf":{"@id":"https:\/\/cooltivarte.com\/portal\/#website"},"primaryImageOfPage":{"@id":"https:\/\/cooltivarte.com\/portal\/entrevista-a-aldo-moreira-maestro-actor-director-y-productor\/#primaryimage"},"image":{"@id":"https:\/\/cooltivarte.com\/portal\/entrevista-a-aldo-moreira-maestro-actor-director-y-productor\/#primaryimage"},"thumbnailUrl":"https:\/\/cooltivarte.com\/portal\/wp-content\/uploads\/2019\/06\/Fotorreportaje-a-Aldo-Moreira-Maestro-Actor-Director-Productor-JUNIO-2019-FOTO-ANDREA-SILVERA-www-cooltivarte-com.jpg","datePublished":"2019-06-07T22:15:03+00:00","dateModified":"2021-04-17T14:00:31+00:00","description":"COOLTIVARTE.COM es un portal digital colaborativo de actualizaci\u00f3n permanente dedicado a difundir el acontecer art\u00edstico y cultural, entrevista artistas, gestores y productores de las diferentes disciplinas del arte, y publicando art\u00edculos de reflexi\u00f3n de producci\u00f3n propia sobre los elementos culturales.","breadcrumb":{"@id":"https:\/\/cooltivarte.com\/portal\/entrevista-a-aldo-moreira-maestro-actor-director-y-productor\/#breadcrumb"},"inLanguage":"es-AR","potentialAction":[{"@type":"ReadAction","target":["https:\/\/cooltivarte.com\/portal\/entrevista-a-aldo-moreira-maestro-actor-director-y-productor\/"]}]},{"@type":"ImageObject","inLanguage":"es-AR","@id":"https:\/\/cooltivarte.com\/portal\/entrevista-a-aldo-moreira-maestro-actor-director-y-productor\/#primaryimage","url":"https:\/\/cooltivarte.com\/portal\/wp-content\/uploads\/2019\/06\/Fotorreportaje-a-Aldo-Moreira-Maestro-Actor-Director-Productor-JUNIO-2019-FOTO-ANDREA-SILVERA-www-cooltivarte-com.jpg","contentUrl":"https:\/\/cooltivarte.com\/portal\/wp-content\/uploads\/2019\/06\/Fotorreportaje-a-Aldo-Moreira-Maestro-Actor-Director-Productor-JUNIO-2019-FOTO-ANDREA-SILVERA-www-cooltivarte-com.jpg","width":960,"height":960,"caption":"Fotorreportaje a Aldo Moreira - Maestro - Actor - Director - Productor - JUNIO 2019 - FOTO - ANDREA SILVERA www.cooltivarte.com"},{"@type":"BreadcrumbList","@id":"https:\/\/cooltivarte.com\/portal\/entrevista-a-aldo-moreira-maestro-actor-director-y-productor\/#breadcrumb","itemListElement":[{"@type":"ListItem","position":1,"name":"Portada","item":"https:\/\/cooltivarte.com\/portal\/"},{"@type":"ListItem","position":2,"name":"Entrevista a Aldo Moreira &#8211; Maestro, Actor, Director y Productor"}]},{"@type":"WebSite","@id":"https:\/\/cooltivarte.com\/portal\/#website","url":"https:\/\/cooltivarte.com\/portal\/","name":"Cooltivarte Portal","description":"Arte, cultura y turismo para el mundo ...","publisher":{"@id":"https:\/\/cooltivarte.com\/portal\/#organization"},"potentialAction":[{"@type":"SearchAction","target":{"@type":"EntryPoint","urlTemplate":"https:\/\/cooltivarte.com\/portal\/?s={search_term_string}"},"query-input":{"@type":"PropertyValueSpecification","valueRequired":true,"valueName":"search_term_string"}}],"inLanguage":"es-AR"},{"@type":"Organization","@id":"https:\/\/cooltivarte.com\/portal\/#organization","name":"cooltivarte","url":"https:\/\/cooltivarte.com\/portal\/","logo":{"@type":"ImageObject","inLanguage":"es-AR","@id":"https:\/\/cooltivarte.com\/portal\/#\/schema\/logo\/image\/","url":"https:\/\/cooltivarte.com\/portal\/wp-content\/uploads\/2020\/04\/logo-cooltivarte-v2.png","contentUrl":"https:\/\/cooltivarte.com\/portal\/wp-content\/uploads\/2020\/04\/logo-cooltivarte-v2.png","width":851,"height":243,"caption":"cooltivarte"},"image":{"@id":"https:\/\/cooltivarte.com\/portal\/#\/schema\/logo\/image\/"},"sameAs":["https:\/\/www.facebook.com\/cooltivartecom\/","https:\/\/x.com\/obolocultural","https:\/\/www.instagram.com\/_cooltivarte_\/","https:\/\/www.linkedin.com\/company\/-bolocultural?reportsuccess=8zaNG1HwhPbAR9iQhZ5rfGeqz_vQFftHun0ZWU0Wy9vNemRJ8vtcKdJvzQfW8XagyOJSKg0XvfJ1dp","https:\/\/www.pinterest.com\/cooltivarte\/","https:\/\/cooltivarte.tumblr.com\/","https:\/\/www.tiktok.com\/@cooltivarte","https:\/\/www.youtube.com\/@PrensaCooltivarte"]},{"@type":"Person","@id":"https:\/\/cooltivarte.com\/portal\/#\/schema\/person\/0476509639dddad640f8732b5022b1a0","name":"Andrea Silvera","image":{"@type":"ImageObject","inLanguage":"es-AR","@id":"https:\/\/cooltivarte.com\/portal\/wp-content\/uploads\/2017\/10\/andrea-silvera-100x150.jpg","url":"https:\/\/cooltivarte.com\/portal\/wp-content\/uploads\/2017\/10\/andrea-silvera-100x150.jpg","contentUrl":"https:\/\/cooltivarte.com\/portal\/wp-content\/uploads\/2017\/10\/andrea-silvera-100x150.jpg","caption":"Andrea Silvera"},"description":"Realiza curso de fotograf\u00eda en el a\u00f1o 2015 de la mano de Solange Pastorino, en 2016 gana menci\u00f3n fotogr\u00e1fica , en concurso lanzado por Fucac, tem\u00e1tica: (Soy Solidario) y su obra recorre todo el uruguay en exposiciones de distintos centros culturales , junto a obras de otros fot\u00f3grafos ganadores. En 2017 y durante 2 a\u00f1os realiza cursos de fotograf\u00eda en EUF y distintos talleres en el CDF. En 2019 queda seleccionada junto a otros 20 fot\u00f3grafos en concurso fotogr\u00e1fico lanzado por Punta Carretas Shopping, en el marco de su aniversario n\u00famero 25; y se expone su obra en la explanada del mismo lugar acompa\u00f1ada de las dem\u00e1s seleccionadas. Realiza taller de fotograf\u00eda b\u00e1sica para ni\u00f1os en edad escolar, dando clases en el colegio Pocitos Day School y particulares. Tiene su propio espacio de entrevistas, en nuestro portal llamado: \"Entretablas\" sobre teatro y tambi\u00e9n espacio de entrevista de lives desde nuestro Instagram, c\u00f3mo formato de entretenimiento en tiempos de cuarentena por el Covid-19. Vinculada a lo art\u00edstico desde siempre :m\u00fasica, teatro, danza. Hoy en d\u00eda trabaja como fot\u00f3grafa de teatro, fot\u00f3grafa en escuelas, dise\u00f1adora gr\u00e1fica y photographer freelance. Adem\u00e1s de formar parte de la producci\u00f3n de Cooltivarte.","sameAs":["https:\/\/www.facebook.com\/andrea.silvera.75?ref=br_rs","https:\/\/www.instagram.com\/andreasilverafotografia\/","https:\/\/www.linkedin.com\/company\/-bolocultural","https:\/\/www.pinterest.com\/cooltivarte","https:\/\/x.com\/https:\/\/x.com\/obolocultural","https:\/\/www.youtube.com\/@PrensaCooltivarte","https:\/\/www.tumblr.com\/blog\/cooltivarte"],"url":"https:\/\/cooltivarte.com\/portal\/author\/andrea-silvera\/"}]}},"_links":{"self":[{"href":"https:\/\/cooltivarte.com\/portal\/wp-json\/wp\/v2\/posts\/49558","targetHints":{"allow":["GET"]}}],"collection":[{"href":"https:\/\/cooltivarte.com\/portal\/wp-json\/wp\/v2\/posts"}],"about":[{"href":"https:\/\/cooltivarte.com\/portal\/wp-json\/wp\/v2\/types\/post"}],"author":[{"embeddable":true,"href":"https:\/\/cooltivarte.com\/portal\/wp-json\/wp\/v2\/users\/106"}],"replies":[{"embeddable":true,"href":"https:\/\/cooltivarte.com\/portal\/wp-json\/wp\/v2\/comments?post=49558"}],"version-history":[{"count":4,"href":"https:\/\/cooltivarte.com\/portal\/wp-json\/wp\/v2\/posts\/49558\/revisions"}],"predecessor-version":[{"id":67732,"href":"https:\/\/cooltivarte.com\/portal\/wp-json\/wp\/v2\/posts\/49558\/revisions\/67732"}],"wp:featuredmedia":[{"embeddable":true,"href":"https:\/\/cooltivarte.com\/portal\/wp-json\/wp\/v2\/media\/49561"}],"wp:attachment":[{"href":"https:\/\/cooltivarte.com\/portal\/wp-json\/wp\/v2\/media?parent=49558"}],"wp:term":[{"taxonomy":"category","embeddable":true,"href":"https:\/\/cooltivarte.com\/portal\/wp-json\/wp\/v2\/categories?post=49558"},{"taxonomy":"post_tag","embeddable":true,"href":"https:\/\/cooltivarte.com\/portal\/wp-json\/wp\/v2\/tags?post=49558"}],"curies":[{"name":"wp","href":"https:\/\/api.w.org\/{rel}","templated":true}]}}