{"id":49468,"date":"2019-06-06T17:24:46","date_gmt":"2019-06-06T20:24:46","guid":{"rendered":"http:\/\/cooltivarte.com\/portal\/?p=49468"},"modified":"2019-06-06T18:04:21","modified_gmt":"2019-06-06T21:04:21","slug":"edu-pitufo-lombardo-en-el-cck","status":"publish","type":"post","link":"https:\/\/cooltivarte.com\/portal\/edu-pitufo-lombardo-en-el-cck\/","title":{"rendered":"Ed\u00fa \u201cPitufo\u201d Lombardo en el CCK"},"content":{"rendered":"<h2>El 9 de junio a las 20 hs una de las grandes figuras del carnaval uruguayo, se presentar\u00e1 en vivo en la c\u00fapula del CCK.<\/h2>\n<p>El m\u00fasico uruguayo <strong>Ed\u00fa \u201cPitufo\u201d Lombardo<\/strong> ofrecer\u00e1 un concierto acompa\u00f1ado por el percusionista <strong>Bruno Ferr\u00faa<\/strong> e invitados especiales. Interpretar\u00e1 cl\u00e1sicos de murga-canci\u00f3n y temas de su \u00faltimo disco M\u00fasicos Ambulantes, editado en 2018 junto a <strong>Rub\u00e9n Rada<\/strong>, <strong>Emiliano Brancciari<\/strong> (No te va gustar) y <strong>Jorge Drexler<\/strong>.<\/p>\n<p>Nacido en Montevideo de 1966, <strong>Ed\u00fa \u201cPitufo\u201d Lombardo<\/strong> tiene una extensa trayectoria en la canci\u00f3n uruguaya: el percusionista y cantante form\u00f3 parte de las murgas Falta y Resto, La Gran Mu\u00f1eca, Contrafarsa y Asaltantes con Patente, integr\u00f3 el grupo Los que Iban Cantando, y las bandas de Jaime Roos, Rub\u00e9n Olivera, Mauricio Ubal, Jorge Galemire y Jorge Drexler. En 2002 protagoniz\u00f3 junto a \u201cPinocho\u201d Routin la premiada obra Murga Madre.<\/p>\n<p>En 2007 abri\u00f3 una nueva etapa cuando se lanz\u00f3 como solista. Edit\u00f3 los discos Rocanrol, Ilustrados y Valientes y M\u00fasicos y Ambulantes, gan\u00f3 cinco Premios Graffiti (los m\u00e1s destacados en el \u00e1mbito musical de Uruguay) y su canci\u00f3n \u201cDescolgando el cielo\u201d, homenaje a la selecci\u00f3n celeste, se convirti\u00f3 en emblema del f\u00fatbol uruguayo.<\/p>\n<p>En 2013, acompa\u00f1\u00f3 a Jorge Drexler al carnaval de C\u00e1diz (Eapa\u00f1a), donde Ed\u00fa fue percusionista del concierto junto a la cuerda de tambores de Fernando \u201cLobo\u201d Nu\u00f1ez. En 2016, grab\u00f3 junto a Fernando Cabrera el disco Cabrera canta Mateo y Darnauchans y lo acompa\u00f1\u00f3 en diferentes presentaciones a lo largo del a\u00f1o. En 2017, luego de diez a\u00f1os de ausencia del carnaval, Ed\u00fa volvi\u00f3 como director y arreglador de la Murga Don Timoteo, que gan\u00f3 el primer premio del concurso oficial. Tambi\u00e9n fue distinguido como \u201cFigura de oro del carnaval&#8221; por su trabajo.<\/p>\n<div class=\"jeg_video_container jeg_video_content\"><iframe title=\"Ed\u00fa &quot;Pitufo&quot; Lombardo con Ruben Rada - Quien lo prob\u00f3 lo sabe\" width=\"500\" height=\"281\" src=\"https:\/\/www.youtube.com\/embed\/ShtOxfCwK6E?feature=oembed\" frameborder=\"0\" allow=\"accelerometer; autoplay; clipboard-write; encrypted-media; gyroscope; picture-in-picture; web-share\" referrerpolicy=\"strict-origin-when-cross-origin\" allowfullscreen><\/iframe><\/div>\n<p>Ed\u00fa &#8220;Pitufo&#8221; Lombardo con Ruben Rada &#8211; Quien lo prob\u00f3 lo sabe<\/p>\n<p>extracto gacetilla\/CCK.<\/p>\n<p>&nbsp;<\/p>\n<p>&nbsp;<\/p>\n","protected":false},"excerpt":{"rendered":"<p>El 9 de junio a las 20 hs una de las grandes figuras del carnaval uruguayo, se presentar\u00e1 en vivo en la c\u00fapula del CCK. El m\u00fasico uruguayo Ed\u00fa \u201cPitufo\u201d Lombardo ofrecer\u00e1 un concierto acompa\u00f1ado por el percusionista Bruno Ferr\u00faa e invitados especiales. Interpretar\u00e1 cl\u00e1sicos de murga-canci\u00f3n y temas de su \u00faltimo disco M\u00fasicos Ambulantes, [&hellip;]<\/p>\n","protected":false},"author":134,"featured_media":49509,"comment_status":"closed","ping_status":"closed","sticky":false,"template":"","format":"standard","meta":{"om_disable_all_campaigns":false,"ngg_post_thumbnail":0,"jnews-multi-image_gallery":[],"jnews_single_post":{"subtitle":"","format":"standard"},"jnews_primary_category":[],"jnews_social_meta":[],"jnews_override_counter":[],"footnotes":""},"categories":[6008],"tags":[8822,1665,8823],"class_list":["post-49468","post","type-post","status-publish","format-standard","has-post-thumbnail","hentry","category-desde-buenos-aires","tag-bruno-ferrua","tag-edu-pitufo-lombardo","tag-murga-madre"],"yoast_head":"<!-- This site is optimized with the Yoast SEO plugin v27.5 - https:\/\/yoast.com\/product\/yoast-seo-wordpress\/ -->\n<title>Ed\u00fa \u201cPitufo\u201d Lombardo en el CCK - Cooltivarte Portal<\/title>\n<meta name=\"description\" content=\"COOLTIVARTE.COM es un portal digital colaborativo de actualizaci\u00f3n permanente dedicado a difundir el acontecer art\u00edstico y cultural, entrevista artistas, gestores y productores de las diferentes disciplinas del arte, y publicando art\u00edculos de reflexi\u00f3n de producci\u00f3n propia sobre los elementos culturales.\" \/>\n<meta name=\"robots\" content=\"index, follow, max-snippet:-1, max-image-preview:large, max-video-preview:-1\" \/>\n<link rel=\"canonical\" href=\"https:\/\/cooltivarte.com\/portal\/edu-pitufo-lombardo-en-el-cck\/\" \/>\n<meta property=\"og:locale\" content=\"es_ES\" \/>\n<meta property=\"og:type\" content=\"article\" \/>\n<meta property=\"og:title\" content=\"Ed\u00fa \u201cPitufo\u201d Lombardo en el CCK - Cooltivarte Portal\" \/>\n<meta property=\"og:description\" content=\"COOLTIVARTE.COM es un portal digital colaborativo de actualizaci\u00f3n permanente dedicado a difundir el acontecer art\u00edstico y cultural, entrevista artistas, gestores y productores de las diferentes disciplinas del arte, y publicando art\u00edculos de reflexi\u00f3n de producci\u00f3n propia sobre los elementos culturales.\" \/>\n<meta property=\"og:url\" content=\"https:\/\/cooltivarte.com\/portal\/edu-pitufo-lombardo-en-el-cck\/\" \/>\n<meta property=\"og:site_name\" content=\"Cooltivarte Portal\" \/>\n<meta property=\"article:publisher\" content=\"https:\/\/www.facebook.com\/cooltivartecom\/\" \/>\n<meta property=\"article:author\" content=\"https:\/\/www.facebook.com\/pato.bue?ref=br_rs\" \/>\n<meta property=\"article:published_time\" content=\"2019-06-06T20:24:46+00:00\" \/>\n<meta property=\"article:modified_time\" content=\"2019-06-06T21:04:21+00:00\" \/>\n<meta property=\"og:image\" content=\"https:\/\/cooltivarte.com\/portal\/wp-content\/uploads\/2019\/06\/lombardo.png\" \/>\n\t<meta property=\"og:image:width\" content=\"707\" \/>\n\t<meta property=\"og:image:height\" content=\"447\" \/>\n\t<meta property=\"og:image:type\" content=\"image\/png\" \/>\n<meta name=\"author\" content=\"Patricia Ianniruberto\" \/>\n<meta name=\"twitter:card\" content=\"summary_large_image\" \/>\n<meta name=\"twitter:creator\" content=\"@https:\/\/x.com\/obolocultural\" \/>\n<meta name=\"twitter:site\" content=\"@obolocultural\" \/>\n<meta name=\"twitter:label1\" content=\"Escrito por\" \/>\n\t<meta name=\"twitter:data1\" content=\"Patricia Ianniruberto\" \/>\n\t<meta name=\"twitter:label2\" content=\"Tiempo de lectura\" \/>\n\t<meta name=\"twitter:data2\" content=\"2 minutos\" \/>\n<!-- \/ Yoast SEO plugin. -->","yoast_head_json":{"title":"Ed\u00fa \u201cPitufo\u201d Lombardo en el CCK - Cooltivarte Portal","description":"COOLTIVARTE.COM es un portal digital colaborativo de actualizaci\u00f3n permanente dedicado a difundir el acontecer art\u00edstico y cultural, entrevista artistas, gestores y productores de las diferentes disciplinas del arte, y publicando art\u00edculos de reflexi\u00f3n de producci\u00f3n propia sobre los elementos culturales.","robots":{"index":"index","follow":"follow","max-snippet":"max-snippet:-1","max-image-preview":"max-image-preview:large","max-video-preview":"max-video-preview:-1"},"canonical":"https:\/\/cooltivarte.com\/portal\/edu-pitufo-lombardo-en-el-cck\/","og_locale":"es_ES","og_type":"article","og_title":"Ed\u00fa \u201cPitufo\u201d Lombardo en el CCK - Cooltivarte Portal","og_description":"COOLTIVARTE.COM es un portal digital colaborativo de actualizaci\u00f3n permanente dedicado a difundir el acontecer art\u00edstico y cultural, entrevista artistas, gestores y productores de las diferentes disciplinas del arte, y publicando art\u00edculos de reflexi\u00f3n de producci\u00f3n propia sobre los elementos culturales.","og_url":"https:\/\/cooltivarte.com\/portal\/edu-pitufo-lombardo-en-el-cck\/","og_site_name":"Cooltivarte Portal","article_publisher":"https:\/\/www.facebook.com\/cooltivartecom\/","article_author":"https:\/\/www.facebook.com\/pato.bue?ref=br_rs","article_published_time":"2019-06-06T20:24:46+00:00","article_modified_time":"2019-06-06T21:04:21+00:00","og_image":[{"width":707,"height":447,"url":"https:\/\/cooltivarte.com\/portal\/wp-content\/uploads\/2019\/06\/lombardo.png","type":"image\/png"}],"author":"Patricia Ianniruberto","twitter_card":"summary_large_image","twitter_creator":"@https:\/\/x.com\/obolocultural","twitter_site":"@obolocultural","twitter_misc":{"Escrito por":"Patricia Ianniruberto","Tiempo de lectura":"2 minutos"},"schema":{"@context":"https:\/\/schema.org","@graph":[{"@type":"NewsArticle","@id":"https:\/\/cooltivarte.com\/portal\/edu-pitufo-lombardo-en-el-cck\/#article","isPartOf":{"@id":"https:\/\/cooltivarte.com\/portal\/edu-pitufo-lombardo-en-el-cck\/"},"author":{"name":"Patricia Ianniruberto","@id":"https:\/\/cooltivarte.com\/portal\/#\/schema\/person\/efd7b91a624d2d005d1571effe8c04b9"},"headline":"Ed\u00fa \u201cPitufo\u201d Lombardo en el CCK","datePublished":"2019-06-06T20:24:46+00:00","dateModified":"2019-06-06T21:04:21+00:00","mainEntityOfPage":{"@id":"https:\/\/cooltivarte.com\/portal\/edu-pitufo-lombardo-en-el-cck\/"},"wordCount":331,"publisher":{"@id":"https:\/\/cooltivarte.com\/portal\/#organization"},"image":{"@id":"https:\/\/cooltivarte.com\/portal\/edu-pitufo-lombardo-en-el-cck\/#primaryimage"},"thumbnailUrl":"https:\/\/cooltivarte.com\/portal\/wp-content\/uploads\/2019\/06\/lombardo.png","keywords":["Bruno Ferr\u00faa","Ed\u00fa \u201cPitufo\u201d Lombardo","Murga Madre"],"articleSection":["Desde Buenos Aires"],"inLanguage":"es-AR"},{"@type":"WebPage","@id":"https:\/\/cooltivarte.com\/portal\/edu-pitufo-lombardo-en-el-cck\/","url":"https:\/\/cooltivarte.com\/portal\/edu-pitufo-lombardo-en-el-cck\/","name":"Ed\u00fa \u201cPitufo\u201d Lombardo en el CCK - Cooltivarte Portal","isPartOf":{"@id":"https:\/\/cooltivarte.com\/portal\/#website"},"primaryImageOfPage":{"@id":"https:\/\/cooltivarte.com\/portal\/edu-pitufo-lombardo-en-el-cck\/#primaryimage"},"image":{"@id":"https:\/\/cooltivarte.com\/portal\/edu-pitufo-lombardo-en-el-cck\/#primaryimage"},"thumbnailUrl":"https:\/\/cooltivarte.com\/portal\/wp-content\/uploads\/2019\/06\/lombardo.png","datePublished":"2019-06-06T20:24:46+00:00","dateModified":"2019-06-06T21:04:21+00:00","description":"COOLTIVARTE.COM es un portal digital colaborativo de actualizaci\u00f3n permanente dedicado a difundir el acontecer art\u00edstico y cultural, entrevista artistas, gestores y productores de las diferentes disciplinas del arte, y publicando art\u00edculos de reflexi\u00f3n de producci\u00f3n propia sobre los elementos culturales.","breadcrumb":{"@id":"https:\/\/cooltivarte.com\/portal\/edu-pitufo-lombardo-en-el-cck\/#breadcrumb"},"inLanguage":"es-AR","potentialAction":[{"@type":"ReadAction","target":["https:\/\/cooltivarte.com\/portal\/edu-pitufo-lombardo-en-el-cck\/"]}]},{"@type":"ImageObject","inLanguage":"es-AR","@id":"https:\/\/cooltivarte.com\/portal\/edu-pitufo-lombardo-en-el-cck\/#primaryimage","url":"https:\/\/cooltivarte.com\/portal\/wp-content\/uploads\/2019\/06\/lombardo.png","contentUrl":"https:\/\/cooltivarte.com\/portal\/wp-content\/uploads\/2019\/06\/lombardo.png","width":707,"height":447,"caption":"lombardo El 9 de junio a las 20 hs una de las grandes figuras del carnaval uruguayo, se presentar\u00e1 en vivo en la c\u00fapula del CCK."},{"@type":"BreadcrumbList","@id":"https:\/\/cooltivarte.com\/portal\/edu-pitufo-lombardo-en-el-cck\/#breadcrumb","itemListElement":[{"@type":"ListItem","position":1,"name":"Portada","item":"https:\/\/cooltivarte.com\/portal\/"},{"@type":"ListItem","position":2,"name":"Ed\u00fa \u201cPitufo\u201d Lombardo en el CCK"}]},{"@type":"WebSite","@id":"https:\/\/cooltivarte.com\/portal\/#website","url":"https:\/\/cooltivarte.com\/portal\/","name":"Cooltivarte Portal","description":"Arte, cultura y turismo para el mundo ...","publisher":{"@id":"https:\/\/cooltivarte.com\/portal\/#organization"},"potentialAction":[{"@type":"SearchAction","target":{"@type":"EntryPoint","urlTemplate":"https:\/\/cooltivarte.com\/portal\/?s={search_term_string}"},"query-input":{"@type":"PropertyValueSpecification","valueRequired":true,"valueName":"search_term_string"}}],"inLanguage":"es-AR"},{"@type":"Organization","@id":"https:\/\/cooltivarte.com\/portal\/#organization","name":"cooltivarte","url":"https:\/\/cooltivarte.com\/portal\/","logo":{"@type":"ImageObject","inLanguage":"es-AR","@id":"https:\/\/cooltivarte.com\/portal\/#\/schema\/logo\/image\/","url":"https:\/\/cooltivarte.com\/portal\/wp-content\/uploads\/2020\/04\/logo-cooltivarte-v2.png","contentUrl":"https:\/\/cooltivarte.com\/portal\/wp-content\/uploads\/2020\/04\/logo-cooltivarte-v2.png","width":851,"height":243,"caption":"cooltivarte"},"image":{"@id":"https:\/\/cooltivarte.com\/portal\/#\/schema\/logo\/image\/"},"sameAs":["https:\/\/www.facebook.com\/cooltivartecom\/","https:\/\/x.com\/obolocultural","https:\/\/www.instagram.com\/_cooltivarte_\/","https:\/\/www.linkedin.com\/company\/-bolocultural?reportsuccess=8zaNG1HwhPbAR9iQhZ5rfGeqz_vQFftHun0ZWU0Wy9vNemRJ8vtcKdJvzQfW8XagyOJSKg0XvfJ1dp","https:\/\/www.pinterest.com\/cooltivarte\/","https:\/\/cooltivarte.tumblr.com\/","https:\/\/www.tiktok.com\/@cooltivarte","https:\/\/www.youtube.com\/@PrensaCooltivarte"]},{"@type":"Person","@id":"https:\/\/cooltivarte.com\/portal\/#\/schema\/person\/efd7b91a624d2d005d1571effe8c04b9","name":"Patricia Ianniruberto","image":{"@type":"ImageObject","inLanguage":"es-AR","@id":"https:\/\/cooltivarte.com\/portal\/wp-content\/uploads\/2018\/04\/patricia-ianniruberto-120x120.jpg","url":"https:\/\/cooltivarte.com\/portal\/wp-content\/uploads\/2018\/04\/patricia-ianniruberto-120x120.jpg","contentUrl":"https:\/\/cooltivarte.com\/portal\/wp-content\/uploads\/2018\/04\/patricia-ianniruberto-120x120.jpg","caption":"Patricia Ianniruberto"},"description":"Patricia Ianniruberto. Egresada de Bellas Artes (Inst. Beato Ang\u00e9lico). Curs\u00f3 Dise\u00f1o Gr\u00e1fico y Comunicaci\u00f3n Visual (UBA) y producci\u00f3n de cine (SICA). Ejerci\u00f3 como docente de Bellas Artes y de Dise\u00f1o I y II (UBA). Freelance de agencias de publicidad y cineanimaci\u00f3n. Como dise\u00f1adora independiente se especializ\u00f3 en comunicaci\u00f3n visual, prensa y producci\u00f3n, asesorando a empresas en imagen corporativa, producci\u00f3n integral de contenidos y piezas de comunicaci\u00f3n: folletos, cat\u00e1logos, revistas, stands, web, tv, v\u00eda p\u00fablica, asesoramiento en derechos de autor, marcas y dominios junto al Estudio Lauritsen. Desarroll\u00f3 proyectos pioneros de tecnolog\u00eda en Internet y aplicaciones interactivas (netmedia). Locaciones: cine y medios. En Uruguay: seleccionada: Taller de promoci\u00f3n y distribuci\u00f3n Mercosur: nuevas herramientas multiplataforma\/Mercosur Audiovisual (Programa de Cooperaci\u00f3n con la Comunidad Europea). Representaci\u00f3n y gesti\u00f3n de notas en instituciones p\u00fablicas y privadas vinculadas al arte y la cultura. Corresponsal de revistas de cultura y colaboradora de medios gr\u00e1ficos y digitales. Edici\u00f3n y producci\u00f3n de contenidos multiplataforma. Gesti\u00f3n cultural y de prensa-Corresponsal en Buenos Aires: Argentina\/Uruguay.","sameAs":["https:\/\/www.facebook.com\/pato.bue?ref=br_rs","https:\/\/www.instagram.com\/_cooltivarte_\/","https:\/\/www.linkedin.com\/company\/-bolocultural\/","https:\/\/www.pinterest.com\/cooltivarte\/","https:\/\/x.com\/https:\/\/x.com\/obolocultural","https:\/\/www.youtube.com\/@PrensaCooltivarte","https:\/\/cooltivarte.tumblr.com\/"],"url":"https:\/\/cooltivarte.com\/portal\/author\/patricia-ianniruberto\/"}]}},"_links":{"self":[{"href":"https:\/\/cooltivarte.com\/portal\/wp-json\/wp\/v2\/posts\/49468","targetHints":{"allow":["GET"]}}],"collection":[{"href":"https:\/\/cooltivarte.com\/portal\/wp-json\/wp\/v2\/posts"}],"about":[{"href":"https:\/\/cooltivarte.com\/portal\/wp-json\/wp\/v2\/types\/post"}],"author":[{"embeddable":true,"href":"https:\/\/cooltivarte.com\/portal\/wp-json\/wp\/v2\/users\/134"}],"replies":[{"embeddable":true,"href":"https:\/\/cooltivarte.com\/portal\/wp-json\/wp\/v2\/comments?post=49468"}],"version-history":[{"count":7,"href":"https:\/\/cooltivarte.com\/portal\/wp-json\/wp\/v2\/posts\/49468\/revisions"}],"predecessor-version":[{"id":49514,"href":"https:\/\/cooltivarte.com\/portal\/wp-json\/wp\/v2\/posts\/49468\/revisions\/49514"}],"wp:featuredmedia":[{"embeddable":true,"href":"https:\/\/cooltivarte.com\/portal\/wp-json\/wp\/v2\/media\/49509"}],"wp:attachment":[{"href":"https:\/\/cooltivarte.com\/portal\/wp-json\/wp\/v2\/media?parent=49468"}],"wp:term":[{"taxonomy":"category","embeddable":true,"href":"https:\/\/cooltivarte.com\/portal\/wp-json\/wp\/v2\/categories?post=49468"},{"taxonomy":"post_tag","embeddable":true,"href":"https:\/\/cooltivarte.com\/portal\/wp-json\/wp\/v2\/tags?post=49468"}],"curies":[{"name":"wp","href":"https:\/\/api.w.org\/{rel}","templated":true}]}}