{"id":49462,"date":"2019-06-06T13:50:45","date_gmt":"2019-06-06T16:50:45","guid":{"rendered":"http:\/\/cooltivarte.com\/portal\/?p=49462"},"modified":"2019-06-15T11:43:27","modified_gmt":"2019-06-15T14:43:27","slug":"alias-muestra-de-fernando-corbo-en-tribu-montevideo","status":"publish","type":"post","link":"https:\/\/cooltivarte.com\/portal\/alias-muestra-de-fernando-corbo-en-tribu-montevideo\/","title":{"rendered":"ALIAS, muestra de Fernando Corbo, en TRIBU montevideo"},"content":{"rendered":"<p>Los alias o sobrenombres son una forma de destacar una caracter\u00edstica en el otro, a veces tomada como virtud, y otras como defecto.<\/p>\n<p>Algo que parecer\u00eda ser un juego, opera en cierta medida como una forma de dominio y poder sobre el otro, par\u00e1ndose en una fina l\u00ednea entre el bullying y la complicidad.<\/p>\n<p>Es muy com\u00fan en Rocha, mi ciudad natal, que las personas sean conocidas m\u00e1s por sus sobrenombres o alias, que por sus nombres reales.<\/p>\n<p>En esta serie de obras transfiero a imagen y de forma por momentos, un tanto literal algunos sobrenombres que me han sido puestos a mi, y personas cercanas.<\/p>\n<p>Las im\u00e1genes se colocan en el lugar que ocupa un <strong>ALIAS<\/strong> al perpetuarse: un lugar un tanto c\u00ednico, entre lo c\u00f3mico y lo tr\u00e1gico.<\/p>\n<p>Fernando Corbo<\/p>\n<p>&nbsp;<\/p>\n<p>&nbsp;<\/p>\n<p><a href=\"https:\/\/cooltivarte.com\/portal\/?s=Fernando+Corbo\"><strong>FERNANDO CORBO<\/strong><\/a><\/p>\n<p>Nac\u00ed 1983 en Rocha capital, Uruguay. Soy Artista y Docente; Licenciado en artes visuales del Instituto escuela Nacional de Bellas Artes (IENBA) , Universidad de la Rep\u00fablica (UDELAR). En 2009 cre\u00e9 la revista digital cultural Conectaarte Blog. En 2013 fui uno de los fundadores del espacio de arte, Pera de Goma; y desde 2010 a 2014 forme parte del colectivo art\u00edstico \u201cCorTo\u201d. Expuse en el Espacio de arte contempor\u00e1neo (EAC); temporada 8\/ 2012; Museo Nacional de Artes Visuales (MNAV); 56\u00b0 sal\u00f3n nacional \/ 2014; Galer\u00eda The Bohemian Gallery Montevideo (BgMoca); espacio de arte Pera de Goma 2015 y 2016, Montevideo, Uruguay; Galer\u00eda La Localidad, Bogot\u00e1, Colombia, winwood selection 2014; Subte municipal, colectiva en sala XL en 2014, individual en sala M, a\u00f1o 2016. En 2013 tambi\u00e9n participe en la Bienal del Sur en Panam\u00e1, y de la X Bienal de Salto, en Salto Uruguay. En 2015 y 2016 me perfeccione en SISMO, Programa internacional para Artistas Uruguayos a cargo del Curador Daniel Fischer. En 2018 participe de la Bienal NUNCA FUIMOS NADA en DF\/M\u00e9xico, y de la muestra individual T\u00e1lamo, en Oficina Proyectista, BsAs, Argentina . Actualmente soy parte del colectivo de artistas y cowork MAG, vivo y trabajo en Montevideo, Uruguay.<\/p>\n<p>&nbsp;<\/p>\n<p><strong>Tribu<\/strong><\/p>\n<p>6 de junio &#8211; 19:00 horas.<\/p>\n<p>Maldonado 1858, Palermo, Montevideo<\/p>\n<p>&nbsp;<\/p>\n<p>&nbsp;<\/p>\n<p>&nbsp;<\/p>\n","protected":false},"excerpt":{"rendered":"<p>Los alias o sobrenombres son una forma de destacar una caracter\u00edstica en el otro, a veces tomada como virtud, y otras como defecto. Algo que parecer\u00eda ser un juego, opera en cierta medida como una forma de dominio y poder sobre el otro, par\u00e1ndose en una fina l\u00ednea entre el bullying y la complicidad. Es [&hellip;]<\/p>\n","protected":false},"author":8,"featured_media":49463,"comment_status":"closed","ping_status":"closed","sticky":false,"template":"","format":"standard","meta":{"om_disable_all_campaigns":false,"ngg_post_thumbnail":0,"jnews-multi-image_gallery":[],"jnews_single_post":[],"jnews_primary_category":[],"jnews_social_meta":[],"jnews_override_counter":[],"footnotes":""},"categories":[3394],"tags":[8819,373,8820,2213,7184],"class_list":["post-49462","post","type-post","status-publish","format-standard","has-post-thumbnail","hentry","category-eventos","tag-alias","tag-exposicion","tag-fernando-corbo","tag-rocha","tag-tribu"],"yoast_head":"<!-- This site is optimized with the Yoast SEO plugin v27.5 - https:\/\/yoast.com\/product\/yoast-seo-wordpress\/ -->\n<title>ALIAS, muestra de Fernando Corbo, en TRIBU montevideo - Cooltivarte Portal<\/title>\n<meta name=\"description\" content=\"COOLTIVARTE.COM es un portal digital colaborativo de actualizaci\u00f3n permanente dedicado a difundir el acontecer art\u00edstico y cultural, entrevista artistas, gestores y productores de las diferentes disciplinas del arte, y publicando art\u00edculos de reflexi\u00f3n de producci\u00f3n propia sobre los elementos culturales.\" \/>\n<meta name=\"robots\" content=\"index, follow, max-snippet:-1, max-image-preview:large, max-video-preview:-1\" \/>\n<link rel=\"canonical\" href=\"https:\/\/cooltivarte.com\/portal\/alias-muestra-de-fernando-corbo-en-tribu-montevideo\/\" \/>\n<meta property=\"og:locale\" content=\"es_ES\" \/>\n<meta property=\"og:type\" content=\"article\" \/>\n<meta property=\"og:title\" content=\"ALIAS, muestra de Fernando Corbo, en TRIBU montevideo - Cooltivarte Portal\" \/>\n<meta property=\"og:description\" content=\"COOLTIVARTE.COM es un portal digital colaborativo de actualizaci\u00f3n permanente dedicado a difundir el acontecer art\u00edstico y cultural, entrevista artistas, gestores y productores de las diferentes disciplinas del arte, y publicando art\u00edculos de reflexi\u00f3n de producci\u00f3n propia sobre los elementos culturales.\" \/>\n<meta property=\"og:url\" content=\"https:\/\/cooltivarte.com\/portal\/alias-muestra-de-fernando-corbo-en-tribu-montevideo\/\" \/>\n<meta property=\"og:site_name\" content=\"Cooltivarte Portal\" \/>\n<meta property=\"article:publisher\" content=\"https:\/\/www.facebook.com\/cooltivartecom\/\" \/>\n<meta property=\"article:author\" content=\"https:\/\/www.facebook.com\/cooltivartecom\" \/>\n<meta property=\"article:published_time\" content=\"2019-06-06T16:50:45+00:00\" \/>\n<meta property=\"article:modified_time\" content=\"2019-06-15T14:43:27+00:00\" \/>\n<meta property=\"og:image\" content=\"https:\/\/cooltivarte.com\/portal\/wp-content\/uploads\/2019\/06\/FRNANDO-CORBO-alias.jpg\" \/>\n\t<meta property=\"og:image:width\" content=\"960\" \/>\n\t<meta property=\"og:image:height\" content=\"960\" \/>\n\t<meta property=\"og:image:type\" content=\"image\/jpeg\" \/>\n<meta name=\"author\" content=\"Cooltivarte\" \/>\n<meta name=\"twitter:card\" content=\"summary_large_image\" \/>\n<meta name=\"twitter:creator\" content=\"@https:\/\/x.com\/obolocultural\" \/>\n<meta name=\"twitter:site\" content=\"@obolocultural\" \/>\n<meta name=\"twitter:label1\" content=\"Escrito por\" \/>\n\t<meta name=\"twitter:data1\" content=\"Cooltivarte\" \/>\n\t<meta name=\"twitter:label2\" content=\"Tiempo de lectura\" \/>\n\t<meta name=\"twitter:data2\" content=\"2 minutos\" \/>\n<!-- \/ Yoast SEO plugin. -->","yoast_head_json":{"title":"ALIAS, muestra de Fernando Corbo, en TRIBU montevideo - Cooltivarte Portal","description":"COOLTIVARTE.COM es un portal digital colaborativo de actualizaci\u00f3n permanente dedicado a difundir el acontecer art\u00edstico y cultural, entrevista artistas, gestores y productores de las diferentes disciplinas del arte, y publicando art\u00edculos de reflexi\u00f3n de producci\u00f3n propia sobre los elementos culturales.","robots":{"index":"index","follow":"follow","max-snippet":"max-snippet:-1","max-image-preview":"max-image-preview:large","max-video-preview":"max-video-preview:-1"},"canonical":"https:\/\/cooltivarte.com\/portal\/alias-muestra-de-fernando-corbo-en-tribu-montevideo\/","og_locale":"es_ES","og_type":"article","og_title":"ALIAS, muestra de Fernando Corbo, en TRIBU montevideo - Cooltivarte Portal","og_description":"COOLTIVARTE.COM es un portal digital colaborativo de actualizaci\u00f3n permanente dedicado a difundir el acontecer art\u00edstico y cultural, entrevista artistas, gestores y productores de las diferentes disciplinas del arte, y publicando art\u00edculos de reflexi\u00f3n de producci\u00f3n propia sobre los elementos culturales.","og_url":"https:\/\/cooltivarte.com\/portal\/alias-muestra-de-fernando-corbo-en-tribu-montevideo\/","og_site_name":"Cooltivarte Portal","article_publisher":"https:\/\/www.facebook.com\/cooltivartecom\/","article_author":"https:\/\/www.facebook.com\/cooltivartecom","article_published_time":"2019-06-06T16:50:45+00:00","article_modified_time":"2019-06-15T14:43:27+00:00","og_image":[{"width":960,"height":960,"url":"https:\/\/cooltivarte.com\/portal\/wp-content\/uploads\/2019\/06\/FRNANDO-CORBO-alias.jpg","type":"image\/jpeg"}],"author":"Cooltivarte","twitter_card":"summary_large_image","twitter_creator":"@https:\/\/x.com\/obolocultural","twitter_site":"@obolocultural","twitter_misc":{"Escrito por":"Cooltivarte","Tiempo de lectura":"2 minutos"},"schema":{"@context":"https:\/\/schema.org","@graph":[{"@type":"NewsArticle","@id":"https:\/\/cooltivarte.com\/portal\/alias-muestra-de-fernando-corbo-en-tribu-montevideo\/#article","isPartOf":{"@id":"https:\/\/cooltivarte.com\/portal\/alias-muestra-de-fernando-corbo-en-tribu-montevideo\/"},"author":{"name":"Cooltivarte","@id":"https:\/\/cooltivarte.com\/portal\/#\/schema\/person\/ec2a4f4e71b740d0c559c0ab9a157e19"},"headline":"ALIAS, muestra de Fernando Corbo, en TRIBU montevideo","datePublished":"2019-06-06T16:50:45+00:00","dateModified":"2019-06-15T14:43:27+00:00","mainEntityOfPage":{"@id":"https:\/\/cooltivarte.com\/portal\/alias-muestra-de-fernando-corbo-en-tribu-montevideo\/"},"wordCount":358,"publisher":{"@id":"https:\/\/cooltivarte.com\/portal\/#organization"},"image":{"@id":"https:\/\/cooltivarte.com\/portal\/alias-muestra-de-fernando-corbo-en-tribu-montevideo\/#primaryimage"},"thumbnailUrl":"https:\/\/cooltivarte.com\/portal\/wp-content\/uploads\/2019\/06\/FRNANDO-CORBO-alias.jpg","keywords":["alias","Exposici\u00f3n","FERNANDO CORBO","rocha","TRIBU"],"articleSection":["Eventos"],"inLanguage":"es-AR"},{"@type":"WebPage","@id":"https:\/\/cooltivarte.com\/portal\/alias-muestra-de-fernando-corbo-en-tribu-montevideo\/","url":"https:\/\/cooltivarte.com\/portal\/alias-muestra-de-fernando-corbo-en-tribu-montevideo\/","name":"ALIAS, muestra de Fernando Corbo, en TRIBU montevideo - Cooltivarte Portal","isPartOf":{"@id":"https:\/\/cooltivarte.com\/portal\/#website"},"primaryImageOfPage":{"@id":"https:\/\/cooltivarte.com\/portal\/alias-muestra-de-fernando-corbo-en-tribu-montevideo\/#primaryimage"},"image":{"@id":"https:\/\/cooltivarte.com\/portal\/alias-muestra-de-fernando-corbo-en-tribu-montevideo\/#primaryimage"},"thumbnailUrl":"https:\/\/cooltivarte.com\/portal\/wp-content\/uploads\/2019\/06\/FRNANDO-CORBO-alias.jpg","datePublished":"2019-06-06T16:50:45+00:00","dateModified":"2019-06-15T14:43:27+00:00","description":"COOLTIVARTE.COM es un portal digital colaborativo de actualizaci\u00f3n permanente dedicado a difundir el acontecer art\u00edstico y cultural, entrevista artistas, gestores y productores de las diferentes disciplinas del arte, y publicando art\u00edculos de reflexi\u00f3n de producci\u00f3n propia sobre los elementos culturales.","breadcrumb":{"@id":"https:\/\/cooltivarte.com\/portal\/alias-muestra-de-fernando-corbo-en-tribu-montevideo\/#breadcrumb"},"inLanguage":"es-AR","potentialAction":[{"@type":"ReadAction","target":["https:\/\/cooltivarte.com\/portal\/alias-muestra-de-fernando-corbo-en-tribu-montevideo\/"]}]},{"@type":"ImageObject","inLanguage":"es-AR","@id":"https:\/\/cooltivarte.com\/portal\/alias-muestra-de-fernando-corbo-en-tribu-montevideo\/#primaryimage","url":"https:\/\/cooltivarte.com\/portal\/wp-content\/uploads\/2019\/06\/FRNANDO-CORBO-alias.jpg","contentUrl":"https:\/\/cooltivarte.com\/portal\/wp-content\/uploads\/2019\/06\/FRNANDO-CORBO-alias.jpg","width":960,"height":960,"caption":"ALIAS, muestra de Fernando Corbo, en TRIBU"},{"@type":"BreadcrumbList","@id":"https:\/\/cooltivarte.com\/portal\/alias-muestra-de-fernando-corbo-en-tribu-montevideo\/#breadcrumb","itemListElement":[{"@type":"ListItem","position":1,"name":"Portada","item":"https:\/\/cooltivarte.com\/portal\/"},{"@type":"ListItem","position":2,"name":"ALIAS, muestra de Fernando Corbo, en TRIBU montevideo"}]},{"@type":"WebSite","@id":"https:\/\/cooltivarte.com\/portal\/#website","url":"https:\/\/cooltivarte.com\/portal\/","name":"Cooltivarte Portal","description":"Arte, cultura y turismo para el mundo ...","publisher":{"@id":"https:\/\/cooltivarte.com\/portal\/#organization"},"potentialAction":[{"@type":"SearchAction","target":{"@type":"EntryPoint","urlTemplate":"https:\/\/cooltivarte.com\/portal\/?s={search_term_string}"},"query-input":{"@type":"PropertyValueSpecification","valueRequired":true,"valueName":"search_term_string"}}],"inLanguage":"es-AR"},{"@type":"Organization","@id":"https:\/\/cooltivarte.com\/portal\/#organization","name":"cooltivarte","url":"https:\/\/cooltivarte.com\/portal\/","logo":{"@type":"ImageObject","inLanguage":"es-AR","@id":"https:\/\/cooltivarte.com\/portal\/#\/schema\/logo\/image\/","url":"https:\/\/cooltivarte.com\/portal\/wp-content\/uploads\/2020\/04\/logo-cooltivarte-v2.png","contentUrl":"https:\/\/cooltivarte.com\/portal\/wp-content\/uploads\/2020\/04\/logo-cooltivarte-v2.png","width":851,"height":243,"caption":"cooltivarte"},"image":{"@id":"https:\/\/cooltivarte.com\/portal\/#\/schema\/logo\/image\/"},"sameAs":["https:\/\/www.facebook.com\/cooltivartecom\/","https:\/\/x.com\/obolocultural","https:\/\/www.instagram.com\/_cooltivarte_\/","https:\/\/www.linkedin.com\/company\/-bolocultural?reportsuccess=8zaNG1HwhPbAR9iQhZ5rfGeqz_vQFftHun0ZWU0Wy9vNemRJ8vtcKdJvzQfW8XagyOJSKg0XvfJ1dp","https:\/\/www.pinterest.com\/cooltivarte\/","https:\/\/cooltivarte.tumblr.com\/","https:\/\/www.tiktok.com\/@cooltivarte","https:\/\/www.youtube.com\/@PrensaCooltivarte"]},{"@type":"Person","@id":"https:\/\/cooltivarte.com\/portal\/#\/schema\/person\/ec2a4f4e71b740d0c559c0ab9a157e19","name":"Cooltivarte","image":{"@type":"ImageObject","inLanguage":"es-AR","@id":"https:\/\/cooltivarte.com\/portal\/wp-content\/uploads\/2014\/05\/logo-cooltivarte-120x120.jpg","url":"https:\/\/cooltivarte.com\/portal\/wp-content\/uploads\/2014\/05\/logo-cooltivarte-120x120.jpg","contentUrl":"https:\/\/cooltivarte.com\/portal\/wp-content\/uploads\/2014\/05\/logo-cooltivarte-120x120.jpg","caption":"Cooltivarte"},"description":"Somos COOLTIVARTE.COM. Un portal digital dedicado a difundir el acontecer art\u00edstico y cultural del Uruguay. Estamos en la vuelta desde el a\u00f1o 2003, y como evoluci\u00f3n del bolet\u00edn Obolo Cultural, nos encontramos abocados a apoyar a los artistas nacionales brind\u00e1ndoles un espacio de difusi\u00f3n. Creemos en la idea de utilizar la potencialidad que hoy d\u00eda nos otorga la web, para que la cultura uruguaya y sus creadores dispongan de una din\u00e1mica ventana, que los ponga en contacto entre s\u00ed y con el mundo. Somos COOLTIVARTE.COM y pretendemos configurarnos como un portal din\u00e1mico, entretenido y atento a los nuevos emprendimientos, que busque siempre la interacci\u00f3n con los artistas.","sameAs":["http:\/\/www.cooltivarte.com","https:\/\/www.facebook.com\/cooltivartecom","https:\/\/www.instagram.com\/_cooltivarte_\/","https:\/\/www.linkedin.com\/company\/-bolocultural","https:\/\/www.pinterest.com\/cooltivarte\/","https:\/\/x.com\/https:\/\/x.com\/obolocultural","https:\/\/www.youtube.com\/@PrensaCooltivarte","https:\/\/www.tumblr.com\/blog\/cooltivarte"],"url":"https:\/\/cooltivarte.com\/portal\/author\/cooltivarte\/"}]}},"_links":{"self":[{"href":"https:\/\/cooltivarte.com\/portal\/wp-json\/wp\/v2\/posts\/49462","targetHints":{"allow":["GET"]}}],"collection":[{"href":"https:\/\/cooltivarte.com\/portal\/wp-json\/wp\/v2\/posts"}],"about":[{"href":"https:\/\/cooltivarte.com\/portal\/wp-json\/wp\/v2\/types\/post"}],"author":[{"embeddable":true,"href":"https:\/\/cooltivarte.com\/portal\/wp-json\/wp\/v2\/users\/8"}],"replies":[{"embeddable":true,"href":"https:\/\/cooltivarte.com\/portal\/wp-json\/wp\/v2\/comments?post=49462"}],"version-history":[{"count":3,"href":"https:\/\/cooltivarte.com\/portal\/wp-json\/wp\/v2\/posts\/49462\/revisions"}],"predecessor-version":[{"id":49466,"href":"https:\/\/cooltivarte.com\/portal\/wp-json\/wp\/v2\/posts\/49462\/revisions\/49466"}],"wp:featuredmedia":[{"embeddable":true,"href":"https:\/\/cooltivarte.com\/portal\/wp-json\/wp\/v2\/media\/49463"}],"wp:attachment":[{"href":"https:\/\/cooltivarte.com\/portal\/wp-json\/wp\/v2\/media?parent=49462"}],"wp:term":[{"taxonomy":"category","embeddable":true,"href":"https:\/\/cooltivarte.com\/portal\/wp-json\/wp\/v2\/categories?post=49462"},{"taxonomy":"post_tag","embeddable":true,"href":"https:\/\/cooltivarte.com\/portal\/wp-json\/wp\/v2\/tags?post=49462"}],"curies":[{"name":"wp","href":"https:\/\/api.w.org\/{rel}","templated":true}]}}