{"id":49086,"date":"2019-05-28T10:00:22","date_gmt":"2019-05-28T13:00:22","guid":{"rendered":"http:\/\/cooltivarte.com\/portal\/?p=49086"},"modified":"2019-05-31T19:16:45","modified_gmt":"2019-05-31T22:16:45","slug":"espiritualidad-sonora","status":"publish","type":"post","link":"https:\/\/cooltivarte.com\/portal\/espiritualidad-sonora\/","title":{"rendered":"\u201cEspiritualidad Sonora\u201d"},"content":{"rendered":"<h3>\u201cEspiritualidad Sonora\u201d es el ciclo de m\u00fasica inmersiva que el Recoleta pens\u00f3 para su programaci\u00f3n \u201cYo Creo\u201d que se centra en la diversidad de creencias. Luego de una convocante apertura que cont\u00f3 con la presentaci\u00f3n del coro g\u00f3spel \u201cAfroSound Gospel Choir\u201d, el ciclo contin\u00faa con propuestas de m\u00fasica mapuche con la cantante Beatriz Pichi Malen, Proyecto VibrA, Kaleema y m\u00fasica jud\u00eda con el grupo Tiembla el Mohel.<\/h3>\n<p>&nbsp;<\/p>\n<p>El viernes<strong> 31 de mayo<\/strong> a las 19.30 horas en la Capilla del Recoleta se presenta la cantante mapuche <strong>Beatriz Pichi Malen<\/strong> quien, con m\u00e1s de 30 a\u00f1os de trayectoria, reconocida y elogiada por los diferentes p\u00fablicos del mundo, varios discos editados y compilaciones extranjeras en los que siempre canta en su idioma original, el mapudugun, va sembrando testimonios de la cultura Mapuche a la que pertenece. Su propuesta expresa una apertura musical que traspasa fronteras y llega a todas las generaciones y g\u00e9neros.<\/p>\n<p>Tambi\u00e9n en la Capilla del Recoleta el <strong>7 de junio<\/strong> a las 19.30 horas se presenta <strong>Proyecto VibrA<\/strong>, una Embajada de Paz itinerante dedicada a despertar consciencia, donde se utilizan instrumentos ancestrales y tecnol\u00f3gicos en una integraci\u00f3n de vanguardia. Con 12 a\u00f1os de VidA y guiado por su creador Pablo M. Robles, ha realizado experiencias reveladoras en distintos puntos del mundo y desde el a\u00f1o 2008 fue nombrado Embajada de Paz Itinerante por las Fundaciones P.E.A. y Mil Milenios de Paz. Ser\u00e1 una experiencia sensoperceptiva profunda a trav\u00e9s de un viaje sonoro-musical meditativo con cuencos, didjeridoo, djemb\u00e9, flautas, gong, canto de arm\u00f3nicos, sonidos de la naturaleza, mantras, energ\u00eda y mucho m\u00e1s.<\/p>\n<p>Los viernes <strong>14 y 21 de junio<\/strong> a las 19.30 horas en la Capilla tocar\u00e1 en vivo el grupo de m\u00fasica jud\u00eda <strong>Tiembla el Mohel<\/strong> que recorre el mundo llevando la alegr\u00eda y contagiando a todos durante un show donde tocan las principales canciones de klesmer con un estilo \u00fanico que hace saltar y divertirse a todo el p\u00fablico.<\/p>\n<p>La \u00faltima fecha del ciclo <strong>\u201cEspiritualidad Sonora\u201d<\/strong> ser\u00e1 el viernes <strong>28 de junio<\/strong> a las 19.30 horas en la Sala Cronopios con <strong>Kaleema<\/strong>, el nombre art\u00edstico de Heidi Lewandowski, la artista nacida en Buenos Aires que lleva una identidad global, ya que las ra\u00edces de diferentes latitudes convergen en cada una de sus facetas como m\u00fasica, productora, compositora y DJ.<\/p>\n<p>Capacidad limitada. Entrada gratuita. Retiro una hora antes por boleter\u00eda.\u00a0Centro Cultural Recoleta: Jun\u00edn 1930, Ciudad de Buenos Aires.<\/p>\n<p>&nbsp;<\/p>\n<p>Texto y Fotograf\u00eda Beatriz Pichi Malen\u00a0@Patrick Liotta. Cortes\u00eda CCR. Ministerio de Cultura GCBA.<\/p>\n","protected":false},"excerpt":{"rendered":"<p>\u201cEspiritualidad Sonora\u201d es el ciclo de m\u00fasica inmersiva que el Recoleta pens\u00f3 para su programaci\u00f3n \u201cYo Creo\u201d que se centra en la diversidad de creencias. Luego de una convocante apertura que cont\u00f3 con la presentaci\u00f3n del coro g\u00f3spel \u201cAfroSound Gospel Choir\u201d, el ciclo contin\u00faa con propuestas de m\u00fasica mapuche con la cantante Beatriz Pichi Malen, [&hellip;]<\/p>\n","protected":false},"author":134,"featured_media":49203,"comment_status":"closed","ping_status":"closed","sticky":false,"template":"","format":"standard","meta":{"om_disable_all_campaigns":false,"ngg_post_thumbnail":0,"jnews-multi-image_gallery":[],"jnews_single_post":[],"jnews_primary_category":[],"jnews_social_meta":[],"jnews_override_counter":[],"footnotes":""},"categories":[6008],"tags":[],"class_list":["post-49086","post","type-post","status-publish","format-standard","has-post-thumbnail","hentry","category-desde-buenos-aires"],"yoast_head":"<!-- This site is optimized with the Yoast SEO plugin v27.4 - https:\/\/yoast.com\/product\/yoast-seo-wordpress\/ -->\n<title>\u201cEspiritualidad Sonora\u201d - Cooltivarte Portal<\/title>\n<meta name=\"description\" content=\"COOLTIVARTE.COM es un portal digital colaborativo de actualizaci\u00f3n permanente dedicado a difundir el acontecer art\u00edstico y cultural, entrevista artistas, gestores y productores de las diferentes disciplinas del arte, y publicando art\u00edculos de reflexi\u00f3n de producci\u00f3n propia sobre los elementos culturales.\" \/>\n<meta name=\"robots\" content=\"index, follow, max-snippet:-1, max-image-preview:large, max-video-preview:-1\" \/>\n<link rel=\"canonical\" href=\"https:\/\/cooltivarte.com\/portal\/espiritualidad-sonora\/\" \/>\n<meta property=\"og:locale\" content=\"es_ES\" \/>\n<meta property=\"og:type\" content=\"article\" \/>\n<meta property=\"og:title\" content=\"\u201cEspiritualidad Sonora\u201d - Cooltivarte Portal\" \/>\n<meta property=\"og:description\" content=\"COOLTIVARTE.COM es un portal digital colaborativo de actualizaci\u00f3n permanente dedicado a difundir el acontecer art\u00edstico y cultural, entrevista artistas, gestores y productores de las diferentes disciplinas del arte, y publicando art\u00edculos de reflexi\u00f3n de producci\u00f3n propia sobre los elementos culturales.\" \/>\n<meta property=\"og:url\" content=\"https:\/\/cooltivarte.com\/portal\/espiritualidad-sonora\/\" \/>\n<meta property=\"og:site_name\" content=\"Cooltivarte Portal\" \/>\n<meta property=\"article:publisher\" content=\"https:\/\/www.facebook.com\/cooltivartecom\/\" \/>\n<meta property=\"article:author\" content=\"https:\/\/www.facebook.com\/pato.bue?ref=br_rs\" \/>\n<meta property=\"article:published_time\" content=\"2019-05-28T13:00:22+00:00\" \/>\n<meta property=\"article:modified_time\" content=\"2019-05-31T22:16:45+00:00\" \/>\n<meta property=\"og:image\" content=\"https:\/\/cooltivarte.com\/portal\/wp-content\/uploads\/2019\/05\/Beatriz-Pichi-Malen-@Patrick-Liotta.jpg\" \/>\n\t<meta property=\"og:image:width\" content=\"425\" \/>\n\t<meta property=\"og:image:height\" content=\"639\" \/>\n\t<meta property=\"og:image:type\" content=\"image\/jpeg\" \/>\n<meta name=\"author\" content=\"Patricia Ianniruberto\" \/>\n<meta name=\"twitter:card\" content=\"summary_large_image\" \/>\n<meta name=\"twitter:creator\" content=\"@https:\/\/x.com\/obolocultural\" \/>\n<meta name=\"twitter:site\" content=\"@obolocultural\" \/>\n<meta name=\"twitter:label1\" content=\"Escrito por\" \/>\n\t<meta name=\"twitter:data1\" content=\"Patricia Ianniruberto\" \/>\n\t<meta name=\"twitter:label2\" content=\"Tiempo de lectura\" \/>\n\t<meta name=\"twitter:data2\" content=\"2 minutos\" \/>\n<!-- \/ Yoast SEO plugin. -->","yoast_head_json":{"title":"\u201cEspiritualidad Sonora\u201d - Cooltivarte Portal","description":"COOLTIVARTE.COM es un portal digital colaborativo de actualizaci\u00f3n permanente dedicado a difundir el acontecer art\u00edstico y cultural, entrevista artistas, gestores y productores de las diferentes disciplinas del arte, y publicando art\u00edculos de reflexi\u00f3n de producci\u00f3n propia sobre los elementos culturales.","robots":{"index":"index","follow":"follow","max-snippet":"max-snippet:-1","max-image-preview":"max-image-preview:large","max-video-preview":"max-video-preview:-1"},"canonical":"https:\/\/cooltivarte.com\/portal\/espiritualidad-sonora\/","og_locale":"es_ES","og_type":"article","og_title":"\u201cEspiritualidad Sonora\u201d - Cooltivarte Portal","og_description":"COOLTIVARTE.COM es un portal digital colaborativo de actualizaci\u00f3n permanente dedicado a difundir el acontecer art\u00edstico y cultural, entrevista artistas, gestores y productores de las diferentes disciplinas del arte, y publicando art\u00edculos de reflexi\u00f3n de producci\u00f3n propia sobre los elementos culturales.","og_url":"https:\/\/cooltivarte.com\/portal\/espiritualidad-sonora\/","og_site_name":"Cooltivarte Portal","article_publisher":"https:\/\/www.facebook.com\/cooltivartecom\/","article_author":"https:\/\/www.facebook.com\/pato.bue?ref=br_rs","article_published_time":"2019-05-28T13:00:22+00:00","article_modified_time":"2019-05-31T22:16:45+00:00","og_image":[{"width":425,"height":639,"url":"https:\/\/cooltivarte.com\/portal\/wp-content\/uploads\/2019\/05\/Beatriz-Pichi-Malen-@Patrick-Liotta.jpg","type":"image\/jpeg"}],"author":"Patricia Ianniruberto","twitter_card":"summary_large_image","twitter_creator":"@https:\/\/x.com\/obolocultural","twitter_site":"@obolocultural","twitter_misc":{"Escrito por":"Patricia Ianniruberto","Tiempo de lectura":"2 minutos"},"schema":{"@context":"https:\/\/schema.org","@graph":[{"@type":"NewsArticle","@id":"https:\/\/cooltivarte.com\/portal\/espiritualidad-sonora\/#article","isPartOf":{"@id":"https:\/\/cooltivarte.com\/portal\/espiritualidad-sonora\/"},"author":{"name":"Patricia Ianniruberto","@id":"https:\/\/cooltivarte.com\/portal\/#\/schema\/person\/efd7b91a624d2d005d1571effe8c04b9"},"headline":"\u201cEspiritualidad Sonora\u201d","datePublished":"2019-05-28T13:00:22+00:00","dateModified":"2019-05-31T22:16:45+00:00","mainEntityOfPage":{"@id":"https:\/\/cooltivarte.com\/portal\/espiritualidad-sonora\/"},"wordCount":439,"publisher":{"@id":"https:\/\/cooltivarte.com\/portal\/#organization"},"image":{"@id":"https:\/\/cooltivarte.com\/portal\/espiritualidad-sonora\/#primaryimage"},"thumbnailUrl":"https:\/\/cooltivarte.com\/portal\/wp-content\/uploads\/2019\/05\/Beatriz-Pichi-Malen-@Patrick-Liotta.jpg","articleSection":["Desde Buenos Aires"],"inLanguage":"es-AR"},{"@type":"WebPage","@id":"https:\/\/cooltivarte.com\/portal\/espiritualidad-sonora\/","url":"https:\/\/cooltivarte.com\/portal\/espiritualidad-sonora\/","name":"\u201cEspiritualidad Sonora\u201d - Cooltivarte Portal","isPartOf":{"@id":"https:\/\/cooltivarte.com\/portal\/#website"},"primaryImageOfPage":{"@id":"https:\/\/cooltivarte.com\/portal\/espiritualidad-sonora\/#primaryimage"},"image":{"@id":"https:\/\/cooltivarte.com\/portal\/espiritualidad-sonora\/#primaryimage"},"thumbnailUrl":"https:\/\/cooltivarte.com\/portal\/wp-content\/uploads\/2019\/05\/Beatriz-Pichi-Malen-@Patrick-Liotta.jpg","datePublished":"2019-05-28T13:00:22+00:00","dateModified":"2019-05-31T22:16:45+00:00","description":"COOLTIVARTE.COM es un portal digital colaborativo de actualizaci\u00f3n permanente dedicado a difundir el acontecer art\u00edstico y cultural, entrevista artistas, gestores y productores de las diferentes disciplinas del arte, y publicando art\u00edculos de reflexi\u00f3n de producci\u00f3n propia sobre los elementos culturales.","breadcrumb":{"@id":"https:\/\/cooltivarte.com\/portal\/espiritualidad-sonora\/#breadcrumb"},"inLanguage":"es-AR","potentialAction":[{"@type":"ReadAction","target":["https:\/\/cooltivarte.com\/portal\/espiritualidad-sonora\/"]}]},{"@type":"ImageObject","inLanguage":"es-AR","@id":"https:\/\/cooltivarte.com\/portal\/espiritualidad-sonora\/#primaryimage","url":"https:\/\/cooltivarte.com\/portal\/wp-content\/uploads\/2019\/05\/Beatriz-Pichi-Malen-@Patrick-Liotta.jpg","contentUrl":"https:\/\/cooltivarte.com\/portal\/wp-content\/uploads\/2019\/05\/Beatriz-Pichi-Malen-@Patrick-Liotta.jpg","width":425,"height":639},{"@type":"BreadcrumbList","@id":"https:\/\/cooltivarte.com\/portal\/espiritualidad-sonora\/#breadcrumb","itemListElement":[{"@type":"ListItem","position":1,"name":"Portada","item":"https:\/\/cooltivarte.com\/portal\/"},{"@type":"ListItem","position":2,"name":"\u201cEspiritualidad Sonora\u201d"}]},{"@type":"WebSite","@id":"https:\/\/cooltivarte.com\/portal\/#website","url":"https:\/\/cooltivarte.com\/portal\/","name":"Cooltivarte Portal","description":"Arte, cultura y turismo para el mundo ...","publisher":{"@id":"https:\/\/cooltivarte.com\/portal\/#organization"},"potentialAction":[{"@type":"SearchAction","target":{"@type":"EntryPoint","urlTemplate":"https:\/\/cooltivarte.com\/portal\/?s={search_term_string}"},"query-input":{"@type":"PropertyValueSpecification","valueRequired":true,"valueName":"search_term_string"}}],"inLanguage":"es-AR"},{"@type":"Organization","@id":"https:\/\/cooltivarte.com\/portal\/#organization","name":"cooltivarte","url":"https:\/\/cooltivarte.com\/portal\/","logo":{"@type":"ImageObject","inLanguage":"es-AR","@id":"https:\/\/cooltivarte.com\/portal\/#\/schema\/logo\/image\/","url":"https:\/\/cooltivarte.com\/portal\/wp-content\/uploads\/2020\/04\/logo-cooltivarte-v2.png","contentUrl":"https:\/\/cooltivarte.com\/portal\/wp-content\/uploads\/2020\/04\/logo-cooltivarte-v2.png","width":851,"height":243,"caption":"cooltivarte"},"image":{"@id":"https:\/\/cooltivarte.com\/portal\/#\/schema\/logo\/image\/"},"sameAs":["https:\/\/www.facebook.com\/cooltivartecom\/","https:\/\/x.com\/obolocultural","https:\/\/www.instagram.com\/_cooltivarte_\/","https:\/\/www.linkedin.com\/company\/-bolocultural?reportsuccess=8zaNG1HwhPbAR9iQhZ5rfGeqz_vQFftHun0ZWU0Wy9vNemRJ8vtcKdJvzQfW8XagyOJSKg0XvfJ1dp","https:\/\/www.pinterest.com\/cooltivarte\/","https:\/\/cooltivarte.tumblr.com\/","https:\/\/www.tiktok.com\/@cooltivarte","https:\/\/www.youtube.com\/@PrensaCooltivarte"]},{"@type":"Person","@id":"https:\/\/cooltivarte.com\/portal\/#\/schema\/person\/efd7b91a624d2d005d1571effe8c04b9","name":"Patricia Ianniruberto","image":{"@type":"ImageObject","inLanguage":"es-AR","@id":"https:\/\/cooltivarte.com\/portal\/wp-content\/uploads\/2018\/04\/patricia-ianniruberto-120x120.jpg","url":"https:\/\/cooltivarte.com\/portal\/wp-content\/uploads\/2018\/04\/patricia-ianniruberto-120x120.jpg","contentUrl":"https:\/\/cooltivarte.com\/portal\/wp-content\/uploads\/2018\/04\/patricia-ianniruberto-120x120.jpg","caption":"Patricia Ianniruberto"},"description":"Patricia Ianniruberto. Egresada de Bellas Artes (Inst. Beato Ang\u00e9lico). Curs\u00f3 Dise\u00f1o Gr\u00e1fico y Comunicaci\u00f3n Visual (UBA) y producci\u00f3n de cine (SICA). Ejerci\u00f3 como docente de Bellas Artes y de Dise\u00f1o I y II (UBA). Freelance de agencias de publicidad y cineanimaci\u00f3n. Como dise\u00f1adora independiente se especializ\u00f3 en comunicaci\u00f3n visual, prensa y producci\u00f3n, asesorando a empresas en imagen corporativa, producci\u00f3n integral de contenidos y piezas de comunicaci\u00f3n: folletos, cat\u00e1logos, revistas, stands, web, tv, v\u00eda p\u00fablica, asesoramiento en derechos de autor, marcas y dominios junto al Estudio Lauritsen. Desarroll\u00f3 proyectos pioneros de tecnolog\u00eda en Internet y aplicaciones interactivas (netmedia). Locaciones: cine y medios. En Uruguay: seleccionada: Taller de promoci\u00f3n y distribuci\u00f3n Mercosur: nuevas herramientas multiplataforma\/Mercosur Audiovisual (Programa de Cooperaci\u00f3n con la Comunidad Europea). Representaci\u00f3n y gesti\u00f3n de notas en instituciones p\u00fablicas y privadas vinculadas al arte y la cultura. Corresponsal de revistas de cultura y colaboradora de medios gr\u00e1ficos y digitales. Edici\u00f3n y producci\u00f3n de contenidos multiplataforma. Gesti\u00f3n cultural y de prensa-Corresponsal en Buenos Aires: Argentina\/Uruguay.","sameAs":["https:\/\/www.facebook.com\/pato.bue?ref=br_rs","https:\/\/www.instagram.com\/_cooltivarte_\/","https:\/\/www.linkedin.com\/company\/-bolocultural\/","https:\/\/www.pinterest.com\/cooltivarte\/","https:\/\/x.com\/https:\/\/x.com\/obolocultural","https:\/\/www.youtube.com\/@PrensaCooltivarte","https:\/\/cooltivarte.tumblr.com\/"],"url":"https:\/\/cooltivarte.com\/portal\/author\/patricia-ianniruberto\/"}]}},"_links":{"self":[{"href":"https:\/\/cooltivarte.com\/portal\/wp-json\/wp\/v2\/posts\/49086","targetHints":{"allow":["GET"]}}],"collection":[{"href":"https:\/\/cooltivarte.com\/portal\/wp-json\/wp\/v2\/posts"}],"about":[{"href":"https:\/\/cooltivarte.com\/portal\/wp-json\/wp\/v2\/types\/post"}],"author":[{"embeddable":true,"href":"https:\/\/cooltivarte.com\/portal\/wp-json\/wp\/v2\/users\/134"}],"replies":[{"embeddable":true,"href":"https:\/\/cooltivarte.com\/portal\/wp-json\/wp\/v2\/comments?post=49086"}],"version-history":[{"count":6,"href":"https:\/\/cooltivarte.com\/portal\/wp-json\/wp\/v2\/posts\/49086\/revisions"}],"predecessor-version":[{"id":49208,"href":"https:\/\/cooltivarte.com\/portal\/wp-json\/wp\/v2\/posts\/49086\/revisions\/49208"}],"wp:featuredmedia":[{"embeddable":true,"href":"https:\/\/cooltivarte.com\/portal\/wp-json\/wp\/v2\/media\/49203"}],"wp:attachment":[{"href":"https:\/\/cooltivarte.com\/portal\/wp-json\/wp\/v2\/media?parent=49086"}],"wp:term":[{"taxonomy":"category","embeddable":true,"href":"https:\/\/cooltivarte.com\/portal\/wp-json\/wp\/v2\/categories?post=49086"},{"taxonomy":"post_tag","embeddable":true,"href":"https:\/\/cooltivarte.com\/portal\/wp-json\/wp\/v2\/tags?post=49086"}],"curies":[{"name":"wp","href":"https:\/\/api.w.org\/{rel}","templated":true}]}}