{"id":48900,"date":"2019-05-24T11:28:15","date_gmt":"2019-05-24T14:28:15","guid":{"rendered":"http:\/\/cooltivarte.com\/portal\/?p=48900"},"modified":"2019-08-01T17:45:03","modified_gmt":"2019-08-01T20:45:03","slug":"bases-del-llamado-del-49o-premio-montevideo-de-artes-visuales","status":"publish","type":"post","link":"https:\/\/cooltivarte.com\/portal\/bases-del-llamado-del-49o-premio-montevideo-de-artes-visuales\/","title":{"rendered":"Bases del Llamado del 49\u00ba Premio Montevideo de Artes Visuales"},"content":{"rendered":"<h2>La Intendencia de Montevideo a trav\u00e9s del Departamento de Cultura tiene el agrado de presentar el &#8220;49\u00ba Premio Montevideo de Artes Visuales&#8221;. Desde el a\u00f1o 1940, a partir del &#8220;I Sal\u00f3n Municipal&#8221;<\/h2>\n<h3>Bases del Llamado<br \/>\n49\u00ba Premio Montevideo de Artes Visuales<\/h3>\n<p>&nbsp;<\/p>\n<p>I) INTRODUCCI\u00d3N<br \/>\nLa Intendencia de Montevideo a trav\u00e9s del Departamento de Cultura tiene el agrado de presentar el &#8220;49\u00ba Premio Montevideo de Artes Visuales&#8221;. Desde el a\u00f1o 1940, a partir del &#8220;I Sal\u00f3n Municipal&#8221;, se inicia una de las instancias de artes visuales m\u00e1s importantes del pa\u00eds. Los premios otorgados a lo largo de estos a\u00f1os forman parte del acervo departamental que actualmente custodia el Museo Juan Manuel Blanes. Es por ello que nuevamente este Premio realizado en el Subte, con 79 a\u00f1os de historia, llama a los artistas del pa\u00eds a presentarse a esta convocatoria de la Intendencia de Montevideo para hacer de esta instancia un importante hecho cultural que permitir\u00e1 la exhibici\u00f3n y premiaci\u00f3n de los artistas nacionales m\u00e1s destacados.<\/p>\n<p>II)PARTICIPANTES<br \/>\nPodr\u00e1n participar exclusivamente artistas mayores de edad nacionales o extranjeros, debi\u00e9ndose, en este ultimo caso, tener 5 (cinco) a\u00f1os de residencia legal en el pa\u00eds, lo cual deber\u00e1n acreditar al momento de la postulaci\u00f3n, mediante la exhibici\u00f3n de los recaudos oficiales correspondientes. La forma de presentaci\u00f3n podr\u00e1 ser tanto individual como colectiva, designando en este \u00faltimo caso a un\/a representante.<\/p>\n<p>&nbsp;<\/p>\n<p>III)RESTRICCIONES<br \/>\nA) No podr\u00e1n presentarse a la convocatoria, y en caso de hacerlo, ser\u00e1n eliminados, quienes tengan relaci\u00f3n de parentesco hasta el 2do grado de consanguinidad o afinidad con los jurados, jerarcas y\/o funcionarios, cualquiera sea la forma de contrataci\u00f3n, pertenecientes al Departamento de Cultura.<\/p>\n<p>B) Tampoco podr\u00e1n participar funcionarios\/as presupuestados\/as o contratados\/as que se encuentren desarrollando tareas, cualquiera que sean, bajo la \u00f3rbita del Departamento de Cultura.<\/p>\n<p>IV) DECLARACI\u00d3N JURADA<br \/>\nLos\/ las postulantes har\u00e1n constar mediante declaraci\u00f3n jurada QUE SE AGREGA COMO ANEXO 1 que no se encuentran comprendidos\/ as ni les alcanza las restricciones establecidas en esta convocatoria, declarando conocer lo preceptuado en el art\u00edculo 239 del C\u00f3digo Penal.<br \/>\nV) PRESENTACI\u00d3N DE OBRAS<br \/>\nA) Cada artista o colectivo podr\u00e1 presentar un m\u00e1ximo de 3 (tres) obras con una antig\u00fcedad no mayor a 5 (cinco) a\u00f1os.<br \/>\nB) No se podr\u00e1n presentar obras que hayan sido expuestas como resultado de ning\u00fan tipo de certamen, concurso o llamado ya sea a nivel nacional o internacional.<br \/>\nC) La tem\u00e1tica es libre y podr\u00e1n ser admitidos distintos trabajos sin restricci\u00f3n de lenguaje visual.<br \/>\nD) En el caso que la obra sea un d\u00edptico, tr\u00edptico, pol\u00edptico o instalaci\u00f3n deber\u00e1 quedar claramente identificada en la ficha t\u00e9cnica para que el jurado pueda analizarla como unidad, entendiendo que sus partes no podr\u00e1n ser seleccionadas aisladamente.<br \/>\nE) El\/la artista o colectivo que sea seleccionad deber\u00e1 presentar su obra en condiciones de exhibici\u00f3n y aportar los elementos t\u00e9cnicos para su montaje (soportes, proyectores, TV, audio, etc) que crea necesarios para la realizaci\u00f3n del proyecto. Sin desmedro de esto el Subte apoyar\u00e1 a los artistas con recursos t\u00e9cnicos propios conformes a su disponibilidad. El\/la artista o colectivo deber\u00e1 presentarse durante el montaje si as\u00ed lo dispusiera la complejidad del su obra.<\/p>\n<p>VI) PRESENTACI\u00d3N DE PROYECTOS<br \/>\nLa presentaci\u00f3n de obras al Premio Montevideo se realizar\u00e1 en carpetas A4 conteniendo la siguiente informaci\u00f3n y en este orden:<br \/>\n1- Nombre del proyecto o la obra.<br \/>\n2 &#8211; Registro fotogr\u00e1fico de las obras presentadas o link del sitio para proyectos web y\/o v\u00eddeos (Vimeo o Youtube)<br \/>\n3 &#8211; Texto sobre las obras que presenta con un m\u00e1ximo de 2000 (dos mil) caracteres con espacios incluidos.<br \/>\n4 &#8211; Boceto de montaje y memoria descriptiva de las ubicaciones de los elementos a exponer en caso de: Instalaciones, Intervenciones urbanas o en el paisaje.<br \/>\n5 &#8211; Descripci\u00f3n detallada para performances o acciones.<br \/>\n6 &#8211; Ficha t\u00e9cnica de cada obra consistente en:<br \/>\nT\u00edtulo:<br \/>\nA\u00f1o:<br \/>\nT\u00e9cnica y\/o materiales:<br \/>\nDimensiones (cm o minutos):<\/p>\n<p>7 &#8211; Datos personales del\/la artista o colectivo (incluyendo a su vez los datos de cada integrante):<br \/>\nNombre:<br \/>\nLugar de Nacimiento y A\u00f1o:<br \/>\nDirecci\u00f3n postal:<br \/>\nCorreo electr\u00f3nico:<br \/>\nTel\u00e9fono:<br \/>\nFotocopia del Documento de identidad<\/p>\n<p>8 &#8211; Curr\u00edculum abreviado, m\u00e1ximo \u00bd carilla A4, cuerpo 12, donde conste estudios, exposiciones individuales y\/o colectivas, premios y\/o distinciones, etc.<\/p>\n<p>VII) PREMIOS<br \/>\nLa Intendencia de Montevideo entregar\u00e1 hasta tres premios adquisici\u00f3n a saber:<br \/>\nA) 1er. Premio por un monto de $U 300.000 (pesos uruguayos trescientos mil),<br \/>\nB) 2do. Premio por un monto de $U 175.000 (pesos uruguayos ciento setenta y cinco mil),<br \/>\nC) 3er. Premio por un monto de $U 125.000 (pesos uruguayos ciento veinticinco mil)<br \/>\nD) Premio a artista o colectivo emergente (no adquisici\u00f3n) consistente en una exposici\u00f3n individual, en el Centro Exposiciones Subte, en la sala M, con un presupuesto para producci\u00f3n de hasta $60.000 (pesos uruguayos sesenta mil) en el a\u00f1o 2020<br \/>\nE) Hasta dos menciones honor\u00edficas (sin otra contraprestaci\u00f3n).<\/p>\n<p><strong>VIII) CRONOGRAMA<\/strong><br \/>\n<strong>1 \u2013 El Centro de Expociones Subte recibir\u00e1 las carpetas con las propuestas a los d\u00edas 17, 18 y 20 de Junio 2019, inclusive en el horario de 10 a 16 hs.<\/strong><br \/>\n<strong>2 &#8211; El miercoles 26 de Junio se publicar\u00e1 la lista de seleccionados en nuestra web: subte.montevideo.gub.uy, en facebook: www.facebook.com\/centrosubte y en la web de la Intendencia.<\/strong><br \/>\n<strong>3 &#8211; Las obras que hayan sido seleccionadas deber\u00e1n ser entregadas en el Subte el d\u00eda lunes 22 y 23 de Julio en el horario de 10 a 16 hs. Fuera de esas fechas no se aceptar\u00e1n obras para su exposici\u00f3n y\/o premiaci\u00f3n. Los artistas seleccionados ser\u00e1n comunicados mediante llamada telef\u00f3nica y\/o mediante correo electr\u00f3nico.<\/strong><br \/>\n<strong>4 &#8211; La premiaci\u00f3n se realizar\u00e1 el 2 de agosto a las 19 hs durante la inauguraci\u00f3n del 49\u00ba Premio Montevideo de Artes Visuales en el Centro de Exposiciones Subte.<\/strong><\/p>\n<p>IX) JURADO<br \/>\nA) El jurado estar\u00e1 integrado por tres miembros designados por el Sr, Intendente de Montevideo propuestos por la Divisi\u00f3n Artes y Ciencias y avalado por la Direcci\u00f3n General del Departamento de Cultura.<\/p>\n<p>Enrique Badar\u00f3 (Uy)<br \/>\nFernando Gaspar (Chi)<br \/>\nValeria Gonz\u00e1lez (Arg)<\/p>\n<p>B) Este jurado decidir\u00e1 conjuntamente tanto para la selecci\u00f3n de artistas como para la asignaci\u00f3n de los premios, buscando el consenso en ambas etapas o resolviendo por mayor\u00eda simple en caso de no llegar a un acuerdo.<br \/>\nC) Los jurados deber\u00e1n realizar la evaluaci\u00f3n de las obras para exposici\u00f3n mediante la revisi\u00f3n de todas y cada una de las carpetas y decidir\u00e1n los premios cuando dichas obras se encuentren montadas.<br \/>\nD) Finalizado el fallo, se labrar\u00e1 un acta de actuaci\u00f3n, la que se har\u00e1 p\u00fablica en el momento de la entrega de premios.<br \/>\nE) El jurado tendr\u00e1 la potestad de resolver cualquier situaci\u00f3n no prevista en las bases, as\u00ed como la facultad de interpretar el alcance de las disposiciones y su fallo ser\u00e1 inapelable.<br \/>\nF) El jurado podr\u00e1 rechazar la obra para su exposici\u00f3n en el caso que el proyecto presentado no coincida con la obra montada, solicitando al artista su retiro previo a la inauguraci\u00f3n<\/p>\n<p>X) DERECHOS DE AUTOR, REPRODUCCI\u00d3N, IMAGEN Y CUALQUIER OTRO.<br \/>\nA) Los postulantes son los responsables exclusivos de cualquier reclamaci\u00f3n que en cualquier momento pudiera realizarse sobre la autor\u00eda y originalidad de las producciones as\u00ed como sobre la titularidad de todos los derechos que se ostenten, exoner\u00e1ndose a la IdeM; declaran asimismo que por el hecho de presentarse al llamado conocer y aceptar la legislaci\u00f3n vigente en materia de derechos de autor (Ley N\u00ba 9.739 de 17 de diciembre de 1937 y su modificativa Ley N\u00ba 17.616 de 10 de enero de 2003; Ley N\u00ba 17.805 de 26 de agosto de 2004, y Ley N\u00b0 19.149, art. 222 de 24 de junio de 2013, modificativas y concordantes).<\/p>\n<p>B) Asimismo asumen plena y exclusivamente, la responsabilidad en cuanto a la titularidad de las obras y\/o por la utilizaci\u00f3n de cualquier material protegido por derecho de autor, derechos conexos, derechos de la personalidad y derecho de la imagen, liber\u00e1ndose a la IdeM de cualquier reclamo que terceros pudieran realizar.<\/p>\n<p>C) Por el solo hecho de presentarse al llamado, todos los participantes de los espect\u00e1culos incluidos los\/las responsables del proyecto, aceptan no tener derecho a reclamo patrimonial de especie alguna contra la IdeM en virtud de la reproducci\u00f3n autorizada, sin perjuicio del derecho moral que les corresponda de solicitar el reconocimiento de su paternidad intelectual sobre la creaci\u00f3n art\u00edstica.<br \/>\nD) De verificarse la violaci\u00f3n a lo dispuesto precedentemente, la postulaci\u00f3n ser\u00e1 rechazada, sin perjuicio de las dem\u00e1s acciones judiciales que la IdeM estime pertinente promover<\/p>\n<p>XI) ACEPTACI\u00d3N DE LAS BASES<br \/>\nLa comparecencia a este concurso implica la aceptaci\u00f3n de la totalidad de las bases por parte del\/los concursante\/s. Su incumplimiento implicar\u00e1 la descalificaci\u00f3n autom\u00e1tica del\/los participantes. La I.deM. se halla facultada para aplicar el recurso de anulaci\u00f3n del premio entregado, con la consiguiente restituci\u00f3n monetaria, aplicando el art\u00edculo 239 del C\u00f3digo Penal.<br \/>\nEn estos casos el premio seguir\u00e1 el orden de prelaci\u00f3n y el jurado evaluar\u00e1 la forma de asignar el premio de menor valor a otro de los artistas en concurso.<\/p>\n<p>XII) DESTINO DE LAS OBRAS<br \/>\nLas obras premiadas ingresar\u00e1n al acervo del Museo Juan Manuel Blanes a partir de finalizada su exposici\u00f3n el d\u00eda 13 de octubre de 2019.-.<br \/>\nLas obras no premiadas deber\u00e1n ser retiradas por los artistas del Centro de Exposiciones Subte el lunes 14 o el martes 15 de octubre. Luego de esa fecha el Subte no se responsabiliza por su correspondiente resguardo.<\/p>\n<p>XIII) DEVOLUCI\u00d3N DE CARPETAS<br \/>\nLas carpetas de los proyectos no seleccionados podr\u00e1n retirarse en el Centro de Exposiciones Subte a partir del 5 de agosto y hasta el 30 de agosto inclusive, de lunes a viernes y en el horario de 10 a 16 hs. Luego de pasada esta fecha se proceder\u00e1 a su destrucci\u00f3n y los artistas no tendr\u00e1n posibilidad de reclamo alguno.-<\/p>\n<p>&nbsp;<\/p>\n<p>ANEXO 1<br \/>\nDECLARACI\u00d3N JURADA<\/p>\n<p>Montevideo,&#8230;&#8230;&#8230;&#8230;&#8230;&#8230;&#8230;&#8230;&#8230;&#8230;&#8230;&#8230;&#8230;&#8230;&#8230;&#8230;&#8230;&#8230;&#8230;&#8230;&#8230;&#8230;&#8230;&#8230;&#8230;&#8230;-<br \/>\nQuien suscribe:&#8230;&#8230;&#8230;&#8230;&#8230; titular de la c\u00e9dula de identidad N\u00ba, con domicilio en &#8212;&#8212;&#8212;&#8212;&#8212;&#8212;&#8212;, en calidad del titular del proyecto participante de la Convocatoria del a\u00f1o &#8212;&#8212;&#8211; de los fondos de &#8212;&#8212;&#8212;&#8212;&#8212;&#8212;&#8211;*<\/p>\n<p>Declaro bajo juramento que que no poseo restricci\u00f3n ni impedimento alguno para presentarme a la convocatoria, de conformidad al numeral<br \/>\nManifiesto, asimismo que la totalidad de los datos aportados son fidedignos , que conozco el alcance de lo declarado y que en caso de constatarse falsedad en lo declarado, ser\u00e1 pasible la responsabilidad penal pertinente, de acuerdo a lo establecido en el Art. 239 del C\u00f3digo Penal que expresa: \u201cEl que, con motivo del otorgamiento o formalizaci\u00f3n de documento p\u00fablico, ante funcionario p\u00fablico, prestare declaraci\u00f3n falsa sobre identidad o estado, o cualquier otra circunstancia de hecho, ser\u00e1 castigado con tres a veinticuatro meses de prisi\u00f3n.\u201d<br \/>\n&#8230;&#8230;&#8230;&#8230;&#8230;&#8230;&#8230;&#8230;&#8230;&#8230;&#8230;&#8230;&#8230;&#8230;&#8230;<br \/>\nFIRMA<br \/>\n&#8230;&#8230;&#8230;&#8230;&#8230;&#8230;&#8230;&#8230;&#8230;&#8230;&#8230;&#8230;&#8230;&#8230;..<br \/>\nACLARACI\u00d3N<\/p>\n<p>&nbsp;<\/p>\n<p>Fuente:<a href=\"http:\/\/subte.montevideo.gub.uy\/actividades\/bases-del-llamado-del-49o-premio-montevideo-de-artes-visuales\" target=\"_blank\" rel=\"noopener\"> subte.montevideo.gub.uy<\/a><\/p>\n<p>&nbsp;<\/p>\n<p>&nbsp;<\/p>\n<p>&nbsp;<\/p>\n","protected":false},"excerpt":{"rendered":"<p>La Intendencia de Montevideo a trav\u00e9s del Departamento de Cultura tiene el agrado de presentar el &#8220;49\u00ba Premio Montevideo de Artes Visuales&#8221;. Desde el a\u00f1o 1940, a partir del &#8220;I Sal\u00f3n Municipal&#8221; Bases del Llamado 49\u00ba Premio Montevideo de Artes Visuales &nbsp; I) INTRODUCCI\u00d3N La Intendencia de Montevideo a trav\u00e9s del Departamento de Cultura tiene [&hellip;]<\/p>\n","protected":false},"author":8,"featured_media":48901,"comment_status":"closed","ping_status":"closed","sticky":false,"template":"","format":"standard","meta":{"om_disable_all_campaigns":false,"ngg_post_thumbnail":0,"jnews-multi-image_gallery":[],"jnews_single_post":[],"jnews_primary_category":[],"jnews_social_meta":[],"jnews_override_counter":[],"footnotes":""},"categories":[3394],"tags":[8636,2613,2614,5476],"class_list":["post-48900","post","type-post","status-publish","format-standard","has-post-thumbnail","hentry","category-eventos","tag-49o-premio-montevideo-de-artes-visuales","tag-departamento-de-cultura","tag-intendencia-de-montevideo","tag-salon-municipal"],"yoast_head":"<!-- This site is optimized with the Yoast SEO plugin v27.5 - https:\/\/yoast.com\/product\/yoast-seo-wordpress\/ -->\n<title>Bases del Llamado del 49\u00ba Premio Montevideo de Artes Visuales - Cooltivarte Portal<\/title>\n<meta name=\"description\" content=\"COOLTIVARTE.COM es un portal digital colaborativo de actualizaci\u00f3n permanente dedicado a difundir el acontecer art\u00edstico y cultural, entrevista artistas, gestores y productores de las diferentes disciplinas del arte, y publicando art\u00edculos de reflexi\u00f3n de producci\u00f3n propia sobre los elementos culturales.\" \/>\n<meta name=\"robots\" content=\"index, follow, max-snippet:-1, max-image-preview:large, max-video-preview:-1\" \/>\n<link rel=\"canonical\" href=\"https:\/\/cooltivarte.com\/portal\/bases-del-llamado-del-49o-premio-montevideo-de-artes-visuales\/\" \/>\n<meta property=\"og:locale\" content=\"es_ES\" \/>\n<meta property=\"og:type\" content=\"article\" \/>\n<meta property=\"og:title\" content=\"Bases del Llamado del 49\u00ba Premio Montevideo de Artes Visuales - Cooltivarte Portal\" \/>\n<meta property=\"og:description\" content=\"COOLTIVARTE.COM es un portal digital colaborativo de actualizaci\u00f3n permanente dedicado a difundir el acontecer art\u00edstico y cultural, entrevista artistas, gestores y productores de las diferentes disciplinas del arte, y publicando art\u00edculos de reflexi\u00f3n de producci\u00f3n propia sobre los elementos culturales.\" \/>\n<meta property=\"og:url\" content=\"https:\/\/cooltivarte.com\/portal\/bases-del-llamado-del-49o-premio-montevideo-de-artes-visuales\/\" \/>\n<meta property=\"og:site_name\" content=\"Cooltivarte Portal\" \/>\n<meta property=\"article:publisher\" content=\"https:\/\/www.facebook.com\/cooltivartecom\/\" \/>\n<meta property=\"article:author\" content=\"https:\/\/www.facebook.com\/cooltivartecom\" \/>\n<meta property=\"article:published_time\" content=\"2019-05-24T14:28:15+00:00\" \/>\n<meta property=\"article:modified_time\" content=\"2019-08-01T20:45:03+00:00\" \/>\n<meta property=\"og:image\" content=\"https:\/\/cooltivarte.com\/portal\/wp-content\/uploads\/2019\/05\/49-Premio-Montevideo-de-Artes-Visuales.jpg\" \/>\n\t<meta property=\"og:image:width\" content=\"600\" \/>\n\t<meta property=\"og:image:height\" content=\"450\" \/>\n\t<meta property=\"og:image:type\" content=\"image\/jpeg\" \/>\n<meta name=\"author\" content=\"Cooltivarte\" \/>\n<meta name=\"twitter:card\" content=\"summary_large_image\" \/>\n<meta name=\"twitter:creator\" content=\"@https:\/\/x.com\/obolocultural\" \/>\n<meta name=\"twitter:site\" content=\"@obolocultural\" \/>\n<meta name=\"twitter:label1\" content=\"Escrito por\" \/>\n\t<meta name=\"twitter:data1\" content=\"Cooltivarte\" \/>\n\t<meta name=\"twitter:label2\" content=\"Tiempo de lectura\" \/>\n\t<meta name=\"twitter:data2\" content=\"9 minutos\" \/>\n<!-- \/ Yoast SEO plugin. -->","yoast_head_json":{"title":"Bases del Llamado del 49\u00ba Premio Montevideo de Artes Visuales - Cooltivarte Portal","description":"COOLTIVARTE.COM es un portal digital colaborativo de actualizaci\u00f3n permanente dedicado a difundir el acontecer art\u00edstico y cultural, entrevista artistas, gestores y productores de las diferentes disciplinas del arte, y publicando art\u00edculos de reflexi\u00f3n de producci\u00f3n propia sobre los elementos culturales.","robots":{"index":"index","follow":"follow","max-snippet":"max-snippet:-1","max-image-preview":"max-image-preview:large","max-video-preview":"max-video-preview:-1"},"canonical":"https:\/\/cooltivarte.com\/portal\/bases-del-llamado-del-49o-premio-montevideo-de-artes-visuales\/","og_locale":"es_ES","og_type":"article","og_title":"Bases del Llamado del 49\u00ba Premio Montevideo de Artes Visuales - Cooltivarte Portal","og_description":"COOLTIVARTE.COM es un portal digital colaborativo de actualizaci\u00f3n permanente dedicado a difundir el acontecer art\u00edstico y cultural, entrevista artistas, gestores y productores de las diferentes disciplinas del arte, y publicando art\u00edculos de reflexi\u00f3n de producci\u00f3n propia sobre los elementos culturales.","og_url":"https:\/\/cooltivarte.com\/portal\/bases-del-llamado-del-49o-premio-montevideo-de-artes-visuales\/","og_site_name":"Cooltivarte Portal","article_publisher":"https:\/\/www.facebook.com\/cooltivartecom\/","article_author":"https:\/\/www.facebook.com\/cooltivartecom","article_published_time":"2019-05-24T14:28:15+00:00","article_modified_time":"2019-08-01T20:45:03+00:00","og_image":[{"width":600,"height":450,"url":"https:\/\/cooltivarte.com\/portal\/wp-content\/uploads\/2019\/05\/49-Premio-Montevideo-de-Artes-Visuales.jpg","type":"image\/jpeg"}],"author":"Cooltivarte","twitter_card":"summary_large_image","twitter_creator":"@https:\/\/x.com\/obolocultural","twitter_site":"@obolocultural","twitter_misc":{"Escrito por":"Cooltivarte","Tiempo de lectura":"9 minutos"},"schema":{"@context":"https:\/\/schema.org","@graph":[{"@type":"NewsArticle","@id":"https:\/\/cooltivarte.com\/portal\/bases-del-llamado-del-49o-premio-montevideo-de-artes-visuales\/#article","isPartOf":{"@id":"https:\/\/cooltivarte.com\/portal\/bases-del-llamado-del-49o-premio-montevideo-de-artes-visuales\/"},"author":{"name":"Cooltivarte","@id":"https:\/\/cooltivarte.com\/portal\/#\/schema\/person\/ec2a4f4e71b740d0c559c0ab9a157e19"},"headline":"Bases del Llamado del 49\u00ba Premio Montevideo de Artes Visuales","datePublished":"2019-05-24T14:28:15+00:00","dateModified":"2019-08-01T20:45:03+00:00","mainEntityOfPage":{"@id":"https:\/\/cooltivarte.com\/portal\/bases-del-llamado-del-49o-premio-montevideo-de-artes-visuales\/"},"wordCount":1878,"publisher":{"@id":"https:\/\/cooltivarte.com\/portal\/#organization"},"image":{"@id":"https:\/\/cooltivarte.com\/portal\/bases-del-llamado-del-49o-premio-montevideo-de-artes-visuales\/#primaryimage"},"thumbnailUrl":"https:\/\/cooltivarte.com\/portal\/wp-content\/uploads\/2019\/05\/49-Premio-Montevideo-de-Artes-Visuales.jpg","keywords":["49\u00ba Premio Montevideo de Artes Visuales","Departamento de Cultura","Intendencia de Montevideo","Sal\u00f3n Municipal"],"articleSection":["Eventos"],"inLanguage":"es-AR"},{"@type":"WebPage","@id":"https:\/\/cooltivarte.com\/portal\/bases-del-llamado-del-49o-premio-montevideo-de-artes-visuales\/","url":"https:\/\/cooltivarte.com\/portal\/bases-del-llamado-del-49o-premio-montevideo-de-artes-visuales\/","name":"Bases del Llamado del 49\u00ba Premio Montevideo de Artes Visuales - Cooltivarte Portal","isPartOf":{"@id":"https:\/\/cooltivarte.com\/portal\/#website"},"primaryImageOfPage":{"@id":"https:\/\/cooltivarte.com\/portal\/bases-del-llamado-del-49o-premio-montevideo-de-artes-visuales\/#primaryimage"},"image":{"@id":"https:\/\/cooltivarte.com\/portal\/bases-del-llamado-del-49o-premio-montevideo-de-artes-visuales\/#primaryimage"},"thumbnailUrl":"https:\/\/cooltivarte.com\/portal\/wp-content\/uploads\/2019\/05\/49-Premio-Montevideo-de-Artes-Visuales.jpg","datePublished":"2019-05-24T14:28:15+00:00","dateModified":"2019-08-01T20:45:03+00:00","description":"COOLTIVARTE.COM es un portal digital colaborativo de actualizaci\u00f3n permanente dedicado a difundir el acontecer art\u00edstico y cultural, entrevista artistas, gestores y productores de las diferentes disciplinas del arte, y publicando art\u00edculos de reflexi\u00f3n de producci\u00f3n propia sobre los elementos culturales.","breadcrumb":{"@id":"https:\/\/cooltivarte.com\/portal\/bases-del-llamado-del-49o-premio-montevideo-de-artes-visuales\/#breadcrumb"},"inLanguage":"es-AR","potentialAction":[{"@type":"ReadAction","target":["https:\/\/cooltivarte.com\/portal\/bases-del-llamado-del-49o-premio-montevideo-de-artes-visuales\/"]}]},{"@type":"ImageObject","inLanguage":"es-AR","@id":"https:\/\/cooltivarte.com\/portal\/bases-del-llamado-del-49o-premio-montevideo-de-artes-visuales\/#primaryimage","url":"https:\/\/cooltivarte.com\/portal\/wp-content\/uploads\/2019\/05\/49-Premio-Montevideo-de-Artes-Visuales.jpg","contentUrl":"https:\/\/cooltivarte.com\/portal\/wp-content\/uploads\/2019\/05\/49-Premio-Montevideo-de-Artes-Visuales.jpg","width":600,"height":450,"caption":"La Intendencia de Montevideo a trav\u00e9s del Departamento de Cultura tiene el agrado de presentar el \"49\u00ba Premio Montevideo de Artes Visuales\". Desde el a\u00f1o 1940, a partir del \"I Sal\u00f3n Municipal\""},{"@type":"BreadcrumbList","@id":"https:\/\/cooltivarte.com\/portal\/bases-del-llamado-del-49o-premio-montevideo-de-artes-visuales\/#breadcrumb","itemListElement":[{"@type":"ListItem","position":1,"name":"Portada","item":"https:\/\/cooltivarte.com\/portal\/"},{"@type":"ListItem","position":2,"name":"Bases del Llamado del 49\u00ba Premio Montevideo de Artes Visuales"}]},{"@type":"WebSite","@id":"https:\/\/cooltivarte.com\/portal\/#website","url":"https:\/\/cooltivarte.com\/portal\/","name":"Cooltivarte Portal","description":"Arte, cultura y turismo para el mundo ...","publisher":{"@id":"https:\/\/cooltivarte.com\/portal\/#organization"},"potentialAction":[{"@type":"SearchAction","target":{"@type":"EntryPoint","urlTemplate":"https:\/\/cooltivarte.com\/portal\/?s={search_term_string}"},"query-input":{"@type":"PropertyValueSpecification","valueRequired":true,"valueName":"search_term_string"}}],"inLanguage":"es-AR"},{"@type":"Organization","@id":"https:\/\/cooltivarte.com\/portal\/#organization","name":"cooltivarte","url":"https:\/\/cooltivarte.com\/portal\/","logo":{"@type":"ImageObject","inLanguage":"es-AR","@id":"https:\/\/cooltivarte.com\/portal\/#\/schema\/logo\/image\/","url":"https:\/\/cooltivarte.com\/portal\/wp-content\/uploads\/2020\/04\/logo-cooltivarte-v2.png","contentUrl":"https:\/\/cooltivarte.com\/portal\/wp-content\/uploads\/2020\/04\/logo-cooltivarte-v2.png","width":851,"height":243,"caption":"cooltivarte"},"image":{"@id":"https:\/\/cooltivarte.com\/portal\/#\/schema\/logo\/image\/"},"sameAs":["https:\/\/www.facebook.com\/cooltivartecom\/","https:\/\/x.com\/obolocultural","https:\/\/www.instagram.com\/_cooltivarte_\/","https:\/\/www.linkedin.com\/company\/-bolocultural?reportsuccess=8zaNG1HwhPbAR9iQhZ5rfGeqz_vQFftHun0ZWU0Wy9vNemRJ8vtcKdJvzQfW8XagyOJSKg0XvfJ1dp","https:\/\/www.pinterest.com\/cooltivarte\/","https:\/\/cooltivarte.tumblr.com\/","https:\/\/www.tiktok.com\/@cooltivarte","https:\/\/www.youtube.com\/@PrensaCooltivarte"]},{"@type":"Person","@id":"https:\/\/cooltivarte.com\/portal\/#\/schema\/person\/ec2a4f4e71b740d0c559c0ab9a157e19","name":"Cooltivarte","image":{"@type":"ImageObject","inLanguage":"es-AR","@id":"https:\/\/cooltivarte.com\/portal\/wp-content\/uploads\/2014\/05\/logo-cooltivarte-120x120.jpg","url":"https:\/\/cooltivarte.com\/portal\/wp-content\/uploads\/2014\/05\/logo-cooltivarte-120x120.jpg","contentUrl":"https:\/\/cooltivarte.com\/portal\/wp-content\/uploads\/2014\/05\/logo-cooltivarte-120x120.jpg","caption":"Cooltivarte"},"description":"Somos COOLTIVARTE.COM. Un portal digital dedicado a difundir el acontecer art\u00edstico y cultural del Uruguay. Estamos en la vuelta desde el a\u00f1o 2003, y como evoluci\u00f3n del bolet\u00edn Obolo Cultural, nos encontramos abocados a apoyar a los artistas nacionales brind\u00e1ndoles un espacio de difusi\u00f3n. Creemos en la idea de utilizar la potencialidad que hoy d\u00eda nos otorga la web, para que la cultura uruguaya y sus creadores dispongan de una din\u00e1mica ventana, que los ponga en contacto entre s\u00ed y con el mundo. Somos COOLTIVARTE.COM y pretendemos configurarnos como un portal din\u00e1mico, entretenido y atento a los nuevos emprendimientos, que busque siempre la interacci\u00f3n con los artistas.","sameAs":["http:\/\/www.cooltivarte.com","https:\/\/www.facebook.com\/cooltivartecom","https:\/\/www.instagram.com\/_cooltivarte_\/","https:\/\/www.linkedin.com\/company\/-bolocultural","https:\/\/www.pinterest.com\/cooltivarte\/","https:\/\/x.com\/https:\/\/x.com\/obolocultural","https:\/\/www.youtube.com\/@PrensaCooltivarte","https:\/\/www.tumblr.com\/blog\/cooltivarte"],"url":"https:\/\/cooltivarte.com\/portal\/author\/cooltivarte\/"}]}},"_links":{"self":[{"href":"https:\/\/cooltivarte.com\/portal\/wp-json\/wp\/v2\/posts\/48900","targetHints":{"allow":["GET"]}}],"collection":[{"href":"https:\/\/cooltivarte.com\/portal\/wp-json\/wp\/v2\/posts"}],"about":[{"href":"https:\/\/cooltivarte.com\/portal\/wp-json\/wp\/v2\/types\/post"}],"author":[{"embeddable":true,"href":"https:\/\/cooltivarte.com\/portal\/wp-json\/wp\/v2\/users\/8"}],"replies":[{"embeddable":true,"href":"https:\/\/cooltivarte.com\/portal\/wp-json\/wp\/v2\/comments?post=48900"}],"version-history":[{"count":4,"href":"https:\/\/cooltivarte.com\/portal\/wp-json\/wp\/v2\/posts\/48900\/revisions"}],"predecessor-version":[{"id":49336,"href":"https:\/\/cooltivarte.com\/portal\/wp-json\/wp\/v2\/posts\/48900\/revisions\/49336"}],"wp:featuredmedia":[{"embeddable":true,"href":"https:\/\/cooltivarte.com\/portal\/wp-json\/wp\/v2\/media\/48901"}],"wp:attachment":[{"href":"https:\/\/cooltivarte.com\/portal\/wp-json\/wp\/v2\/media?parent=48900"}],"wp:term":[{"taxonomy":"category","embeddable":true,"href":"https:\/\/cooltivarte.com\/portal\/wp-json\/wp\/v2\/categories?post=48900"},{"taxonomy":"post_tag","embeddable":true,"href":"https:\/\/cooltivarte.com\/portal\/wp-json\/wp\/v2\/tags?post=48900"}],"curies":[{"name":"wp","href":"https:\/\/api.w.org\/{rel}","templated":true}]}}