{"id":48489,"date":"2019-05-15T18:46:10","date_gmt":"2019-05-15T21:46:10","guid":{"rendered":"http:\/\/cooltivarte.com\/portal\/?p=48489"},"modified":"2019-05-16T10:24:26","modified_gmt":"2019-05-16T13:24:26","slug":"occident-express-primer-estreno-de-la-temporada-internacional-italia-in-scena","status":"publish","type":"post","link":"https:\/\/cooltivarte.com\/portal\/occident-express-primer-estreno-de-la-temporada-internacional-italia-in-scena\/","title":{"rendered":"Occident Express &#8211; Primer estreno de la Temporada Internacional ITALIA IN SCENA."},"content":{"rendered":"<h3>El viernes 17, s\u00e1bado 18 y domingo 19 de mayo a las 20.30 hs. se presentar\u00e1 en la sala Casacuberta del <strong>Teatro San Mart\u00edn<\/strong> (Avda. Corrientes 1530),<strong>Occident express (Haifa naci\u00f3 para quedarse quieta)<\/strong>, un espect\u00e1culo de <strong>Stefano Massini<\/strong>, con direcci\u00f3n de <strong>Enrico Fink<\/strong> y <strong>Ottavia Piccolo<\/strong> en el marco de <strong>ITALIA IN SCENA<\/strong>, la temporada internacional del CTBA dedicada a Italia.<\/h3>\n<p><strong>Occident Express (Haifa naci\u00f3 para quedarse quieta)<\/strong> es un espect\u00e1culo inspirado en una cr\u00f3nica real: en 2015, Haifa Ghemal \u2013una anciana de Mosul\u2013 se fug\u00f3 desde el norte de Iraq con su nieta de 4 a\u00f1os: realiz\u00f3 5.000 kil\u00f3metros a pie hasta el mar B\u00e1ltico, atravesando Europa, en lo que se conoce como la \u201cRuta de los Balcanes\u201d. Esta es su incre\u00edble historia.<\/p>\n<p style=\"text-align: left\">&#8220;Escuch\u00e9 la historia de Haifa Ghemal en marzo de 2016. Un importante diario europeo me pidi\u00f3 que escribiera un art\u00edculo sobre esta historia impactante. El contacto con esta historia fue estremecedor: una inconcebible concentraci\u00f3n de violencia, ternura, terror y humanidad en una espiral ascendente sin fin. Encontr\u00e9 en la historia de esta anciana una representaci\u00f3n de nuestro tiempo: maldad gratuita, la supremac\u00eda del dinero, la repentina irrupci\u00f3n en medio de una fuerza incontrolable que no se conoce en Occidente desde hace mucho tiempo: la batalla por la vida. Haifa comenz\u00f3 su viaje en 2015 sola con un ni\u00f1o peque\u00f1o en brazos y en el camino se encontr\u00f3 con otras personas obligadas a ser n\u00f3madas como ella. En primer lugar estaban los hijos del pastor y una ni\u00f1a desfigurada, cuyas vidas, como la suya, estaban suspendidas por un hilo sobre un abismo. En esta historia, al igual que en los grandes poemas \u00e9picos, la muerte fue observada m\u00e1s de una vez. Tan a menudo, de hecho, que se hizo familiar. Su firma, secreta pero expl\u00edcita, se vio en la brutalidad humana. Y as\u00ed, a partir de la historia de Haifa Ghemal, escrib\u00ed esta obra, tratando los hechos como el terreno f\u00e9rtil sobre el cual esparc\u00ed una \u00e9pica moderna. Al igual que los escritores de baladas de la antig\u00fcedad, tom\u00e9 una historia actual y la constru\u00ed para que se convirtiera en un arquetipo de toda una era. Y creo que el viaje de Haifa se puede agregar a esa lista de eventos m\u00edticos ante los que todo Homero se inclinar\u00eda: leyendas que resultan imposibles no poner por escrito.&#8221;<\/p>\n<p><strong>Stefano Massini\u00a0 \u00a0<\/strong><em><strong> \u00a0 \u00a0 \u00a0 \u00a0 \u00a0 \u00a0 \u00a0 \u00a0 \u00a0 \u00a0 \u00a0 \u00a0 \u00a0 \u00a0<\/strong><\/em><\/p>\n<p>&nbsp;<\/p>\n<p style=\"text-align: left\">&#8220;El texto de Massini es, una vez m\u00e1s, prosa y poes\u00eda, entre narraci\u00f3n y balada, que encuentra una nueva profundidad en esta epopeya moderna, la historia de Haifa. Los versos invitan a la m\u00fasica y cobran vida de manera natural dentro de una exploraci\u00f3n musical, bajo la forma de un mel\u00f3logo contempor\u00e1neo. La m\u00fasica ayuda a describir los miles de lugares recorridos por el personaje principal en su viaje: visiones de habitaciones extra\u00f1as, climas, espacios. La interpretaci\u00f3n est\u00e1 a cargo de una peque\u00f1a orquesta compuesta por solistas. Cuentan la historia en m\u00fasica del mosaico de las ciudades europeas de hoy que enfrentan el desaf\u00edo de las identidades, las culturas, las diferencias. Al igual que la banda de una ciudad, pero en el nuevo milenio.&#8221;<\/p>\n<p style=\"text-align: left\"><strong>Enrico Fink<\/strong><\/p>\n<p>&nbsp;<\/p>\n<h4><em>\u00a1Env\u00edenlos de vuelta a casa!&#8221;, &#8220;Ayud\u00e9moslos en sus pa\u00edses de origen&#8221;, &#8220;\u00bfPara qu\u00e9 van a venir aqu\u00ed?&#8221;. Quiero contar esta historia para responder a las personas que hacen estas declaraciones. Me ayuda a no volver la cabeza hacia otro lado. Despu\u00e9s de caminar con Haifa, no ser\u00e9 la misma.<\/em><br \/>\n<strong>\u00a0 \u00a0 \u00a0 \u00a0 \u00a0 \u00a0 \u00a0 \u00a0 \u00a0 \u00a0 \u00a0 \u00a0 \u00a0 \u00a0 \u00a0 \u00a0 \u00a0 \u00a0 \u00a0 \u00a0 \u00a0 \u00a0 \u00a0 \u00a0 \u00a0 \u00a0 \u00a0 \u00a0 \u00a0 \u00a0 \u00a0 \u00a0 \u00a0 \u00a0 \u00a0 \u00a0 \u00a0 \u00a0 \u00a0 \u00a0 \u00a0 \u00a0 \u00a0 \u00a0 \u00a0 \u00a0 \u00a0 \u00a0 \u00a0 \u00a0 \u00a0 \u00a0 \u00a0 \u00a0 \u00a0 \u00a0 \u00a0 \u00a0 \u00a0 \u00a0 <\/strong><strong>Ottavia Piccolo<\/strong><\/h4>\n<p>&nbsp;<\/p>\n<p><strong>Ottavia Piccolo<\/strong>. Naci\u00f3 en Bolzano, Italia, en 1949. Es actriz de teatro, cine y televisi\u00f3n. Debut\u00f3 a los 11 a\u00f1os en Anna dei miracoli, dirigida por Luigi Squarzina, junto a Anna Proclemer. M\u00e1s tarde trabaj\u00f3 con destacados directores de la escena italiana: Visconti, Strehler, Ronconi, Lavia, Cobelli, De Lullo, Castri. Visconti es el primero en dirigirla en cine, en Il Gattopardo, y desde entonces la carrera de Piccolo estuvo marcada por maestros de excelencia: Mauro Bolognini, Claude Sautet, Pierre Granier-Deferre, Pietro Germi, Ettore Scola y Luigi Magni, entre otros. En televisi\u00f3n, particip\u00f3 en ficciones de gran popularidad tanto en Italia como en Francia. Obtuvo el Palmar\u00e8s en Cannes en 1970 por Metello. En los \u00faltimos a\u00f1os trabaj\u00f3 en colaboraci\u00f3n con el dramaturgo Stefano Massini, actu\u00f3 en la Donna non rieducabile, un memorando sobre Anna Politkovskaya dirigido por Silvano Piccardi. Tambi\u00e9n de Massini, Processo a Dio, dirigida por Sergio Fantoni, 7 minuti, dirigida por Alessandro Gassmann, y Enigma, dirigida por Silvano Piccardi.<\/p>\n<p><strong>Enrico Fink.<\/strong> Naci\u00f3 en Florencia, en 1969. Es Licenciado en f\u00edsica, compositor, m\u00fasico y director de orquesta. Particularmente comprometido con la revisi\u00f3n contempor\u00e1nea y jazz\u00edstica del repertorio hebraico-italiano. En los \u00faltimos a\u00f1os ha colaborado con algunos de los m\u00e1s destacados m\u00fasicos de la nueva escena del jazz italiano: Gabriele Coen, Zeno de Rossi, Marcella Carboni. Toc\u00f3 en el Festival de M\u00fasica Sacree de Perpignan, en el Konzerthaus de Viena, el Festival de m\u00fasica jud\u00eda de San Francisco, en Netwerk Oude Muziek Holland, en York Early, en el Skirball Center de Los \u00c1ngeles, en el Festival de M\u00fasica Jud\u00eda de Budapest, en la Bienal de M\u00fasica Contempor\u00e1nea de Zagreb, en el Festival de M\u00fasica Antigua de Seattle, al Triboz Jazz club de R\u00edo de Janeiro y en teatros y exposiciones en los Estados Unidos, Croacia, Polonia, Alemania, Hungr\u00eda, Suiza, Austria, Francia, Holanda, Inglaterra, Brasil. En 2007 fund\u00f3 y dirigi\u00f3 la Orquesta Multi\u00e9tnica de Arezzo con la que en 2009 y en 2013 registr\u00f3 AnimaMeticcia para el sello MaxResearch y PortoSantagostino para Materiali Sonori Associated.<\/p>\n<p>&nbsp;<\/p>\n<p class=\"p1\"><b>ITALIA IN SCENA<\/b> fue creada gracias a una intensa colaboraci\u00f3n entre Italia y Argentina, con el objetivo de profundizar los lazos culturales entre los dos pa\u00edses, a trav\u00e9s de una programaci\u00f3n que alterna producciones italianas contempor\u00e1neas con proyectos originales elaborados en conjunto por profesionales italianos y argentinos. La temporada incluir\u00e1 espect\u00e1culos de teatro, m\u00fasica y danza, cine cl\u00e1sico y contempor\u00e1neo, conferencias, clases magistrales y exposiciones, proponen un recorrido \u00fanico para redescubrir la escena italiana de ayer y hoy.<\/p>\n<p class=\"p2\"><strong>ITALIA IN SCENA<\/strong> incluye algunos espect\u00e1culos del ciclo <strong>ITALIA XXI<\/strong>, que presentar\u00e1 espect\u00e1culos de la escena teatral, musical y de la danza de la Italia contempor\u00e1nea. Creado por el <strong>Teatro Coliseo<\/strong>, su sede principal, cuenta con el apoyo del <strong>Instituto Italiano de Cultura de Buenos Aires<\/strong> y del <strong>Ministerio de Bienes Culturales de Italia<\/strong><\/p>\n<p>&nbsp;<\/p>\n<p>Fotograf\u00edas y textos: Cortes\u00eda Complejo Teatral de Buenos Aires (CTBA), Ministerio de Cultura de la Ciudad de Buenos Aires. Foto Alessandro Botticelli.<\/p>\n","protected":false},"excerpt":{"rendered":"<p>El viernes 17, s\u00e1bado 18 y domingo 19 de mayo a las 20.30 hs. se presentar\u00e1 en la sala Casacuberta del Teatro San Mart\u00edn (Avda. Corrientes 1530),Occident express (Haifa naci\u00f3 para quedarse quieta), un espect\u00e1culo de Stefano Massini, con direcci\u00f3n de Enrico Fink y Ottavia Piccolo en el marco de ITALIA IN SCENA, la temporada [&hellip;]<\/p>\n","protected":false},"author":134,"featured_media":48504,"comment_status":"closed","ping_status":"closed","sticky":false,"template":"","format":"standard","meta":{"om_disable_all_campaigns":false,"ngg_post_thumbnail":0,"jnews-multi-image_gallery":[],"jnews_single_post":[],"jnews_primary_category":[],"jnews_social_meta":[],"jnews_override_counter":[],"footnotes":""},"categories":[6008],"tags":[],"class_list":["post-48489","post","type-post","status-publish","format-standard","has-post-thumbnail","hentry","category-desde-buenos-aires"],"yoast_head":"<!-- This site is optimized with the Yoast SEO plugin v27.4 - https:\/\/yoast.com\/product\/yoast-seo-wordpress\/ -->\n<title>Occident Express - Primer estreno de la Temporada Internacional ITALIA IN SCENA. - Cooltivarte Portal<\/title>\n<meta name=\"description\" content=\"COOLTIVARTE.COM es un portal digital colaborativo de actualizaci\u00f3n permanente dedicado a difundir el acontecer art\u00edstico y cultural, entrevista artistas, gestores y productores de las diferentes disciplinas del arte, y publicando art\u00edculos de reflexi\u00f3n de producci\u00f3n propia sobre los elementos culturales.\" \/>\n<meta name=\"robots\" content=\"index, follow, max-snippet:-1, max-image-preview:large, max-video-preview:-1\" \/>\n<link rel=\"canonical\" href=\"https:\/\/cooltivarte.com\/portal\/occident-express-primer-estreno-de-la-temporada-internacional-italia-in-scena\/\" \/>\n<meta property=\"og:locale\" content=\"es_ES\" \/>\n<meta property=\"og:type\" content=\"article\" \/>\n<meta property=\"og:title\" content=\"Occident Express - Primer estreno de la Temporada Internacional ITALIA IN SCENA. - Cooltivarte Portal\" \/>\n<meta property=\"og:description\" content=\"COOLTIVARTE.COM es un portal digital colaborativo de actualizaci\u00f3n permanente dedicado a difundir el acontecer art\u00edstico y cultural, entrevista artistas, gestores y productores de las diferentes disciplinas del arte, y publicando art\u00edculos de reflexi\u00f3n de producci\u00f3n propia sobre los elementos culturales.\" \/>\n<meta property=\"og:url\" content=\"https:\/\/cooltivarte.com\/portal\/occident-express-primer-estreno-de-la-temporada-internacional-italia-in-scena\/\" \/>\n<meta property=\"og:site_name\" content=\"Cooltivarte Portal\" \/>\n<meta property=\"article:publisher\" content=\"https:\/\/www.facebook.com\/cooltivartecom\/\" \/>\n<meta property=\"article:author\" content=\"https:\/\/www.facebook.com\/pato.bue?ref=br_rs\" \/>\n<meta property=\"article:published_time\" content=\"2019-05-15T21:46:10+00:00\" \/>\n<meta property=\"article:modified_time\" content=\"2019-05-16T13:24:26+00:00\" \/>\n<meta property=\"og:image\" content=\"https:\/\/cooltivarte.com\/portal\/wp-content\/uploads\/2019\/05\/SAN5506_ph.Alessandro-Botticelli.jpg\" \/>\n\t<meta property=\"og:image:width\" content=\"2035\" \/>\n\t<meta property=\"og:image:height\" content=\"1514\" \/>\n\t<meta property=\"og:image:type\" content=\"image\/jpeg\" \/>\n<meta name=\"author\" content=\"Patricia Ianniruberto\" \/>\n<meta name=\"twitter:card\" content=\"summary_large_image\" \/>\n<meta name=\"twitter:creator\" content=\"@https:\/\/x.com\/obolocultural\" \/>\n<meta name=\"twitter:site\" content=\"@obolocultural\" \/>\n<meta name=\"twitter:label1\" content=\"Escrito por\" \/>\n\t<meta name=\"twitter:data1\" content=\"Patricia Ianniruberto\" \/>\n\t<meta name=\"twitter:label2\" content=\"Tiempo de lectura\" \/>\n\t<meta name=\"twitter:data2\" content=\"6 minutos\" \/>\n<!-- \/ Yoast SEO plugin. -->","yoast_head_json":{"title":"Occident Express - Primer estreno de la Temporada Internacional ITALIA IN SCENA. - Cooltivarte Portal","description":"COOLTIVARTE.COM es un portal digital colaborativo de actualizaci\u00f3n permanente dedicado a difundir el acontecer art\u00edstico y cultural, entrevista artistas, gestores y productores de las diferentes disciplinas del arte, y publicando art\u00edculos de reflexi\u00f3n de producci\u00f3n propia sobre los elementos culturales.","robots":{"index":"index","follow":"follow","max-snippet":"max-snippet:-1","max-image-preview":"max-image-preview:large","max-video-preview":"max-video-preview:-1"},"canonical":"https:\/\/cooltivarte.com\/portal\/occident-express-primer-estreno-de-la-temporada-internacional-italia-in-scena\/","og_locale":"es_ES","og_type":"article","og_title":"Occident Express - Primer estreno de la Temporada Internacional ITALIA IN SCENA. - Cooltivarte Portal","og_description":"COOLTIVARTE.COM es un portal digital colaborativo de actualizaci\u00f3n permanente dedicado a difundir el acontecer art\u00edstico y cultural, entrevista artistas, gestores y productores de las diferentes disciplinas del arte, y publicando art\u00edculos de reflexi\u00f3n de producci\u00f3n propia sobre los elementos culturales.","og_url":"https:\/\/cooltivarte.com\/portal\/occident-express-primer-estreno-de-la-temporada-internacional-italia-in-scena\/","og_site_name":"Cooltivarte Portal","article_publisher":"https:\/\/www.facebook.com\/cooltivartecom\/","article_author":"https:\/\/www.facebook.com\/pato.bue?ref=br_rs","article_published_time":"2019-05-15T21:46:10+00:00","article_modified_time":"2019-05-16T13:24:26+00:00","og_image":[{"width":2035,"height":1514,"url":"https:\/\/cooltivarte.com\/portal\/wp-content\/uploads\/2019\/05\/SAN5506_ph.Alessandro-Botticelli.jpg","type":"image\/jpeg"}],"author":"Patricia Ianniruberto","twitter_card":"summary_large_image","twitter_creator":"@https:\/\/x.com\/obolocultural","twitter_site":"@obolocultural","twitter_misc":{"Escrito por":"Patricia Ianniruberto","Tiempo de lectura":"6 minutos"},"schema":{"@context":"https:\/\/schema.org","@graph":[{"@type":"NewsArticle","@id":"https:\/\/cooltivarte.com\/portal\/occident-express-primer-estreno-de-la-temporada-internacional-italia-in-scena\/#article","isPartOf":{"@id":"https:\/\/cooltivarte.com\/portal\/occident-express-primer-estreno-de-la-temporada-internacional-italia-in-scena\/"},"author":{"name":"Patricia Ianniruberto","@id":"https:\/\/cooltivarte.com\/portal\/#\/schema\/person\/efd7b91a624d2d005d1571effe8c04b9"},"headline":"Occident Express &#8211; Primer estreno de la Temporada Internacional ITALIA IN SCENA.","datePublished":"2019-05-15T21:46:10+00:00","dateModified":"2019-05-16T13:24:26+00:00","mainEntityOfPage":{"@id":"https:\/\/cooltivarte.com\/portal\/occident-express-primer-estreno-de-la-temporada-internacional-italia-in-scena\/"},"wordCount":1140,"publisher":{"@id":"https:\/\/cooltivarte.com\/portal\/#organization"},"image":{"@id":"https:\/\/cooltivarte.com\/portal\/occident-express-primer-estreno-de-la-temporada-internacional-italia-in-scena\/#primaryimage"},"thumbnailUrl":"https:\/\/cooltivarte.com\/portal\/wp-content\/uploads\/2019\/05\/SAN5506_ph.Alessandro-Botticelli.jpg","articleSection":["Desde Buenos Aires"],"inLanguage":"es-AR"},{"@type":"WebPage","@id":"https:\/\/cooltivarte.com\/portal\/occident-express-primer-estreno-de-la-temporada-internacional-italia-in-scena\/","url":"https:\/\/cooltivarte.com\/portal\/occident-express-primer-estreno-de-la-temporada-internacional-italia-in-scena\/","name":"Occident Express - Primer estreno de la Temporada Internacional ITALIA IN SCENA. - Cooltivarte Portal","isPartOf":{"@id":"https:\/\/cooltivarte.com\/portal\/#website"},"primaryImageOfPage":{"@id":"https:\/\/cooltivarte.com\/portal\/occident-express-primer-estreno-de-la-temporada-internacional-italia-in-scena\/#primaryimage"},"image":{"@id":"https:\/\/cooltivarte.com\/portal\/occident-express-primer-estreno-de-la-temporada-internacional-italia-in-scena\/#primaryimage"},"thumbnailUrl":"https:\/\/cooltivarte.com\/portal\/wp-content\/uploads\/2019\/05\/SAN5506_ph.Alessandro-Botticelli.jpg","datePublished":"2019-05-15T21:46:10+00:00","dateModified":"2019-05-16T13:24:26+00:00","description":"COOLTIVARTE.COM es un portal digital colaborativo de actualizaci\u00f3n permanente dedicado a difundir el acontecer art\u00edstico y cultural, entrevista artistas, gestores y productores de las diferentes disciplinas del arte, y publicando art\u00edculos de reflexi\u00f3n de producci\u00f3n propia sobre los elementos culturales.","breadcrumb":{"@id":"https:\/\/cooltivarte.com\/portal\/occident-express-primer-estreno-de-la-temporada-internacional-italia-in-scena\/#breadcrumb"},"inLanguage":"es-AR","potentialAction":[{"@type":"ReadAction","target":["https:\/\/cooltivarte.com\/portal\/occident-express-primer-estreno-de-la-temporada-internacional-italia-in-scena\/"]}]},{"@type":"ImageObject","inLanguage":"es-AR","@id":"https:\/\/cooltivarte.com\/portal\/occident-express-primer-estreno-de-la-temporada-internacional-italia-in-scena\/#primaryimage","url":"https:\/\/cooltivarte.com\/portal\/wp-content\/uploads\/2019\/05\/SAN5506_ph.Alessandro-Botticelli.jpg","contentUrl":"https:\/\/cooltivarte.com\/portal\/wp-content\/uploads\/2019\/05\/SAN5506_ph.Alessandro-Botticelli.jpg","width":2035,"height":1514},{"@type":"BreadcrumbList","@id":"https:\/\/cooltivarte.com\/portal\/occident-express-primer-estreno-de-la-temporada-internacional-italia-in-scena\/#breadcrumb","itemListElement":[{"@type":"ListItem","position":1,"name":"Portada","item":"https:\/\/cooltivarte.com\/portal\/"},{"@type":"ListItem","position":2,"name":"Occident Express &#8211; Primer estreno de la Temporada Internacional ITALIA IN SCENA."}]},{"@type":"WebSite","@id":"https:\/\/cooltivarte.com\/portal\/#website","url":"https:\/\/cooltivarte.com\/portal\/","name":"Cooltivarte Portal","description":"Arte, cultura y turismo para el mundo ...","publisher":{"@id":"https:\/\/cooltivarte.com\/portal\/#organization"},"potentialAction":[{"@type":"SearchAction","target":{"@type":"EntryPoint","urlTemplate":"https:\/\/cooltivarte.com\/portal\/?s={search_term_string}"},"query-input":{"@type":"PropertyValueSpecification","valueRequired":true,"valueName":"search_term_string"}}],"inLanguage":"es-AR"},{"@type":"Organization","@id":"https:\/\/cooltivarte.com\/portal\/#organization","name":"cooltivarte","url":"https:\/\/cooltivarte.com\/portal\/","logo":{"@type":"ImageObject","inLanguage":"es-AR","@id":"https:\/\/cooltivarte.com\/portal\/#\/schema\/logo\/image\/","url":"https:\/\/cooltivarte.com\/portal\/wp-content\/uploads\/2020\/04\/logo-cooltivarte-v2.png","contentUrl":"https:\/\/cooltivarte.com\/portal\/wp-content\/uploads\/2020\/04\/logo-cooltivarte-v2.png","width":851,"height":243,"caption":"cooltivarte"},"image":{"@id":"https:\/\/cooltivarte.com\/portal\/#\/schema\/logo\/image\/"},"sameAs":["https:\/\/www.facebook.com\/cooltivartecom\/","https:\/\/x.com\/obolocultural","https:\/\/www.instagram.com\/_cooltivarte_\/","https:\/\/www.linkedin.com\/company\/-bolocultural?reportsuccess=8zaNG1HwhPbAR9iQhZ5rfGeqz_vQFftHun0ZWU0Wy9vNemRJ8vtcKdJvzQfW8XagyOJSKg0XvfJ1dp","https:\/\/www.pinterest.com\/cooltivarte\/","https:\/\/cooltivarte.tumblr.com\/","https:\/\/www.tiktok.com\/@cooltivarte","https:\/\/www.youtube.com\/@PrensaCooltivarte"]},{"@type":"Person","@id":"https:\/\/cooltivarte.com\/portal\/#\/schema\/person\/efd7b91a624d2d005d1571effe8c04b9","name":"Patricia Ianniruberto","image":{"@type":"ImageObject","inLanguage":"es-AR","@id":"https:\/\/cooltivarte.com\/portal\/wp-content\/uploads\/2018\/04\/patricia-ianniruberto-120x120.jpg","url":"https:\/\/cooltivarte.com\/portal\/wp-content\/uploads\/2018\/04\/patricia-ianniruberto-120x120.jpg","contentUrl":"https:\/\/cooltivarte.com\/portal\/wp-content\/uploads\/2018\/04\/patricia-ianniruberto-120x120.jpg","caption":"Patricia Ianniruberto"},"description":"Patricia Ianniruberto. Egresada de Bellas Artes (Inst. Beato Ang\u00e9lico). Curs\u00f3 Dise\u00f1o Gr\u00e1fico y Comunicaci\u00f3n Visual (UBA) y producci\u00f3n de cine (SICA). Ejerci\u00f3 como docente de Bellas Artes y de Dise\u00f1o I y II (UBA). Freelance de agencias de publicidad y cineanimaci\u00f3n. Como dise\u00f1adora independiente se especializ\u00f3 en comunicaci\u00f3n visual, prensa y producci\u00f3n, asesorando a empresas en imagen corporativa, producci\u00f3n integral de contenidos y piezas de comunicaci\u00f3n: folletos, cat\u00e1logos, revistas, stands, web, tv, v\u00eda p\u00fablica, asesoramiento en derechos de autor, marcas y dominios junto al Estudio Lauritsen. Desarroll\u00f3 proyectos pioneros de tecnolog\u00eda en Internet y aplicaciones interactivas (netmedia). Locaciones: cine y medios. En Uruguay: seleccionada: Taller de promoci\u00f3n y distribuci\u00f3n Mercosur: nuevas herramientas multiplataforma\/Mercosur Audiovisual (Programa de Cooperaci\u00f3n con la Comunidad Europea). Representaci\u00f3n y gesti\u00f3n de notas en instituciones p\u00fablicas y privadas vinculadas al arte y la cultura. Corresponsal de revistas de cultura y colaboradora de medios gr\u00e1ficos y digitales. Edici\u00f3n y producci\u00f3n de contenidos multiplataforma. Gesti\u00f3n cultural y de prensa-Corresponsal en Buenos Aires: Argentina\/Uruguay.","sameAs":["https:\/\/www.facebook.com\/pato.bue?ref=br_rs","https:\/\/www.instagram.com\/_cooltivarte_\/","https:\/\/www.linkedin.com\/company\/-bolocultural\/","https:\/\/www.pinterest.com\/cooltivarte\/","https:\/\/x.com\/https:\/\/x.com\/obolocultural","https:\/\/www.youtube.com\/@PrensaCooltivarte","https:\/\/cooltivarte.tumblr.com\/"],"url":"https:\/\/cooltivarte.com\/portal\/author\/patricia-ianniruberto\/"}]}},"_links":{"self":[{"href":"https:\/\/cooltivarte.com\/portal\/wp-json\/wp\/v2\/posts\/48489","targetHints":{"allow":["GET"]}}],"collection":[{"href":"https:\/\/cooltivarte.com\/portal\/wp-json\/wp\/v2\/posts"}],"about":[{"href":"https:\/\/cooltivarte.com\/portal\/wp-json\/wp\/v2\/types\/post"}],"author":[{"embeddable":true,"href":"https:\/\/cooltivarte.com\/portal\/wp-json\/wp\/v2\/users\/134"}],"replies":[{"embeddable":true,"href":"https:\/\/cooltivarte.com\/portal\/wp-json\/wp\/v2\/comments?post=48489"}],"version-history":[{"count":16,"href":"https:\/\/cooltivarte.com\/portal\/wp-json\/wp\/v2\/posts\/48489\/revisions"}],"predecessor-version":[{"id":48518,"href":"https:\/\/cooltivarte.com\/portal\/wp-json\/wp\/v2\/posts\/48489\/revisions\/48518"}],"wp:featuredmedia":[{"embeddable":true,"href":"https:\/\/cooltivarte.com\/portal\/wp-json\/wp\/v2\/media\/48504"}],"wp:attachment":[{"href":"https:\/\/cooltivarte.com\/portal\/wp-json\/wp\/v2\/media?parent=48489"}],"wp:term":[{"taxonomy":"category","embeddable":true,"href":"https:\/\/cooltivarte.com\/portal\/wp-json\/wp\/v2\/categories?post=48489"},{"taxonomy":"post_tag","embeddable":true,"href":"https:\/\/cooltivarte.com\/portal\/wp-json\/wp\/v2\/tags?post=48489"}],"curies":[{"name":"wp","href":"https:\/\/api.w.org\/{rel}","templated":true}]}}