{"id":48282,"date":"2019-06-06T11:23:07","date_gmt":"2019-06-06T14:23:07","guid":{"rendered":"http:\/\/cooltivarte.com\/portal\/?p=48282"},"modified":"2019-06-07T10:29:57","modified_gmt":"2019-06-07T13:29:57","slug":"monica-navarro-presenta-maldigo-en-el-teatro-solis","status":"publish","type":"post","link":"https:\/\/cooltivarte.com\/portal\/monica-navarro-presenta-maldigo-en-el-teatro-solis\/","title":{"rendered":"M\u00f3nica Navarro presenta Maldigo en el Teatro Sol\u00eds"},"content":{"rendered":"<h2>Luego de celebrar sus 20 a\u00f1os de trayectoria en la m\u00fasica, M\u00f3nica decide dar un giro musical sorpresivo, en un nuevo formato. Integrando viejos compa\u00f1eros de andanzas y escenarios, vuelve al ROCK presentando su nuevo disco &#8211; Maldigo.<\/h2>\n<p>Quinto material discogr\u00e1fico, editado por Montevideo Music Group. M\u00f3nica inclina su balanza musical hacia el rock, pero arropada dentro de canciones del folclore latinoamericano, que dejaron huellas, sentido y construyeron una sensibilidad que defini\u00f3 su motivo por el cu\u00e1l cantar. Violeta Parra, Amalia de la Vega, Osiris del Castillo, Alfredo Zitarrosa, Chabuca Granda, Leo Masl\u00edah son timonel de Maldigo.<\/p>\n<p>&nbsp;<\/p>\n<h3><strong>Gira Nacional, presentaci\u00f3n oficial:<\/strong><\/h3>\n<h3><strong>Jueves 6 de junio<\/strong><\/h3>\n<h3><strong>Teatro Sol\u00eds &#8211; 20:30 hs<\/strong><\/h3>\n<p>&nbsp;<\/p>\n<p>Entradas en venta por <a href=\"https:\/\/tickantel.com.uy\/inicio\/espectaculo\/40006613\/espectaculo\/M%C3%B3nica%20Navarro?1\" target=\"_blank\" rel=\"noopener\">TICKANTEL<\/a><\/p>\n<p>&nbsp;<\/p>\n<p><strong>Banda<\/strong><\/p>\n<p><strong>M\u00f3nica Navarro \u2013 Voz<\/strong><\/p>\n<p><strong>Hern\u00e1n Rodr\u00edguez \u2013 Guitarra<\/strong><\/p>\n<p><strong>Diego Varela \u2013 Bajo<\/strong><\/p>\n<p><strong>Irvin Carballo &#8211; Bater\u00eda<\/strong><\/p>\n<p>&nbsp;<\/p>\n<p><strong>Equipo T\u00e9cnico<\/strong><\/p>\n<p>Daniel B\u00e1ez &#8211; Sonido<\/p>\n<p>Ignacio Tenuta &#8211; Iluminador y puesta en escena<\/p>\n<p>Santiago Monteverdi &#8211; Monitores<\/p>\n<p>Marcos da Silva &#8211; Stage Manager<\/p>\n<p>Sergio Ram\u00edrez &#8211; Stage<\/p>\n<p>Sibyla Trabal \u2013 Prensa<\/p>\n<p>Laura L\u00f3pez &#8211; Producci\u00f3n y Management<\/p>\n<p>&nbsp;<\/p>\n<p><strong>Redes sociales: <\/strong><\/p>\n<p><strong>Twitter<\/strong> <a href=\"https:\/\/twitter.com\/navarromonica\" target=\"_blank\" rel=\"noopener\" data-saferedirecturl=\"https:\/\/www.google.com\/url?q=https:\/\/twitter.com\/navarromonica&amp;source=gmail&amp;ust=1557583499723000&amp;usg=AFQjCNG5B4lIc6xgSouNrHGrd0Gu9YJaZA\">https:\/\/twitter.com\/navarromonica<\/a>&nbsp;<\/p>\n<p><strong>Instagram<\/strong> <a href=\"https:\/\/www.instagram.com\/moni_navarrock\" target=\"_blank\" rel=\"noopener\" data-saferedirecturl=\"https:\/\/www.google.com\/url?q=https:\/\/www.instagram.com\/moni_navarrock&amp;source=gmail&amp;ust=1557583499723000&amp;usg=AFQjCNF_rKJuz72YFwogzzjuDJpGvGXk6A\">https:\/\/www.instagram.com\/moni_navarrock<\/a><\/p>\n<p><strong>Facebook<\/strong><strong>&nbsp;<\/strong><a href=\"https:\/\/www.facebook.com\/navarromoni\" target=\"_blank\" rel=\"noopener\" data-saferedirecturl=\"https:\/\/www.google.com\/url?q=https:\/\/www.facebook.com\/navarromoni&amp;source=gmail&amp;ust=1557583499723000&amp;usg=AFQjCNETZaLITHw8v_cSXkenfnjjpwDJbA\">https:\/\/www.facebook.com\/navarromoni<\/a><\/p>\n<p>&nbsp;<strong>Corte difusi\u00f3n &#8211; Maldigo <\/strong><a href=\"https:\/\/www.youtube.com\/watch?v=KzCrVEgVW0s\" target=\"_blank\" rel=\"noopener\" data-saferedirecturl=\"https:\/\/www.google.com\/url?q=https:\/\/www.youtube.com\/watch?v%3DKzCrVEgVW0s&amp;source=gmail&amp;ust=1557583499723000&amp;usg=AFQjCNGC4a9CMLbm5FnGwLv5b-NzddivjA\">https:\/\/www.youtube.com\/watch?v=KzCrVEgVW0s<\/a><strong>&nbsp; <\/strong><\/p>\n<p>&nbsp;<\/p>\n<p>&nbsp;<\/p>\n","protected":false},"excerpt":{"rendered":"<p>Luego de celebrar sus 20 a\u00f1os de trayectoria en la m\u00fasica, M\u00f3nica decide dar un giro musical sorpresivo, en un nuevo formato. Integrando viejos compa\u00f1eros de andanzas y escenarios, vuelve al ROCK presentando su nuevo disco &#8211; Maldigo. Quinto material discogr\u00e1fico, editado por Montevideo Music Group. M\u00f3nica inclina su balanza musical hacia el rock, pero [&hellip;]<\/p>\n","protected":false},"author":8,"featured_media":48283,"comment_status":"closed","ping_status":"closed","sticky":false,"template":"","format":"standard","meta":{"om_disable_all_campaigns":false,"ngg_post_thumbnail":0,"jnews-multi-image_gallery":[],"jnews_single_post":[],"jnews_primary_category":[],"jnews_social_meta":[],"jnews_override_counter":[],"footnotes":""},"categories":[3394],"tags":[7707,847,92],"class_list":["post-48282","post","type-post","status-publish","format-standard","has-post-thumbnail","hentry","category-eventos","tag-maldigo","tag-monica-navarro","tag-teatro-solis"],"yoast_head":"<!-- This site is optimized with the Yoast SEO plugin v27.5 - https:\/\/yoast.com\/product\/yoast-seo-wordpress\/ -->\n<title>M\u00f3nica Navarro presenta Maldigo en el Teatro Sol\u00eds - Cooltivarte Portal<\/title>\n<meta name=\"description\" content=\"COOLTIVARTE.COM es un portal digital colaborativo de actualizaci\u00f3n permanente dedicado a difundir el acontecer art\u00edstico y cultural, entrevista artistas, gestores y productores de las diferentes disciplinas del arte, y publicando art\u00edculos de reflexi\u00f3n de producci\u00f3n propia sobre los elementos culturales.\" \/>\n<meta name=\"robots\" content=\"index, follow, max-snippet:-1, max-image-preview:large, max-video-preview:-1\" \/>\n<link rel=\"canonical\" href=\"https:\/\/cooltivarte.com\/portal\/monica-navarro-presenta-maldigo-en-el-teatro-solis\/\" \/>\n<meta property=\"og:locale\" content=\"es_ES\" \/>\n<meta property=\"og:type\" content=\"article\" \/>\n<meta property=\"og:title\" content=\"M\u00f3nica Navarro presenta Maldigo en el Teatro Sol\u00eds - Cooltivarte Portal\" \/>\n<meta property=\"og:description\" content=\"COOLTIVARTE.COM es un portal digital colaborativo de actualizaci\u00f3n permanente dedicado a difundir el acontecer art\u00edstico y cultural, entrevista artistas, gestores y productores de las diferentes disciplinas del arte, y publicando art\u00edculos de reflexi\u00f3n de producci\u00f3n propia sobre los elementos culturales.\" \/>\n<meta property=\"og:url\" content=\"https:\/\/cooltivarte.com\/portal\/monica-navarro-presenta-maldigo-en-el-teatro-solis\/\" \/>\n<meta property=\"og:site_name\" content=\"Cooltivarte Portal\" \/>\n<meta property=\"article:publisher\" content=\"https:\/\/www.facebook.com\/cooltivartecom\/\" \/>\n<meta property=\"article:author\" content=\"https:\/\/www.facebook.com\/cooltivartecom\" \/>\n<meta property=\"article:published_time\" content=\"2019-06-06T14:23:07+00:00\" \/>\n<meta property=\"article:modified_time\" content=\"2019-06-07T13:29:57+00:00\" \/>\n<meta property=\"og:image\" content=\"https:\/\/cooltivarte.com\/portal\/wp-content\/uploads\/2019\/05\/monica-navarro-en-el-solis.jpg\" \/>\n\t<meta property=\"og:image:width\" content=\"644\" \/>\n\t<meta property=\"og:image:height\" content=\"361\" \/>\n\t<meta property=\"og:image:type\" content=\"image\/jpeg\" \/>\n<meta name=\"author\" content=\"Cooltivarte\" \/>\n<meta name=\"twitter:card\" content=\"summary_large_image\" \/>\n<meta name=\"twitter:creator\" content=\"@https:\/\/x.com\/obolocultural\" \/>\n<meta name=\"twitter:site\" content=\"@obolocultural\" \/>\n<meta name=\"twitter:label1\" content=\"Escrito por\" \/>\n\t<meta name=\"twitter:data1\" content=\"Cooltivarte\" \/>\n\t<meta name=\"twitter:label2\" content=\"Tiempo de lectura\" \/>\n\t<meta name=\"twitter:data2\" content=\"1 minuto\" \/>\n<!-- \/ Yoast SEO plugin. -->","yoast_head_json":{"title":"M\u00f3nica Navarro presenta Maldigo en el Teatro Sol\u00eds - Cooltivarte Portal","description":"COOLTIVARTE.COM es un portal digital colaborativo de actualizaci\u00f3n permanente dedicado a difundir el acontecer art\u00edstico y cultural, entrevista artistas, gestores y productores de las diferentes disciplinas del arte, y publicando art\u00edculos de reflexi\u00f3n de producci\u00f3n propia sobre los elementos culturales.","robots":{"index":"index","follow":"follow","max-snippet":"max-snippet:-1","max-image-preview":"max-image-preview:large","max-video-preview":"max-video-preview:-1"},"canonical":"https:\/\/cooltivarte.com\/portal\/monica-navarro-presenta-maldigo-en-el-teatro-solis\/","og_locale":"es_ES","og_type":"article","og_title":"M\u00f3nica Navarro presenta Maldigo en el Teatro Sol\u00eds - Cooltivarte Portal","og_description":"COOLTIVARTE.COM es un portal digital colaborativo de actualizaci\u00f3n permanente dedicado a difundir el acontecer art\u00edstico y cultural, entrevista artistas, gestores y productores de las diferentes disciplinas del arte, y publicando art\u00edculos de reflexi\u00f3n de producci\u00f3n propia sobre los elementos culturales.","og_url":"https:\/\/cooltivarte.com\/portal\/monica-navarro-presenta-maldigo-en-el-teatro-solis\/","og_site_name":"Cooltivarte Portal","article_publisher":"https:\/\/www.facebook.com\/cooltivartecom\/","article_author":"https:\/\/www.facebook.com\/cooltivartecom","article_published_time":"2019-06-06T14:23:07+00:00","article_modified_time":"2019-06-07T13:29:57+00:00","og_image":[{"width":644,"height":361,"url":"https:\/\/cooltivarte.com\/portal\/wp-content\/uploads\/2019\/05\/monica-navarro-en-el-solis.jpg","type":"image\/jpeg"}],"author":"Cooltivarte","twitter_card":"summary_large_image","twitter_creator":"@https:\/\/x.com\/obolocultural","twitter_site":"@obolocultural","twitter_misc":{"Escrito por":"Cooltivarte","Tiempo de lectura":"1 minuto"},"schema":{"@context":"https:\/\/schema.org","@graph":[{"@type":"NewsArticle","@id":"https:\/\/cooltivarte.com\/portal\/monica-navarro-presenta-maldigo-en-el-teatro-solis\/#article","isPartOf":{"@id":"https:\/\/cooltivarte.com\/portal\/monica-navarro-presenta-maldigo-en-el-teatro-solis\/"},"author":{"name":"Cooltivarte","@id":"https:\/\/cooltivarte.com\/portal\/#\/schema\/person\/ec2a4f4e71b740d0c559c0ab9a157e19"},"headline":"M\u00f3nica Navarro presenta Maldigo en el Teatro Sol\u00eds","datePublished":"2019-06-06T14:23:07+00:00","dateModified":"2019-06-07T13:29:57+00:00","mainEntityOfPage":{"@id":"https:\/\/cooltivarte.com\/portal\/monica-navarro-presenta-maldigo-en-el-teatro-solis\/"},"wordCount":236,"publisher":{"@id":"https:\/\/cooltivarte.com\/portal\/#organization"},"image":{"@id":"https:\/\/cooltivarte.com\/portal\/monica-navarro-presenta-maldigo-en-el-teatro-solis\/#primaryimage"},"thumbnailUrl":"https:\/\/cooltivarte.com\/portal\/wp-content\/uploads\/2019\/05\/monica-navarro-en-el-solis.jpg","keywords":["MALDIGO","M\u00f3nica Navarro","Teatro Solis"],"articleSection":["Eventos"],"inLanguage":"es-AR"},{"@type":"WebPage","@id":"https:\/\/cooltivarte.com\/portal\/monica-navarro-presenta-maldigo-en-el-teatro-solis\/","url":"https:\/\/cooltivarte.com\/portal\/monica-navarro-presenta-maldigo-en-el-teatro-solis\/","name":"M\u00f3nica Navarro presenta Maldigo en el Teatro Sol\u00eds - Cooltivarte Portal","isPartOf":{"@id":"https:\/\/cooltivarte.com\/portal\/#website"},"primaryImageOfPage":{"@id":"https:\/\/cooltivarte.com\/portal\/monica-navarro-presenta-maldigo-en-el-teatro-solis\/#primaryimage"},"image":{"@id":"https:\/\/cooltivarte.com\/portal\/monica-navarro-presenta-maldigo-en-el-teatro-solis\/#primaryimage"},"thumbnailUrl":"https:\/\/cooltivarte.com\/portal\/wp-content\/uploads\/2019\/05\/monica-navarro-en-el-solis.jpg","datePublished":"2019-06-06T14:23:07+00:00","dateModified":"2019-06-07T13:29:57+00:00","description":"COOLTIVARTE.COM es un portal digital colaborativo de actualizaci\u00f3n permanente dedicado a difundir el acontecer art\u00edstico y cultural, entrevista artistas, gestores y productores de las diferentes disciplinas del arte, y publicando art\u00edculos de reflexi\u00f3n de producci\u00f3n propia sobre los elementos culturales.","breadcrumb":{"@id":"https:\/\/cooltivarte.com\/portal\/monica-navarro-presenta-maldigo-en-el-teatro-solis\/#breadcrumb"},"inLanguage":"es-AR","potentialAction":[{"@type":"ReadAction","target":["https:\/\/cooltivarte.com\/portal\/monica-navarro-presenta-maldigo-en-el-teatro-solis\/"]}]},{"@type":"ImageObject","inLanguage":"es-AR","@id":"https:\/\/cooltivarte.com\/portal\/monica-navarro-presenta-maldigo-en-el-teatro-solis\/#primaryimage","url":"https:\/\/cooltivarte.com\/portal\/wp-content\/uploads\/2019\/05\/monica-navarro-en-el-solis.jpg","contentUrl":"https:\/\/cooltivarte.com\/portal\/wp-content\/uploads\/2019\/05\/monica-navarro-en-el-solis.jpg","width":644,"height":361,"caption":"Luego de celebrar sus 20 a\u00f1os de trayectoria en la m\u00fasica, M\u00f3nica decide dar un giro musical sorpresivo, en un nuevo formato. Integrando viejos compa\u00f1eros de andanzas y escenarios, vuelve al ROCK presentando su nuevo disco - Maldigo. Quinto material discogr\u00e1fico, editado por Montevideo Music Group. M\u00f3nica inclina su balanza musical hacia el rock, pero arropada dentro de canciones del folclore latinoamericano, que dejaron huellas, sentido y construyeron una sensibilidad que defini\u00f3 su motivo por el cu\u00e1l cantar. Violeta Parra, Amalia de la Vega, Osiris del Castillo, Alfredo Zitarrosa, Chabuca Granda, Leo Masl\u00edah son timonel de Maldigo. Gira Nacional, presentaci\u00f3n oficial: Jueves 6 de junio Teatro Sol\u00eds - 20:30 hs Entradas en venta por TICKANTEL Banda M\u00f3nica Navarro \u2013 Voz Hern\u00e1n Rodr\u00edguez \u2013 Guitarra Diego Varela \u2013 Bajo Irvin Carballo - Bater\u00eda"},{"@type":"BreadcrumbList","@id":"https:\/\/cooltivarte.com\/portal\/monica-navarro-presenta-maldigo-en-el-teatro-solis\/#breadcrumb","itemListElement":[{"@type":"ListItem","position":1,"name":"Portada","item":"https:\/\/cooltivarte.com\/portal\/"},{"@type":"ListItem","position":2,"name":"M\u00f3nica Navarro presenta Maldigo en el Teatro Sol\u00eds"}]},{"@type":"WebSite","@id":"https:\/\/cooltivarte.com\/portal\/#website","url":"https:\/\/cooltivarte.com\/portal\/","name":"Cooltivarte Portal","description":"Arte, cultura y turismo para el mundo ...","publisher":{"@id":"https:\/\/cooltivarte.com\/portal\/#organization"},"potentialAction":[{"@type":"SearchAction","target":{"@type":"EntryPoint","urlTemplate":"https:\/\/cooltivarte.com\/portal\/?s={search_term_string}"},"query-input":{"@type":"PropertyValueSpecification","valueRequired":true,"valueName":"search_term_string"}}],"inLanguage":"es-AR"},{"@type":"Organization","@id":"https:\/\/cooltivarte.com\/portal\/#organization","name":"cooltivarte","url":"https:\/\/cooltivarte.com\/portal\/","logo":{"@type":"ImageObject","inLanguage":"es-AR","@id":"https:\/\/cooltivarte.com\/portal\/#\/schema\/logo\/image\/","url":"https:\/\/cooltivarte.com\/portal\/wp-content\/uploads\/2020\/04\/logo-cooltivarte-v2.png","contentUrl":"https:\/\/cooltivarte.com\/portal\/wp-content\/uploads\/2020\/04\/logo-cooltivarte-v2.png","width":851,"height":243,"caption":"cooltivarte"},"image":{"@id":"https:\/\/cooltivarte.com\/portal\/#\/schema\/logo\/image\/"},"sameAs":["https:\/\/www.facebook.com\/cooltivartecom\/","https:\/\/x.com\/obolocultural","https:\/\/www.instagram.com\/_cooltivarte_\/","https:\/\/www.linkedin.com\/company\/-bolocultural?reportsuccess=8zaNG1HwhPbAR9iQhZ5rfGeqz_vQFftHun0ZWU0Wy9vNemRJ8vtcKdJvzQfW8XagyOJSKg0XvfJ1dp","https:\/\/www.pinterest.com\/cooltivarte\/","https:\/\/cooltivarte.tumblr.com\/","https:\/\/www.tiktok.com\/@cooltivarte","https:\/\/www.youtube.com\/@PrensaCooltivarte"]},{"@type":"Person","@id":"https:\/\/cooltivarte.com\/portal\/#\/schema\/person\/ec2a4f4e71b740d0c559c0ab9a157e19","name":"Cooltivarte","image":{"@type":"ImageObject","inLanguage":"es-AR","@id":"https:\/\/cooltivarte.com\/portal\/wp-content\/uploads\/2014\/05\/logo-cooltivarte-120x120.jpg","url":"https:\/\/cooltivarte.com\/portal\/wp-content\/uploads\/2014\/05\/logo-cooltivarte-120x120.jpg","contentUrl":"https:\/\/cooltivarte.com\/portal\/wp-content\/uploads\/2014\/05\/logo-cooltivarte-120x120.jpg","caption":"Cooltivarte"},"description":"Somos COOLTIVARTE.COM. Un portal digital dedicado a difundir el acontecer art\u00edstico y cultural del Uruguay. Estamos en la vuelta desde el a\u00f1o 2003, y como evoluci\u00f3n del bolet\u00edn Obolo Cultural, nos encontramos abocados a apoyar a los artistas nacionales brind\u00e1ndoles un espacio de difusi\u00f3n. Creemos en la idea de utilizar la potencialidad que hoy d\u00eda nos otorga la web, para que la cultura uruguaya y sus creadores dispongan de una din\u00e1mica ventana, que los ponga en contacto entre s\u00ed y con el mundo. Somos COOLTIVARTE.COM y pretendemos configurarnos como un portal din\u00e1mico, entretenido y atento a los nuevos emprendimientos, que busque siempre la interacci\u00f3n con los artistas.","sameAs":["http:\/\/www.cooltivarte.com","https:\/\/www.facebook.com\/cooltivartecom","https:\/\/www.instagram.com\/_cooltivarte_\/","https:\/\/www.linkedin.com\/company\/-bolocultural","https:\/\/www.pinterest.com\/cooltivarte\/","https:\/\/x.com\/https:\/\/x.com\/obolocultural","https:\/\/www.youtube.com\/@PrensaCooltivarte","https:\/\/www.tumblr.com\/blog\/cooltivarte"],"url":"https:\/\/cooltivarte.com\/portal\/author\/cooltivarte\/"}]}},"_links":{"self":[{"href":"https:\/\/cooltivarte.com\/portal\/wp-json\/wp\/v2\/posts\/48282","targetHints":{"allow":["GET"]}}],"collection":[{"href":"https:\/\/cooltivarte.com\/portal\/wp-json\/wp\/v2\/posts"}],"about":[{"href":"https:\/\/cooltivarte.com\/portal\/wp-json\/wp\/v2\/types\/post"}],"author":[{"embeddable":true,"href":"https:\/\/cooltivarte.com\/portal\/wp-json\/wp\/v2\/users\/8"}],"replies":[{"embeddable":true,"href":"https:\/\/cooltivarte.com\/portal\/wp-json\/wp\/v2\/comments?post=48282"}],"version-history":[{"count":2,"href":"https:\/\/cooltivarte.com\/portal\/wp-json\/wp\/v2\/posts\/48282\/revisions"}],"predecessor-version":[{"id":49498,"href":"https:\/\/cooltivarte.com\/portal\/wp-json\/wp\/v2\/posts\/48282\/revisions\/49498"}],"wp:featuredmedia":[{"embeddable":true,"href":"https:\/\/cooltivarte.com\/portal\/wp-json\/wp\/v2\/media\/48283"}],"wp:attachment":[{"href":"https:\/\/cooltivarte.com\/portal\/wp-json\/wp\/v2\/media?parent=48282"}],"wp:term":[{"taxonomy":"category","embeddable":true,"href":"https:\/\/cooltivarte.com\/portal\/wp-json\/wp\/v2\/categories?post=48282"},{"taxonomy":"post_tag","embeddable":true,"href":"https:\/\/cooltivarte.com\/portal\/wp-json\/wp\/v2\/tags?post=48282"}],"curies":[{"name":"wp","href":"https:\/\/api.w.org\/{rel}","templated":true}]}}