{"id":4687,"date":"2013-06-03T22:53:02","date_gmt":"2013-06-03T22:53:02","guid":{"rendered":"http:\/\/cooltivarte.com\/portal\/?p=4687"},"modified":"2016-05-26T02:23:02","modified_gmt":"2016-05-26T02:23:02","slug":"estamos-en-el-horno-de-ricardo-gracian-y-emilio-meneses-costa","status":"publish","type":"post","link":"https:\/\/cooltivarte.com\/portal\/estamos-en-el-horno-de-ricardo-gracian-y-emilio-meneses-costa\/","title":{"rendered":"Estamos en el Horno, de Ricardo Graci\u00e1n y Emilio Meneses Costa"},"content":{"rendered":"<p style=\"text-align: justify;\">Obra de humor, en la que cort\u00e9smente nos invitan a entrar en el Infierno, con la desventaja que pertenece al Tercer Mundo. A todos los males all\u00ed existentes, debemos tener en cuenta ese Plus, que se denota en lo cultural y arraigado del uruguayo. Por lo tanto todo el p\u00fablico se transforma en protag\u00f3nico, ya que los diferentes cuadros que nos van presentando con los peores defectos en que ha ca\u00eddo el ser humano, en realidad, no nos son ajenos. Con agudezas y cr\u00edticas al ambiente (simp\u00e1ticas, pues es HUMOR) van desfilando premiaciones, nombres, caricaturas de seres que todos conocemos, etc. Todo esto que tiene un tinte de s\u00e1tira permanente, lo lleva al m\u00e1ximo de lo risible, la maestr\u00eda de Rubbo (cosa que no sorprende). Desopilante en la viuda, por ejemplo, locuras, provocaciones, sorpresas&#8230; todo es un juego en esta puesta, donde se nos presagia una futura entrada en ese disparatado Averno. De ser as\u00ed por lo menos la risa estar\u00e1 asegurada.<\/p>\n<p style=\"text-align: justify;\">Reparto: <strong>Adhemar Rubbo, Emilio Meneses y Cristina Cabrera<\/strong>.<\/p>\n<p style=\"text-align: justify;\">Direcci\u00f3n <a href=\"https:\/\/cooltivarte.com\/portal\/?s=Ricardo+Graci%C3%A1n\">Ricardo Graci\u00e1n<\/a><\/p>\n<p style=\"text-align: justify;\">M\u00fasica: <strong>Alfredo Leir\u00f3s<\/strong>.<\/p>\n<p style=\"text-align: justify;\">Teatro AGADU<\/p>\n<p>&nbsp;<\/p>\n<p style=\"text-align: justify;\">[sam id=&#8221;21&#8243; name=&#8221;notas y articulos&#8221; codes=&#8221;true&#8221;]<\/p>\n<p>&nbsp;<\/p>\n","protected":false},"excerpt":{"rendered":"<p>Obra de humor, en la que cort\u00e9smente nos invitan a entrar en el Infierno, con la desventaja que pertenece al Tercer Mundo. A todos los males all\u00ed existentes, debemos tener en cuenta ese Plus, que se denota en lo cultural y arraigado del uruguayo. Por lo tanto todo el p\u00fablico se transforma en protag\u00f3nico, ya [&hellip;]<\/p>\n","protected":false},"author":12,"featured_media":4688,"comment_status":"closed","ping_status":"closed","sticky":false,"template":"","format":"standard","meta":{"om_disable_all_campaigns":false,"ngg_post_thumbnail":0,"jnews-multi-image_gallery":[],"jnews_single_post":[],"jnews_primary_category":[],"jnews_social_meta":[],"jnews_override_counter":[],"footnotes":""},"categories":[57],"tags":[],"class_list":["post-4687","post","type-post","status-publish","format-standard","has-post-thumbnail","hentry","category-teatro"],"yoast_head":"<!-- This site is optimized with the Yoast SEO plugin v27.5 - https:\/\/yoast.com\/product\/yoast-seo-wordpress\/ -->\n<title>Estamos en el Horno, de Ricardo Graci\u00e1n y Emilio Meneses Costa - Cooltivarte Portal<\/title>\n<meta name=\"description\" content=\"COOLTIVARTE.COM es un portal digital colaborativo de actualizaci\u00f3n permanente dedicado a difundir el acontecer art\u00edstico y cultural, entrevista artistas, gestores y productores de las diferentes disciplinas del arte, y publicando art\u00edculos de reflexi\u00f3n de producci\u00f3n propia sobre los elementos culturales.\" \/>\n<meta name=\"robots\" content=\"index, follow, max-snippet:-1, max-image-preview:large, max-video-preview:-1\" \/>\n<link rel=\"canonical\" href=\"https:\/\/cooltivarte.com\/portal\/estamos-en-el-horno-de-ricardo-gracian-y-emilio-meneses-costa\/\" \/>\n<meta property=\"og:locale\" content=\"es_ES\" \/>\n<meta property=\"og:type\" content=\"article\" \/>\n<meta property=\"og:title\" content=\"Estamos en el Horno, de Ricardo Graci\u00e1n y Emilio Meneses Costa - Cooltivarte Portal\" \/>\n<meta property=\"og:description\" content=\"COOLTIVARTE.COM es un portal digital colaborativo de actualizaci\u00f3n permanente dedicado a difundir el acontecer art\u00edstico y cultural, entrevista artistas, gestores y productores de las diferentes disciplinas del arte, y publicando art\u00edculos de reflexi\u00f3n de producci\u00f3n propia sobre los elementos culturales.\" \/>\n<meta property=\"og:url\" content=\"https:\/\/cooltivarte.com\/portal\/estamos-en-el-horno-de-ricardo-gracian-y-emilio-meneses-costa\/\" \/>\n<meta property=\"og:site_name\" content=\"Cooltivarte Portal\" \/>\n<meta property=\"article:publisher\" content=\"https:\/\/www.facebook.com\/cooltivartecom\/\" \/>\n<meta property=\"article:author\" content=\"https:\/\/www.facebook.com\/cooltivartecom\" \/>\n<meta property=\"article:published_time\" content=\"2013-06-03T22:53:02+00:00\" \/>\n<meta property=\"article:modified_time\" content=\"2016-05-26T02:23:02+00:00\" \/>\n<meta property=\"og:image\" content=\"https:\/\/cooltivarte.com\/portal\/wp-content\/uploads\/2014\/06\/Estamos-en-el-horno.jpg\" \/>\n\t<meta property=\"og:image:width\" content=\"320\" \/>\n\t<meta property=\"og:image:height\" content=\"320\" \/>\n\t<meta property=\"og:image:type\" content=\"image\/jpeg\" \/>\n<meta name=\"author\" content=\"Luj\u00e1n Luna\" \/>\n<meta name=\"twitter:card\" content=\"summary_large_image\" \/>\n<meta name=\"twitter:creator\" content=\"@https:\/\/x.com\/obolocultural\" \/>\n<meta name=\"twitter:site\" content=\"@obolocultural\" \/>\n<meta name=\"twitter:label1\" content=\"Escrito por\" \/>\n\t<meta name=\"twitter:data1\" content=\"Luj\u00e1n Luna\" \/>\n\t<meta name=\"twitter:label2\" content=\"Tiempo de lectura\" \/>\n\t<meta name=\"twitter:data2\" content=\"1 minuto\" \/>\n<!-- \/ Yoast SEO plugin. -->","yoast_head_json":{"title":"Estamos en el Horno, de Ricardo Graci\u00e1n y Emilio Meneses Costa - Cooltivarte Portal","description":"COOLTIVARTE.COM es un portal digital colaborativo de actualizaci\u00f3n permanente dedicado a difundir el acontecer art\u00edstico y cultural, entrevista artistas, gestores y productores de las diferentes disciplinas del arte, y publicando art\u00edculos de reflexi\u00f3n de producci\u00f3n propia sobre los elementos culturales.","robots":{"index":"index","follow":"follow","max-snippet":"max-snippet:-1","max-image-preview":"max-image-preview:large","max-video-preview":"max-video-preview:-1"},"canonical":"https:\/\/cooltivarte.com\/portal\/estamos-en-el-horno-de-ricardo-gracian-y-emilio-meneses-costa\/","og_locale":"es_ES","og_type":"article","og_title":"Estamos en el Horno, de Ricardo Graci\u00e1n y Emilio Meneses Costa - Cooltivarte Portal","og_description":"COOLTIVARTE.COM es un portal digital colaborativo de actualizaci\u00f3n permanente dedicado a difundir el acontecer art\u00edstico y cultural, entrevista artistas, gestores y productores de las diferentes disciplinas del arte, y publicando art\u00edculos de reflexi\u00f3n de producci\u00f3n propia sobre los elementos culturales.","og_url":"https:\/\/cooltivarte.com\/portal\/estamos-en-el-horno-de-ricardo-gracian-y-emilio-meneses-costa\/","og_site_name":"Cooltivarte Portal","article_publisher":"https:\/\/www.facebook.com\/cooltivartecom\/","article_author":"https:\/\/www.facebook.com\/cooltivartecom","article_published_time":"2013-06-03T22:53:02+00:00","article_modified_time":"2016-05-26T02:23:02+00:00","og_image":[{"width":320,"height":320,"url":"https:\/\/cooltivarte.com\/portal\/wp-content\/uploads\/2014\/06\/Estamos-en-el-horno.jpg","type":"image\/jpeg"}],"author":"Luj\u00e1n Luna","twitter_card":"summary_large_image","twitter_creator":"@https:\/\/x.com\/obolocultural","twitter_site":"@obolocultural","twitter_misc":{"Escrito por":"Luj\u00e1n Luna","Tiempo de lectura":"1 minuto"},"schema":{"@context":"https:\/\/schema.org","@graph":[{"@type":"NewsArticle","@id":"https:\/\/cooltivarte.com\/portal\/estamos-en-el-horno-de-ricardo-gracian-y-emilio-meneses-costa\/#article","isPartOf":{"@id":"https:\/\/cooltivarte.com\/portal\/estamos-en-el-horno-de-ricardo-gracian-y-emilio-meneses-costa\/"},"author":{"name":"Luj\u00e1n Luna","@id":"https:\/\/cooltivarte.com\/portal\/#\/schema\/person\/de9142f9c9506b7b9f801d4b100ec4fa"},"headline":"Estamos en el Horno, de Ricardo Graci\u00e1n y Emilio Meneses Costa","datePublished":"2013-06-03T22:53:02+00:00","dateModified":"2016-05-26T02:23:02+00:00","mainEntityOfPage":{"@id":"https:\/\/cooltivarte.com\/portal\/estamos-en-el-horno-de-ricardo-gracian-y-emilio-meneses-costa\/"},"wordCount":213,"publisher":{"@id":"https:\/\/cooltivarte.com\/portal\/#organization"},"image":{"@id":"https:\/\/cooltivarte.com\/portal\/estamos-en-el-horno-de-ricardo-gracian-y-emilio-meneses-costa\/#primaryimage"},"thumbnailUrl":"https:\/\/cooltivarte.com\/portal\/wp-content\/uploads\/2014\/06\/Estamos-en-el-horno.jpg","articleSection":["Teatro"],"inLanguage":"es-AR"},{"@type":"WebPage","@id":"https:\/\/cooltivarte.com\/portal\/estamos-en-el-horno-de-ricardo-gracian-y-emilio-meneses-costa\/","url":"https:\/\/cooltivarte.com\/portal\/estamos-en-el-horno-de-ricardo-gracian-y-emilio-meneses-costa\/","name":"Estamos en el Horno, de Ricardo Graci\u00e1n y Emilio Meneses Costa - Cooltivarte Portal","isPartOf":{"@id":"https:\/\/cooltivarte.com\/portal\/#website"},"primaryImageOfPage":{"@id":"https:\/\/cooltivarte.com\/portal\/estamos-en-el-horno-de-ricardo-gracian-y-emilio-meneses-costa\/#primaryimage"},"image":{"@id":"https:\/\/cooltivarte.com\/portal\/estamos-en-el-horno-de-ricardo-gracian-y-emilio-meneses-costa\/#primaryimage"},"thumbnailUrl":"https:\/\/cooltivarte.com\/portal\/wp-content\/uploads\/2014\/06\/Estamos-en-el-horno.jpg","datePublished":"2013-06-03T22:53:02+00:00","dateModified":"2016-05-26T02:23:02+00:00","description":"COOLTIVARTE.COM es un portal digital colaborativo de actualizaci\u00f3n permanente dedicado a difundir el acontecer art\u00edstico y cultural, entrevista artistas, gestores y productores de las diferentes disciplinas del arte, y publicando art\u00edculos de reflexi\u00f3n de producci\u00f3n propia sobre los elementos culturales.","breadcrumb":{"@id":"https:\/\/cooltivarte.com\/portal\/estamos-en-el-horno-de-ricardo-gracian-y-emilio-meneses-costa\/#breadcrumb"},"inLanguage":"es-AR","potentialAction":[{"@type":"ReadAction","target":["https:\/\/cooltivarte.com\/portal\/estamos-en-el-horno-de-ricardo-gracian-y-emilio-meneses-costa\/"]}]},{"@type":"ImageObject","inLanguage":"es-AR","@id":"https:\/\/cooltivarte.com\/portal\/estamos-en-el-horno-de-ricardo-gracian-y-emilio-meneses-costa\/#primaryimage","url":"https:\/\/cooltivarte.com\/portal\/wp-content\/uploads\/2014\/06\/Estamos-en-el-horno.jpg","contentUrl":"https:\/\/cooltivarte.com\/portal\/wp-content\/uploads\/2014\/06\/Estamos-en-el-horno.jpg","width":320,"height":320,"caption":"Estamos en el Horno, de Ricardo Graci\u00e1n y Emilio Meneses Costa"},{"@type":"BreadcrumbList","@id":"https:\/\/cooltivarte.com\/portal\/estamos-en-el-horno-de-ricardo-gracian-y-emilio-meneses-costa\/#breadcrumb","itemListElement":[{"@type":"ListItem","position":1,"name":"Portada","item":"https:\/\/cooltivarte.com\/portal\/"},{"@type":"ListItem","position":2,"name":"Estamos en el Horno, de Ricardo Graci\u00e1n y Emilio Meneses Costa"}]},{"@type":"WebSite","@id":"https:\/\/cooltivarte.com\/portal\/#website","url":"https:\/\/cooltivarte.com\/portal\/","name":"Cooltivarte Portal","description":"Arte, cultura y turismo para el mundo ...","publisher":{"@id":"https:\/\/cooltivarte.com\/portal\/#organization"},"potentialAction":[{"@type":"SearchAction","target":{"@type":"EntryPoint","urlTemplate":"https:\/\/cooltivarte.com\/portal\/?s={search_term_string}"},"query-input":{"@type":"PropertyValueSpecification","valueRequired":true,"valueName":"search_term_string"}}],"inLanguage":"es-AR"},{"@type":"Organization","@id":"https:\/\/cooltivarte.com\/portal\/#organization","name":"cooltivarte","url":"https:\/\/cooltivarte.com\/portal\/","logo":{"@type":"ImageObject","inLanguage":"es-AR","@id":"https:\/\/cooltivarte.com\/portal\/#\/schema\/logo\/image\/","url":"https:\/\/cooltivarte.com\/portal\/wp-content\/uploads\/2020\/04\/logo-cooltivarte-v2.png","contentUrl":"https:\/\/cooltivarte.com\/portal\/wp-content\/uploads\/2020\/04\/logo-cooltivarte-v2.png","width":851,"height":243,"caption":"cooltivarte"},"image":{"@id":"https:\/\/cooltivarte.com\/portal\/#\/schema\/logo\/image\/"},"sameAs":["https:\/\/www.facebook.com\/cooltivartecom\/","https:\/\/x.com\/obolocultural","https:\/\/www.instagram.com\/_cooltivarte_\/","https:\/\/www.linkedin.com\/company\/-bolocultural?reportsuccess=8zaNG1HwhPbAR9iQhZ5rfGeqz_vQFftHun0ZWU0Wy9vNemRJ8vtcKdJvzQfW8XagyOJSKg0XvfJ1dp","https:\/\/www.pinterest.com\/cooltivarte\/","https:\/\/cooltivarte.tumblr.com\/","https:\/\/www.tiktok.com\/@cooltivarte","https:\/\/www.youtube.com\/@PrensaCooltivarte"]},{"@type":"Person","@id":"https:\/\/cooltivarte.com\/portal\/#\/schema\/person\/de9142f9c9506b7b9f801d4b100ec4fa","name":"Luj\u00e1n Luna","image":{"@type":"ImageObject","inLanguage":"es-AR","@id":"https:\/\/cooltivarte.com\/portal\/wp-content\/uploads\/2014\/05\/lujan_cooltivarte.jpg","url":"https:\/\/cooltivarte.com\/portal\/wp-content\/uploads\/2014\/05\/lujan_cooltivarte.jpg","contentUrl":"https:\/\/cooltivarte.com\/portal\/wp-content\/uploads\/2014\/05\/lujan_cooltivarte.jpg","caption":"Luj\u00e1n Luna"},"description":"Nacida en Montevideo. Bachillerato derecho y cursado hasta 3\u00ba de Facultad. Recibida en Alianza Francesa, Cursos superiores de Literatura francesa en Facultad de Humanidades y de Literatura e Idioma espa\u00f1ol. Cursos de teatro con los maestros Beatriz Massons, Nelly Antunez, Franklin Rodr\u00edguez y Jorge Bolani, actuaci\u00f3n con todos ellos y en teatro de elencos independientes, del 90 hasta hoy. Cursos de Dibujo con el maestro Ram\u00f3n Cuadra y de pintura con el maestro Hugo Longa.","sameAs":["https:\/\/www.facebook.com\/cooltivartecom","https:\/\/www.instagram.com\/_cooltivarte_\/","https:\/\/www.linkedin.com\/company\/-bolocultural","https:\/\/www.pinterest.com\/cooltivarte","https:\/\/x.com\/https:\/\/x.com\/obolocultural","https:\/\/www.youtube.com\/@PrensaCooltivarte","https:\/\/www.tumblr.com\/blog\/cooltivarte"],"url":"https:\/\/cooltivarte.com\/portal\/author\/lujan\/"}]}},"_links":{"self":[{"href":"https:\/\/cooltivarte.com\/portal\/wp-json\/wp\/v2\/posts\/4687","targetHints":{"allow":["GET"]}}],"collection":[{"href":"https:\/\/cooltivarte.com\/portal\/wp-json\/wp\/v2\/posts"}],"about":[{"href":"https:\/\/cooltivarte.com\/portal\/wp-json\/wp\/v2\/types\/post"}],"author":[{"embeddable":true,"href":"https:\/\/cooltivarte.com\/portal\/wp-json\/wp\/v2\/users\/12"}],"replies":[{"embeddable":true,"href":"https:\/\/cooltivarte.com\/portal\/wp-json\/wp\/v2\/comments?post=4687"}],"version-history":[{"count":5,"href":"https:\/\/cooltivarte.com\/portal\/wp-json\/wp\/v2\/posts\/4687\/revisions"}],"predecessor-version":[{"id":21789,"href":"https:\/\/cooltivarte.com\/portal\/wp-json\/wp\/v2\/posts\/4687\/revisions\/21789"}],"wp:featuredmedia":[{"embeddable":true,"href":"https:\/\/cooltivarte.com\/portal\/wp-json\/wp\/v2\/media\/4688"}],"wp:attachment":[{"href":"https:\/\/cooltivarte.com\/portal\/wp-json\/wp\/v2\/media?parent=4687"}],"wp:term":[{"taxonomy":"category","embeddable":true,"href":"https:\/\/cooltivarte.com\/portal\/wp-json\/wp\/v2\/categories?post=4687"},{"taxonomy":"post_tag","embeddable":true,"href":"https:\/\/cooltivarte.com\/portal\/wp-json\/wp\/v2\/tags?post=4687"}],"curies":[{"name":"wp","href":"https:\/\/api.w.org\/{rel}","templated":true}]}}