{"id":45299,"date":"2019-02-01T21:44:49","date_gmt":"2019-02-02T00:44:49","guid":{"rendered":"http:\/\/cooltivarte.com\/portal\/?p=45299"},"modified":"2024-06-20T13:14:26","modified_gmt":"2024-06-20T16:14:26","slug":"nicolas-ibarburu-entrevista-feb-19","status":"publish","type":"post","link":"https:\/\/cooltivarte.com\/portal\/nicolas-ibarburu-entrevista-feb-19\/","title":{"rendered":"&#8220;La m\u00fasica no es para entenderla, es para sentirla&#8221;. Entrevista a Nicol\u00e1s Ibarburu."},"content":{"rendered":"<figure id=\"attachment_45307\" aria-describedby=\"caption-attachment-45307\" style=\"width: 1024px\" class=\"wp-caption aligncenter\"><img fetchpriority=\"high\" decoding=\"async\" class=\"wp-image-45307 size-full\" title=\"entrevista Nico Ibarburu por Patricia Schiavone\" src=\"https:\/\/cooltivarte.com\/portal\/wp-content\/uploads\/2019\/02\/Con-Nico-1-1.jpg\" alt=\"entrevista Nico Ibarburu por Patricia Schiavone\" width=\"1024\" height=\"675\" srcset=\"https:\/\/cooltivarte.com\/portal\/wp-content\/uploads\/2019\/02\/Con-Nico-1-1.jpg 1024w, https:\/\/cooltivarte.com\/portal\/wp-content\/uploads\/2019\/02\/Con-Nico-1-1-300x198.jpg 300w, https:\/\/cooltivarte.com\/portal\/wp-content\/uploads\/2019\/02\/Con-Nico-1-1-768x506.jpg 768w\" sizes=\"(max-width: 1024px) 100vw, 1024px\" \/><figcaption id=\"caption-attachment-45307\" class=\"wp-caption-text\">entrevista Nico Ibarburu por Patricia Schiavone<\/figcaption><\/figure>\n<p>&nbsp;<\/p>\n<p>febrero 2019<\/p>\n<p>&nbsp;<\/p>\n<p>En el Teatro Sol\u00eds, el 9 de febrero 2019, a las 20:00 horas, en el marco de &#8220;MVD de las Artes, del Programa Fortalecimiento de las Artes del Departamento de Cultura&#8221;, en coordinaci\u00f3n con la Asociaci\u00f3n Uruguaya de M\u00fasicos (AUDEM) y el Sindicato de M\u00fasicos y Afines (Agremyarte), se presentar\u00e1 el show: <strong>Nicol\u00e1s Ibarburu &amp; Rossana Taddei<\/strong>. La curiosidad sobre este espect\u00e1culo fue el disparador de esta conversaci\u00f3n, con uno de los m\u00fasicos m\u00e1s maravillosos que tiene este bendito pa\u00eds: el gran<strong> <a href=\"https:\/\/cooltivarte.com\/portal\/?s=Nicol\u00e1s+Ibarburu\" target=\"_blank\" rel=\"noopener\">Nicol\u00e1s Ibarburu<\/a><\/strong>.<\/p>\n<p><strong>&nbsp;<\/strong><\/p>\n<p><strong>\u00bfQu\u00e9 te resulta interesante de este show que van a hacer en El Sol\u00eds el 9 de febrero?<\/strong><\/p>\n<p>Por un lado, la instancia de compartir con <strong><a href=\"https:\/\/cooltivarte.com\/portal\/?s=Rossana+Taddei\">Rossana<\/a><\/strong>, que es una amiga querida de hace muchos a\u00f1os. De hecho tenemos un par de temas que hicimos juntos. Y por otro, seguir haciendo lo que vengo haciendo, que por suerte le vengo agarrando cada vez m\u00e1s el gusto.<\/p>\n<p>En esta oportunidad va a ser un formato m\u00e1s reducido: un cuarteto. En realidad me siento m\u00e1s c\u00f3modo. Porque al principio uno trata de cubrir sus inseguridades con m\u00e1s amigos y obviamente que la banda grande es un swing, porque dos guitarras, flauta, dos teclas y percu te abre un mont\u00f3n el abanico sonoro. Al no tener tremenda potencia vocal, uno cree que est\u00e1 m\u00e1s resguardado llen\u00e1ndose de m\u00fasicos&#8230; pero no es tan as\u00ed. Ahora estoy explorando algo diferente, un poco m\u00e1s de aire.<\/p>\n<p><strong>\u00bfEse aire qu\u00e9 te da a vos?<\/strong><\/p>\n<p>Me gusta tener m\u00e1s aire para lo que pueda tocar en la guitarra y me gusta la sonoridad un poco m\u00e1s minimalista, digamos.<\/p>\n<p><strong>\u00bfEsta vez qui\u00e9nes tocan contigo?<\/strong><\/p>\n<p><a href=\"https:\/\/cooltivarte.com\/portal\/?s=Mart\u00edn+Ibarburu\"><strong>Mart\u00edn Ibarburu<\/strong><\/a> en la bater\u00eda, <a href=\"https:\/\/cooltivarte.com\/portal\/?s=&quot;Pomo&quot;+Vera\"><strong>Fernando &#8220;Pomo&#8221; Vera<\/strong><\/a> en el bajo y <a href=\"https:\/\/cooltivarte.com\/portal\/?s=Manuel+Contrera\"><strong>Manuel Contrera<\/strong><\/a> en las teclas. Vamos a hacer las canciones de &#8220;<a href=\"https:\/\/cooltivarte.com\/portal\/?s=Casa+Rodante\"><strong>Casa Rodante<\/strong><\/a>&#8220;, algunas de &#8220;<strong>Anfibio<\/strong>&#8221; y tambi\u00e9n algunas m\u00fasicas nuevas que venimos cocinando para un pr\u00f3ximo disco.<\/p>\n<p>Tambi\u00e9n es la excusa para encontrarnos, porque es la banda pero tambi\u00e9n son hermanos de la vida y siempre es un festejo juntarnos.<\/p>\n<p><strong>\u00bfC\u00f3mo es que te surgen las ganas de cantar en un primer momento?<\/strong><\/p>\n<p>Bueno, uno siempre canta en situaciones, como los asados y eso. El canto es de todos los seres humanos. Eso es algo que tuve que reaprender. Porque hubo un momento en que yo mismo me censur\u00e9 para cantar. Creo que mi peor enemigo fui yo mismo, como nos pasa mucho a los seres humanos. Pero siempre sent\u00ed el disfrute de la sensaci\u00f3n f\u00edsica de cantar. A la vez, siempre mi mayor autocr\u00edtica fue con el canto. Que a la vez es algo que nos ocurre a todos. \u00bfViste que la primera vez que te sent\u00eds la voz grabada es terrible? Como hablaba con un amigo que es foniatra, cuando uno cambia la voz, en la adolescencia, uno trata de seguir dando la voz aguda que ten\u00e9s cuando sos ni\u00f1o, pero las cuerdas vocales se engrosaron. Y a m\u00ed me pas\u00f3 eso con el canto.<\/p>\n<p>Aunque al principio no cantaba en p\u00fablico, siempre compuse canciones cantadas. En un momento me di cuenta de que las hac\u00eda re agudas y me quedaban re tirantes. Claro, quer\u00eda mantener esa voz de los 12 o 13 a\u00f1os. Cuando encontr\u00e9 el guitarr\u00f3n fue alucinante porque con \u00e9l naturalmente baj\u00e1s todas las tonalidades.<\/p>\n<p>Tengo muchos recuerdos relativos al canto, por ejemplo, con la banda de <a href=\"https:\/\/cooltivarte.com\/portal\/?s=Jaime+Roos\"><strong>Jaime Roos<\/strong><\/a>. Antes de salir a tocar, siempre cant\u00e1bamos dos o tres murgas viejas en el camar\u00edn, como de camarader\u00eda. Y me acuerdo de estar cantando y sentir esa emoci\u00f3n, esa m\u00edstica incre\u00edble que se da al cantar. Tambi\u00e9n mi viejo sali\u00f3 en una murga de joven y conectaba mucho con todo eso y yo lo disfrutaba. Siempre sent\u00ed el disfrute y la profundidad de expresar con el canto&#8230; pero con demasiada autocr\u00edtica. Ahora, de a poquito, vengo bajando esa autocr\u00edtica y acept\u00e1ndome m\u00e1s.<\/p>\n<p><strong>Cuando compon\u00edas con letras, \u00bfno las cantabas? \u00bfLas cantaban otros?<\/strong><\/p>\n<p>Claro, o se las cantaba solo a mis amigos. De hecho en el segundo disco de Pepe Gonz\u00e1lez (&#8220;Febrero&#8221;), que yo ten\u00eda veinte a\u00f1os, canto en dos o tres temas. O sea que ya me estaba mandando alg\u00fan paso en este sentido, aunque como estaba muy mal con mi aceptaci\u00f3n, cant\u00e9 en los temas a medias con alg\u00fan amigo. Con los a\u00f1os, cantar se me fue volviendo una necesidad. Se trata de no renunciar a ciertos sue\u00f1os de uno. No se trataba de que fuera un \u00e9xito. Tambi\u00e9n por dar lo mejor de uno e ir mejorando. Aceptarse no es solo cuesti\u00f3n de ampliar tu aceptaci\u00f3n sino tambi\u00e9n de estudiar y mejorar tu performance.<\/p>\n<p><strong>En la Balzo, cuando cantaste en el <a href=\"https:\/\/cooltivarte.com\/portal\/respeto-y-veneracion-musical\/\">show<\/a> con <a href=\"https:\/\/cooltivarte.com\/portal\/?s=Juan+Pablo+Chapital\">Chapital<\/a>, llor\u00e9 de principio a fin de tu canci\u00f3n. Fue incre\u00edble el salto que diste con el canto en unos meses. \u00bfQu\u00e9 pas\u00f3 ah\u00ed?<\/strong><\/p>\n<p>Fui encontr\u00e1ndole el disfrute. Tambi\u00e9n fui aprendiendo algunas cosas, como por ejemplo a manejar el micr\u00f3fono. Adem\u00e1s pas\u00f3 que toqu\u00e9 tanto fondo que en un momento me dije: &#8220;Vo, si quiero tocar mis canciones, es ahora&#8221;. Te juro, hubo un momento en que pens\u00e9 en no cantar m\u00e1s.<\/p>\n<p><strong>\u00bfCu\u00e1l fue ese fondo?<\/strong><\/p>\n<p>Tristeza. Este a\u00f1o pasado fue muy fuerte para m\u00ed: separaci\u00f3n, mudanza, se muri\u00f3 mi abuela que era muy querida, y los cuarenta. Ahora voy a cumplir 44.<\/p>\n<p><strong>[Risas] Yo tengo 49&#8230; impresionan pero en verdad adentro no se sienten.<\/strong><\/p>\n<p>Claro, para nada. Y creo que es ahora, estamos en la flor de la edad [m\u00e1s risas] pero a veces caen fichas como &#8220;no tengo todo el tiempo que quiero para hacer algunas cosas&#8221;.<\/p>\n<p>Tambi\u00e9n durante muchos a\u00f1os tuve una contradicci\u00f3n muy extra\u00f1a: me daba cuenta de que necesitaba cantar mis canciones pero no sab\u00eda si iba a poder disfrutarlo.<\/p>\n<p><strong>Pero cuando cant\u00e1s solo en tu casa lo re disfrut\u00e1s, porque si no, ni se te ocurrir\u00eda.<\/strong><\/p>\n<p>S\u00ed, claro. Es eso.<\/p>\n<p><strong>\u00bfY cuando est\u00e1s en el escenario qu\u00e9 pasa?<\/strong><\/p>\n<p>Pah, pasan muchas cosas. Me hiciste acordar a la pel\u00edcula &#8220;Roma Amor&#8221;, de Woody Allen, en la que el loco canta bien en la ducha pero no en el escenario y le llevan una ducha al escenario. [Risas] Por ah\u00ed necesitar\u00eda eso, \u00a1una ducha! Hay que intentar hacerlo adentro, como una ducha interna.<\/p>\n<p>Tambi\u00e9n se aprende mucho de grandes maestros. Por ejemplo, tipos como <a href=\"https:\/\/cooltivarte.com\/portal\/?s=Mandrake\"><strong>Mandrake<\/strong><\/a>, que no son perfectos cantando pero a m\u00ed me encanta como canta. Tiene una soltura y a nivel de expresi\u00f3n es buen\u00edsimo. Lo prefiero a algunos cantantes s\u00faper t\u00e9cnicos que no te mueven nada.<\/p>\n<p><strong>\u00bfPodr\u00edas tomar algo de tu relaci\u00f3n con la guitarra y pasarlo a tu relaci\u00f3n con el canto?<\/strong><\/p>\n<p>Tremenda pregunta. \u00bfSab\u00e9s? Me di cuenta de algo que me sirvi\u00f3 para desbloquear. Vi un tributo a <a href=\"https:\/\/cooltivarte.com\/portal\/?s=Buscaglia\"><strong>Buscaglia<\/strong><\/a> que hicimos en la televisi\u00f3n, donde toqu\u00e9 dos temas de \u00e9l. Con la guitarra muy seguido agarro la melod\u00eda y cambio la m\u00e9trica, la hago a mi aire. Si vos la hac\u00e9s tuya, muchas limitaciones se desvanecen. Y eso es lo que estoy tratando de hacer. Tratar de hacer en la voz esa adaptaci\u00f3n que hago en la guitarra.<\/p>\n<p><strong>Cuando te veo con la guitarra, no parece que sean dos entidades. Son una sola. \u00bfVos lo viv\u00eds as\u00ed?<\/strong><\/p>\n<p>S\u00ed, por momentos lo vivo as\u00ed. La guitarra para m\u00ed es como parte de m\u00ed. Por ejemplo, cuando me siento algo desbalanceado, o enojado o triste, o re euf\u00f3rico, agarro la viola. Con un amigo brome\u00e1bamos con el concepto de &#8220;guitairbag&#8221;. Cuando te vas a dar contra algo, agarr\u00e1s la guitarra. Y s\u00ed&#8230; sin duda esa naturalidad que me pasa con la guitarra es completamente diferente con la voz. \u00bfViste que para dormir hay gente que cuenta ovejas? Yo sigo tocando la viola.<\/p>\n<p>Cuando logro eso mismo, esa conexi\u00f3n, con la voz me hace mucho bien. Es terap\u00e9utico, sanador.<\/p>\n<p>Con la viola me pasa que me voy. Con la voz me voy dando cuenta de peque\u00f1as cosas. En realidad lo importante termina siendo no estorbar. Es confiar y sin querer que te salga perfecto.<\/p>\n<p>Hay una pel\u00edcula alucinante, llamada &#8220;Contacto&#8221;. Una novela de Carl Sagan que la hicieron pel\u00edcula. A los tipos les llega un plano para hacer una nave espacial y como ven que no tiene asientos, le ponen a la mina, que es Jodie Foster, una silla con un cintur\u00f3n. Bueno, el cinto casi la mata. Es eso, a veces querer aferrarse, estar m\u00e1s seguro, es lo que m\u00e1s te obstaculiza.<\/p>\n<p><strong>Vos hablaste de tener \u00e9xito. \u00bfQu\u00e9 m\u00e1s \u00e9xito se puede pedir que el que ya ten\u00e9s vos con la m\u00fasica?<\/strong><\/p>\n<p>Estoy muy agradecido. Si a m\u00ed me hubieran dicho hace diez a\u00f1os que yo iba a tener dos discos m\u00edos e iba a poder tocar ahora en El Sol\u00eds con Rossana como dos propuestas de cancioneros, a la par, m\u00e1s all\u00e1 de que Rossana es una genia, que me lleva a\u00f1os luz en un mont\u00f3n de cosas&#8230; Para m\u00ed es alucinante.<\/p>\n<p>Porque est\u00e1 el falso \u00e9xito, que nos tratan de encajar en la cabeza: que ser exitoso es hacer guita con la m\u00fasica, o la cantidad de personas que te van a ver, que seas masivo. A m\u00ed me importa el respeto de mis amigos, de mis colegas y las devoluciones que he tenido de la gente. Estar logrando cosas de a poquito, cantando, me llena de felicidad. En ese sentido sin duda me siento exitoso.&nbsp; Y nunca trans\u00e9 ni transar\u00e9 con hacer m\u00fasica que no me gusta, porque me har\u00eda muy infeliz. Imaginate que lo peor que puede pasarte es meter un hit con algo que no te gusta. Ah\u00ed te arruin\u00e1s la vida, porque despu\u00e9s ten\u00e9s que volver a hacer esa f\u00f3rmula.<\/p>\n<p><strong>Esta canci\u00f3n que termina y uno la tiene que volver a poner: &#8220;Mapa Tesoro&#8221;. \u00bfDe qu\u00e9 habla?<\/strong><\/p>\n<p>En realidad est\u00e1 hecha para mi hijo y con mi hijo. \u00c9l me tir\u00f3 un par de frases y todo. La hice desde un lugar de mucha tristeza, que atravesaba en aquel momento. Y a la vez habla tambi\u00e9n de la amistad, de parejas, pero primordialmente de mi hijo. Cuando dice &#8220;el mapa que encontr\u00e9 se volvi\u00f3 tesoro, se fundi\u00f3 en el oro de los ojos que te vieron crecer&#8221; es para mi hijo. Y tambi\u00e9n es para uno mismo. Cuando te ves crecer. El premio de poder usar lo malo para crecer.<\/p>\n<p><strong>\u00bfY el viento?<\/strong><\/p>\n<p>Bueno, la b\u00fasqueda de las canciones como para poder transitar las tormentas. Dice &#8220;aprend\u00ed a escuchar la canci\u00f3n del viento, por necesidad, como respirar, y eso que escuch\u00e9 se volvi\u00f3 velero&#8221;&#8230; o sea, para poder surfar el tsunami. En un momento entend\u00ed que ven\u00eda por ah\u00ed, que yo inconscientemente tocaba para eso. Escuch\u00e9 canciones que hab\u00eda hecho antes y not\u00e9 eso. Como una canci\u00f3n que le hice a una casa querid\u00edsima en Atl\u00e1ntida, otras que le hice a amores. Y cuando lo ves as\u00ed, claro, pasa a ser una forma de vida.<\/p>\n<p>Es muy f\u00e1cil cuando pasa como nos pas\u00f3 a nosotros cuando empezamos a tocar con Jaime, que haya veinte lucas de gente, te arman la viola, los pedales&#8230; en parte empezamos as\u00ed. Y despu\u00e9s de haber vivido todo eso, vas a hacer lo tuyo y con suerte hay dos mesas. Entonces te plante\u00e1s por qu\u00e9 toc\u00e1s. Y a la vez, la satisfacci\u00f3n es muy grande a medida que vas logrando que a alguien le guste un tema tuyo o que se acerque m\u00e1s gente a tus toques.<\/p>\n<p><strong>\u00bfY qu\u00e9 hay de tocar en el exterior?<\/strong><\/p>\n<p>Bueno, ahora estamos movi\u00e9ndonos un poco en ese sentido. Incluso aprovechar que la imagen internacional de Uruguay ha cambiado mucho, en forma positiva (algo para reconocerles a los gobiernos del Frente, inclusive tambi\u00e9n al Maestro Tab\u00e1rez). Pero tambi\u00e9n generar cosas desde ac\u00e1.<\/p>\n<p>En la \u00e9poca de Fito tambi\u00e9n era muy tentador quedarme all\u00e1. Sin embargo, me gusta vivir ac\u00e1.<\/p>\n<p><strong>\u00bfC\u00f3mo fue que <a href=\"https:\/\/cooltivarte.com\/portal\/?s=Fito+P\u00e1ez\">Fito P\u00e1ez<\/a> te llam\u00f3 para tocar con \u00e9l? Vos eras un chiquil\u00edn.<\/strong><\/p>\n<p>Surreal. Fue en el 99 y 2000. Ten\u00eda 24, 25 a\u00f1os. Claro, ah\u00ed yo me hab\u00eda ido a la casa de Mart\u00edn, que viv\u00eda en Holanda. Me llam\u00f3 el manager de Fito a la casa de Mart\u00edn. Cre\u00ed que era joda. En un momento me pas\u00f3 con Fito, que me tir\u00f3 terrible onda. Para m\u00ed era como un sue\u00f1o; no pod\u00eda entender.<\/p>\n<p>En aquel momento Fito era zarpado. Justo despu\u00e9s de &#8220;Euforia&#8221;. \u00c9l hab\u00eda sacado &#8220;El Amor despu\u00e9s del Amor&#8221;, &#8220;Circo Beat&#8221; y &#8220;Euforia&#8221;, que son los dos discos m\u00e1s zarpados de Fito. Y el tercero, que fue una recopilaci\u00f3n en vivo de todo. Yo toqu\u00e9 en las presentaciones en vivo de los dos discos siguientes: &#8220;Abre&#8221; y &#8220;Rey Sol&#8221;. En estudio grab\u00e9 en 9 temas del disco &#8220;Mi vida con ellas&#8221;. Fueron dos a\u00f1os incre\u00edbles.<\/p>\n<p><strong>\u00bfY Mart\u00edn?<\/strong><\/p>\n<p>Mart\u00edn hizo los \u00faltimos 15 shows, en el 2000. Ah\u00ed fue cuando Fito se abri\u00f3 de la m\u00fasica unos meses y nos volvimos a tocar ac\u00e1, con Jaime y dem\u00e1s. Pero fue incre\u00edble todo. Conocer a Guillermo Vadal\u00e1, Claudio Cardone (que tocaba tambi\u00e9n con Spinetta) y trabajar as\u00ed, como en primera, en Argentina. Tremenda experiencia.<\/p>\n<p><strong>\u00bfCu\u00e1nto p\u00fablico hab\u00eda en los shows?<\/strong><\/p>\n<p>El m\u00e1s zarpado que recuerdo fueron 120.000 personas. Adem\u00e1s Fito de locatario, en Rosario. Era todo como muy delirante.<\/p>\n<p>Hoy me siento muy identificado con la cosa m\u00e1s artesanal, de autogesti\u00f3n. Porque esas giras son muy impersonales. Inclusive toqu\u00e9 en muchas ciudades que no pude conocer. Ahora, en las giras de autogesti\u00f3n, vas y compart\u00eds. Siempre hac\u00e9s talleres, te qued\u00e1s en la casa de la gente, cocin\u00e1s con ellos, te reciben con otro cari\u00f1o, y eso \u00a1sab\u00e9s c\u00f3mo te alimenta! Obviamente tratando de cobrar lo que uno merece pero para m\u00ed ahora eso tiene m\u00e1s sentido que los contratos.<\/p>\n<p><strong>[Se hace el primer breve silencio en una hora de conversaci\u00f3n&#8230; y Nico retoma una idea sobre el show del Sol\u00eds]<\/strong><\/p>\n<p>Con respecto a este show, que vamos a hacer en El Sol\u00eds, me gustar\u00eda aclararte que es un show de la banda de Rossana y de mi banda. Alg\u00fan tema vamos a hacer juntos tambi\u00e9n pero la idea es que toquen las dos bandas.<\/p>\n<p>[La banda de <a href=\"https:\/\/cooltivarte.com\/portal\/?s=Rossana+Taddei\"><strong>Rossana Taddei<\/strong><\/a> en esta oportunidad estar\u00e1 integrada por <a href=\"https:\/\/cooltivarte.com\/portal\/?s=Gustavo+Etchenique\"><strong>Gustavo Etchenique<\/strong><\/a>, <a href=\"https:\/\/cooltivarte.com\/portal\/?s=Santiago+Montoro\"><strong>Santiago Montoro<\/strong><\/a>, <a href=\"https:\/\/cooltivarte.com\/portal\/?s=Alejandro+Moya\"><strong>Alejandro Moya<\/strong><\/a> y <a href=\"https:\/\/cooltivarte.com\/portal\/?s=Gast\u00f3n+Ackermann\"><strong>Gast\u00f3n Ackermann<\/strong><\/a>, y presentar\u00e1n el trabajo &#8220;<a href=\"https:\/\/cooltivarte.com\/portal\/?s=Cuerpo+El\u00e9ctrico\"><strong>Cuerpo El\u00e9ctrico<\/strong><\/a>&#8220;]<strong><br \/>\n<\/strong><br \/>\n<strong>\u00bfTocar\u00e1n una banda primero y luego la otra o un poco y un poco?<\/strong><\/p>\n<p>Bueno&#8230; en realidad tuvimos una pelea porque los dos quer\u00edamos tocar primero [risas]. Al rev\u00e9s de siempre, \u00bfno? Es que para m\u00ed Rossana es alucinante. Tiene una conecta tremenda con la gente. \u00a1C\u00f3mo la hace cantar! Y con el Cheche, que es una hermosura verlos juntos. Un superpoder, porque es el amor y la m\u00fasica en su m\u00e1ximo esplendor. Cheche, que es uno de los mejores bateristas de la historia&#8230;<\/p>\n<p><strong>Bueno, vos tambi\u00e9n ten\u00e9s a uno de los mejores bateristas de la historia.<\/strong><\/p>\n<p>\u00a1Que fue alumno de Cheche! Yo no me puedo quejar [se r\u00ede]. Ando flojito de batero.<\/p>\n<p><strong>\u00bfPuedo hacerte otra pregunta con respecto a la guitarra?<\/strong><\/p>\n<p>S\u00ed, claro.<\/p>\n<p><strong>Cuando est\u00e1s tocando uno de esos solos que desarman el alma. Ah\u00ed algo ten\u00e9s que pensar, \u00bfno? Pero&#8230; \u00bfest\u00e1s pensando o no est\u00e1s pensando?<\/strong><\/p>\n<p>Buena pregunta. Son como momentos. Yo puedo, por un tema de oficio y de muchos a\u00f1os de tocar, tocar un solo que est\u00e9 m\u00e1s o menos bueno sin estar re colocado. Pero hay veces que logro otra cosa, que es como un viaje astral. Y ahora me doy cuenta de las cosas que me llevan ah\u00ed. Por ejemplo, hacer una especie de di\u00e1logo conmigo mismo. Tocar una frase y contestar esa frase yo mismo.<\/p>\n<p>O cuando estoy en ese coloque, que no es siempre, a veces veo im\u00e1genes. Por suerte cada vez s\u00e9 mejor c\u00f3mo llegar. Es con el sentido mel\u00f3dico. Lo que me lleva ah\u00ed es escuchar a los dem\u00e1s instrumentos, estar conectado en esa sinton\u00eda, y viajar.<\/p>\n<p><strong>\u00bfQu\u00e9 tipo de im\u00e1genes ves?<\/strong><\/p>\n<p>A veces veo como los dibujos de la viola [hace gestos como que est\u00e1 tocando] pero como proyectados en colores, o en otras cosas.<\/p>\n<p><strong>\u00bfEn serio? [asombro de mi parte]<\/strong><\/p>\n<p>[Se r\u00ede]. Bueno, debo reconocer que fumo bastante tambi\u00e9n [se r\u00ede m\u00e1s].<\/p>\n<p><strong>\u00bfFumar para vos es necesario?<\/strong><\/p>\n<p>No, no es imprescindible. Es como un aliado en algunas situaciones. Por ejemplo, fuimos a tocar a La C\u00fapula de La Tahona, que es una c\u00fapula de barro. Ah\u00ed ten\u00e9s que entrar descalzo, se toca ac\u00fastico, no hay amplificaci\u00f3n, y ven\u00edamos de un d\u00eda en que hab\u00edamos hecho meditaci\u00f3n y para m\u00ed fue un viaje incre\u00edble, sin haber fumado nada. Pero cuando est\u00e1s tocando en un boliche en el que prenden la licuadora&#8230; son sistemas para amortiguar.<\/p>\n<p><strong>\u00bfLos m\u00fasicos se conectan con un sentido diferente a los cinco?<\/strong><\/p>\n<p>S\u00ed, yo creo que la m\u00fasica es una de las pruebas de que existe la telepat\u00eda. Obviamente en Occidente, con todo el escepticismo hemos retrocedido en ese tipo de potencialidades que hay en el ser humano. Cuando podemos cortar un poco el ego, el \u00bfqu\u00e9 piensan de m\u00ed?, \u00bfqu\u00e9 pienso de lo que piensan de m\u00ed?, si te pod\u00e9s alinear, afloran cosas que uno ni se imagina.<\/p>\n<p><strong>Y ah\u00ed el que te est\u00e1 escuchando se muere, porque si vos te conect\u00e1s, pod\u00e9s ayudar al que escucha a conectarse tambi\u00e9n.<\/strong><\/p>\n<p>Fa, s\u00ed, lo que pasa con la m\u00fasica en ese sentido es muy fuerte. La m\u00fasica no es para entenderla, es para sentirla.<\/p>\n<p>&nbsp;<\/p>\n","protected":false},"excerpt":{"rendered":"<p>En el Teatro Sol\u00eds, el 9 de febrero 2019, a las 20:00 horas, en el marco de &#8220;MVD de las Artes, del Programa Fortalecimiento de las Artes del Departamento de Cultura&#8221;, en coordinaci\u00f3n con la Asociaci\u00f3n Uruguaya de M\u00fasicos (AUDEM) y el Sindicato de M\u00fasicos y Afines (Agremyarte), se presentar\u00e1 el show: Nicol\u00e1s Ibarburu &#038; Rossana Taddei. La curiosidad sobre este espect\u00e1culo fue el disparador de esta conversaci\u00f3n, con uno de los m\u00fasicos m\u00e1s maravillosos que tiene este bendito pa\u00eds: el gran Nicol\u00e1s Ibarburu.<\/p>\n","protected":false},"author":53,"featured_media":45307,"comment_status":"closed","ping_status":"closed","sticky":false,"template":"","format":"standard","meta":{"om_disable_all_campaigns":false,"ngg_post_thumbnail":0,"jnews-multi-image_gallery":[],"jnews_single_post":{"subtitle":"","format":"standard","video":"","gallery":"","source_name":"","source_url":"","via_name":"","via_url":"","override_template":"0","override":[{"template":"1","single_blog_custom":"","parallax":"1","fullscreen":"1","layout":"right-sidebar","sidebar":"default-sidebar","second_sidebar":"default-sidebar","sticky_sidebar":"1","share_position":"top","share_float_style":"share-monocrhome","show_share_counter":"1","show_view_counter":"1","show_featured":"1","show_post_meta":"1","show_post_author":"1","show_post_author_image":"1","show_post_date":"1","post_date_format":"default","post_date_format_custom":"Y\/m\/d","show_post_category":"1","show_post_reading_time":"0","post_reading_time_wpm":"300","show_zoom_button":"0","zoom_button_out_step":"2","zoom_button_in_step":"3","show_post_tag":"1","show_prev_next_post":"1","show_popup_post":"1","number_popup_post":"1","show_author_box":"0","show_post_related":"0","show_inline_post_related":"0"}],"override_image_size":"0","image_override":[{"single_post_thumbnail_size":"crop-500","single_post_gallery_size":"crop-500"}],"trending_post":"0","trending_post_position":"meta","trending_post_label":"Trending","sponsored_post":"0","sponsored_post_label":"Sponsored by","sponsored_post_name":"","sponsored_post_url":"","sponsored_post_logo_enable":"0","sponsored_post_logo":"","sponsored_post_desc":"","disable_ad":"0"},"jnews_primary_category":{"id":"","hide":""},"jnews_social_meta":{"fb_title":"","fb_description":"","fb_image":"","twitter_title":"","twitter_description":"","twitter_image":""},"jnews_override_counter":{"override_view_counter":"0","view_counter_number":"0","override_share_counter":"0","share_counter_number":"0","override_like_counter":"0","like_counter_number":"0","override_dislike_counter":"0","dislike_counter_number":"0"},"footnotes":""},"categories":[59],"tags":[6875,4986,4462,2831,4470,2706,3154,1539,3664],"class_list":["post-45299","post","type-post","status-publish","format-standard","has-post-thumbnail","hentry","category-musicos","tag-alejandro-moya","tag-fernando-pomo-vera","tag-gaston-ackermann","tag-gustavo-etchenique","tag-manuel-contrera","tag-martin-ibarburu","tag-nicolas-ibarburu","tag-rossana-taddei","tag-santiago-montoro"],"yoast_head":"<!-- This site is optimized with the Yoast SEO plugin v27.5 - https:\/\/yoast.com\/product\/yoast-seo-wordpress\/ -->\n<title>&quot;La m\u00fasica no es para entenderla, es para sentirla&quot;. Entrevista a Nicol\u00e1s Ibarburu. - Cooltivarte Portal<\/title>\n<meta name=\"description\" content=\"En el Teatro Sol\u00eds, el 9 de febrero 2019, a las 20:00 horas, en el marco de &quot;MVD de las Artes, del Programa Fortalecimiento de las Artes del Departamento de Cultura&quot;, en coordinaci\u00f3n con la Asociaci\u00f3n Uruguaya de M\u00fasicos (AUDEM) y el Sindicato de M\u00fasicos y Afines (Agremyarte), se presentar\u00e1 el show: Nicol\u00e1s Ibarburu &amp; Rossana Taddei.\" \/>\n<meta name=\"robots\" content=\"index, follow, max-snippet:-1, max-image-preview:large, max-video-preview:-1\" \/>\n<link rel=\"canonical\" href=\"https:\/\/cooltivarte.com\/portal\/nicolas-ibarburu-entrevista-feb-19\/\" \/>\n<meta property=\"og:locale\" content=\"es_ES\" \/>\n<meta property=\"og:type\" content=\"article\" \/>\n<meta property=\"og:title\" content=\"&quot;La m\u00fasica no es para entenderla, es para sentirla&quot;. Entrevista a Nicol\u00e1s Ibarburu. - Cooltivarte Portal\" \/>\n<meta property=\"og:description\" content=\"En el Teatro Sol\u00eds, el 9 de febrero 2019, a las 20:00 horas, en el marco de &quot;MVD de las Artes, del Programa Fortalecimiento de las Artes del Departamento de Cultura&quot;, en coordinaci\u00f3n con la Asociaci\u00f3n Uruguaya de M\u00fasicos (AUDEM) y el Sindicato de M\u00fasicos y Afines (Agremyarte), se presentar\u00e1 el show: Nicol\u00e1s Ibarburu &amp; Rossana Taddei.\" \/>\n<meta property=\"og:url\" content=\"https:\/\/cooltivarte.com\/portal\/nicolas-ibarburu-entrevista-feb-19\/\" \/>\n<meta property=\"og:site_name\" content=\"Cooltivarte Portal\" \/>\n<meta property=\"article:publisher\" content=\"https:\/\/www.facebook.com\/cooltivartecom\/\" \/>\n<meta property=\"article:author\" content=\"https:\/\/www.facebook.com\/luna.llena.568294\" \/>\n<meta property=\"article:published_time\" content=\"2019-02-02T00:44:49+00:00\" \/>\n<meta property=\"article:modified_time\" content=\"2024-06-20T16:14:26+00:00\" \/>\n<meta property=\"og:image\" content=\"https:\/\/cooltivarte.com\/portal\/wp-content\/uploads\/2019\/02\/Con-Nico-1-1.jpg\" \/>\n\t<meta property=\"og:image:width\" content=\"1024\" \/>\n\t<meta property=\"og:image:height\" content=\"675\" \/>\n\t<meta property=\"og:image:type\" content=\"image\/jpeg\" \/>\n<meta name=\"author\" content=\"Patricia Schiavone\" \/>\n<meta name=\"twitter:card\" content=\"summary_large_image\" \/>\n<meta name=\"twitter:creator\" content=\"@https:\/\/x.com\/obolocultural\" \/>\n<meta name=\"twitter:site\" content=\"@obolocultural\" \/>\n<meta name=\"twitter:label1\" content=\"Escrito por\" \/>\n\t<meta name=\"twitter:data1\" content=\"Patricia Schiavone\" \/>\n\t<meta name=\"twitter:label2\" content=\"Tiempo de lectura\" \/>\n\t<meta name=\"twitter:data2\" content=\"14 minutos\" \/>\n<!-- \/ Yoast SEO plugin. -->","yoast_head_json":{"title":"\"La m\u00fasica no es para entenderla, es para sentirla\". Entrevista a Nicol\u00e1s Ibarburu. - Cooltivarte Portal","description":"En el Teatro Sol\u00eds, el 9 de febrero 2019, a las 20:00 horas, en el marco de \"MVD de las Artes, del Programa Fortalecimiento de las Artes del Departamento de Cultura\", en coordinaci\u00f3n con la Asociaci\u00f3n Uruguaya de M\u00fasicos (AUDEM) y el Sindicato de M\u00fasicos y Afines (Agremyarte), se presentar\u00e1 el show: Nicol\u00e1s Ibarburu & Rossana Taddei.","robots":{"index":"index","follow":"follow","max-snippet":"max-snippet:-1","max-image-preview":"max-image-preview:large","max-video-preview":"max-video-preview:-1"},"canonical":"https:\/\/cooltivarte.com\/portal\/nicolas-ibarburu-entrevista-feb-19\/","og_locale":"es_ES","og_type":"article","og_title":"\"La m\u00fasica no es para entenderla, es para sentirla\". Entrevista a Nicol\u00e1s Ibarburu. - Cooltivarte Portal","og_description":"En el Teatro Sol\u00eds, el 9 de febrero 2019, a las 20:00 horas, en el marco de \"MVD de las Artes, del Programa Fortalecimiento de las Artes del Departamento de Cultura\", en coordinaci\u00f3n con la Asociaci\u00f3n Uruguaya de M\u00fasicos (AUDEM) y el Sindicato de M\u00fasicos y Afines (Agremyarte), se presentar\u00e1 el show: Nicol\u00e1s Ibarburu & Rossana Taddei.","og_url":"https:\/\/cooltivarte.com\/portal\/nicolas-ibarburu-entrevista-feb-19\/","og_site_name":"Cooltivarte Portal","article_publisher":"https:\/\/www.facebook.com\/cooltivartecom\/","article_author":"https:\/\/www.facebook.com\/luna.llena.568294","article_published_time":"2019-02-02T00:44:49+00:00","article_modified_time":"2024-06-20T16:14:26+00:00","og_image":[{"width":1024,"height":675,"url":"https:\/\/cooltivarte.com\/portal\/wp-content\/uploads\/2019\/02\/Con-Nico-1-1.jpg","type":"image\/jpeg"}],"author":"Patricia Schiavone","twitter_card":"summary_large_image","twitter_creator":"@https:\/\/x.com\/obolocultural","twitter_site":"@obolocultural","twitter_misc":{"Escrito por":"Patricia Schiavone","Tiempo de lectura":"14 minutos"},"schema":{"@context":"https:\/\/schema.org","@graph":[{"@type":"NewsArticle","@id":"https:\/\/cooltivarte.com\/portal\/nicolas-ibarburu-entrevista-feb-19\/#article","isPartOf":{"@id":"https:\/\/cooltivarte.com\/portal\/nicolas-ibarburu-entrevista-feb-19\/"},"author":{"name":"Patricia Schiavone","@id":"https:\/\/cooltivarte.com\/portal\/#\/schema\/person\/564b71fe2867b0e25bd5608c1a6695b8"},"headline":"&#8220;La m\u00fasica no es para entenderla, es para sentirla&#8221;. Entrevista a Nicol\u00e1s Ibarburu.","datePublished":"2019-02-02T00:44:49+00:00","dateModified":"2024-06-20T16:14:26+00:00","mainEntityOfPage":{"@id":"https:\/\/cooltivarte.com\/portal\/nicolas-ibarburu-entrevista-feb-19\/"},"wordCount":3145,"publisher":{"@id":"https:\/\/cooltivarte.com\/portal\/#organization"},"image":{"@id":"https:\/\/cooltivarte.com\/portal\/nicolas-ibarburu-entrevista-feb-19\/#primaryimage"},"thumbnailUrl":"https:\/\/cooltivarte.com\/portal\/wp-content\/uploads\/2019\/02\/Con-Nico-1-1.jpg","keywords":["Alejandro Moya","Fernando Pomo Vera","Gast\u00f3n Ackermann","Gustavo Etchenique","Manuel Contrera","Mart\u00edn Ibarburu","Nicol\u00e1s Ibarburu","Rossana Taddei","Santiago Montoro"],"articleSection":["M\u00fasica"],"inLanguage":"es-AR"},{"@type":"WebPage","@id":"https:\/\/cooltivarte.com\/portal\/nicolas-ibarburu-entrevista-feb-19\/","url":"https:\/\/cooltivarte.com\/portal\/nicolas-ibarburu-entrevista-feb-19\/","name":"\"La m\u00fasica no es para entenderla, es para sentirla\". Entrevista a Nicol\u00e1s Ibarburu. - Cooltivarte Portal","isPartOf":{"@id":"https:\/\/cooltivarte.com\/portal\/#website"},"primaryImageOfPage":{"@id":"https:\/\/cooltivarte.com\/portal\/nicolas-ibarburu-entrevista-feb-19\/#primaryimage"},"image":{"@id":"https:\/\/cooltivarte.com\/portal\/nicolas-ibarburu-entrevista-feb-19\/#primaryimage"},"thumbnailUrl":"https:\/\/cooltivarte.com\/portal\/wp-content\/uploads\/2019\/02\/Con-Nico-1-1.jpg","datePublished":"2019-02-02T00:44:49+00:00","dateModified":"2024-06-20T16:14:26+00:00","description":"En el Teatro Sol\u00eds, el 9 de febrero 2019, a las 20:00 horas, en el marco de \"MVD de las Artes, del Programa Fortalecimiento de las Artes del Departamento de Cultura\", en coordinaci\u00f3n con la Asociaci\u00f3n Uruguaya de M\u00fasicos (AUDEM) y el Sindicato de M\u00fasicos y Afines (Agremyarte), se presentar\u00e1 el show: Nicol\u00e1s Ibarburu & Rossana Taddei.","breadcrumb":{"@id":"https:\/\/cooltivarte.com\/portal\/nicolas-ibarburu-entrevista-feb-19\/#breadcrumb"},"inLanguage":"es-AR","potentialAction":[{"@type":"ReadAction","target":["https:\/\/cooltivarte.com\/portal\/nicolas-ibarburu-entrevista-feb-19\/"]}]},{"@type":"ImageObject","inLanguage":"es-AR","@id":"https:\/\/cooltivarte.com\/portal\/nicolas-ibarburu-entrevista-feb-19\/#primaryimage","url":"https:\/\/cooltivarte.com\/portal\/wp-content\/uploads\/2019\/02\/Con-Nico-1-1.jpg","contentUrl":"https:\/\/cooltivarte.com\/portal\/wp-content\/uploads\/2019\/02\/Con-Nico-1-1.jpg","width":1024,"height":675,"caption":"entrevista-Nico-Ibarburu-por-Patricia-Schiavone.jpg"},{"@type":"BreadcrumbList","@id":"https:\/\/cooltivarte.com\/portal\/nicolas-ibarburu-entrevista-feb-19\/#breadcrumb","itemListElement":[{"@type":"ListItem","position":1,"name":"Portada","item":"https:\/\/cooltivarte.com\/portal\/"},{"@type":"ListItem","position":2,"name":"\u00abLa m\u00fasica no es para entenderla, es para sentirla\u00bb. Entrevista a Nicol\u00e1s Ibarburu."}]},{"@type":"WebSite","@id":"https:\/\/cooltivarte.com\/portal\/#website","url":"https:\/\/cooltivarte.com\/portal\/","name":"Cooltivarte Portal","description":"Arte, cultura y turismo para el mundo ...","publisher":{"@id":"https:\/\/cooltivarte.com\/portal\/#organization"},"potentialAction":[{"@type":"SearchAction","target":{"@type":"EntryPoint","urlTemplate":"https:\/\/cooltivarte.com\/portal\/?s={search_term_string}"},"query-input":{"@type":"PropertyValueSpecification","valueRequired":true,"valueName":"search_term_string"}}],"inLanguage":"es-AR"},{"@type":"Organization","@id":"https:\/\/cooltivarte.com\/portal\/#organization","name":"cooltivarte","url":"https:\/\/cooltivarte.com\/portal\/","logo":{"@type":"ImageObject","inLanguage":"es-AR","@id":"https:\/\/cooltivarte.com\/portal\/#\/schema\/logo\/image\/","url":"https:\/\/cooltivarte.com\/portal\/wp-content\/uploads\/2020\/04\/logo-cooltivarte-v2.png","contentUrl":"https:\/\/cooltivarte.com\/portal\/wp-content\/uploads\/2020\/04\/logo-cooltivarte-v2.png","width":851,"height":243,"caption":"cooltivarte"},"image":{"@id":"https:\/\/cooltivarte.com\/portal\/#\/schema\/logo\/image\/"},"sameAs":["https:\/\/www.facebook.com\/cooltivartecom\/","https:\/\/x.com\/obolocultural","https:\/\/www.instagram.com\/_cooltivarte_\/","https:\/\/www.linkedin.com\/company\/-bolocultural?reportsuccess=8zaNG1HwhPbAR9iQhZ5rfGeqz_vQFftHun0ZWU0Wy9vNemRJ8vtcKdJvzQfW8XagyOJSKg0XvfJ1dp","https:\/\/www.pinterest.com\/cooltivarte\/","https:\/\/cooltivarte.tumblr.com\/","https:\/\/www.tiktok.com\/@cooltivarte","https:\/\/www.youtube.com\/@PrensaCooltivarte"]},{"@type":"Person","@id":"https:\/\/cooltivarte.com\/portal\/#\/schema\/person\/564b71fe2867b0e25bd5608c1a6695b8","name":"Patricia Schiavone","image":{"@type":"ImageObject","inLanguage":"es-AR","@id":"https:\/\/cooltivarte.com\/portal\/wp-content\/uploads\/2019\/05\/1-120x120.jpg","url":"https:\/\/cooltivarte.com\/portal\/wp-content\/uploads\/2019\/05\/1-120x120.jpg","contentUrl":"https:\/\/cooltivarte.com\/portal\/wp-content\/uploads\/2019\/05\/1-120x120.jpg","caption":"Patricia Schiavone"},"description":"Patricia Schiavone es Coach Personal, Practicante e Instructora de Reiki y amante de la m\u00fasica. Su p\u00e1gina de facebook: @sersentiryhacer y su sitio web:","sameAs":["https:\/\/atresillado.wordpress.com\/","https:\/\/www.facebook.com\/luna.llena.568294","https:\/\/www.instagram.com\/_cooltivarte_\/","https:\/\/www.linkedin.com\/company\/-bolocultural","https:\/\/www.pinterest.com\/cooltivarte","https:\/\/x.com\/https:\/\/x.com\/obolocultural","https:\/\/www.youtube.com\/@PrensaCooltivarte","https:\/\/www.tumblr.com\/blog\/cooltivarte"],"url":"https:\/\/cooltivarte.com\/portal\/author\/patricia-schiavone\/"}]}},"_links":{"self":[{"href":"https:\/\/cooltivarte.com\/portal\/wp-json\/wp\/v2\/posts\/45299","targetHints":{"allow":["GET"]}}],"collection":[{"href":"https:\/\/cooltivarte.com\/portal\/wp-json\/wp\/v2\/posts"}],"about":[{"href":"https:\/\/cooltivarte.com\/portal\/wp-json\/wp\/v2\/types\/post"}],"author":[{"embeddable":true,"href":"https:\/\/cooltivarte.com\/portal\/wp-json\/wp\/v2\/users\/53"}],"replies":[{"embeddable":true,"href":"https:\/\/cooltivarte.com\/portal\/wp-json\/wp\/v2\/comments?post=45299"}],"version-history":[{"count":9,"href":"https:\/\/cooltivarte.com\/portal\/wp-json\/wp\/v2\/posts\/45299\/revisions"}],"predecessor-version":[{"id":104115,"href":"https:\/\/cooltivarte.com\/portal\/wp-json\/wp\/v2\/posts\/45299\/revisions\/104115"}],"wp:featuredmedia":[{"embeddable":true,"href":"https:\/\/cooltivarte.com\/portal\/wp-json\/wp\/v2\/media\/45307"}],"wp:attachment":[{"href":"https:\/\/cooltivarte.com\/portal\/wp-json\/wp\/v2\/media?parent=45299"}],"wp:term":[{"taxonomy":"category","embeddable":true,"href":"https:\/\/cooltivarte.com\/portal\/wp-json\/wp\/v2\/categories?post=45299"},{"taxonomy":"post_tag","embeddable":true,"href":"https:\/\/cooltivarte.com\/portal\/wp-json\/wp\/v2\/tags?post=45299"}],"curies":[{"name":"wp","href":"https:\/\/api.w.org\/{rel}","templated":true}]}}