{"id":45122,"date":"2019-01-23T18:55:39","date_gmt":"2019-01-23T21:55:39","guid":{"rendered":"http:\/\/cooltivarte.com\/portal\/?p=45122"},"modified":"2019-06-07T19:24:04","modified_gmt":"2019-06-07T22:24:04","slug":"el-relato-breve-en-la-nueva-literatura-uruguaya","status":"publish","type":"post","link":"https:\/\/cooltivarte.com\/portal\/el-relato-breve-en-la-nueva-literatura-uruguaya\/","title":{"rendered":"El relato breve en la nueva literatura uruguaya"},"content":{"rendered":"<p>Si cabe hacer una distinci\u00f3n entre lo que algunos llaman la nueva narrativa uruguaya y aquella que le precedi\u00f3, puede que esta tenga que ver con la extensi\u00f3n. Una caracter\u00edstica clara que unifica a los escritores j\u00f3venes de Uruguay y del resto de Iberoam\u00e9rica, parece ser la elecci\u00f3n del texto corto -cuento o novela- donde se condensan temas variados, personajes dis\u00edmiles y dicciones diversas. No hay espacio a la gran novela que, por el contrario, parece ser un g\u00e9nero de otra \u00e9poca que poco interesa a los nuevos referentes de las letras. En la Posmodernidad no hay espacio para el espacio y se dice poco pero con precisi\u00f3n, sin ahondar en derroteros in\u00fatiles.<\/p>\n<p>En las \u00faltimas dos d\u00e9cadas, han aparecido algunos libros de relatos de particular inter\u00e9s que demuestran la vitalidad de un g\u00e9nero que viene cobrando, hace tiempo, una importancia casi perdida. Por un lado, las editoriales se proponen publicar libros de cuentos, por el otro los lectores encuentran en esa lectura r\u00e1pida una forma de acercamiento a lo mejor de la narrativa actual. La tercera punta del tri\u00e1ngulo, el escritor, se suma al inter\u00e9s de narrar en pocas l\u00edneas las historias que deben ser contadas.<\/p>\n<p>Los autores de los a\u00f1os 90, los m\u00e1s rebeldes y contraculturales, han dejado en esta \u00faltima d\u00e9cada, algunos libros destacables. Pero tambi\u00e9n otros, los que comenzaron a publicar luego del cambio de siglo, han contribuido a llenar la escena narrativa.<\/p>\n<p>En <em>Ratas<\/em> (Criatura Editora, 2012), <strong>Lalo Barrubia<\/strong> re\u00fane una docena de cuentos que como anuncia la simbolog\u00eda del t\u00edtulo, se centran en el desencanto, la miseria y la angustia de cierto realismo sucio a la uruguaya. Hay tres temas que se repiten a lo largo de todo el libro: \u201cla violencia, el abandono y la decadencia\u201d, como advierte la contratapa. De una manera o de otra, las historias giran en torno a esas formas de deshumanizaci\u00f3n.<\/p>\n<p><em>Lava<\/em> (Estuario, 2013), de <strong>Daniel Mella<\/strong>, re\u00fane por primera vez un par de cuentos y vuelve a demostrar la gran t\u00e9cnica narrativa de su autor. M\u00e1s interesado por los personajes y los hechos que por el desenlace, los relatos de <em>Lava<\/em> se cierran justo cuando el lector est\u00e1 m\u00e1s atrapado en la historia, otorg\u00e1ndole al narrador un poder inusitado, casi ego\u00edsta. All\u00ed est\u00e1n las im\u00e1genes, las sensaciones, los encuadres que Mella maneja en su obra. Tambi\u00e9n est\u00e1n sus temas de siempre: los enamoramientos juveniles, los v\u00ednculos con los padres, las relaciones fraternales.<\/p>\n<p>Ese mismo a\u00f1o, <strong>Horacio Cavallo<\/strong> publica <em>El silencio de los p\u00e1jaros <\/em>(Alter Ediciones), antolog\u00eda de siete relatos en los que el autor retoma algunos temas de sus anteriores libros aunque con ciertas displicencias. Nuevamente est\u00e1 la familia (seguramente el tema m\u00e1s recurrente en su obra), en todas sus variantes: hijos, padres, hermanos, primos, parejas. Como en casi todo lo que escribe, en estos cuentos hay una veta de crueldad siniestra escondida tras las historias aparentemente simples de los personajes. El lector tiene la sensaci\u00f3n de que en cualquier momento, el monstruo va a salir del armario y se lo comer\u00e1 todo, pero Cavallo se contiene y maneja con maestr\u00eda las tentaciones del exceso.<\/p>\n<p>Otro escritor con el que la obra de Cavallo tiene ciertas similitudes es <strong>\u00c1lvaro Lema Mosca<\/strong>, cuyo libro <em>Las heridas me las hice yo<\/em> (Caligrama, 2016), es una muestra de su versatilidad. Reunidos en torno a las distintas caras del miedo, los cuentos son dispares en estilo, en t\u00e9cnica pero no en tem\u00e1tica. All\u00ed est\u00e1n todos los fantasmas del \u201cescribiente\u201d: el pueblo sobre el que gira la mayor parte de sus historias, la violencia, las viejas misteriosas, la locura. Entre el primer y el \u00faltimo relato pasa un universo entero y al terminar el libro uno tiene la sensaci\u00f3n de que conoce a los personajes y sus vidas hace largo rato.<\/p>\n<p>Ese 2016 fue el a\u00f1o en el que se public\u00f3 <em>No so\u00f1ar\u00e1s flores<\/em> (Laguna Libros), de la multipremiada <strong>Fernanda Tr\u00edas<\/strong>, una s\u00edntesis de los mundos ficcionales de la autora. Con esos ocho relatos, Tr\u00edas teje los elementos de una narrativa propia que se despoja de toda articulaci\u00f3n anterior y sin embargo, resume todo aquello que se espera de un escritor latinoamericano contempor\u00e1neo: la sensibilidad, lo siniestro, la sensualidad, la miseria y el desprop\u00f3sito.<\/p>\n<p>Por su parte, <em>La lluvia sobre el muladar<\/em> (Estuario, 2017), ense\u00f1a a un <strong>Mart\u00edn Bentancor<\/strong> convertido absolutamente en un orfebre de la palabra. Escritos a lo largo de quince a\u00f1os, varios de los cuentos fueron publicados previamente en medios de prensa o antolog\u00edas, y condensan la mugre propia del muladar con la belleza cristalina de la narraci\u00f3n. Hay todo tipo de personajes y todos ellos est\u00e1n marcados por la sombr\u00eda oscuridad de la miseria que Bentancor sabe retratar con perfecci\u00f3n, siguiendo el ejemplo de sus maestros <strong>Saer, Piglia <\/strong>o<strong> Nabokov<\/strong>.<\/p>\n<p>Toda selecci\u00f3n es arbitraria y lo arbitrario siempre desmerece lo que niega. Sin embargo, esta muestra da cuenta de la riqueza que tiene el relato breve en la contemporaneidad uruguaya y refuerza aquel viejo t\u00f3pico de que en Uruguay lo que verdaderamente cuenta, son las peque\u00f1as grandes historias.<\/p>\n","protected":false},"excerpt":{"rendered":"<p>Si cabe hacer una distinci\u00f3n entre lo que algunos llaman la nueva narrativa uruguaya y aquella que le precedi\u00f3, puede que esta tenga que ver con la extensi\u00f3n. Una caracter\u00edstica clara que unifica a los escritores j\u00f3venes de Uruguay y del resto de Iberoam\u00e9rica, parece ser la elecci\u00f3n del texto corto -cuento o novela- donde [&hellip;]<\/p>\n","protected":false},"author":99,"featured_media":45127,"comment_status":"closed","ping_status":"closed","sticky":false,"template":"","format":"standard","meta":{"om_disable_all_campaigns":false,"ngg_post_thumbnail":0,"jnews-multi-image_gallery":[],"jnews_single_post":[],"jnews_primary_category":[],"jnews_social_meta":[],"jnews_override_counter":[],"footnotes":""},"categories":[56],"tags":[7994,7995,3204,7997,7339,7996],"class_list":["post-45122","post","type-post","status-publish","format-standard","has-post-thumbnail","hentry","category-narradores","tag-daniel-mella","tag-fernanda-trias","tag-horacio-cavallo","tag-lalo-barrubia","tag-lema-mosca","tag-martin-bentancor"],"yoast_head":"<!-- This site is optimized with the Yoast SEO plugin v27.5 - https:\/\/yoast.com\/product\/yoast-seo-wordpress\/ -->\n<title>El relato breve en la nueva literatura uruguaya - Cooltivarte Portal<\/title>\n<meta name=\"description\" content=\"COOLTIVARTE.COM es un portal digital colaborativo de actualizaci\u00f3n permanente dedicado a difundir el acontecer art\u00edstico y cultural, entrevista artistas, gestores y productores de las diferentes disciplinas del arte, y publicando art\u00edculos de reflexi\u00f3n de producci\u00f3n propia sobre los elementos culturales.\" \/>\n<meta name=\"robots\" content=\"index, follow, max-snippet:-1, max-image-preview:large, max-video-preview:-1\" \/>\n<link rel=\"canonical\" href=\"https:\/\/cooltivarte.com\/portal\/el-relato-breve-en-la-nueva-literatura-uruguaya\/\" \/>\n<meta property=\"og:locale\" content=\"es_ES\" \/>\n<meta property=\"og:type\" content=\"article\" \/>\n<meta property=\"og:title\" content=\"El relato breve en la nueva literatura uruguaya - Cooltivarte Portal\" \/>\n<meta property=\"og:description\" content=\"COOLTIVARTE.COM es un portal digital colaborativo de actualizaci\u00f3n permanente dedicado a difundir el acontecer art\u00edstico y cultural, entrevista artistas, gestores y productores de las diferentes disciplinas del arte, y publicando art\u00edculos de reflexi\u00f3n de producci\u00f3n propia sobre los elementos culturales.\" \/>\n<meta property=\"og:url\" content=\"https:\/\/cooltivarte.com\/portal\/el-relato-breve-en-la-nueva-literatura-uruguaya\/\" \/>\n<meta property=\"og:site_name\" content=\"Cooltivarte Portal\" \/>\n<meta property=\"article:publisher\" content=\"https:\/\/www.facebook.com\/cooltivartecom\/\" \/>\n<meta property=\"article:author\" content=\"https:\/\/www.facebook.com\/pages\/cooltivartecom\/163210523725869\" \/>\n<meta property=\"article:published_time\" content=\"2019-01-23T21:55:39+00:00\" \/>\n<meta property=\"article:modified_time\" content=\"2019-06-07T22:24:04+00:00\" \/>\n<meta property=\"og:image\" content=\"https:\/\/cooltivarte.com\/portal\/wp-content\/uploads\/2019\/01\/50422502_1460992110703381_1028180119434297344_n.jpg\" \/>\n\t<meta property=\"og:image:width\" content=\"960\" \/>\n\t<meta property=\"og:image:height\" content=\"670\" \/>\n\t<meta property=\"og:image:type\" content=\"image\/jpeg\" \/>\n<meta name=\"author\" content=\"Lucio Galizzi\" \/>\n<meta name=\"twitter:card\" content=\"summary_large_image\" \/>\n<meta name=\"twitter:creator\" content=\"@https:\/\/x.com\/obolocultural\" \/>\n<meta name=\"twitter:site\" content=\"@obolocultural\" \/>\n<meta name=\"twitter:label1\" content=\"Escrito por\" \/>\n\t<meta name=\"twitter:data1\" content=\"Lucio Galizzi\" \/>\n\t<meta name=\"twitter:label2\" content=\"Tiempo de lectura\" \/>\n\t<meta name=\"twitter:data2\" content=\"5 minutos\" \/>\n<!-- \/ Yoast SEO plugin. -->","yoast_head_json":{"title":"El relato breve en la nueva literatura uruguaya - Cooltivarte Portal","description":"COOLTIVARTE.COM es un portal digital colaborativo de actualizaci\u00f3n permanente dedicado a difundir el acontecer art\u00edstico y cultural, entrevista artistas, gestores y productores de las diferentes disciplinas del arte, y publicando art\u00edculos de reflexi\u00f3n de producci\u00f3n propia sobre los elementos culturales.","robots":{"index":"index","follow":"follow","max-snippet":"max-snippet:-1","max-image-preview":"max-image-preview:large","max-video-preview":"max-video-preview:-1"},"canonical":"https:\/\/cooltivarte.com\/portal\/el-relato-breve-en-la-nueva-literatura-uruguaya\/","og_locale":"es_ES","og_type":"article","og_title":"El relato breve en la nueva literatura uruguaya - Cooltivarte Portal","og_description":"COOLTIVARTE.COM es un portal digital colaborativo de actualizaci\u00f3n permanente dedicado a difundir el acontecer art\u00edstico y cultural, entrevista artistas, gestores y productores de las diferentes disciplinas del arte, y publicando art\u00edculos de reflexi\u00f3n de producci\u00f3n propia sobre los elementos culturales.","og_url":"https:\/\/cooltivarte.com\/portal\/el-relato-breve-en-la-nueva-literatura-uruguaya\/","og_site_name":"Cooltivarte Portal","article_publisher":"https:\/\/www.facebook.com\/cooltivartecom\/","article_author":"https:\/\/www.facebook.com\/pages\/cooltivartecom\/163210523725869","article_published_time":"2019-01-23T21:55:39+00:00","article_modified_time":"2019-06-07T22:24:04+00:00","og_image":[{"width":960,"height":670,"url":"https:\/\/cooltivarte.com\/portal\/wp-content\/uploads\/2019\/01\/50422502_1460992110703381_1028180119434297344_n.jpg","type":"image\/jpeg"}],"author":"Lucio Galizzi","twitter_card":"summary_large_image","twitter_creator":"@https:\/\/x.com\/obolocultural","twitter_site":"@obolocultural","twitter_misc":{"Escrito por":"Lucio Galizzi","Tiempo de lectura":"5 minutos"},"schema":{"@context":"https:\/\/schema.org","@graph":[{"@type":"NewsArticle","@id":"https:\/\/cooltivarte.com\/portal\/el-relato-breve-en-la-nueva-literatura-uruguaya\/#article","isPartOf":{"@id":"https:\/\/cooltivarte.com\/portal\/el-relato-breve-en-la-nueva-literatura-uruguaya\/"},"author":{"name":"Lucio Galizzi","@id":"https:\/\/cooltivarte.com\/portal\/#\/schema\/person\/7012726e73f5e55225cc08ff7b4ec056"},"headline":"El relato breve en la nueva literatura uruguaya","datePublished":"2019-01-23T21:55:39+00:00","dateModified":"2019-06-07T22:24:04+00:00","mainEntityOfPage":{"@id":"https:\/\/cooltivarte.com\/portal\/el-relato-breve-en-la-nueva-literatura-uruguaya\/"},"wordCount":908,"publisher":{"@id":"https:\/\/cooltivarte.com\/portal\/#organization"},"image":{"@id":"https:\/\/cooltivarte.com\/portal\/el-relato-breve-en-la-nueva-literatura-uruguaya\/#primaryimage"},"thumbnailUrl":"https:\/\/cooltivarte.com\/portal\/wp-content\/uploads\/2019\/01\/50422502_1460992110703381_1028180119434297344_n.jpg","keywords":["Daniel Mella","Fernanda Tr\u00edas","Horacio Cavallo","Lalo Barrubia","Lema Mosca","Mart\u00edn Bentancor"],"articleSection":["Literatura"],"inLanguage":"es-AR"},{"@type":"WebPage","@id":"https:\/\/cooltivarte.com\/portal\/el-relato-breve-en-la-nueva-literatura-uruguaya\/","url":"https:\/\/cooltivarte.com\/portal\/el-relato-breve-en-la-nueva-literatura-uruguaya\/","name":"El relato breve en la nueva literatura uruguaya - Cooltivarte Portal","isPartOf":{"@id":"https:\/\/cooltivarte.com\/portal\/#website"},"primaryImageOfPage":{"@id":"https:\/\/cooltivarte.com\/portal\/el-relato-breve-en-la-nueva-literatura-uruguaya\/#primaryimage"},"image":{"@id":"https:\/\/cooltivarte.com\/portal\/el-relato-breve-en-la-nueva-literatura-uruguaya\/#primaryimage"},"thumbnailUrl":"https:\/\/cooltivarte.com\/portal\/wp-content\/uploads\/2019\/01\/50422502_1460992110703381_1028180119434297344_n.jpg","datePublished":"2019-01-23T21:55:39+00:00","dateModified":"2019-06-07T22:24:04+00:00","description":"COOLTIVARTE.COM es un portal digital colaborativo de actualizaci\u00f3n permanente dedicado a difundir el acontecer art\u00edstico y cultural, entrevista artistas, gestores y productores de las diferentes disciplinas del arte, y publicando art\u00edculos de reflexi\u00f3n de producci\u00f3n propia sobre los elementos culturales.","breadcrumb":{"@id":"https:\/\/cooltivarte.com\/portal\/el-relato-breve-en-la-nueva-literatura-uruguaya\/#breadcrumb"},"inLanguage":"es-AR","potentialAction":[{"@type":"ReadAction","target":["https:\/\/cooltivarte.com\/portal\/el-relato-breve-en-la-nueva-literatura-uruguaya\/"]}]},{"@type":"ImageObject","inLanguage":"es-AR","@id":"https:\/\/cooltivarte.com\/portal\/el-relato-breve-en-la-nueva-literatura-uruguaya\/#primaryimage","url":"https:\/\/cooltivarte.com\/portal\/wp-content\/uploads\/2019\/01\/50422502_1460992110703381_1028180119434297344_n.jpg","contentUrl":"https:\/\/cooltivarte.com\/portal\/wp-content\/uploads\/2019\/01\/50422502_1460992110703381_1028180119434297344_n.jpg","width":960,"height":670},{"@type":"BreadcrumbList","@id":"https:\/\/cooltivarte.com\/portal\/el-relato-breve-en-la-nueva-literatura-uruguaya\/#breadcrumb","itemListElement":[{"@type":"ListItem","position":1,"name":"Portada","item":"https:\/\/cooltivarte.com\/portal\/"},{"@type":"ListItem","position":2,"name":"El relato breve en la nueva literatura uruguaya"}]},{"@type":"WebSite","@id":"https:\/\/cooltivarte.com\/portal\/#website","url":"https:\/\/cooltivarte.com\/portal\/","name":"Cooltivarte Portal","description":"Arte, cultura y turismo para el mundo ...","publisher":{"@id":"https:\/\/cooltivarte.com\/portal\/#organization"},"potentialAction":[{"@type":"SearchAction","target":{"@type":"EntryPoint","urlTemplate":"https:\/\/cooltivarte.com\/portal\/?s={search_term_string}"},"query-input":{"@type":"PropertyValueSpecification","valueRequired":true,"valueName":"search_term_string"}}],"inLanguage":"es-AR"},{"@type":"Organization","@id":"https:\/\/cooltivarte.com\/portal\/#organization","name":"cooltivarte","url":"https:\/\/cooltivarte.com\/portal\/","logo":{"@type":"ImageObject","inLanguage":"es-AR","@id":"https:\/\/cooltivarte.com\/portal\/#\/schema\/logo\/image\/","url":"https:\/\/cooltivarte.com\/portal\/wp-content\/uploads\/2020\/04\/logo-cooltivarte-v2.png","contentUrl":"https:\/\/cooltivarte.com\/portal\/wp-content\/uploads\/2020\/04\/logo-cooltivarte-v2.png","width":851,"height":243,"caption":"cooltivarte"},"image":{"@id":"https:\/\/cooltivarte.com\/portal\/#\/schema\/logo\/image\/"},"sameAs":["https:\/\/www.facebook.com\/cooltivartecom\/","https:\/\/x.com\/obolocultural","https:\/\/www.instagram.com\/_cooltivarte_\/","https:\/\/www.linkedin.com\/company\/-bolocultural?reportsuccess=8zaNG1HwhPbAR9iQhZ5rfGeqz_vQFftHun0ZWU0Wy9vNemRJ8vtcKdJvzQfW8XagyOJSKg0XvfJ1dp","https:\/\/www.pinterest.com\/cooltivarte\/","https:\/\/cooltivarte.tumblr.com\/","https:\/\/www.tiktok.com\/@cooltivarte","https:\/\/www.youtube.com\/@PrensaCooltivarte"]},{"@type":"Person","@id":"https:\/\/cooltivarte.com\/portal\/#\/schema\/person\/7012726e73f5e55225cc08ff7b4ec056","name":"Lucio Galizzi","image":{"@type":"ImageObject","inLanguage":"es-AR","@id":"https:\/\/cooltivarte.com\/portal\/wp-content\/uploads\/2017\/05\/Lucio.jpg","url":"https:\/\/cooltivarte.com\/portal\/wp-content\/uploads\/2017\/05\/Lucio.jpg","contentUrl":"https:\/\/cooltivarte.com\/portal\/wp-content\/uploads\/2017\/05\/Lucio.jpg","caption":"Lucio Galizzi"},"description":"Naci\u00f3 en Montevideo en 1985. Licenciado en Letras por la Facultad de Humanidades y Ciencias de la Educaci\u00f3n (UdelaR). Actualmente cursa la Maestr\u00eda en Estudios Literarios de la Universidad de Buenos Aires (UBA), ciudad en la que reside desde 2012. Ha colaborado con suplementos culturales de Buenos Aires, C\u00f3rdoba, Rosario y Montevideo. Se incorpora a cooltivarte en 2017","sameAs":["http:\/\/luciogalizzi.wixsite.com\/luciogalizzi","https:\/\/www.facebook.com\/pages\/cooltivartecom\/163210523725869","https:\/\/www.instagram.com\/_cooltivarte_\/","https:\/\/www.linkedin.com\/company\/-bolocultural","https:\/\/www.pinterest.com\/cooltivarte","https:\/\/x.com\/https:\/\/x.com\/obolocultural","https:\/\/www.youtube.com\/@PrensaCooltivarte","https:\/\/www.tumblr.com\/blog\/cooltivarte"],"url":"https:\/\/cooltivarte.com\/portal\/author\/lucio-galizzi\/"}]}},"_links":{"self":[{"href":"https:\/\/cooltivarte.com\/portal\/wp-json\/wp\/v2\/posts\/45122","targetHints":{"allow":["GET"]}}],"collection":[{"href":"https:\/\/cooltivarte.com\/portal\/wp-json\/wp\/v2\/posts"}],"about":[{"href":"https:\/\/cooltivarte.com\/portal\/wp-json\/wp\/v2\/types\/post"}],"author":[{"embeddable":true,"href":"https:\/\/cooltivarte.com\/portal\/wp-json\/wp\/v2\/users\/99"}],"replies":[{"embeddable":true,"href":"https:\/\/cooltivarte.com\/portal\/wp-json\/wp\/v2\/comments?post=45122"}],"version-history":[{"count":6,"href":"https:\/\/cooltivarte.com\/portal\/wp-json\/wp\/v2\/posts\/45122\/revisions"}],"predecessor-version":[{"id":45132,"href":"https:\/\/cooltivarte.com\/portal\/wp-json\/wp\/v2\/posts\/45122\/revisions\/45132"}],"wp:featuredmedia":[{"embeddable":true,"href":"https:\/\/cooltivarte.com\/portal\/wp-json\/wp\/v2\/media\/45127"}],"wp:attachment":[{"href":"https:\/\/cooltivarte.com\/portal\/wp-json\/wp\/v2\/media?parent=45122"}],"wp:term":[{"taxonomy":"category","embeddable":true,"href":"https:\/\/cooltivarte.com\/portal\/wp-json\/wp\/v2\/categories?post=45122"},{"taxonomy":"post_tag","embeddable":true,"href":"https:\/\/cooltivarte.com\/portal\/wp-json\/wp\/v2\/tags?post=45122"}],"curies":[{"name":"wp","href":"https:\/\/api.w.org\/{rel}","templated":true}]}}