{"id":44623,"date":"2018-12-05T13:36:40","date_gmt":"2018-12-05T16:36:40","guid":{"rendered":"http:\/\/cooltivarte.com\/portal\/?p=44623"},"modified":"2024-05-11T13:23:31","modified_gmt":"2024-05-11T16:23:31","slug":"origami-music-fest-mescolanza-sonora-en-dos-noches-de-festival","status":"publish","type":"post","link":"https:\/\/cooltivarte.com\/portal\/origami-music-fest-mescolanza-sonora-en-dos-noches-de-festival\/","title":{"rendered":"Origami Music Fest: Mescolanza sonora en dos noches de festival"},"content":{"rendered":"<figure id=\"attachment_44625\" aria-describedby=\"caption-attachment-44625\" style=\"width: 1024px\" class=\"wp-caption aligncenter\"><img fetchpriority=\"high\" decoding=\"async\" class=\"wp-image-44625 size-large\" title=\"Filipe Catto durante su presentaci\u00f3n en el Origami Music Fest\" src=\"https:\/\/cooltivarte.com\/portal\/wp-content\/uploads\/2018\/12\/MG_6486-1024x682.jpg\" alt=\"Filipe Catto durante su presentaci\u00f3n en el Origami Music Fest\" width=\"1024\" height=\"682\" srcset=\"https:\/\/cooltivarte.com\/portal\/wp-content\/uploads\/2018\/12\/MG_6486-1024x682.jpg 1024w, https:\/\/cooltivarte.com\/portal\/wp-content\/uploads\/2018\/12\/MG_6486-300x200.jpg 300w, https:\/\/cooltivarte.com\/portal\/wp-content\/uploads\/2018\/12\/MG_6486-768x512.jpg 768w, https:\/\/cooltivarte.com\/portal\/wp-content\/uploads\/2018\/12\/MG_6486-1536x1024.jpg 1536w, https:\/\/cooltivarte.com\/portal\/wp-content\/uploads\/2018\/12\/MG_6486.jpg 2000w\" sizes=\"(max-width: 1024px) 100vw, 1024px\" \/><figcaption id=\"caption-attachment-44625\" class=\"wp-caption-text\">Filipe Catto durante su presentaci\u00f3n en el Origami Music Fest<\/figcaption><\/figure>\n<p>&nbsp;<\/p>\n<p>El <strong>Origami Music Fest<\/strong>, organizado por Origami \/ Taller de Ideas (a cargo de Martin Ubillos), se realiz\u00f3 en dos instancias: el 5 de octubre 2018 y el 22 de noviembre 2018, ambas oportunidades en la Sala Camacu\u00e1.<\/p>\n<p>La propuesta fue promover \u201cel encuentro entre destacados <strong>artistas del Uruguay, Argentina y Brasil<\/strong>. Una oportunidad para reconocernos como agentes de cambio y generar conciencia.\u201d.<\/p>\n<p>En la primera noche se presentaron <strong>Diego Martez<\/strong> y <strong>Avepez<\/strong> de Argentina y <strong>Mariana Luc\u00eda<\/strong> y <strong>Marcella Ceraolo<\/strong> de Uruguay.<\/p>\n<p>La segunda edici\u00f3n del festival se realiz\u00f3 el 22 de Noviembre, y actuaron <strong>Ataque Chino<\/strong>&nbsp;de Uruguay, <strong>Filipe Catto<\/strong> de Brasil y <strong>Cossi<\/strong>&nbsp;tambi\u00e9n de Uruguay, en ese orden.<\/p>\n<p>La segunda y \u00faltima noche abri\u00f3 con <a href=\"https:\/\/cooltivarte.com\/portal\/?s=ataque+chino\">Ataque Chino<\/a>, una banda que marca la diferencia en la abundante escena indie local con su exquisita poes\u00eda musicalizada en la <strong>voz y textos de Diego Cunha<\/strong>. En un gran acierto, el grupo acompa\u00f1\u00f3 su m\u00fasica con las visuales del VJ Francisco Cunha.<\/p>\n<p>Con el escenario templado fue el turno del brasilero <strong>Filipe Catto<\/strong>, qui\u00e9n junto a la guitarra de Felipe Puperi enmudeci\u00f3 a la Camacu\u00e1 desde que pis\u00f3 el escenario. Fue la primera vez que toc\u00f3 en Uruguay y le toc\u00f3 presentarse ante un p\u00fablico &nbsp;mayormente montevideano y poco acostumbrado a los sonidos de la Cuica o el Tantan con los que se habr\u00e1 desarrollado su o\u00eddo y gusto musical en su Porto Alegre natal.<\/p>\n<p>Si bien el m\u00fasico ga\u00facho (todav\u00eda) no es reconocido en Uruguay, en su pa\u00eds comparti\u00f3 &nbsp;escenario con algunos de los m\u00e1s grandes de la m\u00fasica local, como Gilberto Gil, Toquinho o Nando Reis. En 2011 firm\u00f3 con Universal Music y lanz\u00f3 su primer disco, \u201cAliento\u201d; y entre los destinos en los que ha girado figuran Estados Unidos, Italia, Portugal y Argentina.<\/p>\n<p>Su registro vocal remite indiscutiblemente a artistas como Elis Regina o Gal Costa; pero la combinaci\u00f3n de su estilo hermafrodita con su dominio total del escenario y alg\u00fan otro nosequ\u00e9 le dan una personalidad \u00fanica que lo vuelven un artista impactante e inolvidable del que seguramente volvamos a escuchar hablar.<\/p>\n<p>El final estuvo a cargo de \u201cCossi\u201d, banda de rock pop liderada por <a href=\"https:\/\/cooltivarte.com\/portal\/entrevista-a-carlos-cossi-volver-es-una-opcion\/\">Carlos Cossi<\/a>, siendo la&nbsp; tercera y \u00faltima del festival. Seg\u00fan una de las descripciones que da vueltas en la web, la banda est\u00e1 \u201cEntre el rock, el pop y la experiencia cinematogr\u00e1fica, desliz\u00e1ndose por paredes de sonido spectorianas, climas on\u00edricos y estribillos luminosos, las canciones de&nbsp;Cossi&nbsp;se suceden cual escenas de una aventura inesperada para el rock vern\u00e1culo.\u201d.<\/p>\n<p>Es cierto que los diez temas de su set list me hicieron tener una experiencia cinematogr\u00e1fica, pero me result\u00f3 m\u00e1s bien de las del tipo de pel\u00edcula en las que no es dif\u00edcil adivinar lo que va a pasar. La m\u00fasica de Cossi ir\u00eda perfecta en una escena, real o ficticia, donde un adulto agobiado por su trabajo y el mundo en general acelera su auto en una carretera desierta mientras se desanuda la corbata y empieza a tomar mentalmente una serie de malas decisiones.<\/p>\n<p>Con participaciones de los m\u00fasicos \u201c<strong>El Gavil\u00e1n<\/strong>\u201d en guitarra y <strong>Fabi\u00e1n Silva Rozman<\/strong>&nbsp;en trompeta en algunas de las diez canciones de su set list, Cossi cerr\u00f3 la segunda noche y de esta manera la primera edici\u00f3n del Origami Music Fest.<\/p>\n<p>&nbsp;<\/p>\n<p>Imagen portada: Filipe Catto durante su presentaci\u00f3n en el Origami Music Fest<\/p>\n<p>&nbsp;<\/p>\n<p>&nbsp;<\/p>\n","protected":false},"excerpt":{"rendered":"<p>El Origami Music Fest, organizado por Origami \/ Taller de Ideas (a cargo de Martin Ubillos), se realiz\u00f3 en dos instancias: el 5 de octubre 2018 y el 22 de noviembre 2018, ambas oportunidades en la Sala Camacu\u00e1.<\/p>\n<p>La propuesta fue promover \u201cel encuentro entre destacados artistas del Uruguay, Argentina y Brasil. Una oportunidad para reconocernos como agentes de cambio y generar conciencia.\u201d.<\/p>\n<p>En la primera noche se presentaron Diego Martez y Avepez de Argentina y Mariana Luc\u00eda y Marcella Ceraolo de Uruguay.<\/p>\n<p>La segunda edici\u00f3n del festival se realiz\u00f3 el 22 de Noviembre, y actuaron Ataque Chino\u00a0de Uruguay, Filipe Catto de Brasil y Cossi\u00a0tambi\u00e9n de Uruguay, en ese orden.<\/p>\n","protected":false},"author":101,"featured_media":44625,"comment_status":"closed","ping_status":"closed","sticky":false,"template":"","format":"standard","meta":{"om_disable_all_campaigns":false,"ngg_post_thumbnail":0,"jnews-multi-image_gallery":[],"jnews_single_post":{"subtitle":"","format":"standard","video":"","gallery":"","source_name":"","source_url":"","via_name":"","via_url":"","override_template":"0","override":[{"template":"4","single_blog_custom":"","parallax":"1","fullscreen":"0","layout":"right-sidebar","sidebar":"default-sidebar","second_sidebar":"default-sidebar","sticky_sidebar":"1","share_position":"bottom","share_float_style":"share-monocrhome","show_share_counter":"1","show_view_counter":"1","show_featured":"1","show_post_meta":"1","show_post_author":"1","show_post_author_image":"1","show_post_date":"1","post_date_format":"default","post_date_format_custom":"Y\/m\/d","show_post_category":"1","show_post_reading_time":"0","post_reading_time_wpm":"300","show_zoom_button":"0","zoom_button_out_step":"2","zoom_button_in_step":"3","show_post_tag":"1","show_prev_next_post":"1","show_popup_post":"1","number_popup_post":"1","show_author_box":"1","show_post_related":"0","show_inline_post_related":"0"}],"override_image_size":"0","image_override":[{"single_post_thumbnail_size":"no-crop","single_post_gallery_size":"crop-500"}],"trending_post":"0","trending_post_position":"meta","trending_post_label":"Trending","sponsored_post":"0","sponsored_post_label":"Sponsored by","sponsored_post_name":"","sponsored_post_url":"","sponsored_post_logo_enable":"0","sponsored_post_logo":"","sponsored_post_desc":"","disable_ad":"0"},"jnews_primary_category":{"id":"","hide":""},"jnews_social_meta":{"fb_title":"","fb_description":"","fb_image":"","twitter_title":"","twitter_description":"","twitter_image":""},"jnews_override_counter":{"override_view_counter":"0","view_counter_number":"0","override_share_counter":"0","share_counter_number":"0","override_like_counter":"0","like_counter_number":"0","override_dislike_counter":"0","dislike_counter_number":"0"},"footnotes":""},"categories":[50],"tags":[3691,5160,7875,7874],"class_list":["post-44623","post","type-post","status-publish","format-standard","has-post-thumbnail","hentry","category-coberturas","tag-ataque-chino","tag-cossi","tag-filipe-catto","tag-origami-music-fest"],"yoast_head":"<!-- This site is optimized with the Yoast SEO plugin v27.4 - https:\/\/yoast.com\/product\/yoast-seo-wordpress\/ -->\n<title>Origami Music Fest: Mescolanza sonora en dos noches de festival - Cooltivarte Portal<\/title>\n<meta name=\"description\" content=\"El Origami Music Fest, organizado por Origami \/ Taller de Ideas (a cargo de Martin Ubillos), se realiz\u00f3 en dos instancias: el 5 de octubre 2018 y el 22 de noviembre 2018, ambas oportunidades en la Sala Camacu\u00e1.\" \/>\n<meta name=\"robots\" content=\"index, follow, max-snippet:-1, max-image-preview:large, max-video-preview:-1\" \/>\n<link rel=\"canonical\" href=\"https:\/\/cooltivarte.com\/portal\/origami-music-fest-mescolanza-sonora-en-dos-noches-de-festival\/\" \/>\n<meta property=\"og:locale\" content=\"es_ES\" \/>\n<meta property=\"og:type\" content=\"article\" \/>\n<meta property=\"og:title\" content=\"Origami Music Fest: Mescolanza sonora en dos noches de festival - Cooltivarte Portal\" \/>\n<meta property=\"og:description\" content=\"El Origami Music Fest, organizado por Origami \/ Taller de Ideas (a cargo de Martin Ubillos), se realiz\u00f3 en dos instancias: el 5 de octubre 2018 y el 22 de noviembre 2018, ambas oportunidades en la Sala Camacu\u00e1.\" \/>\n<meta property=\"og:url\" content=\"https:\/\/cooltivarte.com\/portal\/origami-music-fest-mescolanza-sonora-en-dos-noches-de-festival\/\" \/>\n<meta property=\"og:site_name\" content=\"Cooltivarte Portal\" \/>\n<meta property=\"article:publisher\" content=\"https:\/\/www.facebook.com\/cooltivartecom\/\" \/>\n<meta property=\"article:author\" content=\"https:\/\/www.facebook.com\/profile.php?id=100009642845354\" \/>\n<meta property=\"article:published_time\" content=\"2018-12-05T16:36:40+00:00\" \/>\n<meta property=\"article:modified_time\" content=\"2024-05-11T16:23:31+00:00\" \/>\n<meta property=\"og:image\" content=\"https:\/\/cooltivarte.com\/portal\/wp-content\/uploads\/2018\/12\/MG_6486.jpg\" \/>\n\t<meta property=\"og:image:width\" content=\"2000\" \/>\n\t<meta property=\"og:image:height\" content=\"1333\" \/>\n\t<meta property=\"og:image:type\" content=\"image\/jpeg\" \/>\n<meta name=\"author\" content=\"Camila Siqueira\" \/>\n<meta name=\"twitter:card\" content=\"summary_large_image\" \/>\n<meta name=\"twitter:creator\" content=\"@https:\/\/twitter.com\/CamilaSiqueira0\" \/>\n<meta name=\"twitter:site\" content=\"@obolocultural\" \/>\n<meta name=\"twitter:label1\" content=\"Escrito por\" \/>\n\t<meta name=\"twitter:data1\" content=\"Camila Siqueira\" \/>\n\t<meta name=\"twitter:label2\" content=\"Tiempo de lectura\" \/>\n\t<meta name=\"twitter:data2\" content=\"4 minutos\" \/>\n<!-- \/ Yoast SEO plugin. -->","yoast_head_json":{"title":"Origami Music Fest: Mescolanza sonora en dos noches de festival - Cooltivarte Portal","description":"El Origami Music Fest, organizado por Origami \/ Taller de Ideas (a cargo de Martin Ubillos), se realiz\u00f3 en dos instancias: el 5 de octubre 2018 y el 22 de noviembre 2018, ambas oportunidades en la Sala Camacu\u00e1.","robots":{"index":"index","follow":"follow","max-snippet":"max-snippet:-1","max-image-preview":"max-image-preview:large","max-video-preview":"max-video-preview:-1"},"canonical":"https:\/\/cooltivarte.com\/portal\/origami-music-fest-mescolanza-sonora-en-dos-noches-de-festival\/","og_locale":"es_ES","og_type":"article","og_title":"Origami Music Fest: Mescolanza sonora en dos noches de festival - Cooltivarte Portal","og_description":"El Origami Music Fest, organizado por Origami \/ Taller de Ideas (a cargo de Martin Ubillos), se realiz\u00f3 en dos instancias: el 5 de octubre 2018 y el 22 de noviembre 2018, ambas oportunidades en la Sala Camacu\u00e1.","og_url":"https:\/\/cooltivarte.com\/portal\/origami-music-fest-mescolanza-sonora-en-dos-noches-de-festival\/","og_site_name":"Cooltivarte Portal","article_publisher":"https:\/\/www.facebook.com\/cooltivartecom\/","article_author":"https:\/\/www.facebook.com\/profile.php?id=100009642845354","article_published_time":"2018-12-05T16:36:40+00:00","article_modified_time":"2024-05-11T16:23:31+00:00","og_image":[{"width":2000,"height":1333,"url":"https:\/\/cooltivarte.com\/portal\/wp-content\/uploads\/2018\/12\/MG_6486.jpg","type":"image\/jpeg"}],"author":"Camila Siqueira","twitter_card":"summary_large_image","twitter_creator":"@https:\/\/twitter.com\/CamilaSiqueira0","twitter_site":"@obolocultural","twitter_misc":{"Escrito por":"Camila Siqueira","Tiempo de lectura":"4 minutos"},"schema":{"@context":"https:\/\/schema.org","@graph":[{"@type":"NewsArticle","@id":"https:\/\/cooltivarte.com\/portal\/origami-music-fest-mescolanza-sonora-en-dos-noches-de-festival\/#article","isPartOf":{"@id":"https:\/\/cooltivarte.com\/portal\/origami-music-fest-mescolanza-sonora-en-dos-noches-de-festival\/"},"author":{"name":"Camila Siqueira","@id":"https:\/\/cooltivarte.com\/portal\/#\/schema\/person\/2e7f09b3f71916bc7ee49effbc9838ec"},"headline":"Origami Music Fest: Mescolanza sonora en dos noches de festival","datePublished":"2018-12-05T16:36:40+00:00","dateModified":"2024-05-11T16:23:31+00:00","mainEntityOfPage":{"@id":"https:\/\/cooltivarte.com\/portal\/origami-music-fest-mescolanza-sonora-en-dos-noches-de-festival\/"},"wordCount":621,"publisher":{"@id":"https:\/\/cooltivarte.com\/portal\/#organization"},"image":{"@id":"https:\/\/cooltivarte.com\/portal\/origami-music-fest-mescolanza-sonora-en-dos-noches-de-festival\/#primaryimage"},"thumbnailUrl":"https:\/\/cooltivarte.com\/portal\/wp-content\/uploads\/2018\/12\/MG_6486.jpg","keywords":["Ataque Chino","COSSI","Filipe Catto","Origami Music Fest"],"articleSection":["Coberturas"],"inLanguage":"es-AR"},{"@type":"WebPage","@id":"https:\/\/cooltivarte.com\/portal\/origami-music-fest-mescolanza-sonora-en-dos-noches-de-festival\/","url":"https:\/\/cooltivarte.com\/portal\/origami-music-fest-mescolanza-sonora-en-dos-noches-de-festival\/","name":"Origami Music Fest: Mescolanza sonora en dos noches de festival - Cooltivarte Portal","isPartOf":{"@id":"https:\/\/cooltivarte.com\/portal\/#website"},"primaryImageOfPage":{"@id":"https:\/\/cooltivarte.com\/portal\/origami-music-fest-mescolanza-sonora-en-dos-noches-de-festival\/#primaryimage"},"image":{"@id":"https:\/\/cooltivarte.com\/portal\/origami-music-fest-mescolanza-sonora-en-dos-noches-de-festival\/#primaryimage"},"thumbnailUrl":"https:\/\/cooltivarte.com\/portal\/wp-content\/uploads\/2018\/12\/MG_6486.jpg","datePublished":"2018-12-05T16:36:40+00:00","dateModified":"2024-05-11T16:23:31+00:00","description":"El Origami Music Fest, organizado por Origami \/ Taller de Ideas (a cargo de Martin Ubillos), se realiz\u00f3 en dos instancias: el 5 de octubre 2018 y el 22 de noviembre 2018, ambas oportunidades en la Sala Camacu\u00e1.","breadcrumb":{"@id":"https:\/\/cooltivarte.com\/portal\/origami-music-fest-mescolanza-sonora-en-dos-noches-de-festival\/#breadcrumb"},"inLanguage":"es-AR","potentialAction":[{"@type":"ReadAction","target":["https:\/\/cooltivarte.com\/portal\/origami-music-fest-mescolanza-sonora-en-dos-noches-de-festival\/"]}]},{"@type":"ImageObject","inLanguage":"es-AR","@id":"https:\/\/cooltivarte.com\/portal\/origami-music-fest-mescolanza-sonora-en-dos-noches-de-festival\/#primaryimage","url":"https:\/\/cooltivarte.com\/portal\/wp-content\/uploads\/2018\/12\/MG_6486.jpg","contentUrl":"https:\/\/cooltivarte.com\/portal\/wp-content\/uploads\/2018\/12\/MG_6486.jpg","width":2000,"height":1333,"caption":"Filipe Catto durante su presentaci\u00f3n en el Origami Music Fest"},{"@type":"BreadcrumbList","@id":"https:\/\/cooltivarte.com\/portal\/origami-music-fest-mescolanza-sonora-en-dos-noches-de-festival\/#breadcrumb","itemListElement":[{"@type":"ListItem","position":1,"name":"Portada","item":"https:\/\/cooltivarte.com\/portal\/"},{"@type":"ListItem","position":2,"name":"Origami Music Fest: Mescolanza sonora en dos noches de festival"}]},{"@type":"WebSite","@id":"https:\/\/cooltivarte.com\/portal\/#website","url":"https:\/\/cooltivarte.com\/portal\/","name":"Cooltivarte Portal","description":"Arte, cultura y turismo para el mundo ...","publisher":{"@id":"https:\/\/cooltivarte.com\/portal\/#organization"},"potentialAction":[{"@type":"SearchAction","target":{"@type":"EntryPoint","urlTemplate":"https:\/\/cooltivarte.com\/portal\/?s={search_term_string}"},"query-input":{"@type":"PropertyValueSpecification","valueRequired":true,"valueName":"search_term_string"}}],"inLanguage":"es-AR"},{"@type":"Organization","@id":"https:\/\/cooltivarte.com\/portal\/#organization","name":"cooltivarte","url":"https:\/\/cooltivarte.com\/portal\/","logo":{"@type":"ImageObject","inLanguage":"es-AR","@id":"https:\/\/cooltivarte.com\/portal\/#\/schema\/logo\/image\/","url":"https:\/\/cooltivarte.com\/portal\/wp-content\/uploads\/2020\/04\/logo-cooltivarte-v2.png","contentUrl":"https:\/\/cooltivarte.com\/portal\/wp-content\/uploads\/2020\/04\/logo-cooltivarte-v2.png","width":851,"height":243,"caption":"cooltivarte"},"image":{"@id":"https:\/\/cooltivarte.com\/portal\/#\/schema\/logo\/image\/"},"sameAs":["https:\/\/www.facebook.com\/cooltivartecom\/","https:\/\/x.com\/obolocultural","https:\/\/www.instagram.com\/_cooltivarte_\/","https:\/\/www.linkedin.com\/company\/-bolocultural?reportsuccess=8zaNG1HwhPbAR9iQhZ5rfGeqz_vQFftHun0ZWU0Wy9vNemRJ8vtcKdJvzQfW8XagyOJSKg0XvfJ1dp","https:\/\/www.pinterest.com\/cooltivarte\/","https:\/\/cooltivarte.tumblr.com\/","https:\/\/www.tiktok.com\/@cooltivarte","https:\/\/www.youtube.com\/@PrensaCooltivarte"]},{"@type":"Person","@id":"https:\/\/cooltivarte.com\/portal\/#\/schema\/person\/2e7f09b3f71916bc7ee49effbc9838ec","name":"Camila Siqueira","image":{"@type":"ImageObject","inLanguage":"es-AR","@id":"https:\/\/cooltivarte.com\/portal\/wp-content\/uploads\/2017\/06\/camilasiqueira.jpg","url":"https:\/\/cooltivarte.com\/portal\/wp-content\/uploads\/2017\/06\/camilasiqueira.jpg","contentUrl":"https:\/\/cooltivarte.com\/portal\/wp-content\/uploads\/2017\/06\/camilasiqueira.jpg","caption":"Camila Siqueira"},"description":"Redactora, muy alejada del periodismo de \u201cdatos duros\u201d y muy amigada con el que cuenta historias. Se incorpora a cooltivarte en 2017.","sameAs":["http:\/\/linkedin.com\/in\/camila-siqueira-29aa10b7","https:\/\/www.facebook.com\/profile.php?id=100009642845354","https:\/\/www.instagram.com\/_cooltivarte_\/","https:\/\/www.linkedin.com\/company\/-bolocultural","https:\/\/www.pinterest.com\/cooltivarte","https:\/\/x.com\/https:\/\/twitter.com\/CamilaSiqueira0","https:\/\/www.youtube.com\/@PrensaCooltivarte","https:\/\/www.tumblr.com\/blog\/cooltivarte"],"url":"https:\/\/cooltivarte.com\/portal\/author\/camila-siqueira\/"}]}},"_links":{"self":[{"href":"https:\/\/cooltivarte.com\/portal\/wp-json\/wp\/v2\/posts\/44623","targetHints":{"allow":["GET"]}}],"collection":[{"href":"https:\/\/cooltivarte.com\/portal\/wp-json\/wp\/v2\/posts"}],"about":[{"href":"https:\/\/cooltivarte.com\/portal\/wp-json\/wp\/v2\/types\/post"}],"author":[{"embeddable":true,"href":"https:\/\/cooltivarte.com\/portal\/wp-json\/wp\/v2\/users\/101"}],"replies":[{"embeddable":true,"href":"https:\/\/cooltivarte.com\/portal\/wp-json\/wp\/v2\/comments?post=44623"}],"version-history":[{"count":6,"href":"https:\/\/cooltivarte.com\/portal\/wp-json\/wp\/v2\/posts\/44623\/revisions"}],"predecessor-version":[{"id":101820,"href":"https:\/\/cooltivarte.com\/portal\/wp-json\/wp\/v2\/posts\/44623\/revisions\/101820"}],"wp:featuredmedia":[{"embeddable":true,"href":"https:\/\/cooltivarte.com\/portal\/wp-json\/wp\/v2\/media\/44625"}],"wp:attachment":[{"href":"https:\/\/cooltivarte.com\/portal\/wp-json\/wp\/v2\/media?parent=44623"}],"wp:term":[{"taxonomy":"category","embeddable":true,"href":"https:\/\/cooltivarte.com\/portal\/wp-json\/wp\/v2\/categories?post=44623"},{"taxonomy":"post_tag","embeddable":true,"href":"https:\/\/cooltivarte.com\/portal\/wp-json\/wp\/v2\/tags?post=44623"}],"curies":[{"name":"wp","href":"https:\/\/api.w.org\/{rel}","templated":true}]}}