{"id":44596,"date":"2018-12-03T11:56:24","date_gmt":"2018-12-03T14:56:24","guid":{"rendered":"http:\/\/cooltivarte.com\/portal\/?p=44596"},"modified":"2019-06-07T19:24:31","modified_gmt":"2019-06-07T22:24:31","slug":"entrevista-a-gustavo-parodi-guitarrista-y-vocalista-de-los-chanchos-salvajes","status":"publish","type":"post","link":"https:\/\/cooltivarte.com\/portal\/entrevista-a-gustavo-parodi-guitarrista-y-vocalista-de-los-chanchos-salvajes\/","title":{"rendered":"Entrevista a Gustavo Parodi, guitarrista y vocalista de Los Chanchos Salvajes"},"content":{"rendered":"<p><a href=\"https:\/\/cooltivarte.com\/portal\/?s=Gustavo+Parodi\"><strong>Gustavo Parodi<\/strong><\/a> es una figura clave de la m\u00fasica uruguaya posdictadura. Co-fundador de dos de las bandas m\u00e1s importantes y emblem\u00e1ticas de la historia del rock uruguayo como lo fueron <strong>Los Est\u00f3magos<\/strong> en los 80\u00b4s, y posteriormente y hasta hoy <strong><a href=\"https:\/\/cooltivarte.com\/portal\/?s=Buitres\">Buitres<\/a><\/strong>, su papel como guitarrista y compositor, y en los \u00faltimos a\u00f1os vocalista, compositor y guitarrista de sus dos proyectos fuera de<strong> Buitres<\/strong> como fue primero con <strong>Ni\u00f1era Nueva Ola<\/strong>, y actualmente <strong>Los Chanchos Salvajes<\/strong> es fundamental. Justamente, en este \u00faltimo proyecto musical, nacido hace casi un a\u00f1o, Parodi viene present\u00e1ndose en vivo junto a <strong>Claudio Decillis<\/strong> en bajo y <strong>Guillermo Bare\u00f1o<\/strong> en bater\u00eda, con quienes conforma este power tr\u00edo, y que integraron tambi\u00e9n <strong>Ni\u00f1era Nueva Ola<\/strong>. Sobre <strong>Los Chanchos Salvajes<\/strong>, y el pr\u00f3ximo toque de esta banda el <strong>pr\u00f3ximo 6 de diciembre en Solitario Juan<\/strong>, que compartir\u00e1n con <strong>Agente 86<\/strong> y <strong>NA-K<\/strong>, hablamos con \u00e9l para este portal.<\/p>\n<h2>Chanchos en su tinta<\/h2>\n<h3>\u201cEntiendo como rock aquello que ronda con lo primitivo\u201d<\/h3>\n<p><strong>-\u00bfC\u00f3mo surge tu inquietud o necesidad de conformar otro proyecto musical fuera de Buitres, habiendo ya formado anteriormente Ni\u00f1era Nueva Ola? \u00bfC\u00f3mo adem\u00e1s, manej\u00e1s las diferentes actividades musicales?<\/strong><\/p>\n<p>Es una necesidad natural. Necesito tocar para sentir que sirvo para algo. Me mantiene feliz, vivo\u2026 Y Los Chanchos funcionan de manera muy natural, inmediata\u2026 Todo se hace en la inmediatez, se compone, se toca, se graba\u2026 Tratamos de no pensar demasiado las cosas. No s\u00e9 si est\u00e1 bien, pero a nosotros nos funciona como banda. Ni\u00f1era Nueva Ola fue un tipo de experiencia. Pero ya fue. De todo se aprende y se saca conocimiento. Como tr\u00edo hay otro tipo de afinidad\u2026 nos gusta\u2026 Hay mayor comunicaci\u00f3n. Adem\u00e1s la inmediatez te deja tiempo para hacer otras cosas, Buitres y Los Chanchos Salvajes son cosas diferentes.<\/p>\n<p>&nbsp;<\/p>\n<p><strong>-El nombre de la banda est\u00e1 sacado de un cuento de Horacio Quiroga, \u00bfalguna idea de vincular lo literario con lo musical, o simplemente les pareci\u00f3 un buen nombre para el grupo, nada m\u00e1s?<\/strong><\/p>\n<p>No, para nada. Simplemente soy un apasionado de Horacio Quiroga. Y hac\u00eda mucho tiempo le hab\u00eda contado a un amigo que tambi\u00e9n devora a Quiroga que \u201cLos chanchos salvajes\u201d era un intrigante nombre para una banda; adem\u00e1s de ser un cuento que te deja pensando\u2026<\/p>\n<p>&nbsp;<\/p>\n<p><strong>-\u00bfQu\u00e9 referencias o influencias tienen Los Chanchos Salvajes en cuanto a lo musical? Tienen un sonido bien \u201cgarajero\u201d; es como una vuelta al rock m\u00e1s primitivo\u2026<\/strong><\/p>\n<p>Totalmente. Yo entiendo como rock aquello que ronda con lo primitivo&#8230; sin vueltas, guitarrero\u2026 El rock para m\u00ed son guitarras y toms de bater\u00edas&#8230; Por ejemplo, la original Surfing Bird de los Trashmen es toda una oda al rock m\u00e1s primitivo, m\u00e1s puro\u2026 Son las canciones cortas, que te quedan rondando un tiempo\u2026 Eso es rock para m\u00ed.<\/p>\n<p>&nbsp;<\/p>\n<p><strong>-\u00bfQu\u00e9 ventajas y limitaciones le encontr\u00e1s siendo un power tr\u00edo, al momento de componer, e incluso tocar en vivo, teniendo en cuenta que ten\u00e9s otra guitarra de apoyo en Buitres, as\u00ed como ten\u00edas dos tambi\u00e9n en Ni\u00f1era Nueva Ola? Tus compa\u00f1eros en Los Chanchos Salvajes formaban parte tambi\u00e9n de Ni\u00f1era Nueva Ola\u2026<\/strong><\/p>\n<p>S\u00ed, con Guillermo Bare\u00f1o en bater\u00eda y Claudio Decillis, en el bajo \u00e9ramos parte de Ni\u00f1era Nueva Ola. Nos sentimos bien as\u00ed\u2026 Cada tanto tiro la posibilidad de integrar otra guitarra, \u00a1pero me tiran un \u201cNO\u201d rotundo! Me parece b\u00e1rbaro. Es muy sencillo funcionar de esta manera, y adem\u00e1s, te saca a luz lo mejor de tus posibilidades al subirte a un escenario, todo lo malo y lo positivo que se tiene aparece al desnudo. No hay nada para ocultar\u2026<\/p>\n<p>&nbsp;<\/p>\n<p><strong>-En cuanto a tu rol de, por supuesto guitarrista, pero tambi\u00e9n vocalista, \u00bfCu\u00e1nto pasa por vos en cuanto al trabajo compositivo? \u00bfte sent\u00eds la figura central del tr\u00edo, por ser el m\u00e1s reconocido y con m\u00e1s experiencia de la banda, o no te importa demasiado, y en el grupo todos aportan y trabajan por igual?<\/strong><\/p>\n<p>No me importa demasiado, realmente\u2026 Y de figura y conocido no tengo nada\u2026 Hay veces que en alg\u00fan toque anuncian Los Chanchos Salvajes (con Parodi de Buitres) \u00a1y me caliento! No soy la persona que arrastra gente a un toque, no lo considero\u2026 \u00a1\u00a1Y est\u00e1 comprobado!! Y s\u00ed, en cuanto a lo que toca a la banda, yo lo que les pido es que consideren que con mi pobre voz tengo que cantar\u2026 \u00a1Que me dejen desarrollar la idea para que as\u00ed me sea m\u00e1s f\u00e1cil hacer lo que tengo que hacer! Tocar y cantar no es algo a lo que estuve acostumbrado por mucho tiempo, es algo m\u00e1s bien reciente\u2026 Pero lo disfruto much\u00edsimo. En lo compositivo y arregl\u00edstico, s\u00ed, todos metemos mano y proponemos, definitivamente.<\/p>\n<p>&nbsp;<\/p>\n<p><strong>-En el sitio web de la productora, en el link de Los Chanchos Salvajes, dicen que \u201cactualmente la banda est\u00e1 terminando de dar el \u00faltimo toque a cuatro nuevas canciones que seguramente no integrar\u00e1n ning\u00fan pr\u00f3ximo disco\u201d\u2026 \u00bfes as\u00ed, es decir, no hay en absoluto planes de grabar disco? \u00bfPor qu\u00e9? (Con Ni\u00f1era Nueva Ola llegaron a grabar uno)<\/strong><\/p>\n<p>\u00a1No! \u00a1Eso ya es viejo! Tenemos unas cuantas canciones, a las cuales le estamos haciendo nuestros videos, y seguramente cuando consideremos que tenemos 12 o 14 que est\u00e1n bien, las subiremos a Spotify, para que haya material en la vuelta, s\u00ed. \u00a1Por ahora, s\u00f3lo se trata de tocar nuestra maldita \u201cmedia hora\u201d!<\/p>\n<p>&nbsp;<\/p>\n<p><strong>&#8211; Vos en lo personal, \u00bfqu\u00e9 bandas o grupos escuch\u00e1s hoy, tanto nuevos que hayas descubierto y te hayan gustado \u00faltimamente, o si segu\u00eds escuchando y valorando los cl\u00e1sicos de siempre?<\/strong><\/p>\n<p>Los cl\u00e1sicos se \u201crenuevan\u201d d\u00eda a d\u00eda. Encuentro placer al escuchar los discos de los Sonics, los Kinks, los primitivos Stones\u2026 Eso no se deja; y s\u00ed, hay mucho rock nuevo por ah\u00ed, afortunadamente\u2026 Me gustan Thee Oh Sees, Metz\u2026 hay terribles bandas australianas todav\u00eda que dan miedo. Savages, en Londres; un grupo de chicas muy Joy Division, con una guitarrista incre\u00edblemente vers\u00e1til; tambi\u00e9n los ingleses Slaves\u2026<\/p>\n<p>&nbsp;<\/p>\n<p><strong>-Hablanos sobre el toque del pr\u00f3ximo 6 de diciembre en Solitario Juan\u2026<\/strong><\/p>\n<p>Seguramente sea el \u00faltimo del a\u00f1o. Vamos a tocar con Na-K y con Agente 86; ser\u00e1 a partir de las 22hrs. puntual, con entradas en la puerta, \u00a1\u00a1y prometo que nadie va a tocar m\u00e1s de 30 minutos!! Ah\u00ed en Rod\u00f3 casi Frugoni, en Solitario Juan, \u00a1est\u00e1n todos invitados!<\/p>\n<p>&nbsp;<\/p>\n<p><strong>-Entonces, \u00bfqu\u00e9 planes a futuro tienen Los Chanchos Salvajes?, \u00bfla idea ser\u00eda seguir tocando, hasta cu\u00e1ndo?<\/strong><\/p>\n<p>Nunca se sabe\u2026 No hay que hacer planes para nada\u2026 La llevamos muy bien. Estamos en la etapa del enamoramiento\u2026 y en ese caso, \u00a1hay que tocar!<\/p>\n<p>&nbsp;<\/p>\n<p>&nbsp;<\/p>\n","protected":false},"excerpt":{"rendered":"<p>Gustavo Parodi es una figura clave de la m\u00fasica uruguaya posdictadura. Co-fundador de dos de las bandas m\u00e1s importantes y emblem\u00e1ticas de la historia del rock uruguayo como lo fueron Los Est\u00f3magos en los 80\u00b4s, y posteriormente y hasta hoy Buitres, su papel como guitarrista y compositor, y en los \u00faltimos a\u00f1os vocalista, compositor y [&hellip;]<\/p>\n","protected":false},"author":3,"featured_media":44597,"comment_status":"closed","ping_status":"closed","sticky":false,"template":"","format":"standard","meta":{"om_disable_all_campaigns":false,"ngg_post_thumbnail":0,"jnews-multi-image_gallery":[],"jnews_single_post":[],"jnews_primary_category":[],"jnews_social_meta":[],"jnews_override_counter":[],"footnotes":""},"categories":[59],"tags":[96,676,7865,491,675],"class_list":["post-44596","post","type-post","status-publish","format-standard","has-post-thumbnail","hentry","category-musicos","tag-buitres","tag-gustavo-parodi","tag-los-chanchos-salvajes","tag-los-estomagos","tag-ninera-nueva-ola"],"yoast_head":"<!-- This site is optimized with the Yoast SEO plugin v27.5 - https:\/\/yoast.com\/product\/yoast-seo-wordpress\/ -->\n<title>Entrevista a Gustavo Parodi, guitarrista y vocalista de Los Chanchos Salvajes - Cooltivarte Portal<\/title>\n<meta name=\"description\" content=\"COOLTIVARTE.COM es un portal digital colaborativo de actualizaci\u00f3n permanente dedicado a difundir el acontecer art\u00edstico y cultural, entrevista artistas, gestores y productores de las diferentes disciplinas del arte, y publicando art\u00edculos de reflexi\u00f3n de producci\u00f3n propia sobre los elementos culturales.\" \/>\n<meta name=\"robots\" content=\"index, follow, max-snippet:-1, max-image-preview:large, max-video-preview:-1\" \/>\n<link rel=\"canonical\" href=\"https:\/\/cooltivarte.com\/portal\/entrevista-a-gustavo-parodi-guitarrista-y-vocalista-de-los-chanchos-salvajes\/\" \/>\n<meta property=\"og:locale\" content=\"es_ES\" \/>\n<meta property=\"og:type\" content=\"article\" \/>\n<meta property=\"og:title\" content=\"Entrevista a Gustavo Parodi, guitarrista y vocalista de Los Chanchos Salvajes - Cooltivarte Portal\" \/>\n<meta property=\"og:description\" content=\"COOLTIVARTE.COM es un portal digital colaborativo de actualizaci\u00f3n permanente dedicado a difundir el acontecer art\u00edstico y cultural, entrevista artistas, gestores y productores de las diferentes disciplinas del arte, y publicando art\u00edculos de reflexi\u00f3n de producci\u00f3n propia sobre los elementos culturales.\" \/>\n<meta property=\"og:url\" content=\"https:\/\/cooltivarte.com\/portal\/entrevista-a-gustavo-parodi-guitarrista-y-vocalista-de-los-chanchos-salvajes\/\" \/>\n<meta property=\"og:site_name\" content=\"Cooltivarte Portal\" \/>\n<meta property=\"article:publisher\" content=\"https:\/\/www.facebook.com\/cooltivartecom\/\" \/>\n<meta property=\"article:author\" content=\"https:\/\/www.facebook.com\/paulo.roddel?fref=ts\" \/>\n<meta property=\"article:published_time\" content=\"2018-12-03T14:56:24+00:00\" \/>\n<meta property=\"article:modified_time\" content=\"2019-06-07T22:24:31+00:00\" \/>\n<meta property=\"og:image\" content=\"https:\/\/cooltivarte.com\/portal\/wp-content\/uploads\/2018\/12\/Los-Chanchos-Salvajes.jpg\" \/>\n\t<meta property=\"og:image:width\" content=\"596\" \/>\n\t<meta property=\"og:image:height\" content=\"596\" \/>\n\t<meta property=\"og:image:type\" content=\"image\/jpeg\" \/>\n<meta name=\"author\" content=\"Paulo Roddel\" \/>\n<meta name=\"twitter:card\" content=\"summary_large_image\" \/>\n<meta name=\"twitter:creator\" content=\"@https:\/\/x.com\/obolocultural\" \/>\n<meta name=\"twitter:site\" content=\"@obolocultural\" \/>\n<meta name=\"twitter:label1\" content=\"Escrito por\" \/>\n\t<meta name=\"twitter:data1\" content=\"Paulo Roddel\" \/>\n\t<meta name=\"twitter:label2\" content=\"Tiempo de lectura\" \/>\n\t<meta name=\"twitter:data2\" content=\"6 minutos\" \/>\n<!-- \/ Yoast SEO plugin. -->","yoast_head_json":{"title":"Entrevista a Gustavo Parodi, guitarrista y vocalista de Los Chanchos Salvajes - Cooltivarte Portal","description":"COOLTIVARTE.COM es un portal digital colaborativo de actualizaci\u00f3n permanente dedicado a difundir el acontecer art\u00edstico y cultural, entrevista artistas, gestores y productores de las diferentes disciplinas del arte, y publicando art\u00edculos de reflexi\u00f3n de producci\u00f3n propia sobre los elementos culturales.","robots":{"index":"index","follow":"follow","max-snippet":"max-snippet:-1","max-image-preview":"max-image-preview:large","max-video-preview":"max-video-preview:-1"},"canonical":"https:\/\/cooltivarte.com\/portal\/entrevista-a-gustavo-parodi-guitarrista-y-vocalista-de-los-chanchos-salvajes\/","og_locale":"es_ES","og_type":"article","og_title":"Entrevista a Gustavo Parodi, guitarrista y vocalista de Los Chanchos Salvajes - Cooltivarte Portal","og_description":"COOLTIVARTE.COM es un portal digital colaborativo de actualizaci\u00f3n permanente dedicado a difundir el acontecer art\u00edstico y cultural, entrevista artistas, gestores y productores de las diferentes disciplinas del arte, y publicando art\u00edculos de reflexi\u00f3n de producci\u00f3n propia sobre los elementos culturales.","og_url":"https:\/\/cooltivarte.com\/portal\/entrevista-a-gustavo-parodi-guitarrista-y-vocalista-de-los-chanchos-salvajes\/","og_site_name":"Cooltivarte Portal","article_publisher":"https:\/\/www.facebook.com\/cooltivartecom\/","article_author":"https:\/\/www.facebook.com\/paulo.roddel?fref=ts","article_published_time":"2018-12-03T14:56:24+00:00","article_modified_time":"2019-06-07T22:24:31+00:00","og_image":[{"width":596,"height":596,"url":"https:\/\/cooltivarte.com\/portal\/wp-content\/uploads\/2018\/12\/Los-Chanchos-Salvajes.jpg","type":"image\/jpeg"}],"author":"Paulo Roddel","twitter_card":"summary_large_image","twitter_creator":"@https:\/\/x.com\/obolocultural","twitter_site":"@obolocultural","twitter_misc":{"Escrito por":"Paulo Roddel","Tiempo de lectura":"6 minutos"},"schema":{"@context":"https:\/\/schema.org","@graph":[{"@type":"NewsArticle","@id":"https:\/\/cooltivarte.com\/portal\/entrevista-a-gustavo-parodi-guitarrista-y-vocalista-de-los-chanchos-salvajes\/#article","isPartOf":{"@id":"https:\/\/cooltivarte.com\/portal\/entrevista-a-gustavo-parodi-guitarrista-y-vocalista-de-los-chanchos-salvajes\/"},"author":{"name":"Paulo Roddel","@id":"https:\/\/cooltivarte.com\/portal\/#\/schema\/person\/cd2efa85c6b7f58778c3fe3b5426ecaa"},"headline":"Entrevista a Gustavo Parodi, guitarrista y vocalista de Los Chanchos Salvajes","datePublished":"2018-12-03T14:56:24+00:00","dateModified":"2019-06-07T22:24:31+00:00","mainEntityOfPage":{"@id":"https:\/\/cooltivarte.com\/portal\/entrevista-a-gustavo-parodi-guitarrista-y-vocalista-de-los-chanchos-salvajes\/"},"wordCount":1184,"publisher":{"@id":"https:\/\/cooltivarte.com\/portal\/#organization"},"image":{"@id":"https:\/\/cooltivarte.com\/portal\/entrevista-a-gustavo-parodi-guitarrista-y-vocalista-de-los-chanchos-salvajes\/#primaryimage"},"thumbnailUrl":"https:\/\/cooltivarte.com\/portal\/wp-content\/uploads\/2018\/12\/Los-Chanchos-Salvajes.jpg","keywords":["Buitres","gustavo parodi","Los Chanchos Salvajes","Los Est\u00f3magos","ni\u00f1era nueva ola"],"articleSection":["M\u00fasica"],"inLanguage":"es-AR"},{"@type":"WebPage","@id":"https:\/\/cooltivarte.com\/portal\/entrevista-a-gustavo-parodi-guitarrista-y-vocalista-de-los-chanchos-salvajes\/","url":"https:\/\/cooltivarte.com\/portal\/entrevista-a-gustavo-parodi-guitarrista-y-vocalista-de-los-chanchos-salvajes\/","name":"Entrevista a Gustavo Parodi, guitarrista y vocalista de Los Chanchos Salvajes - Cooltivarte Portal","isPartOf":{"@id":"https:\/\/cooltivarte.com\/portal\/#website"},"primaryImageOfPage":{"@id":"https:\/\/cooltivarte.com\/portal\/entrevista-a-gustavo-parodi-guitarrista-y-vocalista-de-los-chanchos-salvajes\/#primaryimage"},"image":{"@id":"https:\/\/cooltivarte.com\/portal\/entrevista-a-gustavo-parodi-guitarrista-y-vocalista-de-los-chanchos-salvajes\/#primaryimage"},"thumbnailUrl":"https:\/\/cooltivarte.com\/portal\/wp-content\/uploads\/2018\/12\/Los-Chanchos-Salvajes.jpg","datePublished":"2018-12-03T14:56:24+00:00","dateModified":"2019-06-07T22:24:31+00:00","description":"COOLTIVARTE.COM es un portal digital colaborativo de actualizaci\u00f3n permanente dedicado a difundir el acontecer art\u00edstico y cultural, entrevista artistas, gestores y productores de las diferentes disciplinas del arte, y publicando art\u00edculos de reflexi\u00f3n de producci\u00f3n propia sobre los elementos culturales.","breadcrumb":{"@id":"https:\/\/cooltivarte.com\/portal\/entrevista-a-gustavo-parodi-guitarrista-y-vocalista-de-los-chanchos-salvajes\/#breadcrumb"},"inLanguage":"es-AR","potentialAction":[{"@type":"ReadAction","target":["https:\/\/cooltivarte.com\/portal\/entrevista-a-gustavo-parodi-guitarrista-y-vocalista-de-los-chanchos-salvajes\/"]}]},{"@type":"ImageObject","inLanguage":"es-AR","@id":"https:\/\/cooltivarte.com\/portal\/entrevista-a-gustavo-parodi-guitarrista-y-vocalista-de-los-chanchos-salvajes\/#primaryimage","url":"https:\/\/cooltivarte.com\/portal\/wp-content\/uploads\/2018\/12\/Los-Chanchos-Salvajes.jpg","contentUrl":"https:\/\/cooltivarte.com\/portal\/wp-content\/uploads\/2018\/12\/Los-Chanchos-Salvajes.jpg","width":596,"height":596,"caption":"Gustavo Parodi es una figura clave de la m\u00fasica uruguaya posdictadura. Co-fundador de dos de las bandas m\u00e1s importantes y emblem\u00e1ticas de la historia del rock uruguayo como lo fueron Los Est\u00f3magos en los 80\u00b4s, y posteriormente y hasta hoy Buitres"},{"@type":"BreadcrumbList","@id":"https:\/\/cooltivarte.com\/portal\/entrevista-a-gustavo-parodi-guitarrista-y-vocalista-de-los-chanchos-salvajes\/#breadcrumb","itemListElement":[{"@type":"ListItem","position":1,"name":"Portada","item":"https:\/\/cooltivarte.com\/portal\/"},{"@type":"ListItem","position":2,"name":"Entrevista a Gustavo Parodi, guitarrista y vocalista de Los Chanchos Salvajes"}]},{"@type":"WebSite","@id":"https:\/\/cooltivarte.com\/portal\/#website","url":"https:\/\/cooltivarte.com\/portal\/","name":"Cooltivarte Portal","description":"Arte, cultura y turismo para el mundo ...","publisher":{"@id":"https:\/\/cooltivarte.com\/portal\/#organization"},"potentialAction":[{"@type":"SearchAction","target":{"@type":"EntryPoint","urlTemplate":"https:\/\/cooltivarte.com\/portal\/?s={search_term_string}"},"query-input":{"@type":"PropertyValueSpecification","valueRequired":true,"valueName":"search_term_string"}}],"inLanguage":"es-AR"},{"@type":"Organization","@id":"https:\/\/cooltivarte.com\/portal\/#organization","name":"cooltivarte","url":"https:\/\/cooltivarte.com\/portal\/","logo":{"@type":"ImageObject","inLanguage":"es-AR","@id":"https:\/\/cooltivarte.com\/portal\/#\/schema\/logo\/image\/","url":"https:\/\/cooltivarte.com\/portal\/wp-content\/uploads\/2020\/04\/logo-cooltivarte-v2.png","contentUrl":"https:\/\/cooltivarte.com\/portal\/wp-content\/uploads\/2020\/04\/logo-cooltivarte-v2.png","width":851,"height":243,"caption":"cooltivarte"},"image":{"@id":"https:\/\/cooltivarte.com\/portal\/#\/schema\/logo\/image\/"},"sameAs":["https:\/\/www.facebook.com\/cooltivartecom\/","https:\/\/x.com\/obolocultural","https:\/\/www.instagram.com\/_cooltivarte_\/","https:\/\/www.linkedin.com\/company\/-bolocultural?reportsuccess=8zaNG1HwhPbAR9iQhZ5rfGeqz_vQFftHun0ZWU0Wy9vNemRJ8vtcKdJvzQfW8XagyOJSKg0XvfJ1dp","https:\/\/www.pinterest.com\/cooltivarte\/","https:\/\/cooltivarte.tumblr.com\/","https:\/\/www.tiktok.com\/@cooltivarte","https:\/\/www.youtube.com\/@PrensaCooltivarte"]},{"@type":"Person","@id":"https:\/\/cooltivarte.com\/portal\/#\/schema\/person\/cd2efa85c6b7f58778c3fe3b5426ecaa","name":"Paulo Roddel","image":{"@type":"ImageObject","inLanguage":"es-AR","@id":"https:\/\/cooltivarte.com\/portal\/wp-content\/uploads\/2023\/04\/309588768_10221911924376380_7090664272806348508_n-120x120.jpg","url":"https:\/\/cooltivarte.com\/portal\/wp-content\/uploads\/2023\/04\/309588768_10221911924376380_7090664272806348508_n-120x120.jpg","contentUrl":"https:\/\/cooltivarte.com\/portal\/wp-content\/uploads\/2023\/04\/309588768_10221911924376380_7090664272806348508_n-120x120.jpg","caption":"Paulo Roddel"},"description":"Naci\u00f3 e1 13 de octubre de 1977, en Montevideo, Uruguay. Ha publicado poes\u00eda y cuentos en revistas y antolog\u00edas de escritores. Edit\u00f3 fanzines y publicaciones de rock de circulaci\u00f3n under en Montevideo (1997-2000). Co-fund\u00f3 los grupos de poetas 7 Segundos y Seis50, grab\u00f3 los cds de poes\u00eda \u201cSiete Segundos en la vuelta de tu oreja\u201d (Grupo 7 Segundos, 2002) y \u201cAblaci\u00f3n del Habla\u201d (Grupo Seis50, 2006). Ha publicado cinco libros de poes\u00eda \"Trapos\" (2004), \"Palidezco\" (2010), \"Ama\/zonas\" (2014), \"El ce\u00f1o del sue\u00f1o\" (2016), y \"Efecto acumulativo\" (2019). Ha colaborado en los peri\u00f3dicos La Diaria y La Rep\u00fablica, fue co-redactor de la revista cultural Fango (Premio Fondos Concursables del MEC, 2010-2011), colabor\u00f3 en las revistas culturales H-enciclopedia, Revista Ricardo Reis, Revista Vadenuevo, Revista Once, Magazine Montevideando, Suplemento El Pa\u00eds Cultural, entre otras publicaciones. En 2014 participa de la realizaci\u00f3n Poetas - Proyecto Cross Media. Colabora desde el 2010 en el portal cooltivarte.com. Participa en ciclos literarios y encuentros de escritores tanto en Uruguay como en Argentina, y como columnista invitado en radios tratando efem\u00e9rides vinculadas al rock. Como periodista cultural ha entrevistado a numerosas destacadas figuras de la cultura, tanto uruguayas como extranjeras en diferentes disciplinas art\u00edsticas. Colabora tambi\u00e9n en la revista digital Lam\u00e1s M\u00e9dula, de Buenos Aires. Produce y conduce el programa de rock uruguayo \"El Pulso El\u00e9ctrico\" en FM Ciudadela 88.7. Participa como columnista quincenal sobre m\u00fasica uruguaya en la Din\u00e1mico FM de Porto Alegre, Brasil. Es docente de ingl\u00e9s, librero, y curs\u00f3 la carrera de Licenciatura en Ciencias Hist\u00f3ricas en la Facultad de Humanidades y Ciencias de la Educaci\u00f3n de la UdelaR.","sameAs":["https:\/\/www.facebook.com\/paulo.roddel?fref=ts","https:\/\/www.instagram.com\/_cooltivarte_\/","https:\/\/www.linkedin.com\/company\/-bolocultural","https:\/\/www.pinterest.com\/cooltivarte","https:\/\/x.com\/https:\/\/x.com\/obolocultural","https:\/\/www.youtube.com\/@PrensaCooltivarte","https:\/\/www.tumblr.com\/blog\/cooltivarte"],"url":"https:\/\/cooltivarte.com\/portal\/author\/proddel\/"}]}},"_links":{"self":[{"href":"https:\/\/cooltivarte.com\/portal\/wp-json\/wp\/v2\/posts\/44596","targetHints":{"allow":["GET"]}}],"collection":[{"href":"https:\/\/cooltivarte.com\/portal\/wp-json\/wp\/v2\/posts"}],"about":[{"href":"https:\/\/cooltivarte.com\/portal\/wp-json\/wp\/v2\/types\/post"}],"author":[{"embeddable":true,"href":"https:\/\/cooltivarte.com\/portal\/wp-json\/wp\/v2\/users\/3"}],"replies":[{"embeddable":true,"href":"https:\/\/cooltivarte.com\/portal\/wp-json\/wp\/v2\/comments?post=44596"}],"version-history":[{"count":2,"href":"https:\/\/cooltivarte.com\/portal\/wp-json\/wp\/v2\/posts\/44596\/revisions"}],"predecessor-version":[{"id":44599,"href":"https:\/\/cooltivarte.com\/portal\/wp-json\/wp\/v2\/posts\/44596\/revisions\/44599"}],"wp:featuredmedia":[{"embeddable":true,"href":"https:\/\/cooltivarte.com\/portal\/wp-json\/wp\/v2\/media\/44597"}],"wp:attachment":[{"href":"https:\/\/cooltivarte.com\/portal\/wp-json\/wp\/v2\/media?parent=44596"}],"wp:term":[{"taxonomy":"category","embeddable":true,"href":"https:\/\/cooltivarte.com\/portal\/wp-json\/wp\/v2\/categories?post=44596"},{"taxonomy":"post_tag","embeddable":true,"href":"https:\/\/cooltivarte.com\/portal\/wp-json\/wp\/v2\/tags?post=44596"}],"curies":[{"name":"wp","href":"https:\/\/api.w.org\/{rel}","templated":true}]}}