{"id":44525,"date":"2018-11-27T11:59:02","date_gmt":"2018-11-27T14:59:02","guid":{"rendered":"http:\/\/cooltivarte.com\/portal\/?p=44525"},"modified":"2018-11-27T11:59:02","modified_gmt":"2018-11-27T14:59:02","slug":"un-viaje-a-la-arena-del-mediterraneo-en-el-antel-arena","status":"publish","type":"post","link":"https:\/\/cooltivarte.com\/portal\/un-viaje-a-la-arena-del-mediterraneo-en-el-antel-arena\/","title":{"rendered":"Un viaje a la arena del Mediterr\u00e1neo en el Antel Arena"},"content":{"rendered":"<p>Cuando era peque\u00f1a mi madre me dec\u00eda que Serrat era el amor de toda su generaci\u00f3n. Es curioso irte a la otra punta del mundo y ver que toda una generaci\u00f3n del otro lado del planeta tambi\u00e9n tiene la misma sensaci\u00f3n. Y fue erizante ver un Antel Arena recientemente estrenado llen\u00e1ndose de gente poco a poco hasta ocupar todo el lugar. Pero m\u00e1s erizante a\u00fan fue ver aparecer a una parte viva de la historia cantando en el escenario, en un aplauso inmenso que llen\u00f3 los corazones. Lo primero que son\u00f3 fue de lo m\u00e1s esperado, las notas de la guitarra anunciaban el coro de \u201cMediterr\u00e1neo\u201d y mirar las caras de emoci\u00f3n del p\u00fablico ansioso no ten\u00eda precio. Antel Arena, arena de playa, mar Mediterr\u00e1neo que fue cuna de tantos y tantos abuelos y abuelas, madre y padres, inmigrantes que en otras \u00e9pocas viajaron e hicieron hermandad entre Espa\u00f1a y el paisito. Im\u00e1genes de esa playa son las que se proyectaban detr\u00e1s de las canciones en una especie de gran mariposa blanca como tel\u00f3n que decoraba el escenario. <strong>Joan Manuel Serrat<\/strong> poniendo voz y versos a muchos sue\u00f1os uruguayos, record\u00f3 el Cilindro, lugar que antes se erig\u00eda en la misma locaci\u00f3n donde lo est\u00e1bamos disfrutando y donde recordaba nost\u00e1lgico haber interpretado sus composiciones alguna que otra vez.<\/p>\n<p>\u201cMediterr\u00e1neo Dacapo\u201d se llama esta gira, y aclara que el t\u00e9rmino musical \u201cdacapo\u201d es italiano y que significa \u201cir de vuelta\u201d, por eso \u00e9l lo hab\u00eda elegido para volver a su disco \u201cMediterr\u00e1neo\u201d, interpretar y sentir de nuevo esas diez canciones que aun\u00f3 en 1971 y que tanto viajaron. Este a\u00f1o se cumple el 47\u00ba aniversario del disco y \u00e9l reconoce que es un n\u00famero de aniversario raro para celebrar, pero que para qu\u00e9 esperar al n\u00famero 50, \u201cuno no est\u00e1 para esperar\u201d, admit\u00eda entre risas mientras hablaba de la fragilidad de la vida y a\u00f1ad\u00eda que eso \u201clo hac\u00eda pecar de prudente\u201d y animaba a que celebremos todo lo que queramos celebrar.<\/p>\n<p>\u201cQu\u00e9 va a ser de ti lejos de casa\u201d cantaba Serrat en estos primeros pasos del concierto y nos hizo volar a los rincones que nos hicieron crecer, mientras de fondo brillaban constelaciones y galaxias. \u201cVagabundear\u201d, fue la siguiente y despert\u00f3 gritos del p\u00fablico que ya no se aguantaba \u201c\u00a1Qu\u00e9 grande, Serrat! \u00a1Te amo!\u201d. Sigui\u00f3 \u201cBarquito de papel\u201d en este recorrido por el disco y \u201cPueblo blanco\u201d, entre proyecciones de \u00e1rboles en oto\u00f1o y hojas volando con el viento.<\/p>\n<p>Lleg\u00f3 el momento de hablar de la memoria hist\u00f3rica, de confesar que el t\u00edo Alberto de su canci\u00f3n no era su t\u00edo, sino que era Alberto Puig, uno de los pioneros en hablar de la izquierda en los encuentros de la noche art\u00edstica de Barcelona en un local llamado Bocaccio, que el propio Serrat frecuent\u00f3 y del que trajo un taburete que lo acompa\u00f1a en muchos escenarios. Sigui\u00f3 la canci\u00f3n al mismo acompa\u00f1ada por unos pasos de baile que el artista regal\u00f3 sobre el escenario. \u201c\u00c1ngel que yo quiero\u201d fue el precedente a la presentaci\u00f3n de los m\u00fasicos que regalaron un espect\u00e1culo musical de gran nivel, con Ricard Miralles al piano y \u201cal tim\u00f3n de la nave\u201d.<\/p>\n<p>\u201cLuc\u00eda\u201d demostr\u00f3 ser una de las m\u00e1s esperadas por el p\u00fablico, una canci\u00f3n que se hizo lugar en la historia de la m\u00fasica y es conocida y cantada all\u00e1 donde viaja. Habl\u00f3 tambi\u00e9n de una persona de Castilla La Mancha que es m\u00e1s famosa que \u201cIniesta, Almod\u00f3var y Sarita Montiel\u201d y cant\u00f3 la canci\u00f3n que dedic\u00f3 a \u201cDon Quijote\u201d. Continu\u00f3 con \u201cAquellas peque\u00f1as cosas\u201d y son\u00f3 de nuevo \u201cMediterr\u00e1neo\u201d para cerrar este recorrido tan especial.<\/p>\n<p>Tras una pausa, comenz\u00f3 la segunda parte del espect\u00e1culo, una parte en la que Joan Manuel Serrat se mostr\u00f3 muy conversador con el p\u00fablico, hizo bromas y coment\u00f3 que le gustaba que sus conciertos tuvieran \u201cuna pincelada cultural\u201d, y demostr\u00f3 un gran inter\u00e9s por el significado de las palabras, saber qu\u00e9 le contaban, afirm\u00f3 que es un hombre \u201cenamorado de la sem\u00e1ntica\u201d. Y fue por eso mismo que comparti\u00f3 con los asistentes que el nombre del mar al que tanto le canta, el Mediterr\u00e1neo, viene del lat\u00edn y significa \u201cen medio de la tierra\u201d.<\/p>\n<p>Hablando tambi\u00e9n de palabras y de mares, lanz\u00f3 una reflexi\u00f3n muy importante en estos tiempos sobre el g\u00e9nero, pensando que el mar es oscuro, es brav\u00edo, pero que tambi\u00e9n uno se hace a la mar, la mar salada, \u201c\u00bfmasculino o femenino?\u201d, plante\u00f3.<\/p>\n<p>Cant\u00f3 al mar y la mar, a la luna, y lleg\u00f3 el momento en el que el Antel Arena core\u00f3 \u201cCantares\u201d, otro de los grandes regalos del cantautor. Pero el m\u00fasico catal\u00e1n se pronunci\u00f3 tambi\u00e9n sobre las aguas contaminadas del Mediterr\u00e1neo, sobre c\u00f3mo un lugar tan hermoso se est\u00e1 llenando de pl\u00e1stico por la acci\u00f3n humana y sobre el gran tema que se ha convertido tristemente en noticia protagonista de la actualidad, la violencia que se est\u00e1 ejerciendo contra los movimientos migratorios. \u201cEuropa creci\u00f3 gracias a las migraciones\u201d, afirmaba Serrat, y el mar donde el cantautor levantaba castillos de arena y que es cuna de vida se ha convertido hoy en \u201cun inmenso sarc\u00f3fago\u201d.<\/p>\n<p>No termin\u00f3 ah\u00ed el contenido social del concierto, Serrat entre canciones como \u201cAlgo personal\u201d o \u201cMenos tu vientre\u201d, canci\u00f3n compuesta con los versos del poeta Miguel Hern\u00e1ndez, tambi\u00e9n coment\u00f3 que \u00e9l se hab\u00eda criado en un matriarcado y afirm\u00f3 que \u201cnadie muere de mal de amores pero muchos mueren por amores malos\u201d. Con un gran aplauso, enton\u00f3 otro de sus himnos, \u201cPara la libertad\u201d y deleit\u00f3 al p\u00fablico con una delicada \u201cDe vez en cuando\u201d hablando sobre la vida que se compone de momentos buenos y otros m\u00e1s complicados.<\/p>\n<p>\u201cHoy puede ser un gran d\u00eda\u201d fue el primer intento de despedida del aclamado m\u00fasico, pero vino despu\u00e9s \u201cUna de piratas\u201d que dedic\u00f3 a esos personajes de cuentos que tanto lo hab\u00edan hecho so\u00f1ar y que tan mala fama ten\u00edan. Y ya sabiendo que todo ten\u00eda sabor a despedida de una noche magistral, nos imaginamos ese pueblo vestido de \u201cFiesta\u201d , nos pusimos melanc\u00f3licos con \u201cEsos locos bajitos\u201d y nos enamoramos de maniqu\u00edes bailando con \u201cDe cart\u00f3n piedra\u201d.<\/p>\n<p>Serrat, historia viva que canta, que habla sin tapujos, que enamora y que acorta distancias en el oc\u00e9ano, celebremos, celebremos todo lo que haya por celebrar, y celebremos pronto tu vuelta por este pa\u00eds que tanto te quiere.<\/p>\n<p>&nbsp;<\/p>\n<h3><a href=\"https:\/\/www.facebook.com\/media\/set\/?set=a.1965394270174143&amp;type=1&amp;l=f8d74aefc3\" target=\"_blank\" rel=\"noopener\">Ver cobertura en nuestra comunidad de facebook<\/a><\/h3>\n<p>&nbsp;<\/p>\n<p>&nbsp;<\/p>\n<p>https:\/\/www.facebook.com\/media\/set\/?set=a.1965394270174143&#038;type=1&#038;l=f8d74aefc3<\/p>\n<p>&nbsp;<\/p>\n<p>&nbsp;<\/p>\n<p>&nbsp;<\/p>\n","protected":false},"excerpt":{"rendered":"<p>Cuando era peque\u00f1a mi madre me dec\u00eda que Serrat era el amor de toda su generaci\u00f3n. Es curioso irte a la otra punta del mundo y ver que toda una generaci\u00f3n del otro lado del planeta tambi\u00e9n tiene la misma sensaci\u00f3n. Y fue erizante ver un Antel Arena recientemente estrenado llen\u00e1ndose de gente poco a [&hellip;]<\/p>\n","protected":false},"author":83,"featured_media":44526,"comment_status":"closed","ping_status":"closed","sticky":false,"template":"","format":"standard","meta":{"om_disable_all_campaigns":false,"ngg_post_thumbnail":0,"jnews-multi-image_gallery":[],"jnews_single_post":[],"jnews_primary_category":[],"jnews_social_meta":[],"jnews_override_counter":[],"footnotes":""},"categories":[50],"tags":[7467,7565,7844,7843],"class_list":["post-44525","post","type-post","status-publish","format-standard","has-post-thumbnail","hentry","category-coberturas","tag-antel-arena","tag-joan-manuel-serrat","tag-mediterraneo","tag-serrat"],"yoast_head":"<!-- This site is optimized with the Yoast SEO plugin v27.5 - https:\/\/yoast.com\/product\/yoast-seo-wordpress\/ -->\n<title>Un viaje a la arena del Mediterr\u00e1neo en el Antel Arena - Cooltivarte Portal<\/title>\n<meta name=\"description\" content=\"COOLTIVARTE.COM es un portal digital colaborativo de actualizaci\u00f3n permanente dedicado a difundir el acontecer art\u00edstico y cultural, entrevista artistas, gestores y productores de las diferentes disciplinas del arte, y publicando art\u00edculos de reflexi\u00f3n de producci\u00f3n propia sobre los elementos culturales.\" \/>\n<meta name=\"robots\" content=\"index, follow, max-snippet:-1, max-image-preview:large, max-video-preview:-1\" \/>\n<link rel=\"canonical\" href=\"https:\/\/cooltivarte.com\/portal\/un-viaje-a-la-arena-del-mediterraneo-en-el-antel-arena\/\" \/>\n<meta property=\"og:locale\" content=\"es_ES\" \/>\n<meta property=\"og:type\" content=\"article\" \/>\n<meta property=\"og:title\" content=\"Un viaje a la arena del Mediterr\u00e1neo en el Antel Arena - Cooltivarte Portal\" \/>\n<meta property=\"og:description\" content=\"COOLTIVARTE.COM es un portal digital colaborativo de actualizaci\u00f3n permanente dedicado a difundir el acontecer art\u00edstico y cultural, entrevista artistas, gestores y productores de las diferentes disciplinas del arte, y publicando art\u00edculos de reflexi\u00f3n de producci\u00f3n propia sobre los elementos culturales.\" \/>\n<meta property=\"og:url\" content=\"https:\/\/cooltivarte.com\/portal\/un-viaje-a-la-arena-del-mediterraneo-en-el-antel-arena\/\" \/>\n<meta property=\"og:site_name\" content=\"Cooltivarte Portal\" \/>\n<meta property=\"article:publisher\" content=\"https:\/\/www.facebook.com\/cooltivartecom\/\" \/>\n<meta property=\"article:author\" content=\"https:\/\/www.facebook.com\/paula.dealba.9?fref=ts\" \/>\n<meta property=\"article:published_time\" content=\"2018-11-27T14:59:02+00:00\" \/>\n<meta property=\"og:image\" content=\"https:\/\/cooltivarte.com\/portal\/wp-content\/uploads\/2018\/11\/Serrat-Mediterr\u00e1neo-Da-Capo-en-Montevideo-Antel-Arena-Noviembre-2018-Foto-Carla-Pe\u00f1a-1.jpg\" \/>\n\t<meta property=\"og:image:width\" content=\"1024\" \/>\n\t<meta property=\"og:image:height\" content=\"682\" \/>\n\t<meta property=\"og:image:type\" content=\"image\/jpeg\" \/>\n<meta name=\"author\" content=\"Paula De Alba\" \/>\n<meta name=\"twitter:card\" content=\"summary_large_image\" \/>\n<meta name=\"twitter:creator\" content=\"@https:\/\/x.com\/obolocultural\" \/>\n<meta name=\"twitter:site\" content=\"@obolocultural\" \/>\n<meta name=\"twitter:label1\" content=\"Escrito por\" \/>\n\t<meta name=\"twitter:data1\" content=\"Paula De Alba\" \/>\n\t<meta name=\"twitter:label2\" content=\"Tiempo de lectura\" \/>\n\t<meta name=\"twitter:data2\" content=\"6 minutos\" \/>\n<!-- \/ Yoast SEO plugin. -->","yoast_head_json":{"title":"Un viaje a la arena del Mediterr\u00e1neo en el Antel Arena - Cooltivarte Portal","description":"COOLTIVARTE.COM es un portal digital colaborativo de actualizaci\u00f3n permanente dedicado a difundir el acontecer art\u00edstico y cultural, entrevista artistas, gestores y productores de las diferentes disciplinas del arte, y publicando art\u00edculos de reflexi\u00f3n de producci\u00f3n propia sobre los elementos culturales.","robots":{"index":"index","follow":"follow","max-snippet":"max-snippet:-1","max-image-preview":"max-image-preview:large","max-video-preview":"max-video-preview:-1"},"canonical":"https:\/\/cooltivarte.com\/portal\/un-viaje-a-la-arena-del-mediterraneo-en-el-antel-arena\/","og_locale":"es_ES","og_type":"article","og_title":"Un viaje a la arena del Mediterr\u00e1neo en el Antel Arena - Cooltivarte Portal","og_description":"COOLTIVARTE.COM es un portal digital colaborativo de actualizaci\u00f3n permanente dedicado a difundir el acontecer art\u00edstico y cultural, entrevista artistas, gestores y productores de las diferentes disciplinas del arte, y publicando art\u00edculos de reflexi\u00f3n de producci\u00f3n propia sobre los elementos culturales.","og_url":"https:\/\/cooltivarte.com\/portal\/un-viaje-a-la-arena-del-mediterraneo-en-el-antel-arena\/","og_site_name":"Cooltivarte Portal","article_publisher":"https:\/\/www.facebook.com\/cooltivartecom\/","article_author":"https:\/\/www.facebook.com\/paula.dealba.9?fref=ts","article_published_time":"2018-11-27T14:59:02+00:00","og_image":[{"width":1024,"height":682,"url":"https:\/\/cooltivarte.com\/portal\/wp-content\/uploads\/2018\/11\/Serrat-Mediterr\u00e1neo-Da-Capo-en-Montevideo-Antel-Arena-Noviembre-2018-Foto-Carla-Pe\u00f1a-1.jpg","type":"image\/jpeg"}],"author":"Paula De Alba","twitter_card":"summary_large_image","twitter_creator":"@https:\/\/x.com\/obolocultural","twitter_site":"@obolocultural","twitter_misc":{"Escrito por":"Paula De Alba","Tiempo de lectura":"6 minutos"},"schema":{"@context":"https:\/\/schema.org","@graph":[{"@type":"NewsArticle","@id":"https:\/\/cooltivarte.com\/portal\/un-viaje-a-la-arena-del-mediterraneo-en-el-antel-arena\/#article","isPartOf":{"@id":"https:\/\/cooltivarte.com\/portal\/un-viaje-a-la-arena-del-mediterraneo-en-el-antel-arena\/"},"author":{"name":"Paula De Alba","@id":"https:\/\/cooltivarte.com\/portal\/#\/schema\/person\/b093c548aaf0464df38997fb8eaa7171"},"headline":"Un viaje a la arena del Mediterr\u00e1neo en el Antel Arena","datePublished":"2018-11-27T14:59:02+00:00","mainEntityOfPage":{"@id":"https:\/\/cooltivarte.com\/portal\/un-viaje-a-la-arena-del-mediterraneo-en-el-antel-arena\/"},"wordCount":1189,"publisher":{"@id":"https:\/\/cooltivarte.com\/portal\/#organization"},"image":{"@id":"https:\/\/cooltivarte.com\/portal\/un-viaje-a-la-arena-del-mediterraneo-en-el-antel-arena\/#primaryimage"},"thumbnailUrl":"https:\/\/cooltivarte.com\/portal\/wp-content\/uploads\/2018\/11\/Serrat-Mediterr\u00e1neo-Da-Capo-en-Montevideo-Antel-Arena-Noviembre-2018-Foto-Carla-Pe\u00f1a-1.jpg","keywords":["Antel Arena","Joan Manuel Serrat","Mediterr\u00e1neo","Serrat"],"articleSection":["Coberturas"],"inLanguage":"es-AR"},{"@type":"WebPage","@id":"https:\/\/cooltivarte.com\/portal\/un-viaje-a-la-arena-del-mediterraneo-en-el-antel-arena\/","url":"https:\/\/cooltivarte.com\/portal\/un-viaje-a-la-arena-del-mediterraneo-en-el-antel-arena\/","name":"Un viaje a la arena del Mediterr\u00e1neo en el Antel Arena - Cooltivarte Portal","isPartOf":{"@id":"https:\/\/cooltivarte.com\/portal\/#website"},"primaryImageOfPage":{"@id":"https:\/\/cooltivarte.com\/portal\/un-viaje-a-la-arena-del-mediterraneo-en-el-antel-arena\/#primaryimage"},"image":{"@id":"https:\/\/cooltivarte.com\/portal\/un-viaje-a-la-arena-del-mediterraneo-en-el-antel-arena\/#primaryimage"},"thumbnailUrl":"https:\/\/cooltivarte.com\/portal\/wp-content\/uploads\/2018\/11\/Serrat-Mediterr\u00e1neo-Da-Capo-en-Montevideo-Antel-Arena-Noviembre-2018-Foto-Carla-Pe\u00f1a-1.jpg","datePublished":"2018-11-27T14:59:02+00:00","description":"COOLTIVARTE.COM es un portal digital colaborativo de actualizaci\u00f3n permanente dedicado a difundir el acontecer art\u00edstico y cultural, entrevista artistas, gestores y productores de las diferentes disciplinas del arte, y publicando art\u00edculos de reflexi\u00f3n de producci\u00f3n propia sobre los elementos culturales.","breadcrumb":{"@id":"https:\/\/cooltivarte.com\/portal\/un-viaje-a-la-arena-del-mediterraneo-en-el-antel-arena\/#breadcrumb"},"inLanguage":"es-AR","potentialAction":[{"@type":"ReadAction","target":["https:\/\/cooltivarte.com\/portal\/un-viaje-a-la-arena-del-mediterraneo-en-el-antel-arena\/"]}]},{"@type":"ImageObject","inLanguage":"es-AR","@id":"https:\/\/cooltivarte.com\/portal\/un-viaje-a-la-arena-del-mediterraneo-en-el-antel-arena\/#primaryimage","url":"https:\/\/cooltivarte.com\/portal\/wp-content\/uploads\/2018\/11\/Serrat-Mediterr\u00e1neo-Da-Capo-en-Montevideo-Antel-Arena-Noviembre-2018-Foto-Carla-Pe\u00f1a-1.jpg","contentUrl":"https:\/\/cooltivarte.com\/portal\/wp-content\/uploads\/2018\/11\/Serrat-Mediterr\u00e1neo-Da-Capo-en-Montevideo-Antel-Arena-Noviembre-2018-Foto-Carla-Pe\u00f1a-1.jpg","width":1024,"height":682,"caption":"Serrat \"Mediterr\u00e1neo Da Capo\" en Montevideo - Antel Arena - Noviembre 2018 Foto \u00a9 Carla Pe\u00f1a www.cooltivarte.com"},{"@type":"BreadcrumbList","@id":"https:\/\/cooltivarte.com\/portal\/un-viaje-a-la-arena-del-mediterraneo-en-el-antel-arena\/#breadcrumb","itemListElement":[{"@type":"ListItem","position":1,"name":"Portada","item":"https:\/\/cooltivarte.com\/portal\/"},{"@type":"ListItem","position":2,"name":"Un viaje a la arena del Mediterr\u00e1neo en el Antel Arena"}]},{"@type":"WebSite","@id":"https:\/\/cooltivarte.com\/portal\/#website","url":"https:\/\/cooltivarte.com\/portal\/","name":"Cooltivarte Portal","description":"Arte, cultura y turismo para el mundo ...","publisher":{"@id":"https:\/\/cooltivarte.com\/portal\/#organization"},"potentialAction":[{"@type":"SearchAction","target":{"@type":"EntryPoint","urlTemplate":"https:\/\/cooltivarte.com\/portal\/?s={search_term_string}"},"query-input":{"@type":"PropertyValueSpecification","valueRequired":true,"valueName":"search_term_string"}}],"inLanguage":"es-AR"},{"@type":"Organization","@id":"https:\/\/cooltivarte.com\/portal\/#organization","name":"cooltivarte","url":"https:\/\/cooltivarte.com\/portal\/","logo":{"@type":"ImageObject","inLanguage":"es-AR","@id":"https:\/\/cooltivarte.com\/portal\/#\/schema\/logo\/image\/","url":"https:\/\/cooltivarte.com\/portal\/wp-content\/uploads\/2020\/04\/logo-cooltivarte-v2.png","contentUrl":"https:\/\/cooltivarte.com\/portal\/wp-content\/uploads\/2020\/04\/logo-cooltivarte-v2.png","width":851,"height":243,"caption":"cooltivarte"},"image":{"@id":"https:\/\/cooltivarte.com\/portal\/#\/schema\/logo\/image\/"},"sameAs":["https:\/\/www.facebook.com\/cooltivartecom\/","https:\/\/x.com\/obolocultural","https:\/\/www.instagram.com\/_cooltivarte_\/","https:\/\/www.linkedin.com\/company\/-bolocultural?reportsuccess=8zaNG1HwhPbAR9iQhZ5rfGeqz_vQFftHun0ZWU0Wy9vNemRJ8vtcKdJvzQfW8XagyOJSKg0XvfJ1dp","https:\/\/www.pinterest.com\/cooltivarte\/","https:\/\/cooltivarte.tumblr.com\/","https:\/\/www.tiktok.com\/@cooltivarte","https:\/\/www.youtube.com\/@PrensaCooltivarte"]},{"@type":"Person","@id":"https:\/\/cooltivarte.com\/portal\/#\/schema\/person\/b093c548aaf0464df38997fb8eaa7171","name":"Paula De Alba","image":{"@type":"ImageObject","inLanguage":"es-AR","@id":"https:\/\/cooltivarte.com\/portal\/wp-content\/uploads\/2016\/03\/paula-de-alba.jpg","url":"https:\/\/cooltivarte.com\/portal\/wp-content\/uploads\/2016\/03\/paula-de-alba.jpg","contentUrl":"https:\/\/cooltivarte.com\/portal\/wp-content\/uploads\/2016\/03\/paula-de-alba.jpg","caption":"Paula De Alba"},"description":"Periodista y comunicadora audiovisual, nac\u00ed en C\u00e1diz, viv\u00ed en Madrid y ahora improviso en Montevideo. Dedico mi tiempo y mi energ\u00eda a contar y cantar historias acompa\u00f1ada de mi guitarra. En la actualidad trabajo en un hostel en el que cada d\u00eda viajo sin moverme de la ciudad. Soy de la opini\u00f3n de que las cosas que nos pasan y las personas que nos cruzamos siempre tienen un por qu\u00e9. Y me gusta preguntarlo. Incorporaci\u00f3n a cooltivarte en 2016.","sameAs":["https:\/\/www.facebook.com\/paula.dealba.9?fref=ts","https:\/\/www.instagram.com\/_cooltivarte_\/","https:\/\/www.linkedin.com\/company\/-bolocultural","https:\/\/www.pinterest.com\/cooltivarte","https:\/\/x.com\/https:\/\/x.com\/obolocultural","https:\/\/www.youtube.com\/channel\/UCYSiEvR2OqsqjgS-verTgrg","https:\/\/www.tumblr.com\/blog\/cooltivarte"],"url":"https:\/\/cooltivarte.com\/portal\/author\/paula-de-alba\/"}]}},"_links":{"self":[{"href":"https:\/\/cooltivarte.com\/portal\/wp-json\/wp\/v2\/posts\/44525","targetHints":{"allow":["GET"]}}],"collection":[{"href":"https:\/\/cooltivarte.com\/portal\/wp-json\/wp\/v2\/posts"}],"about":[{"href":"https:\/\/cooltivarte.com\/portal\/wp-json\/wp\/v2\/types\/post"}],"author":[{"embeddable":true,"href":"https:\/\/cooltivarte.com\/portal\/wp-json\/wp\/v2\/users\/83"}],"replies":[{"embeddable":true,"href":"https:\/\/cooltivarte.com\/portal\/wp-json\/wp\/v2\/comments?post=44525"}],"version-history":[{"count":1,"href":"https:\/\/cooltivarte.com\/portal\/wp-json\/wp\/v2\/posts\/44525\/revisions"}],"predecessor-version":[{"id":44527,"href":"https:\/\/cooltivarte.com\/portal\/wp-json\/wp\/v2\/posts\/44525\/revisions\/44527"}],"wp:featuredmedia":[{"embeddable":true,"href":"https:\/\/cooltivarte.com\/portal\/wp-json\/wp\/v2\/media\/44526"}],"wp:attachment":[{"href":"https:\/\/cooltivarte.com\/portal\/wp-json\/wp\/v2\/media?parent=44525"}],"wp:term":[{"taxonomy":"category","embeddable":true,"href":"https:\/\/cooltivarte.com\/portal\/wp-json\/wp\/v2\/categories?post=44525"},{"taxonomy":"post_tag","embeddable":true,"href":"https:\/\/cooltivarte.com\/portal\/wp-json\/wp\/v2\/tags?post=44525"}],"curies":[{"name":"wp","href":"https:\/\/api.w.org\/{rel}","templated":true}]}}