{"id":44372,"date":"2018-11-20T11:55:40","date_gmt":"2018-11-20T14:55:40","guid":{"rendered":"http:\/\/cooltivarte.com\/portal\/?p=44372"},"modified":"2024-03-17T19:19:26","modified_gmt":"2024-03-17T22:19:26","slug":"lali-brava-tour","status":"publish","type":"post","link":"https:\/\/cooltivarte.com\/portal\/lali-brava-tour\/","title":{"rendered":"LALI &#8211; BRAVA TOUR"},"content":{"rendered":"<figure id=\"attachment_44374\" aria-describedby=\"caption-attachment-44374\" style=\"width: 1024px\" class=\"wp-caption aligncenter\"><img fetchpriority=\"high\" decoding=\"async\" class=\"wp-image-44374 size-full\" title=\"LALI - BRAVA TOUR - El Teatro de Verano Ram\u00f3n Collazo - Noviembre 2018 - Foto \u00a9 Carlos Iglesias www.cooltivarte.com ---\" src=\"https:\/\/cooltivarte.com\/portal\/wp-content\/uploads\/2018\/11\/LALI-BRAVA-TOUR-El-Teatro-de-Verano-Ram\u00f3n-Collazo-Noviembre-2018-Foto-Carlos-Iglesias.jpg\" alt=\"LALI - BRAVA TOUR - El Teatro de Verano Ram\u00f3n Collazo - Noviembre 2018 - Foto \u00a9 Carlos Iglesias www.cooltivarte.com ---\" width=\"1024\" height=\"678\" srcset=\"https:\/\/cooltivarte.com\/portal\/wp-content\/uploads\/2018\/11\/LALI-BRAVA-TOUR-El-Teatro-de-Verano-Ram\u00f3n-Collazo-Noviembre-2018-Foto-Carlos-Iglesias.jpg 1024w, https:\/\/cooltivarte.com\/portal\/wp-content\/uploads\/2018\/11\/LALI-BRAVA-TOUR-El-Teatro-de-Verano-Ram\u00f3n-Collazo-Noviembre-2018-Foto-Carlos-Iglesias-300x199.jpg 300w, https:\/\/cooltivarte.com\/portal\/wp-content\/uploads\/2018\/11\/LALI-BRAVA-TOUR-El-Teatro-de-Verano-Ram\u00f3n-Collazo-Noviembre-2018-Foto-Carlos-Iglesias-768x509.jpg 768w\" sizes=\"(max-width: 1024px) 100vw, 1024px\" \/><figcaption id=\"caption-attachment-44374\" class=\"wp-caption-text\">LALI &#8211; BRAVA TOUR &#8211; El Teatro de Verano Ram\u00f3n Collazo &#8211; Noviembre 2018 &#8211; Foto \u00a9 Carlos Iglesias www.cooltivarte.com &#8212;<\/figcaption><\/figure>\n<p>La artista argentina se present\u00f3 el pasado s\u00e1bado en <strong>El<\/strong> <strong>Teatro<\/strong> <strong>de<\/strong> <strong>Verano<\/strong> <strong>Ram\u00f3n<\/strong> <strong>Collazo<\/strong>, en el marco de la gira promocional de su tercer trabajo discogr\u00e1fico \u201c<strong>Brava<\/strong>\u201d (editado el pasado agosto). En esta nueva visita a la capital, la actriz y cantante dio un extenso show de primer nivel. Donde interpret\u00f3 sus nuevas canciones sin dejar de lado los cl\u00e1sicos de sus producciones anteriores.<\/p>\n<p>El inicio del espect\u00e1culo estuvo a cargo del d\u00fao musical femenino, <strong>2 Mujeres<\/strong> (2M).<\/p>\n<p>Contra viento y marea (literalmente), un teatro colmado esperaba la llegada de <a href=\"https:\/\/cooltivarte.com\/portal\/?s=Lali+Esp\u00f3sito\" target=\"_blank\" rel=\"noopener\"><strong>Lali<\/strong><\/a>. Que por cuestiones ajenas a ella y a su producci\u00f3n, el horario de inicio del show fue demorado. Cabe destacar igual el excelente trabajo que realiz\u00f3, tanto su equipo como la producci\u00f3n local, para que ante estas dificultades el espect\u00e1culo pudiera realizarse.<\/p>\n<p>Finalmente pasadas las 23 hs, distintas visuales kitsch que pertenecen al arte del disco en cuesti\u00f3n, se plasmaban sobre las diferentes pantallas en el escenario. La cantante declaraba \u201csoy brava babies\u201d y sal\u00eda a escena siendo ovacionada por completo, luciendo un mono negro (cargado de s\u00edmbolos) y la cabellera trenzada.<\/p>\n<p>Esp\u00f3sito acompa\u00f1ada por su banda y un cuerpo de baile de cuatro bailarinas daba inicio al show con \u201cOMG!\u201d. Que justamente es el primer track de su reciente producci\u00f3n, que cont\u00f3 con un gran despliegue coreogr\u00e1fico y visual, sello que caracteriza a la artista desde sus inicios.<\/p>\n<p>Sin dar respiro, la cantautora puso primera y sigui\u00f3 con el hit \u201cA Bailar\u201d, en una nueva versi\u00f3n m\u00e1s disco que se fusion\u00f3 con \u201cHisteria\u201d e \u201cIrresistible\u201d, para finalizar con el cl\u00e1sico \u201cSoy\u201d. Donde el p\u00fablico \u2013en su mayor\u00eda adolescente\u2013 acompa\u00f1\u00f3 cantando al pie de la letra.<\/p>\n<p>Luego de las primeras palabras de Esp\u00f3sito saludando a nuestro pa\u00eds. Se coquete\u00f3 con el flamenco en \u201cBesarte Mucho\u201d. Para seguir con \u201cSomos Amantes\u201d y \u201cSalvaje\u201d, canciones que le &#8220;prepararon la cancha&#8221; al tema que est\u00e1 sonando en todos lados; \u201cSin Querer Queriendo\u201d, llegando as\u00ed al final de la primer parte del show.<\/p>\n<p>El viaje por el universo power de <a href=\"https:\/\/cooltivarte.com\/portal\/?s=Lali+Esp\u00f3sito\" target=\"_blank\" rel=\"noopener\"><strong>Lali<\/strong><\/a> continuaba entre visuales y cortinas de humo con la llegada de otro \u00e9xito; \u201cBoomerang\u201d y \u201cMi Religi\u00f3n\u201d, que descontrolaron por completo a los presentes. Le sigui\u00f3 la potente \u201cMil A\u00f1os Luz\u201d (A Bailar, 2014), que deriv\u00f3 en una versi\u00f3n acelerada del hit \u201cAsesina\u201d. En esta nueva etapa del show, Esp\u00f3sito luci\u00f3 un nuevo look \u201csport\u201d cargado de lentejuelas.<\/p>\n<p>La aplanadora pop redoblaba la apuesta con \u201cReina\u201d, para abrirle la puerta a \u201c\u00danico\u201d, que cont\u00f3 con su introducci\u00f3n original y en el puente (que cuenta con influencias dubstep). La artista (rechinando los dientes por la intensidad de la coreograf\u00eda) hizo delirar al p\u00fablico junto a sus bailarinas.<\/p>\n<p>La cantautora present\u00f3 la dram\u00e1tica \u201cVuelve A Mi\u201d y se retir\u00f3 de escena dejando a su cuerpo de baile a cargo. Que a modo interludio, bail\u00f3 al ritmo de un instrumental (donde pod\u00edan identificarse sutiles gui\u00f1os a Michael Jackson, Justin Timberlake y Beyonc\u00e9), que sorprendi\u00f3 a todos por completo.<span class=\"Apple-converted-space\">&nbsp;<\/span><\/p>\n<p>El espect\u00e1culo continuaba sin ning\u00fan altibajo y llegaba el turno de otro de los sencillos de su \u00faltimo disco, \u201c100 Grados\u201d. Luego, con un escenario te\u00f1ido de verde sigui\u00f3 la especial \u201cT\u00fa Revoluci\u00f3n\u201d (Soy, 2016), que termin\u00f3 con el pedido euf\u00f3rico del p\u00fablico de que <a href=\"https:\/\/cooltivarte.com\/portal\/?s=Lali+Esp\u00f3sito\" target=\"_blank\" rel=\"noopener\"><strong>Lali<\/strong><\/a> moviera \u201cla colita\u201d\u2026<\/p>\n<p>La artista que cuenta con un gran sentido del humor, notablemente tentada por la situaci\u00f3n, acept\u00f3 el pedido de los presentes con la condici\u00f3n de que toda su banda tambi\u00e9n lo hiciera. De esta manera se hizo la presentaci\u00f3n formal de su equipo en escena.<\/p>\n<p>\u201cMoviendo la colita\u201d en el escenario la acompa\u00f1aron: Nano Novello (teclados), Antonella Guinta (coros), Peter Akselrad (guitarra), Alan Ballan (bajo), Luis Burgio (bater\u00eda) y <a href=\"https:\/\/cooltivarte.com\/portal\/?s=Lali+Esp\u00f3sito\" target=\"_blank\" rel=\"noopener\"><strong>Lali<\/strong><\/a> cumpli\u00f3.<\/p>\n<p>La noche se acercaba a su final con cambio de vestuario. La cantante ahora luc\u00eda un leotardo animal print de leopardo para interpretar la potente \u201cBomba\u201d, donde se la pudo ver m\u00e1s sensual que nunca pero de manera natural. Tambi\u00e9n, present\u00f3 su nuevo sencillo \u201cCaliente\u201d (tema junto Pabllo Vittar que est\u00e1 rompiendo record de views en YouTube), y nos trajo calma con \u201cMi \u00daltima Canci\u00f3n\u201d, para volver a la pista con \u201cUna Na\u201d que seg\u00fan ella juraba era el final del show\u2026<\/p>\n<p>Luego de la falsa retirada con banda incluida. <a href=\"https:\/\/cooltivarte.com\/portal\/?s=Lali+Esp\u00f3sito\" target=\"_blank\" rel=\"noopener\"><strong>Lali<\/strong><\/a> volvi\u00f3 de corpi\u00f1o y falda color rosa (con detalles en brillantes) para interpretar a modo de bis, los ya himnos; \u201cEgo\u201d, \u201cNo Estoy Sola\u201d (tema dedicado a todo aquel que recorre este camino musical junto a ella) y \u201cAmor Es Presente\u201d. La argentina \u2013mientras le\u00eda carteles y banderas de sus fieles seguidores\u2013 agradeci\u00f3 de manera muy sentida.<\/p>\n<p>Esp\u00f3sito ahora envuelta en la bandera uruguaya interpret\u00f3 la \u00faltima canci\u00f3n de la noche. La de los solteros; \u201cTu Novia\u201d. Donde la ovaci\u00f3n de los presentes fue constante, mientras el t\u00edtulo \u201cBrava\u201d se dibujaba en la pantalla led que la cantante ten\u00eda a sus espaldas, y una explosi\u00f3n de papel picado cubr\u00eda el teatro dando por culminado el espect\u00e1culo.<\/p>\n<p>Y as\u00ed, cumpliendo todas las expectativas. Pas\u00f3 por Montevideo <a href=\"https:\/\/cooltivarte.com\/portal\/?s=Lali+Esp\u00f3sito\" target=\"_blank\" rel=\"noopener\"><strong>Lali<\/strong><\/a> con su \u201c<strong>Brava Tour<\/strong>\u201d. Un show diferente donde la artista, juega con el pop en todas sus variables acompa\u00f1ado de un alto nivel de coreograf\u00eda y visuales. Resultado del trabajo de una cantante que no para de crecer. Y que en esta oportunidad, ni la lluvia, ni los problemas con la aerol\u00ednea estadounidense, pudieron contra el amor de su p\u00fablico y la magia de su suceso.<\/p>\n<p>&nbsp;<br \/>\n&nbsp;<\/p>\n<h3>&nbsp;<a href=\"https:\/\/www.facebook.com\/media\/set\/?set=a.1966116456768591&amp;type=3\" target=\"_blank\" rel=\"noopener\">Ir a la fotogaler\u00eda<\/a><\/h3>\n<p><iframe style=\"border: none; overflow: hidden;\" src=\"https:\/\/www.facebook.com\/plugins\/post.php?href=https%3A%2F%2Fwww.facebook.com%2Fmedia%2Fset%2F%3Fset%3Da.1966116456768591%26type%3D3&amp;width=100%\" width=\"100%\" height=\"669\" frameborder=\"0\" scrolling=\"no\"><\/iframe><br \/>\n&nbsp;<br \/>\n&nbsp;<\/p>\n","protected":false},"excerpt":{"rendered":"<p>La artista argentina se present\u00f3 el pasado s\u00e1bado en El Teatro de Verano Ram\u00f3n Collazo, en el marco de la gira promocional de su tercer trabajo discogr\u00e1fico \u201cBrava\u201d (editado el pasado agosto). En esta nueva visita a la capital, la actriz y cantante dio un extenso show de primer nivel. Donde interpret\u00f3 sus nuevas canciones sin dejar de lado los cl\u00e1sicos de sus producciones anteriores.<\/p>\n","protected":false},"author":142,"featured_media":44374,"comment_status":"closed","ping_status":"closed","sticky":false,"template":"","format":"standard","meta":{"om_disable_all_campaigns":false,"ngg_post_thumbnail":0,"jnews-multi-image_gallery":[],"jnews_single_post":{"subtitle":"El Teatro de Verano Ram\u00f3n Collazo - Noviembre 2018","format":"standard","video":"","gallery":"","source_name":"","source_url":"","via_name":"","via_url":"","override_template":"0","override":[{"template":"1","single_blog_custom":"","parallax":"1","fullscreen":"1","layout":"right-sidebar","sidebar":"default-sidebar","second_sidebar":"default-sidebar","sticky_sidebar":"1","share_position":"top","share_float_style":"share-monocrhome","show_share_counter":"1","show_view_counter":"1","show_featured":"1","show_post_meta":"1","show_post_author":"1","show_post_author_image":"1","show_post_date":"1","post_date_format":"default","post_date_format_custom":"Y\/m\/d","show_post_category":"1","show_post_reading_time":"0","post_reading_time_wpm":"300","show_zoom_button":"0","zoom_button_out_step":"2","zoom_button_in_step":"3","show_post_tag":"1","show_prev_next_post":"1","show_popup_post":"1","number_popup_post":"1","show_author_box":"0","show_post_related":"0","show_inline_post_related":"0"}],"override_image_size":"0","image_override":[{"single_post_thumbnail_size":"crop-500","single_post_gallery_size":"crop-500"}],"trending_post":"0","trending_post_position":"meta","trending_post_label":"Trending","sponsored_post":"0","sponsored_post_label":"Sponsored by","sponsored_post_name":"","sponsored_post_url":"","sponsored_post_logo_enable":"0","sponsored_post_logo":"","sponsored_post_desc":"","disable_ad":"0"},"jnews_primary_category":{"id":"","hide":""},"jnews_social_meta":{"fb_title":"","fb_description":"","fb_image":"","twitter_title":"","twitter_description":"","twitter_image":""},"jnews_override_counter":{"override_view_counter":"0","view_counter_number":"0","override_share_counter":"0","share_counter_number":"0","override_like_counter":"0","like_counter_number":"0","override_dislike_counter":"0","dislike_counter_number":"0"},"footnotes":""},"categories":[50],"tags":[7834,7807,7808,16736],"class_list":["post-44372","post","type-post","status-publish","format-standard","has-post-thumbnail","hentry","category-coberturas","tag-brava-tour","tag-el-teatro-de-verano-ramon-collazo","tag-lali","tag-lali-en-uruguay"],"yoast_head":"<!-- This site is optimized with the Yoast SEO plugin v27.5 - https:\/\/yoast.com\/product\/yoast-seo-wordpress\/ -->\n<title>LALI - BRAVA TOUR - Cooltivarte Portal<\/title>\n<meta name=\"description\" content=\"La artista argentina se present\u00f3 el pasado s\u00e1bado en El Teatro de Verano Ram\u00f3n Collazo, en el marco de la gira promocional de su tercer trabajo discogr\u00e1fico \u201cBrava\u201d (editado el pasado agosto). En esta nueva visita a la capital, la actriz y cantante dio un extenso show de primer nivel.\" \/>\n<meta name=\"robots\" content=\"index, follow, max-snippet:-1, max-image-preview:large, max-video-preview:-1\" \/>\n<link rel=\"canonical\" href=\"https:\/\/cooltivarte.com\/portal\/lali-brava-tour\/\" \/>\n<meta property=\"og:locale\" content=\"es_ES\" \/>\n<meta property=\"og:type\" content=\"article\" \/>\n<meta property=\"og:title\" content=\"LALI - BRAVA TOUR - Cooltivarte Portal\" \/>\n<meta property=\"og:description\" content=\"La artista argentina se present\u00f3 el pasado s\u00e1bado en El Teatro de Verano Ram\u00f3n Collazo, en el marco de la gira promocional de su tercer trabajo discogr\u00e1fico \u201cBrava\u201d (editado el pasado agosto). En esta nueva visita a la capital, la actriz y cantante dio un extenso show de primer nivel.\" \/>\n<meta property=\"og:url\" content=\"https:\/\/cooltivarte.com\/portal\/lali-brava-tour\/\" \/>\n<meta property=\"og:site_name\" content=\"Cooltivarte Portal\" \/>\n<meta property=\"article:publisher\" content=\"https:\/\/www.facebook.com\/cooltivartecom\/\" \/>\n<meta property=\"article:author\" content=\"https:\/\/www.facebook.com\/cooltivartecom\/\" \/>\n<meta property=\"article:published_time\" content=\"2018-11-20T14:55:40+00:00\" \/>\n<meta property=\"article:modified_time\" content=\"2024-03-17T22:19:26+00:00\" \/>\n<meta property=\"og:image\" content=\"https:\/\/cooltivarte.com\/portal\/wp-content\/uploads\/2018\/11\/LALI-BRAVA-TOUR-El-Teatro-de-Verano-Ram\u00f3n-Collazo-Noviembre-2018-Foto-Carlos-Iglesias.jpg\" \/>\n\t<meta property=\"og:image:width\" content=\"1024\" \/>\n\t<meta property=\"og:image:height\" content=\"678\" \/>\n\t<meta property=\"og:image:type\" content=\"image\/jpeg\" \/>\n<meta name=\"author\" content=\"Carlos Iglesias\" \/>\n<meta name=\"twitter:card\" content=\"summary_large_image\" \/>\n<meta name=\"twitter:creator\" content=\"@https:\/\/x.com\/obolocultural\" \/>\n<meta name=\"twitter:site\" content=\"@obolocultural\" \/>\n<meta name=\"twitter:label1\" content=\"Escrito por\" \/>\n\t<meta name=\"twitter:data1\" content=\"Carlos Iglesias\" \/>\n\t<meta name=\"twitter:label2\" content=\"Tiempo de lectura\" \/>\n\t<meta name=\"twitter:data2\" content=\"5 minutos\" \/>\n<!-- \/ Yoast SEO plugin. -->","yoast_head_json":{"title":"LALI - BRAVA TOUR - Cooltivarte Portal","description":"La artista argentina se present\u00f3 el pasado s\u00e1bado en El Teatro de Verano Ram\u00f3n Collazo, en el marco de la gira promocional de su tercer trabajo discogr\u00e1fico \u201cBrava\u201d (editado el pasado agosto). En esta nueva visita a la capital, la actriz y cantante dio un extenso show de primer nivel.","robots":{"index":"index","follow":"follow","max-snippet":"max-snippet:-1","max-image-preview":"max-image-preview:large","max-video-preview":"max-video-preview:-1"},"canonical":"https:\/\/cooltivarte.com\/portal\/lali-brava-tour\/","og_locale":"es_ES","og_type":"article","og_title":"LALI - BRAVA TOUR - Cooltivarte Portal","og_description":"La artista argentina se present\u00f3 el pasado s\u00e1bado en El Teatro de Verano Ram\u00f3n Collazo, en el marco de la gira promocional de su tercer trabajo discogr\u00e1fico \u201cBrava\u201d (editado el pasado agosto). En esta nueva visita a la capital, la actriz y cantante dio un extenso show de primer nivel.","og_url":"https:\/\/cooltivarte.com\/portal\/lali-brava-tour\/","og_site_name":"Cooltivarte Portal","article_publisher":"https:\/\/www.facebook.com\/cooltivartecom\/","article_author":"https:\/\/www.facebook.com\/cooltivartecom\/","article_published_time":"2018-11-20T14:55:40+00:00","article_modified_time":"2024-03-17T22:19:26+00:00","og_image":[{"width":1024,"height":678,"url":"https:\/\/cooltivarte.com\/portal\/wp-content\/uploads\/2018\/11\/LALI-BRAVA-TOUR-El-Teatro-de-Verano-Ram\u00f3n-Collazo-Noviembre-2018-Foto-Carlos-Iglesias.jpg","type":"image\/jpeg"}],"author":"Carlos Iglesias","twitter_card":"summary_large_image","twitter_creator":"@https:\/\/x.com\/obolocultural","twitter_site":"@obolocultural","twitter_misc":{"Escrito por":"Carlos Iglesias","Tiempo de lectura":"5 minutos"},"schema":{"@context":"https:\/\/schema.org","@graph":[{"@type":"NewsArticle","@id":"https:\/\/cooltivarte.com\/portal\/lali-brava-tour\/#article","isPartOf":{"@id":"https:\/\/cooltivarte.com\/portal\/lali-brava-tour\/"},"author":{"name":"Carlos Iglesias","@id":"https:\/\/cooltivarte.com\/portal\/#\/schema\/person\/8a010d36ae048b57eae09275a93a566c"},"headline":"LALI &#8211; BRAVA TOUR","datePublished":"2018-11-20T14:55:40+00:00","dateModified":"2024-03-17T22:19:26+00:00","mainEntityOfPage":{"@id":"https:\/\/cooltivarte.com\/portal\/lali-brava-tour\/"},"wordCount":1000,"publisher":{"@id":"https:\/\/cooltivarte.com\/portal\/#organization"},"image":{"@id":"https:\/\/cooltivarte.com\/portal\/lali-brava-tour\/#primaryimage"},"thumbnailUrl":"https:\/\/cooltivarte.com\/portal\/wp-content\/uploads\/2018\/11\/LALI-BRAVA-TOUR-El-Teatro-de-Verano-Ram\u00f3n-Collazo-Noviembre-2018-Foto-Carlos-Iglesias.jpg","keywords":["BRAVA TOUR","El Teatro de Verano Ram\u00f3n Collazo","Lali","lali en uruguay"],"articleSection":["Coberturas"],"inLanguage":"es-AR"},{"@type":"WebPage","@id":"https:\/\/cooltivarte.com\/portal\/lali-brava-tour\/","url":"https:\/\/cooltivarte.com\/portal\/lali-brava-tour\/","name":"LALI - BRAVA TOUR - Cooltivarte Portal","isPartOf":{"@id":"https:\/\/cooltivarte.com\/portal\/#website"},"primaryImageOfPage":{"@id":"https:\/\/cooltivarte.com\/portal\/lali-brava-tour\/#primaryimage"},"image":{"@id":"https:\/\/cooltivarte.com\/portal\/lali-brava-tour\/#primaryimage"},"thumbnailUrl":"https:\/\/cooltivarte.com\/portal\/wp-content\/uploads\/2018\/11\/LALI-BRAVA-TOUR-El-Teatro-de-Verano-Ram\u00f3n-Collazo-Noviembre-2018-Foto-Carlos-Iglesias.jpg","datePublished":"2018-11-20T14:55:40+00:00","dateModified":"2024-03-17T22:19:26+00:00","description":"La artista argentina se present\u00f3 el pasado s\u00e1bado en El Teatro de Verano Ram\u00f3n Collazo, en el marco de la gira promocional de su tercer trabajo discogr\u00e1fico \u201cBrava\u201d (editado el pasado agosto). En esta nueva visita a la capital, la actriz y cantante dio un extenso show de primer nivel.","breadcrumb":{"@id":"https:\/\/cooltivarte.com\/portal\/lali-brava-tour\/#breadcrumb"},"inLanguage":"es-AR","potentialAction":[{"@type":"ReadAction","target":["https:\/\/cooltivarte.com\/portal\/lali-brava-tour\/"]}]},{"@type":"ImageObject","inLanguage":"es-AR","@id":"https:\/\/cooltivarte.com\/portal\/lali-brava-tour\/#primaryimage","url":"https:\/\/cooltivarte.com\/portal\/wp-content\/uploads\/2018\/11\/LALI-BRAVA-TOUR-El-Teatro-de-Verano-Ram\u00f3n-Collazo-Noviembre-2018-Foto-Carlos-Iglesias.jpg","contentUrl":"https:\/\/cooltivarte.com\/portal\/wp-content\/uploads\/2018\/11\/LALI-BRAVA-TOUR-El-Teatro-de-Verano-Ram\u00f3n-Collazo-Noviembre-2018-Foto-Carlos-Iglesias.jpg","width":1024,"height":678,"caption":"LALI - BRAVA TOUR - El Teatro de Verano Ram\u00f3n Collazo - Noviembre 2018 - Foto \u00a9 Carlos Iglesias www.cooltivarte.com ---"},{"@type":"BreadcrumbList","@id":"https:\/\/cooltivarte.com\/portal\/lali-brava-tour\/#breadcrumb","itemListElement":[{"@type":"ListItem","position":1,"name":"Portada","item":"https:\/\/cooltivarte.com\/portal\/"},{"@type":"ListItem","position":2,"name":"LALI &#8211; BRAVA TOUR"}]},{"@type":"WebSite","@id":"https:\/\/cooltivarte.com\/portal\/#website","url":"https:\/\/cooltivarte.com\/portal\/","name":"Cooltivarte Portal","description":"Arte, cultura y turismo para el mundo ...","publisher":{"@id":"https:\/\/cooltivarte.com\/portal\/#organization"},"potentialAction":[{"@type":"SearchAction","target":{"@type":"EntryPoint","urlTemplate":"https:\/\/cooltivarte.com\/portal\/?s={search_term_string}"},"query-input":{"@type":"PropertyValueSpecification","valueRequired":true,"valueName":"search_term_string"}}],"inLanguage":"es-AR"},{"@type":"Organization","@id":"https:\/\/cooltivarte.com\/portal\/#organization","name":"cooltivarte","url":"https:\/\/cooltivarte.com\/portal\/","logo":{"@type":"ImageObject","inLanguage":"es-AR","@id":"https:\/\/cooltivarte.com\/portal\/#\/schema\/logo\/image\/","url":"https:\/\/cooltivarte.com\/portal\/wp-content\/uploads\/2020\/04\/logo-cooltivarte-v2.png","contentUrl":"https:\/\/cooltivarte.com\/portal\/wp-content\/uploads\/2020\/04\/logo-cooltivarte-v2.png","width":851,"height":243,"caption":"cooltivarte"},"image":{"@id":"https:\/\/cooltivarte.com\/portal\/#\/schema\/logo\/image\/"},"sameAs":["https:\/\/www.facebook.com\/cooltivartecom\/","https:\/\/x.com\/obolocultural","https:\/\/www.instagram.com\/_cooltivarte_\/","https:\/\/www.linkedin.com\/company\/-bolocultural?reportsuccess=8zaNG1HwhPbAR9iQhZ5rfGeqz_vQFftHun0ZWU0Wy9vNemRJ8vtcKdJvzQfW8XagyOJSKg0XvfJ1dp","https:\/\/www.pinterest.com\/cooltivarte\/","https:\/\/cooltivarte.tumblr.com\/","https:\/\/www.tiktok.com\/@cooltivarte","https:\/\/www.youtube.com\/@PrensaCooltivarte"]},{"@type":"Person","@id":"https:\/\/cooltivarte.com\/portal\/#\/schema\/person\/8a010d36ae048b57eae09275a93a566c","name":"Carlos Iglesias","image":{"@type":"ImageObject","inLanguage":"es-AR","@id":"https:\/\/cooltivarte.com\/portal\/wp-content\/uploads\/2021\/05\/D58BC73D-07FB-4A82-9A2C-F3A1555FFAA2-120x120.jpeg","url":"https:\/\/cooltivarte.com\/portal\/wp-content\/uploads\/2021\/05\/D58BC73D-07FB-4A82-9A2C-F3A1555FFAA2-120x120.jpeg","contentUrl":"https:\/\/cooltivarte.com\/portal\/wp-content\/uploads\/2021\/05\/D58BC73D-07FB-4A82-9A2C-F3A1555FFAA2-120x120.jpeg","caption":"Carlos Iglesias"},"sameAs":["https:\/\/www.facebook.com\/cooltivartecom\/","https:\/\/www.instagram.com\/itsmrcharlie\/","https:\/\/www.linkedin.com\/company\/-bolocultural","https:\/\/www.pinterest.com\/cooltivarte","https:\/\/x.com\/https:\/\/x.com\/obolocultural","https:\/\/www.youtube.com\/@PrensaCooltivarte","https:\/\/www.tumblr.com\/blog\/cooltivarte"],"url":"https:\/\/cooltivarte.com\/portal\/author\/carlos-iglesias\/"}]}},"_links":{"self":[{"href":"https:\/\/cooltivarte.com\/portal\/wp-json\/wp\/v2\/posts\/44372","targetHints":{"allow":["GET"]}}],"collection":[{"href":"https:\/\/cooltivarte.com\/portal\/wp-json\/wp\/v2\/posts"}],"about":[{"href":"https:\/\/cooltivarte.com\/portal\/wp-json\/wp\/v2\/types\/post"}],"author":[{"embeddable":true,"href":"https:\/\/cooltivarte.com\/portal\/wp-json\/wp\/v2\/users\/142"}],"replies":[{"embeddable":true,"href":"https:\/\/cooltivarte.com\/portal\/wp-json\/wp\/v2\/comments?post=44372"}],"version-history":[{"count":23,"href":"https:\/\/cooltivarte.com\/portal\/wp-json\/wp\/v2\/posts\/44372\/revisions"}],"predecessor-version":[{"id":100726,"href":"https:\/\/cooltivarte.com\/portal\/wp-json\/wp\/v2\/posts\/44372\/revisions\/100726"}],"wp:featuredmedia":[{"embeddable":true,"href":"https:\/\/cooltivarte.com\/portal\/wp-json\/wp\/v2\/media\/44374"}],"wp:attachment":[{"href":"https:\/\/cooltivarte.com\/portal\/wp-json\/wp\/v2\/media?parent=44372"}],"wp:term":[{"taxonomy":"category","embeddable":true,"href":"https:\/\/cooltivarte.com\/portal\/wp-json\/wp\/v2\/categories?post=44372"},{"taxonomy":"post_tag","embeddable":true,"href":"https:\/\/cooltivarte.com\/portal\/wp-json\/wp\/v2\/tags?post=44372"}],"curies":[{"name":"wp","href":"https:\/\/api.w.org\/{rel}","templated":true}]}}