{"id":44156,"date":"2018-11-06T14:59:42","date_gmt":"2018-11-06T17:59:42","guid":{"rendered":"http:\/\/cooltivarte.com\/portal\/?p=44156"},"modified":"2019-04-22T22:14:33","modified_gmt":"2019-04-23T01:14:33","slug":"ronda-de-poetas-y-la-intendencia-municipal-de-san-jose-presentan-la-primera-edicion-del-mundial-poetico-maragato","status":"publish","type":"post","link":"https:\/\/cooltivarte.com\/portal\/ronda-de-poetas-y-la-intendencia-municipal-de-san-jose-presentan-la-primera-edicion-del-mundial-poetico-maragato\/","title":{"rendered":"Ronda de poetas y la Intendencia Municipal de San Jos\u00e9 presentan la primera edici\u00f3n del Mundial Po\u00e9tico Maragato"},"content":{"rendered":"<p>El <strong>Mundial Po\u00e9tico Maragato 2018<\/strong>, se realizar\u00e1 en la ciudad de <strong>San Jos\u00e9<\/strong>, los d\u00edas<strong> jueves 15 y viernes 16 de noviembre en el Museo de San Jos\u00e9<\/strong> (Dr. Becerro de Bengoa 493). Para ello contaremos con la curadur\u00eda local de la poeta <a href=\"https:\/\/cooltivarte.com\/portal\/?s=Regina+Ramos\"><strong>Regina Ramos<\/strong><\/a>.<\/p>\n<p>De esta manera San Jos\u00e9 se transforma en la pionera y descentralizadora del proyecto Mundial Po\u00e9tico hacia el resto del pa\u00eds, realiz\u00e1ndose en paralelo a la edici\u00f3n montevideana que ser\u00e1 del 13 al 17 del mismo mes.<\/p>\n<p>Participan de la primera edici\u00f3n del Mundial Po\u00e9tico Maragato 2018:<strong> Orquesta de Poetas (Chile), fusi\u00f3n de m\u00fasica y poes\u00eda, y, los poetas cariocas Amora Pera, Pedro Rocha y Pedro Lago. Adem\u00e1s, los poetas uruguayos: Regina Ramos, Mart\u00edn Barea Mattos, Luc\u00eda Delbene, Luis Bravo, Mar\u00eda Laura Pintos, Adolfo Sarmiento, Gabriel Richieri, Marcela Matta, Nelson Traba &amp; Juan Manuel Silva.<\/strong><\/p>\n<p><strong>MUNDIAL POETICO MARAGATO 2018: jueves 15 y viernes 16 de noviembre de 19 a 21 hs. en el Museo de San Jos\u00e9. Entrada libre.<\/strong><\/p>\n<p><strong>Llega el Mundial Po\u00e9tico a San Jos\u00e9. Ven\u00eds vos.<\/strong><\/p>\n<p>&nbsp;<\/p>\n<p><a href=\"https:\/\/cooltivarte.com\/portal\/wp-content\/uploads\/2018\/11\/PROGRAMA-MUNDIAL-PO\u00c9TICO-2018.pdf\" target=\"_blank\" rel=\"noopener\"><strong>PROGRAMA MUNDIAL PO\u00c9TICO 2018<\/strong><\/a><\/p>\n<p>&nbsp;<\/p>\n<p><script async=\"\" src=\"\/\/pagead2.googlesyndication.com\/pagead\/js\/adsbygoogle.js\"><\/script><br \/>\n<script>\n  (adsbygoogle = window.adsbygoogle || []).push({\n    google_ad_client: \"ca-pub-1258162831753121\",\n    enable_page_level_ads: true\n  });\n<\/script><\/p>\n<p>&nbsp;<\/p>\n","protected":false},"excerpt":{"rendered":"<p>El Mundial Po\u00e9tico Maragato 2018, se realizar\u00e1 en la ciudad de San Jos\u00e9, los d\u00edas jueves 15 y viernes 16 de noviembre en el Museo de San Jos\u00e9 (Dr. Becerro de Bengoa 493). Para ello contaremos con la curadur\u00eda local de la poeta Regina Ramos. De esta manera San Jos\u00e9 se transforma en la pionera [&hellip;]<\/p>\n","protected":false},"author":8,"featured_media":44157,"comment_status":"closed","ping_status":"closed","sticky":false,"template":"","format":"standard","meta":{"om_disable_all_campaigns":false,"ngg_post_thumbnail":0,"jnews-multi-image_gallery":[],"jnews_single_post":[],"jnews_primary_category":[],"jnews_social_meta":[],"jnews_override_counter":[],"footnotes":""},"categories":[3394],"tags":[7755,6638,2333],"class_list":["post-44156","post","type-post","status-publish","format-standard","has-post-thumbnail","hentry","category-eventos","tag-mundial-poetico-maragato-2018","tag-regina-ramos","tag-san-jose"],"yoast_head":"<!-- This site is optimized with the Yoast SEO plugin v27.5 - https:\/\/yoast.com\/product\/yoast-seo-wordpress\/ -->\n<title>Ronda de poetas y la Intendencia Municipal de San Jos\u00e9 presentan la primera edici\u00f3n del Mundial Po\u00e9tico Maragato - Cooltivarte Portal<\/title>\n<meta name=\"description\" content=\"COOLTIVARTE.COM es un portal digital colaborativo de actualizaci\u00f3n permanente dedicado a difundir el acontecer art\u00edstico y cultural, entrevista artistas, gestores y productores de las diferentes disciplinas del arte, y publicando art\u00edculos de reflexi\u00f3n de producci\u00f3n propia sobre los elementos culturales.\" \/>\n<meta name=\"robots\" content=\"index, follow, max-snippet:-1, max-image-preview:large, max-video-preview:-1\" \/>\n<link rel=\"canonical\" href=\"https:\/\/cooltivarte.com\/portal\/ronda-de-poetas-y-la-intendencia-municipal-de-san-jose-presentan-la-primera-edicion-del-mundial-poetico-maragato\/\" \/>\n<meta property=\"og:locale\" content=\"es_ES\" \/>\n<meta property=\"og:type\" content=\"article\" \/>\n<meta property=\"og:title\" content=\"Ronda de poetas y la Intendencia Municipal de San Jos\u00e9 presentan la primera edici\u00f3n del Mundial Po\u00e9tico Maragato - Cooltivarte Portal\" \/>\n<meta property=\"og:description\" content=\"COOLTIVARTE.COM es un portal digital colaborativo de actualizaci\u00f3n permanente dedicado a difundir el acontecer art\u00edstico y cultural, entrevista artistas, gestores y productores de las diferentes disciplinas del arte, y publicando art\u00edculos de reflexi\u00f3n de producci\u00f3n propia sobre los elementos culturales.\" \/>\n<meta property=\"og:url\" content=\"https:\/\/cooltivarte.com\/portal\/ronda-de-poetas-y-la-intendencia-municipal-de-san-jose-presentan-la-primera-edicion-del-mundial-poetico-maragato\/\" \/>\n<meta property=\"og:site_name\" content=\"Cooltivarte Portal\" \/>\n<meta property=\"article:publisher\" content=\"https:\/\/www.facebook.com\/cooltivartecom\/\" \/>\n<meta property=\"article:author\" content=\"https:\/\/www.facebook.com\/cooltivartecom\" \/>\n<meta property=\"article:published_time\" content=\"2018-11-06T17:59:42+00:00\" \/>\n<meta property=\"article:modified_time\" content=\"2019-04-23T01:14:33+00:00\" \/>\n<meta property=\"og:image\" content=\"https:\/\/cooltivarte.com\/portal\/wp-content\/uploads\/2018\/11\/Ronda-de-poetas-y-la-Intendencia-Municipal-de-San-Jos\u00e9-MUNDIAL-POETICO-MARAGATO.jpg\" \/>\n\t<meta property=\"og:image:width\" content=\"679\" \/>\n\t<meta property=\"og:image:height\" content=\"960\" \/>\n\t<meta property=\"og:image:type\" content=\"image\/jpeg\" \/>\n<meta name=\"author\" content=\"Cooltivarte\" \/>\n<meta name=\"twitter:card\" content=\"summary_large_image\" \/>\n<meta name=\"twitter:creator\" content=\"@https:\/\/x.com\/obolocultural\" \/>\n<meta name=\"twitter:site\" content=\"@obolocultural\" \/>\n<meta name=\"twitter:label1\" content=\"Escrito por\" \/>\n\t<meta name=\"twitter:data1\" content=\"Cooltivarte\" \/>\n\t<meta name=\"twitter:label2\" content=\"Tiempo de lectura\" \/>\n\t<meta name=\"twitter:data2\" content=\"1 minuto\" \/>\n<!-- \/ Yoast SEO plugin. -->","yoast_head_json":{"title":"Ronda de poetas y la Intendencia Municipal de San Jos\u00e9 presentan la primera edici\u00f3n del Mundial Po\u00e9tico Maragato - Cooltivarte Portal","description":"COOLTIVARTE.COM es un portal digital colaborativo de actualizaci\u00f3n permanente dedicado a difundir el acontecer art\u00edstico y cultural, entrevista artistas, gestores y productores de las diferentes disciplinas del arte, y publicando art\u00edculos de reflexi\u00f3n de producci\u00f3n propia sobre los elementos culturales.","robots":{"index":"index","follow":"follow","max-snippet":"max-snippet:-1","max-image-preview":"max-image-preview:large","max-video-preview":"max-video-preview:-1"},"canonical":"https:\/\/cooltivarte.com\/portal\/ronda-de-poetas-y-la-intendencia-municipal-de-san-jose-presentan-la-primera-edicion-del-mundial-poetico-maragato\/","og_locale":"es_ES","og_type":"article","og_title":"Ronda de poetas y la Intendencia Municipal de San Jos\u00e9 presentan la primera edici\u00f3n del Mundial Po\u00e9tico Maragato - Cooltivarte Portal","og_description":"COOLTIVARTE.COM es un portal digital colaborativo de actualizaci\u00f3n permanente dedicado a difundir el acontecer art\u00edstico y cultural, entrevista artistas, gestores y productores de las diferentes disciplinas del arte, y publicando art\u00edculos de reflexi\u00f3n de producci\u00f3n propia sobre los elementos culturales.","og_url":"https:\/\/cooltivarte.com\/portal\/ronda-de-poetas-y-la-intendencia-municipal-de-san-jose-presentan-la-primera-edicion-del-mundial-poetico-maragato\/","og_site_name":"Cooltivarte Portal","article_publisher":"https:\/\/www.facebook.com\/cooltivartecom\/","article_author":"https:\/\/www.facebook.com\/cooltivartecom","article_published_time":"2018-11-06T17:59:42+00:00","article_modified_time":"2019-04-23T01:14:33+00:00","og_image":[{"width":679,"height":960,"url":"https:\/\/cooltivarte.com\/portal\/wp-content\/uploads\/2018\/11\/Ronda-de-poetas-y-la-Intendencia-Municipal-de-San-Jos\u00e9-MUNDIAL-POETICO-MARAGATO.jpg","type":"image\/jpeg"}],"author":"Cooltivarte","twitter_card":"summary_large_image","twitter_creator":"@https:\/\/x.com\/obolocultural","twitter_site":"@obolocultural","twitter_misc":{"Escrito por":"Cooltivarte","Tiempo de lectura":"1 minuto"},"schema":{"@context":"https:\/\/schema.org","@graph":[{"@type":"NewsArticle","@id":"https:\/\/cooltivarte.com\/portal\/ronda-de-poetas-y-la-intendencia-municipal-de-san-jose-presentan-la-primera-edicion-del-mundial-poetico-maragato\/#article","isPartOf":{"@id":"https:\/\/cooltivarte.com\/portal\/ronda-de-poetas-y-la-intendencia-municipal-de-san-jose-presentan-la-primera-edicion-del-mundial-poetico-maragato\/"},"author":{"name":"Cooltivarte","@id":"https:\/\/cooltivarte.com\/portal\/#\/schema\/person\/ec2a4f4e71b740d0c559c0ab9a157e19"},"headline":"Ronda de poetas y la Intendencia Municipal de San Jos\u00e9 presentan la primera edici\u00f3n del Mundial Po\u00e9tico Maragato","datePublished":"2018-11-06T17:59:42+00:00","dateModified":"2019-04-23T01:14:33+00:00","mainEntityOfPage":{"@id":"https:\/\/cooltivarte.com\/portal\/ronda-de-poetas-y-la-intendencia-municipal-de-san-jose-presentan-la-primera-edicion-del-mundial-poetico-maragato\/"},"wordCount":206,"publisher":{"@id":"https:\/\/cooltivarte.com\/portal\/#organization"},"image":{"@id":"https:\/\/cooltivarte.com\/portal\/ronda-de-poetas-y-la-intendencia-municipal-de-san-jose-presentan-la-primera-edicion-del-mundial-poetico-maragato\/#primaryimage"},"thumbnailUrl":"https:\/\/cooltivarte.com\/portal\/wp-content\/uploads\/2018\/11\/Ronda-de-poetas-y-la-Intendencia-Municipal-de-San-Jos\u00e9-MUNDIAL-POETICO-MARAGATO.jpg","keywords":["Mundial Po\u00e9tico Maragato 2018","Regina Ramos","San Jos\u00e9"],"articleSection":["Eventos"],"inLanguage":"es-AR"},{"@type":"WebPage","@id":"https:\/\/cooltivarte.com\/portal\/ronda-de-poetas-y-la-intendencia-municipal-de-san-jose-presentan-la-primera-edicion-del-mundial-poetico-maragato\/","url":"https:\/\/cooltivarte.com\/portal\/ronda-de-poetas-y-la-intendencia-municipal-de-san-jose-presentan-la-primera-edicion-del-mundial-poetico-maragato\/","name":"Ronda de poetas y la Intendencia Municipal de San Jos\u00e9 presentan la primera edici\u00f3n del Mundial Po\u00e9tico Maragato - Cooltivarte Portal","isPartOf":{"@id":"https:\/\/cooltivarte.com\/portal\/#website"},"primaryImageOfPage":{"@id":"https:\/\/cooltivarte.com\/portal\/ronda-de-poetas-y-la-intendencia-municipal-de-san-jose-presentan-la-primera-edicion-del-mundial-poetico-maragato\/#primaryimage"},"image":{"@id":"https:\/\/cooltivarte.com\/portal\/ronda-de-poetas-y-la-intendencia-municipal-de-san-jose-presentan-la-primera-edicion-del-mundial-poetico-maragato\/#primaryimage"},"thumbnailUrl":"https:\/\/cooltivarte.com\/portal\/wp-content\/uploads\/2018\/11\/Ronda-de-poetas-y-la-Intendencia-Municipal-de-San-Jos\u00e9-MUNDIAL-POETICO-MARAGATO.jpg","datePublished":"2018-11-06T17:59:42+00:00","dateModified":"2019-04-23T01:14:33+00:00","description":"COOLTIVARTE.COM es un portal digital colaborativo de actualizaci\u00f3n permanente dedicado a difundir el acontecer art\u00edstico y cultural, entrevista artistas, gestores y productores de las diferentes disciplinas del arte, y publicando art\u00edculos de reflexi\u00f3n de producci\u00f3n propia sobre los elementos culturales.","breadcrumb":{"@id":"https:\/\/cooltivarte.com\/portal\/ronda-de-poetas-y-la-intendencia-municipal-de-san-jose-presentan-la-primera-edicion-del-mundial-poetico-maragato\/#breadcrumb"},"inLanguage":"es-AR","potentialAction":[{"@type":"ReadAction","target":["https:\/\/cooltivarte.com\/portal\/ronda-de-poetas-y-la-intendencia-municipal-de-san-jose-presentan-la-primera-edicion-del-mundial-poetico-maragato\/"]}]},{"@type":"ImageObject","inLanguage":"es-AR","@id":"https:\/\/cooltivarte.com\/portal\/ronda-de-poetas-y-la-intendencia-municipal-de-san-jose-presentan-la-primera-edicion-del-mundial-poetico-maragato\/#primaryimage","url":"https:\/\/cooltivarte.com\/portal\/wp-content\/uploads\/2018\/11\/Ronda-de-poetas-y-la-Intendencia-Municipal-de-San-Jos\u00e9-MUNDIAL-POETICO-MARAGATO.jpg","contentUrl":"https:\/\/cooltivarte.com\/portal\/wp-content\/uploads\/2018\/11\/Ronda-de-poetas-y-la-Intendencia-Municipal-de-San-Jos\u00e9-MUNDIAL-POETICO-MARAGATO.jpg","width":679,"height":960,"caption":"Ronda de poetas y la Intendencia Municipal de San Jos\u00e9 MUNDIAL POETICO MARAGATO"},{"@type":"BreadcrumbList","@id":"https:\/\/cooltivarte.com\/portal\/ronda-de-poetas-y-la-intendencia-municipal-de-san-jose-presentan-la-primera-edicion-del-mundial-poetico-maragato\/#breadcrumb","itemListElement":[{"@type":"ListItem","position":1,"name":"Portada","item":"https:\/\/cooltivarte.com\/portal\/"},{"@type":"ListItem","position":2,"name":"Ronda de poetas y la Intendencia Municipal de San Jos\u00e9 presentan la primera edici\u00f3n del Mundial Po\u00e9tico Maragato"}]},{"@type":"WebSite","@id":"https:\/\/cooltivarte.com\/portal\/#website","url":"https:\/\/cooltivarte.com\/portal\/","name":"Cooltivarte Portal","description":"Arte, cultura y turismo para el mundo ...","publisher":{"@id":"https:\/\/cooltivarte.com\/portal\/#organization"},"potentialAction":[{"@type":"SearchAction","target":{"@type":"EntryPoint","urlTemplate":"https:\/\/cooltivarte.com\/portal\/?s={search_term_string}"},"query-input":{"@type":"PropertyValueSpecification","valueRequired":true,"valueName":"search_term_string"}}],"inLanguage":"es-AR"},{"@type":"Organization","@id":"https:\/\/cooltivarte.com\/portal\/#organization","name":"cooltivarte","url":"https:\/\/cooltivarte.com\/portal\/","logo":{"@type":"ImageObject","inLanguage":"es-AR","@id":"https:\/\/cooltivarte.com\/portal\/#\/schema\/logo\/image\/","url":"https:\/\/cooltivarte.com\/portal\/wp-content\/uploads\/2020\/04\/logo-cooltivarte-v2.png","contentUrl":"https:\/\/cooltivarte.com\/portal\/wp-content\/uploads\/2020\/04\/logo-cooltivarte-v2.png","width":851,"height":243,"caption":"cooltivarte"},"image":{"@id":"https:\/\/cooltivarte.com\/portal\/#\/schema\/logo\/image\/"},"sameAs":["https:\/\/www.facebook.com\/cooltivartecom\/","https:\/\/x.com\/obolocultural","https:\/\/www.instagram.com\/_cooltivarte_\/","https:\/\/www.linkedin.com\/company\/-bolocultural?reportsuccess=8zaNG1HwhPbAR9iQhZ5rfGeqz_vQFftHun0ZWU0Wy9vNemRJ8vtcKdJvzQfW8XagyOJSKg0XvfJ1dp","https:\/\/www.pinterest.com\/cooltivarte\/","https:\/\/cooltivarte.tumblr.com\/","https:\/\/www.tiktok.com\/@cooltivarte","https:\/\/www.youtube.com\/@PrensaCooltivarte"]},{"@type":"Person","@id":"https:\/\/cooltivarte.com\/portal\/#\/schema\/person\/ec2a4f4e71b740d0c559c0ab9a157e19","name":"Cooltivarte","image":{"@type":"ImageObject","inLanguage":"es-AR","@id":"https:\/\/cooltivarte.com\/portal\/wp-content\/uploads\/2014\/05\/logo-cooltivarte-120x120.jpg","url":"https:\/\/cooltivarte.com\/portal\/wp-content\/uploads\/2014\/05\/logo-cooltivarte-120x120.jpg","contentUrl":"https:\/\/cooltivarte.com\/portal\/wp-content\/uploads\/2014\/05\/logo-cooltivarte-120x120.jpg","caption":"Cooltivarte"},"description":"Somos COOLTIVARTE.COM. Un portal digital dedicado a difundir el acontecer art\u00edstico y cultural del Uruguay. Estamos en la vuelta desde el a\u00f1o 2003, y como evoluci\u00f3n del bolet\u00edn Obolo Cultural, nos encontramos abocados a apoyar a los artistas nacionales brind\u00e1ndoles un espacio de difusi\u00f3n. Creemos en la idea de utilizar la potencialidad que hoy d\u00eda nos otorga la web, para que la cultura uruguaya y sus creadores dispongan de una din\u00e1mica ventana, que los ponga en contacto entre s\u00ed y con el mundo. Somos COOLTIVARTE.COM y pretendemos configurarnos como un portal din\u00e1mico, entretenido y atento a los nuevos emprendimientos, que busque siempre la interacci\u00f3n con los artistas.","sameAs":["http:\/\/www.cooltivarte.com","https:\/\/www.facebook.com\/cooltivartecom","https:\/\/www.instagram.com\/_cooltivarte_\/","https:\/\/www.linkedin.com\/company\/-bolocultural","https:\/\/www.pinterest.com\/cooltivarte\/","https:\/\/x.com\/https:\/\/x.com\/obolocultural","https:\/\/www.youtube.com\/@PrensaCooltivarte","https:\/\/www.tumblr.com\/blog\/cooltivarte"],"url":"https:\/\/cooltivarte.com\/portal\/author\/cooltivarte\/"}]}},"_links":{"self":[{"href":"https:\/\/cooltivarte.com\/portal\/wp-json\/wp\/v2\/posts\/44156","targetHints":{"allow":["GET"]}}],"collection":[{"href":"https:\/\/cooltivarte.com\/portal\/wp-json\/wp\/v2\/posts"}],"about":[{"href":"https:\/\/cooltivarte.com\/portal\/wp-json\/wp\/v2\/types\/post"}],"author":[{"embeddable":true,"href":"https:\/\/cooltivarte.com\/portal\/wp-json\/wp\/v2\/users\/8"}],"replies":[{"embeddable":true,"href":"https:\/\/cooltivarte.com\/portal\/wp-json\/wp\/v2\/comments?post=44156"}],"version-history":[{"count":3,"href":"https:\/\/cooltivarte.com\/portal\/wp-json\/wp\/v2\/posts\/44156\/revisions"}],"predecessor-version":[{"id":47885,"href":"https:\/\/cooltivarte.com\/portal\/wp-json\/wp\/v2\/posts\/44156\/revisions\/47885"}],"wp:featuredmedia":[{"embeddable":true,"href":"https:\/\/cooltivarte.com\/portal\/wp-json\/wp\/v2\/media\/44157"}],"wp:attachment":[{"href":"https:\/\/cooltivarte.com\/portal\/wp-json\/wp\/v2\/media?parent=44156"}],"wp:term":[{"taxonomy":"category","embeddable":true,"href":"https:\/\/cooltivarte.com\/portal\/wp-json\/wp\/v2\/categories?post=44156"},{"taxonomy":"post_tag","embeddable":true,"href":"https:\/\/cooltivarte.com\/portal\/wp-json\/wp\/v2\/tags?post=44156"}],"curies":[{"name":"wp","href":"https:\/\/api.w.org\/{rel}","templated":true}]}}