{"id":42545,"date":"2018-08-16T15:24:05","date_gmt":"2018-08-16T18:24:05","guid":{"rendered":"http:\/\/cooltivarte.com\/portal\/?p=42545"},"modified":"2018-08-16T15:24:05","modified_gmt":"2018-08-16T18:24:05","slug":"la-orquesta-del-sodre-deslumbro-al-publico-porteno","status":"publish","type":"post","link":"https:\/\/cooltivarte.com\/portal\/la-orquesta-del-sodre-deslumbro-al-publico-porteno\/","title":{"rendered":"La orquesta del Sodre deslumbr\u00f3 al p\u00fablico porte\u00f1o"},"content":{"rendered":"<p><strong>Cerca de 2000 personas aplaudieron de pie a la\u00a0Ossodre &#8211; Orquesta Sinf\u00f3nica del Sodre &#8211; de Uruguay el pasado s\u00e1bado 11 de agosto en la principal sala del CCK.<\/strong><\/p>\n<p>La orquesta se present\u00f3\u00a0fuera de fronteras luego de casi tres d\u00e9cadas.\u00a0Bajo la direcci\u00f3n de su director musical y art\u00edstico\u00a0<strong>Diego Naser<\/strong>, m\u00e1s de 80 m\u00fasicos llegaron\u00a0a la <strong>Ciudad de Buenos Aires<\/strong> para interpretar la <strong>Sinfon\u00eda &#8216;Rom\u00e1ntica&#8217; N\u00b04 de Anton Bruckner<\/strong>, adem\u00e1s de tres canciones de El cuerno m\u00e1gico de la juventud de Gustav Mahler. La solista invitada fue la reconocida soprano de origen japon\u00e9s (residente en Uruguay) Eiko Senda.<\/p>\n<p><strong>Diego Naser\u00a0<\/strong>es actualmente uno de los m\u00e1s activos y destacados directores de orquesta latinoamericanos de la nueva generaci\u00f3n. En 2018, asume la direcci\u00f3n de la Ossodre\u00a0convirti\u00e9ndose as\u00ed en uno de los directores m\u00e1s j\u00f3venes de su historia.<\/p>\n<p>La<strong> Ossodre<\/strong> es una orquesta con pasado y presente: Fundada en 1931, la Orquesta Sinf\u00f3nica del Sodre es uno de los emblemas de la cultura uruguaya, decana entre las orquestas estatales del continente, y nombre reconocido por los grandes artistas del mundo a lo largo de sus m\u00e1s de ocho d\u00e9cadas de vida.<\/p>\n<p>Adem\u00e1s de reunir a los mejores m\u00fasicos del pa\u00eds, enormes figuras del mundo de la m\u00fasica -directores y solistas- transitaron por ella a lo largo de su historia.<\/p>\n<p>Varias autoridades uruguayas acompa\u00f1aron el concierto, entre las que se encontraban:\u00a0Ministra de Educaci\u00f3n y Cultura de Uruguay, Mar\u00eda Julia Mu\u00f1oz; el Director Nacional de Cultura de Uruguay, Sergio Mautone; el consejo directivo\u00a0del Sodre, Doreen Javier Ibarra, \u00c9lida Gencarelli y Hortensia Campanella; y el Embajador uruguayo en Argentina, H\u00e9ctor Lescano.<\/p>\n<p>Texto (extracto) y fotograf\u00edas Cortes\u00eda prensa\/Sodre.<\/p>\n<p>&nbsp;<\/p>\n<p>&nbsp;<\/p>\n","protected":false},"excerpt":{"rendered":"<p>Cerca de 2000 personas aplaudieron de pie a la\u00a0Ossodre &#8211; Orquesta Sinf\u00f3nica del Sodre &#8211; de Uruguay el pasado s\u00e1bado 11 de agosto en la principal sala del CCK. La orquesta se present\u00f3\u00a0fuera de fronteras luego de casi tres d\u00e9cadas.\u00a0Bajo la direcci\u00f3n de su director musical y art\u00edstico\u00a0Diego Naser, m\u00e1s de 80 m\u00fasicos llegaron\u00a0a la [&hellip;]<\/p>\n","protected":false},"author":134,"featured_media":42548,"comment_status":"closed","ping_status":"closed","sticky":false,"template":"","format":"gallery","meta":{"om_disable_all_campaigns":false,"ngg_post_thumbnail":0,"jnews-multi-image_gallery":[],"jnews_single_post":[],"jnews_primary_category":[],"jnews_social_meta":[],"jnews_override_counter":[],"footnotes":""},"categories":[6008],"tags":[6089,6513,5941,2857,7387],"class_list":["post-42545","post","type-post","status-publish","format-gallery","has-post-thumbnail","hentry","category-desde-buenos-aires","tag-cck","tag-ciudad-de-buenos-aires","tag-diego-naser","tag-orquesta-sinfonica-del-sodre","tag-ossodre","post_format-post-format-gallery"],"yoast_head":"<!-- This site is optimized with the Yoast SEO plugin v27.5 - https:\/\/yoast.com\/product\/yoast-seo-wordpress\/ -->\n<title>La orquesta del Sodre deslumbr\u00f3 al p\u00fablico porte\u00f1o - Cooltivarte Portal<\/title>\n<meta name=\"description\" content=\"COOLTIVARTE.COM es un portal digital colaborativo de actualizaci\u00f3n permanente dedicado a difundir el acontecer art\u00edstico y cultural, entrevista artistas, gestores y productores de las diferentes disciplinas del arte, y publicando art\u00edculos de reflexi\u00f3n de producci\u00f3n propia sobre los elementos culturales.\" \/>\n<meta name=\"robots\" content=\"index, follow, max-snippet:-1, max-image-preview:large, max-video-preview:-1\" \/>\n<link rel=\"canonical\" href=\"https:\/\/cooltivarte.com\/portal\/la-orquesta-del-sodre-deslumbro-al-publico-porteno\/\" \/>\n<meta property=\"og:locale\" content=\"es_ES\" \/>\n<meta property=\"og:type\" content=\"article\" \/>\n<meta property=\"og:title\" content=\"La orquesta del Sodre deslumbr\u00f3 al p\u00fablico porte\u00f1o - Cooltivarte Portal\" \/>\n<meta property=\"og:description\" content=\"COOLTIVARTE.COM es un portal digital colaborativo de actualizaci\u00f3n permanente dedicado a difundir el acontecer art\u00edstico y cultural, entrevista artistas, gestores y productores de las diferentes disciplinas del arte, y publicando art\u00edculos de reflexi\u00f3n de producci\u00f3n propia sobre los elementos culturales.\" \/>\n<meta property=\"og:url\" content=\"https:\/\/cooltivarte.com\/portal\/la-orquesta-del-sodre-deslumbro-al-publico-porteno\/\" \/>\n<meta property=\"og:site_name\" content=\"Cooltivarte Portal\" \/>\n<meta property=\"article:publisher\" content=\"https:\/\/www.facebook.com\/cooltivartecom\/\" \/>\n<meta property=\"article:author\" content=\"https:\/\/www.facebook.com\/pato.bue?ref=br_rs\" \/>\n<meta property=\"article:published_time\" content=\"2018-08-16T18:24:05+00:00\" \/>\n<meta property=\"og:image\" content=\"https:\/\/cooltivarte.com\/portal\/wp-content\/uploads\/2018\/08\/Orquesta-Sinf\u00f3nica-del-Sodre_2115.jpg\" \/>\n\t<meta property=\"og:image:width\" content=\"960\" \/>\n\t<meta property=\"og:image:height\" content=\"640\" \/>\n\t<meta property=\"og:image:type\" content=\"image\/jpeg\" \/>\n<meta name=\"author\" content=\"Patricia Ianniruberto\" \/>\n<meta name=\"twitter:card\" content=\"summary_large_image\" \/>\n<meta name=\"twitter:creator\" content=\"@https:\/\/x.com\/obolocultural\" \/>\n<meta name=\"twitter:site\" content=\"@obolocultural\" \/>\n<meta name=\"twitter:label1\" content=\"Escrito por\" \/>\n\t<meta name=\"twitter:data1\" content=\"Patricia Ianniruberto\" \/>\n\t<meta name=\"twitter:label2\" content=\"Tiempo de lectura\" \/>\n\t<meta name=\"twitter:data2\" content=\"2 minutos\" \/>\n<!-- \/ Yoast SEO plugin. -->","yoast_head_json":{"title":"La orquesta del Sodre deslumbr\u00f3 al p\u00fablico porte\u00f1o - Cooltivarte Portal","description":"COOLTIVARTE.COM es un portal digital colaborativo de actualizaci\u00f3n permanente dedicado a difundir el acontecer art\u00edstico y cultural, entrevista artistas, gestores y productores de las diferentes disciplinas del arte, y publicando art\u00edculos de reflexi\u00f3n de producci\u00f3n propia sobre los elementos culturales.","robots":{"index":"index","follow":"follow","max-snippet":"max-snippet:-1","max-image-preview":"max-image-preview:large","max-video-preview":"max-video-preview:-1"},"canonical":"https:\/\/cooltivarte.com\/portal\/la-orquesta-del-sodre-deslumbro-al-publico-porteno\/","og_locale":"es_ES","og_type":"article","og_title":"La orquesta del Sodre deslumbr\u00f3 al p\u00fablico porte\u00f1o - Cooltivarte Portal","og_description":"COOLTIVARTE.COM es un portal digital colaborativo de actualizaci\u00f3n permanente dedicado a difundir el acontecer art\u00edstico y cultural, entrevista artistas, gestores y productores de las diferentes disciplinas del arte, y publicando art\u00edculos de reflexi\u00f3n de producci\u00f3n propia sobre los elementos culturales.","og_url":"https:\/\/cooltivarte.com\/portal\/la-orquesta-del-sodre-deslumbro-al-publico-porteno\/","og_site_name":"Cooltivarte Portal","article_publisher":"https:\/\/www.facebook.com\/cooltivartecom\/","article_author":"https:\/\/www.facebook.com\/pato.bue?ref=br_rs","article_published_time":"2018-08-16T18:24:05+00:00","og_image":[{"width":960,"height":640,"url":"https:\/\/cooltivarte.com\/portal\/wp-content\/uploads\/2018\/08\/Orquesta-Sinf\u00f3nica-del-Sodre_2115.jpg","type":"image\/jpeg"}],"author":"Patricia Ianniruberto","twitter_card":"summary_large_image","twitter_creator":"@https:\/\/x.com\/obolocultural","twitter_site":"@obolocultural","twitter_misc":{"Escrito por":"Patricia Ianniruberto","Tiempo de lectura":"2 minutos"},"schema":{"@context":"https:\/\/schema.org","@graph":[{"@type":"NewsArticle","@id":"https:\/\/cooltivarte.com\/portal\/la-orquesta-del-sodre-deslumbro-al-publico-porteno\/#article","isPartOf":{"@id":"https:\/\/cooltivarte.com\/portal\/la-orquesta-del-sodre-deslumbro-al-publico-porteno\/"},"author":{"name":"Patricia Ianniruberto","@id":"https:\/\/cooltivarte.com\/portal\/#\/schema\/person\/efd7b91a624d2d005d1571effe8c04b9"},"headline":"La orquesta del Sodre deslumbr\u00f3 al p\u00fablico porte\u00f1o","datePublished":"2018-08-16T18:24:05+00:00","mainEntityOfPage":{"@id":"https:\/\/cooltivarte.com\/portal\/la-orquesta-del-sodre-deslumbro-al-publico-porteno\/"},"wordCount":319,"publisher":{"@id":"https:\/\/cooltivarte.com\/portal\/#organization"},"image":{"@id":"https:\/\/cooltivarte.com\/portal\/la-orquesta-del-sodre-deslumbro-al-publico-porteno\/#primaryimage"},"thumbnailUrl":"https:\/\/cooltivarte.com\/portal\/wp-content\/uploads\/2018\/08\/Orquesta-Sinf\u00f3nica-del-Sodre_2115.jpg","keywords":["CCK","Ciudad de Buenos Aires","Diego Naser","Orquesta Sinf\u00f3nica del Sodre","Ossodre"],"articleSection":["Desde Buenos Aires"],"inLanguage":"es-AR"},{"@type":"WebPage","@id":"https:\/\/cooltivarte.com\/portal\/la-orquesta-del-sodre-deslumbro-al-publico-porteno\/","url":"https:\/\/cooltivarte.com\/portal\/la-orquesta-del-sodre-deslumbro-al-publico-porteno\/","name":"La orquesta del Sodre deslumbr\u00f3 al p\u00fablico porte\u00f1o - Cooltivarte Portal","isPartOf":{"@id":"https:\/\/cooltivarte.com\/portal\/#website"},"primaryImageOfPage":{"@id":"https:\/\/cooltivarte.com\/portal\/la-orquesta-del-sodre-deslumbro-al-publico-porteno\/#primaryimage"},"image":{"@id":"https:\/\/cooltivarte.com\/portal\/la-orquesta-del-sodre-deslumbro-al-publico-porteno\/#primaryimage"},"thumbnailUrl":"https:\/\/cooltivarte.com\/portal\/wp-content\/uploads\/2018\/08\/Orquesta-Sinf\u00f3nica-del-Sodre_2115.jpg","datePublished":"2018-08-16T18:24:05+00:00","description":"COOLTIVARTE.COM es un portal digital colaborativo de actualizaci\u00f3n permanente dedicado a difundir el acontecer art\u00edstico y cultural, entrevista artistas, gestores y productores de las diferentes disciplinas del arte, y publicando art\u00edculos de reflexi\u00f3n de producci\u00f3n propia sobre los elementos culturales.","breadcrumb":{"@id":"https:\/\/cooltivarte.com\/portal\/la-orquesta-del-sodre-deslumbro-al-publico-porteno\/#breadcrumb"},"inLanguage":"es-AR","potentialAction":[{"@type":"ReadAction","target":["https:\/\/cooltivarte.com\/portal\/la-orquesta-del-sodre-deslumbro-al-publico-porteno\/"]}]},{"@type":"ImageObject","inLanguage":"es-AR","@id":"https:\/\/cooltivarte.com\/portal\/la-orquesta-del-sodre-deslumbro-al-publico-porteno\/#primaryimage","url":"https:\/\/cooltivarte.com\/portal\/wp-content\/uploads\/2018\/08\/Orquesta-Sinf\u00f3nica-del-Sodre_2115.jpg","contentUrl":"https:\/\/cooltivarte.com\/portal\/wp-content\/uploads\/2018\/08\/Orquesta-Sinf\u00f3nica-del-Sodre_2115.jpg","width":960,"height":640,"caption":"La orquesta del Sodre deslumbr\u00f3 al p\u00fablico porte\u00f1o Cerca de 2000 personas aplaudieron de pie a la Ossodre -Orquesta Sinf\u00f3nica del Sodre- de Uruguay el pasado s\u00e1bado 11 de agosto en la principal sala del CCK"},{"@type":"BreadcrumbList","@id":"https:\/\/cooltivarte.com\/portal\/la-orquesta-del-sodre-deslumbro-al-publico-porteno\/#breadcrumb","itemListElement":[{"@type":"ListItem","position":1,"name":"Portada","item":"https:\/\/cooltivarte.com\/portal\/"},{"@type":"ListItem","position":2,"name":"La orquesta del Sodre deslumbr\u00f3 al p\u00fablico porte\u00f1o"}]},{"@type":"WebSite","@id":"https:\/\/cooltivarte.com\/portal\/#website","url":"https:\/\/cooltivarte.com\/portal\/","name":"Cooltivarte Portal","description":"Arte, cultura y turismo para el mundo ...","publisher":{"@id":"https:\/\/cooltivarte.com\/portal\/#organization"},"potentialAction":[{"@type":"SearchAction","target":{"@type":"EntryPoint","urlTemplate":"https:\/\/cooltivarte.com\/portal\/?s={search_term_string}"},"query-input":{"@type":"PropertyValueSpecification","valueRequired":true,"valueName":"search_term_string"}}],"inLanguage":"es-AR"},{"@type":"Organization","@id":"https:\/\/cooltivarte.com\/portal\/#organization","name":"cooltivarte","url":"https:\/\/cooltivarte.com\/portal\/","logo":{"@type":"ImageObject","inLanguage":"es-AR","@id":"https:\/\/cooltivarte.com\/portal\/#\/schema\/logo\/image\/","url":"https:\/\/cooltivarte.com\/portal\/wp-content\/uploads\/2020\/04\/logo-cooltivarte-v2.png","contentUrl":"https:\/\/cooltivarte.com\/portal\/wp-content\/uploads\/2020\/04\/logo-cooltivarte-v2.png","width":851,"height":243,"caption":"cooltivarte"},"image":{"@id":"https:\/\/cooltivarte.com\/portal\/#\/schema\/logo\/image\/"},"sameAs":["https:\/\/www.facebook.com\/cooltivartecom\/","https:\/\/x.com\/obolocultural","https:\/\/www.instagram.com\/_cooltivarte_\/","https:\/\/www.linkedin.com\/company\/-bolocultural?reportsuccess=8zaNG1HwhPbAR9iQhZ5rfGeqz_vQFftHun0ZWU0Wy9vNemRJ8vtcKdJvzQfW8XagyOJSKg0XvfJ1dp","https:\/\/www.pinterest.com\/cooltivarte\/","https:\/\/cooltivarte.tumblr.com\/","https:\/\/www.tiktok.com\/@cooltivarte","https:\/\/www.youtube.com\/@PrensaCooltivarte"]},{"@type":"Person","@id":"https:\/\/cooltivarte.com\/portal\/#\/schema\/person\/efd7b91a624d2d005d1571effe8c04b9","name":"Patricia Ianniruberto","image":{"@type":"ImageObject","inLanguage":"es-AR","@id":"https:\/\/cooltivarte.com\/portal\/wp-content\/uploads\/2018\/04\/patricia-ianniruberto-120x120.jpg","url":"https:\/\/cooltivarte.com\/portal\/wp-content\/uploads\/2018\/04\/patricia-ianniruberto-120x120.jpg","contentUrl":"https:\/\/cooltivarte.com\/portal\/wp-content\/uploads\/2018\/04\/patricia-ianniruberto-120x120.jpg","caption":"Patricia Ianniruberto"},"description":"Patricia Ianniruberto. Egresada de Bellas Artes (Inst. Beato Ang\u00e9lico). Curs\u00f3 Dise\u00f1o Gr\u00e1fico y Comunicaci\u00f3n Visual (UBA) y producci\u00f3n de cine (SICA). Ejerci\u00f3 como docente de Bellas Artes y de Dise\u00f1o I y II (UBA). Freelance de agencias de publicidad y cineanimaci\u00f3n. Como dise\u00f1adora independiente se especializ\u00f3 en comunicaci\u00f3n visual, prensa y producci\u00f3n, asesorando a empresas en imagen corporativa, producci\u00f3n integral de contenidos y piezas de comunicaci\u00f3n: folletos, cat\u00e1logos, revistas, stands, web, tv, v\u00eda p\u00fablica, asesoramiento en derechos de autor, marcas y dominios junto al Estudio Lauritsen. Desarroll\u00f3 proyectos pioneros de tecnolog\u00eda en Internet y aplicaciones interactivas (netmedia). Locaciones: cine y medios. En Uruguay: seleccionada: Taller de promoci\u00f3n y distribuci\u00f3n Mercosur: nuevas herramientas multiplataforma\/Mercosur Audiovisual (Programa de Cooperaci\u00f3n con la Comunidad Europea). Representaci\u00f3n y gesti\u00f3n de notas en instituciones p\u00fablicas y privadas vinculadas al arte y la cultura. Corresponsal de revistas de cultura y colaboradora de medios gr\u00e1ficos y digitales. Edici\u00f3n y producci\u00f3n de contenidos multiplataforma. Gesti\u00f3n cultural y de prensa-Corresponsal en Buenos Aires: Argentina\/Uruguay.","sameAs":["https:\/\/www.facebook.com\/pato.bue?ref=br_rs","https:\/\/www.instagram.com\/_cooltivarte_\/","https:\/\/www.linkedin.com\/company\/-bolocultural\/","https:\/\/www.pinterest.com\/cooltivarte\/","https:\/\/x.com\/https:\/\/x.com\/obolocultural","https:\/\/www.youtube.com\/@PrensaCooltivarte","https:\/\/cooltivarte.tumblr.com\/"],"url":"https:\/\/cooltivarte.com\/portal\/author\/patricia-ianniruberto\/"}]}},"_links":{"self":[{"href":"https:\/\/cooltivarte.com\/portal\/wp-json\/wp\/v2\/posts\/42545","targetHints":{"allow":["GET"]}}],"collection":[{"href":"https:\/\/cooltivarte.com\/portal\/wp-json\/wp\/v2\/posts"}],"about":[{"href":"https:\/\/cooltivarte.com\/portal\/wp-json\/wp\/v2\/types\/post"}],"author":[{"embeddable":true,"href":"https:\/\/cooltivarte.com\/portal\/wp-json\/wp\/v2\/users\/134"}],"replies":[{"embeddable":true,"href":"https:\/\/cooltivarte.com\/portal\/wp-json\/wp\/v2\/comments?post=42545"}],"version-history":[{"count":1,"href":"https:\/\/cooltivarte.com\/portal\/wp-json\/wp\/v2\/posts\/42545\/revisions"}],"predecessor-version":[{"id":42553,"href":"https:\/\/cooltivarte.com\/portal\/wp-json\/wp\/v2\/posts\/42545\/revisions\/42553"}],"wp:featuredmedia":[{"embeddable":true,"href":"https:\/\/cooltivarte.com\/portal\/wp-json\/wp\/v2\/media\/42548"}],"wp:attachment":[{"href":"https:\/\/cooltivarte.com\/portal\/wp-json\/wp\/v2\/media?parent=42545"}],"wp:term":[{"taxonomy":"category","embeddable":true,"href":"https:\/\/cooltivarte.com\/portal\/wp-json\/wp\/v2\/categories?post=42545"},{"taxonomy":"post_tag","embeddable":true,"href":"https:\/\/cooltivarte.com\/portal\/wp-json\/wp\/v2\/tags?post=42545"}],"curies":[{"name":"wp","href":"https:\/\/api.w.org\/{rel}","templated":true}]}}