{"id":41769,"date":"2018-07-11T17:47:09","date_gmt":"2018-07-11T20:47:09","guid":{"rendered":"http:\/\/cooltivarte.com\/portal\/?p=41769"},"modified":"2018-09-24T10:52:59","modified_gmt":"2018-09-24T13:52:59","slug":"entrevista-a-jimena-piretti-vocalista-de-hyaedra","status":"publish","type":"post","link":"https:\/\/cooltivarte.com\/portal\/entrevista-a-jimena-piretti-vocalista-de-hyaedra\/","title":{"rendered":"Entrevista a Jimena Piretti. Vocalista de Hyaedra."},"content":{"rendered":"<p><a href=\"https:\/\/www.facebook.com\/hyaedra\/\" target=\"_blank\" rel=\"noopener\"><strong>Hyaedra<\/strong><\/a>\u00a0sera parte el pr\u00f3ximo\u00a0<strong>4 de agosto en Bj Sala<\/strong> en el marco del homenaje\u00a0<strong><a href=\"https:\/\/www.facebook.com\/events\/128487357986544\/\" target=\"_blank\" rel=\"noopener\">Dr Rocka<\/a><\/strong><\/p>\n<p>Hablamos con\u00a0<strong><a href=\"https:\/\/www.facebook.com\/jimena.piretti\" target=\"_blank\" rel=\"noopener\">Jimena Piretti<\/a>\u00a0<\/strong>vocalista que se deja todo en cada oportunidad que tiene de subir a un escenario a que disfruta mucho pero que mucho de la m\u00fasica. Sobre m\u00fasica, influencias el futuro de la banda hablamos con ella.<\/p>\n<p>&nbsp;<\/p>\n<p><strong>Gracias por tu tiempo para Cooltivarte. \u00bfC\u00f3mo empezas en esto de la m\u00fasica?<\/strong><\/p>\n<p>Arranqu\u00e9 de forma activa por el a\u00f1o 2003 en un concurso de cantautores y solistas que se hac\u00eda en Amarcord, yo particip\u00e9 con Marzio Moreira, un grosso que me ense\u00f1\u00f3 un mont\u00f3n durante ese tiempo, y con Luc\u00eda Ferreira. Ah\u00ed conoc\u00ed a Sebasti\u00e1n Gindel, otro salado que tambi\u00e9n estaba participando, y me invit\u00f3 a cantar en Gravedad Cero, poco despu\u00e9s ya est\u00e1bamos tocando en vivo en \u201cBJ\u201d y otros varios boliches. Antes de eso hab\u00eda incursionado en un proyecto un poco fallido con unas amigas, hac\u00edamos pop, llegamos a grabar un tema y todo pero eso quedar\u00e1 en la oscuridad del pasado\u2026 o no\u2026<\/p>\n<p>&nbsp;<\/p>\n<p><strong>Estas en varios proyectos o bandas, de diferentes l\u00edneas musicales que van desde un tributo a S.O.A.D hasta Hyaedra. \u00bfQu\u00e9 necesidad personal te lleva a estar en tantos frentes?<\/strong><\/p>\n<p>El canto es lo que mejor hago, y disfruto un mont\u00f3n de estar sobre el escenario y liberar todo lo que tengo. Si bien soy consciente de que me queda much\u00edsimo por aprender respecto al manejo de la voz, ya que nunca fui a clases de canto, doy todo lo que tengo y a veces lo que no tengo tambi\u00e9n, como en el caso del tributo a S.O.A.D donde aprend\u00ed a las patadas a meterle toda la garra posible a la voz sin destruirme. Igual tambi\u00e9n me gustar\u00eda estar un poco atr\u00e1s de alg\u00fan instrumento, me encanta tocar la guitarra y el teclado pero como toco de o\u00eddo ser\u00eda un desastre, jajajaja.<\/p>\n<p>&nbsp;<\/p>\n<p><strong>Estas tambi\u00e9n en lo que es direcci\u00f3n y edici\u00f3n de v\u00eddeos. \u00bfTomaste parte activa en los v\u00eddeos de Hyaedra por ejemplo?<\/strong><\/p>\n<p>En los videos pasados no he tenido mucho que ver, eso ha estado a cargo de Maneco que es un salado en la post-producci\u00f3n audiovisual. Ahora en breve vamos a largar nuestro primer videoclip \u201cMechanical Minds\u201d, en el cual me encargu\u00e9 de la direcci\u00f3n conceptual, de guiar un poco al resto del equipo y el montaje lineal.<\/p>\n<p>&nbsp;<\/p>\n<p><strong>Hablando de Hyaedra, contanos como nace la idea de hacer un tr\u00edo de m\u00fasica industrial\u00a0\u00a0y\u00a0quienes conforman la banda.<\/strong><\/p>\n<p>Hyaedra naci\u00f3 con Maneco Urquhart en guitarra y samplers e Ivanna Torres en violoncelo, quienes empezaron a crear pasando por distintas fusiones durante aproximadamente tres meses. Poco despu\u00e9s me mandaron algunas pistas para que inventara algo y se ve que les gust\u00f3 porque ahora no me dejan irme. Nosotros ya hab\u00edamos coincidido en las fiestas Beware varias veces y nos conoc\u00edamos de la vuelta as\u00ed que fue m\u00e1s f\u00e1cil el empezar a hacer tomar forma a la banda por nuestras preferencias musicales.<\/p>\n<p>&nbsp;<\/p>\n<p><strong>Habl\u00e1bamos de los v\u00eddeos de la banda, entre ellos hay un cover de una enorme banda como The Cure. \u00bfC\u00f3mo deciden hacer ese temazo que es\u00a0<a href=\"https:\/\/youtu.be\/JFU-WZDuzdQ\" target=\"_blank\" rel=\"noopener\">A Forest<\/a>\u00a0y que influencias tiene la banda?<\/strong><\/p>\n<p>El tema sali\u00f3 porque Ivanna y Maneco son grandes fans de The Cure, est\u00e1bamos buscando nuevos covers para versionar y nos pareci\u00f3 apropiado.<br \/>\nDentro de las influencias, adem\u00e1s de The Cure, est\u00e1n bandas como Curve, Bjork un poquito influye en la voz, A Perfect Circle y en la onda coldwave, dark electr\u00f3nica. Y justamente contamos con la presencia en nuestro \u00faltimo tema \u201cMechanical Minds\u201d de Dean Garc\u00eda, de la banda Curve, quien se sum\u00f3 con el bajo.<\/p>\n<p>&nbsp;<\/p>\n<p><strong>La idea de\u00a0ser un\u00a0tr\u00edo\u00a0en el cual una parte es\u00a0un violoncello es sin duda una gran apuesta\u00a0\u00a0y\u00a0acertada en\u00a0Hyaedra. El\u00a0violoncello\u00a0aporta un\u00a0toque diferente. \u00bfLo\u00a0ten\u00edan claro a la hora de empezar o fue algo que lo fueron madurando con el\u00a0\u00a0tiempo?<\/strong><\/p>\n<p>Eso estuvo bastante claro desde un inicio ya que arrancaron con el violoncello, de todas formas fue tomando color de a poco, como en todo proyecto musical. A medida que se fueron puliendo los temas el cello tom\u00f3 m\u00e1s protagonismo. Somos una banda que en cuestiones de presencia musical no buscamos dar visibilidad a alg\u00fan instrumento en particular, sino generar un todo que se complemente. Y creo que lo estamos logrando.<\/p>\n<p>&nbsp;<\/p>\n<p><strong>Un\u00a0<\/strong><strong>\u00a0t<\/strong><strong>iempo a<\/strong><strong>t<\/strong><strong>r\u00e1s fueron par<\/strong><strong>t<\/strong><strong>e de un even<\/strong><strong>t<\/strong><strong>o de\u00a0Roland. \u00bfC\u00f3mo les llega esa invi<\/strong><strong>ta<\/strong><strong>ci\u00f3n\u00a0<\/strong><strong>y<\/strong><strong>\u00a0que\u00a0<\/strong><strong>t<\/strong><strong>al la reacci\u00f3n del p\u00fablico?<\/strong><\/p>\n<p>La invitaci\u00f3n nos lleg\u00f3 por medio del encargado del local de 21 de septiembre, Andr\u00e9s Coutinho. Que ha apostado a hacer eventos con presencia de bandas que tengan un perfil diferente a los formatos habituales. Fue un toque muy ameno al aire libre, lo m\u00e1s lindo de la reacci\u00f3n del p\u00fablico fue el ver como mucha gente que simplemente caminaba por aquella calle se paraba a escuchar a la banda y reaccionaba de forma positiva a un estilo diferente.<\/p>\n<p>&nbsp;<\/p>\n<p><strong>\u00bfPlanes de grabar a corto o mediano plazo?<\/strong><\/p>\n<p>Tenemos muchas ganas de sacar disco a corto plazo, ya hay algunos temas grabados que andan por internet y nos mantenemos componiendo m\u00e1s temas, con mucha calma y a nuestro tiempo.<br \/>\nAhora estamos preparando los pr\u00f3ximos toques, que van a ser el 4 de agosto en BJ, el 10 en Tundra Bar y el 17 en Amarcord.<\/p>\n<p>&nbsp;<\/p>\n<p><strong>\u00bfC\u00f3mo encontras la escena musical de Montevideo\u00a0tanto como fan\u00a0y\u00a0como artista?<\/strong><\/p>\n<p>Para ser sincera no podr\u00eda hablar mucho del tema porque desde hace algunos a\u00f1os que no he podido salir a ver toques y de las cosas que me entero son mediante internet ya que trabajo a la noche y eso me impide salir. Pero por lo que veo en las redes parece que de a poco se va desplegando el ambiente under unos escalones m\u00e1s arriba, muy de a poco, casi que a paso de tortuga. Sin duda tenemos muy buenas bandas que lo dan todo en el escenario y que en imagen y m\u00fasica no tienen nada que envidiar a bandas de otras partes del mundo.<br \/>\nAs\u00ed que sigamos creciendo, y que no les quede otra que escucharnos sonar en cada esquina.<\/p>\n<p>&nbsp;<\/p>\n<p><strong>Jimena gracias por\u00a0tu\u00a0tiempo.<\/strong><\/p>\n<p>Muchas gracias a vos!<\/p>\n<p>&nbsp;<\/p>\n<p>&nbsp;<\/p>\n","protected":false},"excerpt":{"rendered":"<p>Hyaedra\u00a0sera parte el pr\u00f3ximo\u00a04 de agosto en Bj Sala en el marco del homenaje\u00a0Dr Rocka Hablamos con\u00a0Jimena Piretti\u00a0vocalista que se deja todo en cada oportunidad que tiene de subir a un escenario a que disfruta mucho pero que mucho de la m\u00fasica. Sobre m\u00fasica, influencias el futuro de la banda hablamos con ella. &nbsp; Gracias [&hellip;]<\/p>\n","protected":false},"author":77,"featured_media":41774,"comment_status":"closed","ping_status":"closed","sticky":false,"template":"","format":"video","meta":{"om_disable_all_campaigns":false,"ngg_post_thumbnail":0,"jnews-multi-image_gallery":[],"jnews_single_post":[],"jnews_primary_category":[],"jnews_social_meta":[],"jnews_override_counter":[],"footnotes":""},"categories":[59],"tags":[7225,7224,7223],"class_list":["post-41769","post","type-post","status-publish","format-video","has-post-thumbnail","hentry","category-musicos","tag-dr-rocka","tag-hyaedra","tag-jimena-piretti","post_format-post-format-video"],"yoast_head":"<!-- This site is optimized with the Yoast SEO plugin v27.5 - https:\/\/yoast.com\/product\/yoast-seo-wordpress\/ -->\n<title>Entrevista a Jimena Piretti. Vocalista de Hyaedra. - Cooltivarte Portal<\/title>\n<meta name=\"description\" content=\"COOLTIVARTE.COM es un portal digital colaborativo de actualizaci\u00f3n permanente dedicado a difundir el acontecer art\u00edstico y cultural, entrevista artistas, gestores y productores de las diferentes disciplinas del arte, y publicando art\u00edculos de reflexi\u00f3n de producci\u00f3n propia sobre los elementos culturales.\" \/>\n<meta name=\"robots\" content=\"index, follow, max-snippet:-1, max-image-preview:large, max-video-preview:-1\" \/>\n<link rel=\"canonical\" href=\"https:\/\/cooltivarte.com\/portal\/entrevista-a-jimena-piretti-vocalista-de-hyaedra\/\" \/>\n<meta property=\"og:locale\" content=\"es_ES\" \/>\n<meta property=\"og:type\" content=\"article\" \/>\n<meta property=\"og:title\" content=\"Entrevista a Jimena Piretti. Vocalista de Hyaedra. - Cooltivarte Portal\" \/>\n<meta property=\"og:description\" content=\"COOLTIVARTE.COM es un portal digital colaborativo de actualizaci\u00f3n permanente dedicado a difundir el acontecer art\u00edstico y cultural, entrevista artistas, gestores y productores de las diferentes disciplinas del arte, y publicando art\u00edculos de reflexi\u00f3n de producci\u00f3n propia sobre los elementos culturales.\" \/>\n<meta property=\"og:url\" content=\"https:\/\/cooltivarte.com\/portal\/entrevista-a-jimena-piretti-vocalista-de-hyaedra\/\" \/>\n<meta property=\"og:site_name\" content=\"Cooltivarte Portal\" \/>\n<meta property=\"article:publisher\" content=\"https:\/\/www.facebook.com\/cooltivartecom\/\" \/>\n<meta property=\"article:author\" content=\"https:\/\/www.facebook.com\/Kiss69?hc_location=ufi\" \/>\n<meta property=\"article:published_time\" content=\"2018-07-11T20:47:09+00:00\" \/>\n<meta property=\"article:modified_time\" content=\"2018-09-24T13:52:59+00:00\" \/>\n<meta property=\"og:image\" content=\"https:\/\/cooltivarte.com\/portal\/wp-content\/uploads\/2018\/07\/hqdefault-30.jpg\" \/>\n\t<meta property=\"og:image:width\" content=\"480\" \/>\n\t<meta property=\"og:image:height\" content=\"360\" \/>\n\t<meta property=\"og:image:type\" content=\"image\/jpeg\" \/>\n<meta name=\"author\" content=\"Jos\u00e9 Ottati\" \/>\n<meta name=\"twitter:card\" content=\"summary_large_image\" \/>\n<meta name=\"twitter:creator\" content=\"@https:\/\/x.com\/bcnrockcity\" \/>\n<meta name=\"twitter:site\" content=\"@obolocultural\" \/>\n<meta name=\"twitter:label1\" content=\"Escrito por\" \/>\n\t<meta name=\"twitter:data1\" content=\"Jos\u00e9 Ottati\" \/>\n\t<meta name=\"twitter:label2\" content=\"Tiempo de lectura\" \/>\n\t<meta name=\"twitter:data2\" content=\"6 minutos\" \/>\n<!-- \/ Yoast SEO plugin. -->","yoast_head_json":{"title":"Entrevista a Jimena Piretti. Vocalista de Hyaedra. - Cooltivarte Portal","description":"COOLTIVARTE.COM es un portal digital colaborativo de actualizaci\u00f3n permanente dedicado a difundir el acontecer art\u00edstico y cultural, entrevista artistas, gestores y productores de las diferentes disciplinas del arte, y publicando art\u00edculos de reflexi\u00f3n de producci\u00f3n propia sobre los elementos culturales.","robots":{"index":"index","follow":"follow","max-snippet":"max-snippet:-1","max-image-preview":"max-image-preview:large","max-video-preview":"max-video-preview:-1"},"canonical":"https:\/\/cooltivarte.com\/portal\/entrevista-a-jimena-piretti-vocalista-de-hyaedra\/","og_locale":"es_ES","og_type":"article","og_title":"Entrevista a Jimena Piretti. Vocalista de Hyaedra. - Cooltivarte Portal","og_description":"COOLTIVARTE.COM es un portal digital colaborativo de actualizaci\u00f3n permanente dedicado a difundir el acontecer art\u00edstico y cultural, entrevista artistas, gestores y productores de las diferentes disciplinas del arte, y publicando art\u00edculos de reflexi\u00f3n de producci\u00f3n propia sobre los elementos culturales.","og_url":"https:\/\/cooltivarte.com\/portal\/entrevista-a-jimena-piretti-vocalista-de-hyaedra\/","og_site_name":"Cooltivarte Portal","article_publisher":"https:\/\/www.facebook.com\/cooltivartecom\/","article_author":"https:\/\/www.facebook.com\/Kiss69?hc_location=ufi","article_published_time":"2018-07-11T20:47:09+00:00","article_modified_time":"2018-09-24T13:52:59+00:00","og_image":[{"width":480,"height":360,"url":"https:\/\/cooltivarte.com\/portal\/wp-content\/uploads\/2018\/07\/hqdefault-30.jpg","type":"image\/jpeg"}],"author":"Jos\u00e9 Ottati","twitter_card":"summary_large_image","twitter_creator":"@https:\/\/x.com\/bcnrockcity","twitter_site":"@obolocultural","twitter_misc":{"Escrito por":"Jos\u00e9 Ottati","Tiempo de lectura":"6 minutos"},"schema":{"@context":"https:\/\/schema.org","@graph":[{"@type":"NewsArticle","@id":"https:\/\/cooltivarte.com\/portal\/entrevista-a-jimena-piretti-vocalista-de-hyaedra\/#article","isPartOf":{"@id":"https:\/\/cooltivarte.com\/portal\/entrevista-a-jimena-piretti-vocalista-de-hyaedra\/"},"author":{"name":"Jos\u00e9 Ottati","@id":"https:\/\/cooltivarte.com\/portal\/#\/schema\/person\/c180eb78c32551ec2676a951dbe165fb"},"headline":"Entrevista a Jimena Piretti. Vocalista de Hyaedra.","datePublished":"2018-07-11T20:47:09+00:00","dateModified":"2018-09-24T13:52:59+00:00","mainEntityOfPage":{"@id":"https:\/\/cooltivarte.com\/portal\/entrevista-a-jimena-piretti-vocalista-de-hyaedra\/"},"wordCount":1134,"publisher":{"@id":"https:\/\/cooltivarte.com\/portal\/#organization"},"image":{"@id":"https:\/\/cooltivarte.com\/portal\/entrevista-a-jimena-piretti-vocalista-de-hyaedra\/#primaryimage"},"thumbnailUrl":"https:\/\/cooltivarte.com\/portal\/wp-content\/uploads\/2018\/07\/hqdefault-30.jpg","keywords":["Dr Rocka","Hyaedra","Jimena Piretti"],"articleSection":["M\u00fasica"],"inLanguage":"es-AR"},{"@type":"WebPage","@id":"https:\/\/cooltivarte.com\/portal\/entrevista-a-jimena-piretti-vocalista-de-hyaedra\/","url":"https:\/\/cooltivarte.com\/portal\/entrevista-a-jimena-piretti-vocalista-de-hyaedra\/","name":"Entrevista a Jimena Piretti. Vocalista de Hyaedra. - Cooltivarte Portal","isPartOf":{"@id":"https:\/\/cooltivarte.com\/portal\/#website"},"primaryImageOfPage":{"@id":"https:\/\/cooltivarte.com\/portal\/entrevista-a-jimena-piretti-vocalista-de-hyaedra\/#primaryimage"},"image":{"@id":"https:\/\/cooltivarte.com\/portal\/entrevista-a-jimena-piretti-vocalista-de-hyaedra\/#primaryimage"},"thumbnailUrl":"https:\/\/cooltivarte.com\/portal\/wp-content\/uploads\/2018\/07\/hqdefault-30.jpg","datePublished":"2018-07-11T20:47:09+00:00","dateModified":"2018-09-24T13:52:59+00:00","description":"COOLTIVARTE.COM es un portal digital colaborativo de actualizaci\u00f3n permanente dedicado a difundir el acontecer art\u00edstico y cultural, entrevista artistas, gestores y productores de las diferentes disciplinas del arte, y publicando art\u00edculos de reflexi\u00f3n de producci\u00f3n propia sobre los elementos culturales.","breadcrumb":{"@id":"https:\/\/cooltivarte.com\/portal\/entrevista-a-jimena-piretti-vocalista-de-hyaedra\/#breadcrumb"},"inLanguage":"es-AR","potentialAction":[{"@type":"ReadAction","target":["https:\/\/cooltivarte.com\/portal\/entrevista-a-jimena-piretti-vocalista-de-hyaedra\/"]}]},{"@type":"ImageObject","inLanguage":"es-AR","@id":"https:\/\/cooltivarte.com\/portal\/entrevista-a-jimena-piretti-vocalista-de-hyaedra\/#primaryimage","url":"https:\/\/cooltivarte.com\/portal\/wp-content\/uploads\/2018\/07\/hqdefault-30.jpg","contentUrl":"https:\/\/cooltivarte.com\/portal\/wp-content\/uploads\/2018\/07\/hqdefault-30.jpg","width":480,"height":360,"caption":"Jimena Piretti"},{"@type":"BreadcrumbList","@id":"https:\/\/cooltivarte.com\/portal\/entrevista-a-jimena-piretti-vocalista-de-hyaedra\/#breadcrumb","itemListElement":[{"@type":"ListItem","position":1,"name":"Portada","item":"https:\/\/cooltivarte.com\/portal\/"},{"@type":"ListItem","position":2,"name":"Entrevista a Jimena Piretti. Vocalista de Hyaedra."}]},{"@type":"WebSite","@id":"https:\/\/cooltivarte.com\/portal\/#website","url":"https:\/\/cooltivarte.com\/portal\/","name":"Cooltivarte Portal","description":"Arte, cultura y turismo para el mundo ...","publisher":{"@id":"https:\/\/cooltivarte.com\/portal\/#organization"},"potentialAction":[{"@type":"SearchAction","target":{"@type":"EntryPoint","urlTemplate":"https:\/\/cooltivarte.com\/portal\/?s={search_term_string}"},"query-input":{"@type":"PropertyValueSpecification","valueRequired":true,"valueName":"search_term_string"}}],"inLanguage":"es-AR"},{"@type":"Organization","@id":"https:\/\/cooltivarte.com\/portal\/#organization","name":"cooltivarte","url":"https:\/\/cooltivarte.com\/portal\/","logo":{"@type":"ImageObject","inLanguage":"es-AR","@id":"https:\/\/cooltivarte.com\/portal\/#\/schema\/logo\/image\/","url":"https:\/\/cooltivarte.com\/portal\/wp-content\/uploads\/2020\/04\/logo-cooltivarte-v2.png","contentUrl":"https:\/\/cooltivarte.com\/portal\/wp-content\/uploads\/2020\/04\/logo-cooltivarte-v2.png","width":851,"height":243,"caption":"cooltivarte"},"image":{"@id":"https:\/\/cooltivarte.com\/portal\/#\/schema\/logo\/image\/"},"sameAs":["https:\/\/www.facebook.com\/cooltivartecom\/","https:\/\/x.com\/obolocultural","https:\/\/www.instagram.com\/_cooltivarte_\/","https:\/\/www.linkedin.com\/company\/-bolocultural?reportsuccess=8zaNG1HwhPbAR9iQhZ5rfGeqz_vQFftHun0ZWU0Wy9vNemRJ8vtcKdJvzQfW8XagyOJSKg0XvfJ1dp","https:\/\/www.pinterest.com\/cooltivarte\/","https:\/\/cooltivarte.tumblr.com\/","https:\/\/www.tiktok.com\/@cooltivarte","https:\/\/www.youtube.com\/@PrensaCooltivarte"]},{"@type":"Person","@id":"https:\/\/cooltivarte.com\/portal\/#\/schema\/person\/c180eb78c32551ec2676a951dbe165fb","name":"Jos\u00e9 Ottati","image":{"@type":"ImageObject","inLanguage":"es-AR","@id":"https:\/\/cooltivarte.com\/portal\/wp-content\/uploads\/2014\/05\/ad516503a11cd5ca435acc9bb6523536.png","url":"https:\/\/cooltivarte.com\/portal\/wp-content\/uploads\/2014\/05\/ad516503a11cd5ca435acc9bb6523536.png","contentUrl":"https:\/\/cooltivarte.com\/portal\/wp-content\/uploads\/2014\/05\/ad516503a11cd5ca435acc9bb6523536.png","caption":"Jos\u00e9 Ottati"},"description":"Jos\u00e9 Ottati. Todo empezo cuando vi la pelicula KISS Contra Los Fantasmas Del Parque siendo un ni\u00f1o y la pasi\u00f3n por la m\u00fasica contin\u00faa creciendo.","sameAs":["https:\/\/uy.linkedin.com\/in\/jose-ottati-59b8b48\/es","https:\/\/www.facebook.com\/Kiss69?hc_location=ufi","https:\/\/www.instagram.com\/_cooltivarte_\/","https:\/\/www.linkedin.com\/company\/-bolocultural","https:\/\/www.pinterest.com\/cooltivarte","https:\/\/x.com\/https:\/\/x.com\/bcnrockcity","https:\/\/www.youtube.com\/@PrensaCooltivarte","https:\/\/www.tumblr.com\/blog\/cooltivarte"],"url":"https:\/\/cooltivarte.com\/portal\/author\/jose-ottati\/"}]}},"_links":{"self":[{"href":"https:\/\/cooltivarte.com\/portal\/wp-json\/wp\/v2\/posts\/41769","targetHints":{"allow":["GET"]}}],"collection":[{"href":"https:\/\/cooltivarte.com\/portal\/wp-json\/wp\/v2\/posts"}],"about":[{"href":"https:\/\/cooltivarte.com\/portal\/wp-json\/wp\/v2\/types\/post"}],"author":[{"embeddable":true,"href":"https:\/\/cooltivarte.com\/portal\/wp-json\/wp\/v2\/users\/77"}],"replies":[{"embeddable":true,"href":"https:\/\/cooltivarte.com\/portal\/wp-json\/wp\/v2\/comments?post=41769"}],"version-history":[{"count":4,"href":"https:\/\/cooltivarte.com\/portal\/wp-json\/wp\/v2\/posts\/41769\/revisions"}],"predecessor-version":[{"id":41783,"href":"https:\/\/cooltivarte.com\/portal\/wp-json\/wp\/v2\/posts\/41769\/revisions\/41783"}],"wp:featuredmedia":[{"embeddable":true,"href":"https:\/\/cooltivarte.com\/portal\/wp-json\/wp\/v2\/media\/41774"}],"wp:attachment":[{"href":"https:\/\/cooltivarte.com\/portal\/wp-json\/wp\/v2\/media?parent=41769"}],"wp:term":[{"taxonomy":"category","embeddable":true,"href":"https:\/\/cooltivarte.com\/portal\/wp-json\/wp\/v2\/categories?post=41769"},{"taxonomy":"post_tag","embeddable":true,"href":"https:\/\/cooltivarte.com\/portal\/wp-json\/wp\/v2\/tags?post=41769"}],"curies":[{"name":"wp","href":"https:\/\/api.w.org\/{rel}","templated":true}]}}