{"id":41395,"date":"2018-06-26T13:28:30","date_gmt":"2018-06-26T16:28:30","guid":{"rendered":"http:\/\/cooltivarte.com\/portal\/?p=41395"},"modified":"2018-06-26T13:28:30","modified_gmt":"2018-06-26T16:28:30","slug":"homenaje-a-nicolas-garcia-uriburu-en-el-bellas-artes-a-medio-siglo-de-la-coloracion-del-gran-canal-de-venecia","status":"publish","type":"post","link":"https:\/\/cooltivarte.com\/portal\/homenaje-a-nicolas-garcia-uriburu-en-el-bellas-artes-a-medio-siglo-de-la-coloracion-del-gran-canal-de-venecia\/","title":{"rendered":"Homenaje a Nicol\u00e1s Garc\u00eda Uriburu en el Bellas Artes, a medio siglo de la coloraci\u00f3n del Gran Canal de Venecia"},"content":{"rendered":"<p>La exposici\u00f3n \u201c<strong>Venecia en clave verde. Nicol\u00e1s Garc\u00eda Uriburu y la coloraci\u00f3n del Gran Canal<\/strong>\u201d inaugurar\u00e1 el <strong>viernes 29 de junio a las 19 hs en el Museo Nacional de Bellas Artes (MNBA)<\/strong>. La muestra conmemora los cincuenta a\u00f1os de la intervenci\u00f3n del artista argentino en las aguas de Venecia, el 19 de junio de 1968.<\/p>\n<p>La exhibici\u00f3n, curada por Mariana Marchesi \u2212directora art\u00edstica del Museo\u2212, se concentra en el per\u00edodo de 1968 a 1974, y re\u00fane serigraf\u00edas, fotos intervenidas y piezas documentales referentes a la coloraci\u00f3n de 1968 y otras coloraciones hist\u00f3ricas, as\u00ed como un selecto grupo de pinturas realizadas en esos a\u00f1os.<\/p>\n<p>En el marco de la XXXIV Bienal de Venecia convulsionada tras los sucesos del Mayo Franc\u00e9s, Garc\u00eda Uriburu llev\u00f3 a cabo una acci\u00f3n art\u00edstica que, con el tiempo, marcar\u00eda un momento determinante de su carrera. Con la coloraci\u00f3n del Gran Canal \u2013enmarcada dentro las tempranas manifestaciones de la performance y del conceptualismo\u2013, el artista argentino reflexion\u00f3 sobre el rol de la pintura y las alternativas est\u00e9ticas de la vanguardia, que abogaba por la fusi\u00f3n del arte con la vida.<\/p>\n<p>Tras algunos meses de investigaci\u00f3n, opt\u00f3 por utilizar una sustancia fluorescente para te\u00f1ir las aguas, dado que reun\u00eda las condiciones visuales y medioambientales necesarias: inofensivo para la flora y fauna, colorante verde y uniforme. Esta iniciativa fue el origen de las numerosas intervenciones en la naturaleza que el artista desarroll\u00f3 en distintas aguas del mundo \u2013en Buenos Aires, Par\u00eds, Bruselas, Londres\u2013, y que marc\u00f3 la direcci\u00f3n de sus obras posteriores, siempre signadas por su preocupaci\u00f3n por el medioambiente.<\/p>\n<p>\u201cVenecia en clave verde. Nicol\u00e1s Garc\u00eda Uriburu y la coloraci\u00f3n del Gran Canal\u201d cuenta con el apoyo de la Fundaci\u00f3n Nicol\u00e1s Garc\u00eda Uriburu y la Asociaci\u00f3n Amigos del Museo Nacional de Bellas Artes, y podr\u00e1 visitarse del 29 de junio al 30 de septiembre en las salas 39 y 40 de martes a viernes, de 11 a 20 hs, y s\u00e1bados y domingos de 10 a 20 hs en en el Museo Nacional de Bellas Artes, Av. del Libertador 1473, Ciudad de Buenos Aires.<\/p>\n<p>&nbsp;<\/p>\n<p>Imagen: \u201cColoraci\u00f3n en Venecia\u201d, Nicol\u00e1s Garc\u00eda Uriburu, 1968<br \/>\nFotograf\u00eda a color, 82 x 50 cm., colecci\u00f3n Museo Nacional de Bellas Artes. Donaci\u00f3n Nicol\u00e1s Garc\u00eda Uriburu, 1974. Foto Cortes\u00eda MNBA.<\/p>\n<p>&nbsp;<\/p>\n<p>&nbsp;<\/p>\n","protected":false},"excerpt":{"rendered":"<p>La exposici\u00f3n \u201cVenecia en clave verde. Nicol\u00e1s Garc\u00eda Uriburu y la coloraci\u00f3n del Gran Canal\u201d inaugurar\u00e1 el viernes 29 de junio a las 19 hs en el Museo Nacional de Bellas Artes (MNBA). La muestra conmemora los cincuenta a\u00f1os de la intervenci\u00f3n del artista argentino en las aguas de Venecia, el 19 de junio de [&hellip;]<\/p>\n","protected":false},"author":134,"featured_media":41396,"comment_status":"closed","ping_status":"closed","sticky":false,"template":"","format":"standard","meta":{"om_disable_all_campaigns":false,"ngg_post_thumbnail":0,"jnews-multi-image_gallery":[],"jnews_single_post":[],"jnews_primary_category":[],"jnews_social_meta":[],"jnews_override_counter":[],"footnotes":""},"categories":[6008],"tags":[669,7074,6489,115,7073,3143],"class_list":["post-41395","post","type-post","status-publish","format-standard","has-post-thumbnail","hentry","category-desde-buenos-aires","tag-argentina","tag-artista-argentino","tag-mnba","tag-museo-nacional-de-bellas-artes","tag-nicolas-garcia-uriburu","tag-venecia"],"yoast_head":"<!-- This site is optimized with the Yoast SEO plugin v27.5 - https:\/\/yoast.com\/product\/yoast-seo-wordpress\/ -->\n<title>Homenaje a Nicol\u00e1s Garc\u00eda Uriburu en el Bellas Artes, a medio siglo de la coloraci\u00f3n del Gran Canal de Venecia - Cooltivarte Portal<\/title>\n<meta name=\"description\" content=\"COOLTIVARTE.COM es un portal digital colaborativo de actualizaci\u00f3n permanente dedicado a difundir el acontecer art\u00edstico y cultural, entrevista artistas, gestores y productores de las diferentes disciplinas del arte, y publicando art\u00edculos de reflexi\u00f3n de producci\u00f3n propia sobre los elementos culturales.\" \/>\n<meta name=\"robots\" content=\"index, follow, max-snippet:-1, max-image-preview:large, max-video-preview:-1\" \/>\n<link rel=\"canonical\" href=\"https:\/\/cooltivarte.com\/portal\/homenaje-a-nicolas-garcia-uriburu-en-el-bellas-artes-a-medio-siglo-de-la-coloracion-del-gran-canal-de-venecia\/\" \/>\n<meta property=\"og:locale\" content=\"es_ES\" \/>\n<meta property=\"og:type\" content=\"article\" \/>\n<meta property=\"og:title\" content=\"Homenaje a Nicol\u00e1s Garc\u00eda Uriburu en el Bellas Artes, a medio siglo de la coloraci\u00f3n del Gran Canal de Venecia - Cooltivarte Portal\" \/>\n<meta property=\"og:description\" content=\"COOLTIVARTE.COM es un portal digital colaborativo de actualizaci\u00f3n permanente dedicado a difundir el acontecer art\u00edstico y cultural, entrevista artistas, gestores y productores de las diferentes disciplinas del arte, y publicando art\u00edculos de reflexi\u00f3n de producci\u00f3n propia sobre los elementos culturales.\" \/>\n<meta property=\"og:url\" content=\"https:\/\/cooltivarte.com\/portal\/homenaje-a-nicolas-garcia-uriburu-en-el-bellas-artes-a-medio-siglo-de-la-coloracion-del-gran-canal-de-venecia\/\" \/>\n<meta property=\"og:site_name\" content=\"Cooltivarte Portal\" \/>\n<meta property=\"article:publisher\" content=\"https:\/\/www.facebook.com\/cooltivartecom\/\" \/>\n<meta property=\"article:author\" content=\"https:\/\/www.facebook.com\/pato.bue?ref=br_rs\" \/>\n<meta property=\"article:published_time\" content=\"2018-06-26T16:28:30+00:00\" \/>\n<meta property=\"og:image\" content=\"https:\/\/cooltivarte.com\/portal\/wp-content\/uploads\/2018\/06\/colecci\u00f3n-Museo-Nacional-de-Bellas-Artes.-Donaci\u00f3n-Nicol\u00e1s-Garc\u00eda-Uriburu.jpg\" \/>\n\t<meta property=\"og:image:width\" content=\"960\" \/>\n\t<meta property=\"og:image:height\" content=\"1267\" \/>\n\t<meta property=\"og:image:type\" content=\"image\/jpeg\" \/>\n<meta name=\"author\" content=\"Patricia Ianniruberto\" \/>\n<meta name=\"twitter:card\" content=\"summary_large_image\" \/>\n<meta name=\"twitter:creator\" content=\"@https:\/\/x.com\/obolocultural\" \/>\n<meta name=\"twitter:site\" content=\"@obolocultural\" \/>\n<meta name=\"twitter:label1\" content=\"Escrito por\" \/>\n\t<meta name=\"twitter:data1\" content=\"Patricia Ianniruberto\" \/>\n\t<meta name=\"twitter:label2\" content=\"Tiempo de lectura\" \/>\n\t<meta name=\"twitter:data2\" content=\"2 minutos\" \/>\n<!-- \/ Yoast SEO plugin. -->","yoast_head_json":{"title":"Homenaje a Nicol\u00e1s Garc\u00eda Uriburu en el Bellas Artes, a medio siglo de la coloraci\u00f3n del Gran Canal de Venecia - Cooltivarte Portal","description":"COOLTIVARTE.COM es un portal digital colaborativo de actualizaci\u00f3n permanente dedicado a difundir el acontecer art\u00edstico y cultural, entrevista artistas, gestores y productores de las diferentes disciplinas del arte, y publicando art\u00edculos de reflexi\u00f3n de producci\u00f3n propia sobre los elementos culturales.","robots":{"index":"index","follow":"follow","max-snippet":"max-snippet:-1","max-image-preview":"max-image-preview:large","max-video-preview":"max-video-preview:-1"},"canonical":"https:\/\/cooltivarte.com\/portal\/homenaje-a-nicolas-garcia-uriburu-en-el-bellas-artes-a-medio-siglo-de-la-coloracion-del-gran-canal-de-venecia\/","og_locale":"es_ES","og_type":"article","og_title":"Homenaje a Nicol\u00e1s Garc\u00eda Uriburu en el Bellas Artes, a medio siglo de la coloraci\u00f3n del Gran Canal de Venecia - Cooltivarte Portal","og_description":"COOLTIVARTE.COM es un portal digital colaborativo de actualizaci\u00f3n permanente dedicado a difundir el acontecer art\u00edstico y cultural, entrevista artistas, gestores y productores de las diferentes disciplinas del arte, y publicando art\u00edculos de reflexi\u00f3n de producci\u00f3n propia sobre los elementos culturales.","og_url":"https:\/\/cooltivarte.com\/portal\/homenaje-a-nicolas-garcia-uriburu-en-el-bellas-artes-a-medio-siglo-de-la-coloracion-del-gran-canal-de-venecia\/","og_site_name":"Cooltivarte Portal","article_publisher":"https:\/\/www.facebook.com\/cooltivartecom\/","article_author":"https:\/\/www.facebook.com\/pato.bue?ref=br_rs","article_published_time":"2018-06-26T16:28:30+00:00","og_image":[{"width":960,"height":1267,"url":"https:\/\/cooltivarte.com\/portal\/wp-content\/uploads\/2018\/06\/colecci\u00f3n-Museo-Nacional-de-Bellas-Artes.-Donaci\u00f3n-Nicol\u00e1s-Garc\u00eda-Uriburu.jpg","type":"image\/jpeg"}],"author":"Patricia Ianniruberto","twitter_card":"summary_large_image","twitter_creator":"@https:\/\/x.com\/obolocultural","twitter_site":"@obolocultural","twitter_misc":{"Escrito por":"Patricia Ianniruberto","Tiempo de lectura":"2 minutos"},"schema":{"@context":"https:\/\/schema.org","@graph":[{"@type":"NewsArticle","@id":"https:\/\/cooltivarte.com\/portal\/homenaje-a-nicolas-garcia-uriburu-en-el-bellas-artes-a-medio-siglo-de-la-coloracion-del-gran-canal-de-venecia\/#article","isPartOf":{"@id":"https:\/\/cooltivarte.com\/portal\/homenaje-a-nicolas-garcia-uriburu-en-el-bellas-artes-a-medio-siglo-de-la-coloracion-del-gran-canal-de-venecia\/"},"author":{"name":"Patricia Ianniruberto","@id":"https:\/\/cooltivarte.com\/portal\/#\/schema\/person\/efd7b91a624d2d005d1571effe8c04b9"},"headline":"Homenaje a Nicol\u00e1s Garc\u00eda Uriburu en el Bellas Artes, a medio siglo de la coloraci\u00f3n del Gran Canal de Venecia","datePublished":"2018-06-26T16:28:30+00:00","mainEntityOfPage":{"@id":"https:\/\/cooltivarte.com\/portal\/homenaje-a-nicolas-garcia-uriburu-en-el-bellas-artes-a-medio-siglo-de-la-coloracion-del-gran-canal-de-venecia\/"},"wordCount":425,"publisher":{"@id":"https:\/\/cooltivarte.com\/portal\/#organization"},"image":{"@id":"https:\/\/cooltivarte.com\/portal\/homenaje-a-nicolas-garcia-uriburu-en-el-bellas-artes-a-medio-siglo-de-la-coloracion-del-gran-canal-de-venecia\/#primaryimage"},"thumbnailUrl":"https:\/\/cooltivarte.com\/portal\/wp-content\/uploads\/2018\/06\/colecci\u00f3n-Museo-Nacional-de-Bellas-Artes.-Donaci\u00f3n-Nicol\u00e1s-Garc\u00eda-Uriburu.jpg","keywords":["Argentina","artista argentino","MNBA","Museo Nacional de Bellas Artes","Nicol\u00e1s Garc\u00eda Uriburu","venecia"],"articleSection":["Desde Buenos Aires"],"inLanguage":"es-AR"},{"@type":"WebPage","@id":"https:\/\/cooltivarte.com\/portal\/homenaje-a-nicolas-garcia-uriburu-en-el-bellas-artes-a-medio-siglo-de-la-coloracion-del-gran-canal-de-venecia\/","url":"https:\/\/cooltivarte.com\/portal\/homenaje-a-nicolas-garcia-uriburu-en-el-bellas-artes-a-medio-siglo-de-la-coloracion-del-gran-canal-de-venecia\/","name":"Homenaje a Nicol\u00e1s Garc\u00eda Uriburu en el Bellas Artes, a medio siglo de la coloraci\u00f3n del Gran Canal de Venecia - Cooltivarte Portal","isPartOf":{"@id":"https:\/\/cooltivarte.com\/portal\/#website"},"primaryImageOfPage":{"@id":"https:\/\/cooltivarte.com\/portal\/homenaje-a-nicolas-garcia-uriburu-en-el-bellas-artes-a-medio-siglo-de-la-coloracion-del-gran-canal-de-venecia\/#primaryimage"},"image":{"@id":"https:\/\/cooltivarte.com\/portal\/homenaje-a-nicolas-garcia-uriburu-en-el-bellas-artes-a-medio-siglo-de-la-coloracion-del-gran-canal-de-venecia\/#primaryimage"},"thumbnailUrl":"https:\/\/cooltivarte.com\/portal\/wp-content\/uploads\/2018\/06\/colecci\u00f3n-Museo-Nacional-de-Bellas-Artes.-Donaci\u00f3n-Nicol\u00e1s-Garc\u00eda-Uriburu.jpg","datePublished":"2018-06-26T16:28:30+00:00","description":"COOLTIVARTE.COM es un portal digital colaborativo de actualizaci\u00f3n permanente dedicado a difundir el acontecer art\u00edstico y cultural, entrevista artistas, gestores y productores de las diferentes disciplinas del arte, y publicando art\u00edculos de reflexi\u00f3n de producci\u00f3n propia sobre los elementos culturales.","breadcrumb":{"@id":"https:\/\/cooltivarte.com\/portal\/homenaje-a-nicolas-garcia-uriburu-en-el-bellas-artes-a-medio-siglo-de-la-coloracion-del-gran-canal-de-venecia\/#breadcrumb"},"inLanguage":"es-AR","potentialAction":[{"@type":"ReadAction","target":["https:\/\/cooltivarte.com\/portal\/homenaje-a-nicolas-garcia-uriburu-en-el-bellas-artes-a-medio-siglo-de-la-coloracion-del-gran-canal-de-venecia\/"]}]},{"@type":"ImageObject","inLanguage":"es-AR","@id":"https:\/\/cooltivarte.com\/portal\/homenaje-a-nicolas-garcia-uriburu-en-el-bellas-artes-a-medio-siglo-de-la-coloracion-del-gran-canal-de-venecia\/#primaryimage","url":"https:\/\/cooltivarte.com\/portal\/wp-content\/uploads\/2018\/06\/colecci\u00f3n-Museo-Nacional-de-Bellas-Artes.-Donaci\u00f3n-Nicol\u00e1s-Garc\u00eda-Uriburu.jpg","contentUrl":"https:\/\/cooltivarte.com\/portal\/wp-content\/uploads\/2018\/06\/colecci\u00f3n-Museo-Nacional-de-Bellas-Artes.-Donaci\u00f3n-Nicol\u00e1s-Garc\u00eda-Uriburu.jpg","width":960,"height":1267,"caption":"colecci\u00f3n Museo Nacional de Bellas Artes. Donaci\u00f3n Nicol\u00e1s Garc\u00eda Uriburu"},{"@type":"BreadcrumbList","@id":"https:\/\/cooltivarte.com\/portal\/homenaje-a-nicolas-garcia-uriburu-en-el-bellas-artes-a-medio-siglo-de-la-coloracion-del-gran-canal-de-venecia\/#breadcrumb","itemListElement":[{"@type":"ListItem","position":1,"name":"Portada","item":"https:\/\/cooltivarte.com\/portal\/"},{"@type":"ListItem","position":2,"name":"Homenaje a Nicol\u00e1s Garc\u00eda Uriburu en el Bellas Artes, a medio siglo de la coloraci\u00f3n del Gran Canal de Venecia"}]},{"@type":"WebSite","@id":"https:\/\/cooltivarte.com\/portal\/#website","url":"https:\/\/cooltivarte.com\/portal\/","name":"Cooltivarte Portal","description":"Arte, cultura y turismo para el mundo ...","publisher":{"@id":"https:\/\/cooltivarte.com\/portal\/#organization"},"potentialAction":[{"@type":"SearchAction","target":{"@type":"EntryPoint","urlTemplate":"https:\/\/cooltivarte.com\/portal\/?s={search_term_string}"},"query-input":{"@type":"PropertyValueSpecification","valueRequired":true,"valueName":"search_term_string"}}],"inLanguage":"es-AR"},{"@type":"Organization","@id":"https:\/\/cooltivarte.com\/portal\/#organization","name":"cooltivarte","url":"https:\/\/cooltivarte.com\/portal\/","logo":{"@type":"ImageObject","inLanguage":"es-AR","@id":"https:\/\/cooltivarte.com\/portal\/#\/schema\/logo\/image\/","url":"https:\/\/cooltivarte.com\/portal\/wp-content\/uploads\/2020\/04\/logo-cooltivarte-v2.png","contentUrl":"https:\/\/cooltivarte.com\/portal\/wp-content\/uploads\/2020\/04\/logo-cooltivarte-v2.png","width":851,"height":243,"caption":"cooltivarte"},"image":{"@id":"https:\/\/cooltivarte.com\/portal\/#\/schema\/logo\/image\/"},"sameAs":["https:\/\/www.facebook.com\/cooltivartecom\/","https:\/\/x.com\/obolocultural","https:\/\/www.instagram.com\/_cooltivarte_\/","https:\/\/www.linkedin.com\/company\/-bolocultural?reportsuccess=8zaNG1HwhPbAR9iQhZ5rfGeqz_vQFftHun0ZWU0Wy9vNemRJ8vtcKdJvzQfW8XagyOJSKg0XvfJ1dp","https:\/\/www.pinterest.com\/cooltivarte\/","https:\/\/cooltivarte.tumblr.com\/","https:\/\/www.tiktok.com\/@cooltivarte","https:\/\/www.youtube.com\/@PrensaCooltivarte"]},{"@type":"Person","@id":"https:\/\/cooltivarte.com\/portal\/#\/schema\/person\/efd7b91a624d2d005d1571effe8c04b9","name":"Patricia Ianniruberto","image":{"@type":"ImageObject","inLanguage":"es-AR","@id":"https:\/\/cooltivarte.com\/portal\/wp-content\/uploads\/2018\/04\/patricia-ianniruberto-120x120.jpg","url":"https:\/\/cooltivarte.com\/portal\/wp-content\/uploads\/2018\/04\/patricia-ianniruberto-120x120.jpg","contentUrl":"https:\/\/cooltivarte.com\/portal\/wp-content\/uploads\/2018\/04\/patricia-ianniruberto-120x120.jpg","caption":"Patricia Ianniruberto"},"description":"Patricia Ianniruberto. Egresada de Bellas Artes (Inst. Beato Ang\u00e9lico). Curs\u00f3 Dise\u00f1o Gr\u00e1fico y Comunicaci\u00f3n Visual (UBA) y producci\u00f3n de cine (SICA). Ejerci\u00f3 como docente de Bellas Artes y de Dise\u00f1o I y II (UBA). Freelance de agencias de publicidad y cineanimaci\u00f3n. Como dise\u00f1adora independiente se especializ\u00f3 en comunicaci\u00f3n visual, prensa y producci\u00f3n, asesorando a empresas en imagen corporativa, producci\u00f3n integral de contenidos y piezas de comunicaci\u00f3n: folletos, cat\u00e1logos, revistas, stands, web, tv, v\u00eda p\u00fablica, asesoramiento en derechos de autor, marcas y dominios junto al Estudio Lauritsen. Desarroll\u00f3 proyectos pioneros de tecnolog\u00eda en Internet y aplicaciones interactivas (netmedia). Locaciones: cine y medios. En Uruguay: seleccionada: Taller de promoci\u00f3n y distribuci\u00f3n Mercosur: nuevas herramientas multiplataforma\/Mercosur Audiovisual (Programa de Cooperaci\u00f3n con la Comunidad Europea). Representaci\u00f3n y gesti\u00f3n de notas en instituciones p\u00fablicas y privadas vinculadas al arte y la cultura. Corresponsal de revistas de cultura y colaboradora de medios gr\u00e1ficos y digitales. Edici\u00f3n y producci\u00f3n de contenidos multiplataforma. Gesti\u00f3n cultural y de prensa-Corresponsal en Buenos Aires: Argentina\/Uruguay.","sameAs":["https:\/\/www.facebook.com\/pato.bue?ref=br_rs","https:\/\/www.instagram.com\/_cooltivarte_\/","https:\/\/www.linkedin.com\/company\/-bolocultural\/","https:\/\/www.pinterest.com\/cooltivarte\/","https:\/\/x.com\/https:\/\/x.com\/obolocultural","https:\/\/www.youtube.com\/@PrensaCooltivarte","https:\/\/cooltivarte.tumblr.com\/"],"url":"https:\/\/cooltivarte.com\/portal\/author\/patricia-ianniruberto\/"}]}},"_links":{"self":[{"href":"https:\/\/cooltivarte.com\/portal\/wp-json\/wp\/v2\/posts\/41395","targetHints":{"allow":["GET"]}}],"collection":[{"href":"https:\/\/cooltivarte.com\/portal\/wp-json\/wp\/v2\/posts"}],"about":[{"href":"https:\/\/cooltivarte.com\/portal\/wp-json\/wp\/v2\/types\/post"}],"author":[{"embeddable":true,"href":"https:\/\/cooltivarte.com\/portal\/wp-json\/wp\/v2\/users\/134"}],"replies":[{"embeddable":true,"href":"https:\/\/cooltivarte.com\/portal\/wp-json\/wp\/v2\/comments?post=41395"}],"version-history":[{"count":1,"href":"https:\/\/cooltivarte.com\/portal\/wp-json\/wp\/v2\/posts\/41395\/revisions"}],"predecessor-version":[{"id":41397,"href":"https:\/\/cooltivarte.com\/portal\/wp-json\/wp\/v2\/posts\/41395\/revisions\/41397"}],"wp:featuredmedia":[{"embeddable":true,"href":"https:\/\/cooltivarte.com\/portal\/wp-json\/wp\/v2\/media\/41396"}],"wp:attachment":[{"href":"https:\/\/cooltivarte.com\/portal\/wp-json\/wp\/v2\/media?parent=41395"}],"wp:term":[{"taxonomy":"category","embeddable":true,"href":"https:\/\/cooltivarte.com\/portal\/wp-json\/wp\/v2\/categories?post=41395"},{"taxonomy":"post_tag","embeddable":true,"href":"https:\/\/cooltivarte.com\/portal\/wp-json\/wp\/v2\/tags?post=41395"}],"curies":[{"name":"wp","href":"https:\/\/api.w.org\/{rel}","templated":true}]}}