{"id":41223,"date":"2018-06-18T23:07:39","date_gmt":"2018-06-19T02:07:39","guid":{"rendered":"http:\/\/cooltivarte.com\/portal\/?p=41223"},"modified":"2023-10-28T16:42:58","modified_gmt":"2023-10-28T19:42:58","slug":"la-decimo-sexta-edicion-de-los-premios-graffiti-mas-cerca-de-tener-ganadores","status":"publish","type":"post","link":"https:\/\/cooltivarte.com\/portal\/la-decimo-sexta-edicion-de-los-premios-graffiti-mas-cerca-de-tener-ganadores\/","title":{"rendered":"La d\u00e9cimo sexta edici\u00f3n de los Premios Graffiti m\u00e1s cerca de tener ganadores"},"content":{"rendered":"<figure id=\"attachment_41225\" aria-describedby=\"caption-attachment-41225\" style=\"width: 1024px\" class=\"wp-caption aligncenter\"><img fetchpriority=\"high\" decoding=\"async\" class=\"wp-image-41225 size-large\" title=\"Premios Graffiti a la M\u00fasica Uruguaya jurado 2018 edici\u00f3n 16\" src=\"https:\/\/cooltivarte.com\/portal\/wp-content\/uploads\/2018\/05\/Premios-Graffiti-a-la-M\u00fasica-Uruguaya-jurado-2018-edicion-16-1024x768.jpg\" alt=\"Premios Graffiti a la M\u00fasica Uruguaya jurado 2018 edici\u00f3n 16\" width=\"1024\" height=\"768\" srcset=\"https:\/\/cooltivarte.com\/portal\/wp-content\/uploads\/2018\/05\/Premios-Graffiti-a-la-M\u00fasica-Uruguaya-jurado-2018-edicion-16-1024x768.jpg 1024w, https:\/\/cooltivarte.com\/portal\/wp-content\/uploads\/2018\/05\/Premios-Graffiti-a-la-M\u00fasica-Uruguaya-jurado-2018-edicion-16-300x225.jpg 300w, https:\/\/cooltivarte.com\/portal\/wp-content\/uploads\/2018\/05\/Premios-Graffiti-a-la-M\u00fasica-Uruguaya-jurado-2018-edicion-16-768x576.jpg 768w, https:\/\/cooltivarte.com\/portal\/wp-content\/uploads\/2018\/05\/Premios-Graffiti-a-la-M\u00fasica-Uruguaya-jurado-2018-edicion-16.jpg 1440w\" sizes=\"(max-width: 1024px) 100vw, 1024px\" \/><figcaption id=\"caption-attachment-41225\" class=\"wp-caption-text\">Premios Graffiti a la M\u00fasica Uruguaya jurado 2018 edici\u00f3n 16<\/figcaption><\/figure>\n<h2>El jueves 21 de junio se anuncian los nominados a los <a class=\"twitter-atreply pretty-link js-nav\" dir=\"ltr\" href=\"https:\/\/twitter.com\/PremiosGraffiti\" target=\"_blank\" rel=\"noopener\" data-mentioned-user-id=\"291922841\"><s>@<\/s><b>PremiosGraffiti<\/b><\/a> 2018!!!<\/h2>\n<p>&nbsp;<\/p>\n<p><strong>Ceremonia de Lanzamiento <a href=\"https:\/\/cooltivarte.com\/portal\/?s=Premios+Graffiti\">Premios Graffiti<\/a> 2018 \u2013&nbsp;<\/strong>19 de julio \u2013&nbsp;<strong>Sala Zitarrosa<\/strong><\/p>\n<p><strong>XVI Ceremonia de Entrega de los <a href=\"https:\/\/cooltivarte.com\/portal\/?s=Premios+Graffiti\">Premios Graffiti a la M\u00fasica Uruguaya<\/a><\/strong>&nbsp;\u2013 31 de julio \u2013&nbsp;<strong>Auditorio Nacional del Sodre.<\/strong><\/p>\n<p>&nbsp;<\/p>\n<p>&nbsp;<\/p>\n<h3>Galer\u00eda &#8211; Jurado votando arte de tapa &#8211; Agadu &#8211; Mayo 2018<\/h3>\n<p>&nbsp;<br \/>\n&nbsp;<\/p>\n<h3><a href=\"https:\/\/www.facebook.com\/media\/set\/?set=a.1740838679296371&amp;type=3\" target=\"_blank\" rel=\"noopener\">Ir a la fotogaler\u00eda<\/a><\/h3>\n<p><iframe style=\"border: none; overflow: hidden;\" src=\"https:\/\/www.facebook.com\/plugins\/post.php?href=https%3A%2F%2Fwww.facebook.com%2Fmedia%2Fset%2F%3Fset%3Da.1740838679296371%26type%3D3&amp;width=100%\" width=\"100%\" height=\"669\" frameborder=\"0\" scrolling=\"no\"><\/iframe><br \/>\n&nbsp;<br \/>\n&nbsp;<\/p>\n<p>&nbsp;<\/p>\n<p><strong>ALEJANDRO DANGIOLILLO \u2013 DJ \/ <a href=\"https:\/\/oceano.uy\/\" target=\"_blank\" rel=\"noopener\">Oc\u00e9ano FM<\/a><\/strong><\/p>\n<p><strong>AGUST\u00cdN ACEVEDO KANOPA \u2013 <a href=\"https:\/\/ladiaria.com.uy\/\" target=\"_blank\" rel=\"noopener\">La Diaria<\/a><\/strong><\/p>\n<p><strong>ANA LAURA DE BRITO \u2013 <a href=\"http:\/\/m24.com.uy\/\" target=\"_blank\" rel=\"noopener\">M24<\/a> \u2013 InterCambio \/ Tangente<\/strong><\/p>\n<p><strong>ALEJANDRO PALMERO \u2013 Productor Audiovisual<\/strong><\/p>\n<p><strong>ALEXANDER LALUZ \u2013 <a href=\"https:\/\/www.carasycaretas.com.uy\/\" target=\"_blank\" rel=\"noopener\">Caras y Caretas<\/a><\/strong><\/p>\n<p><strong>ALFREDO PERCOVICH \u2013 <a href=\"http:\/\/www.radionacional.com.uy\/\" target=\"_blank\" rel=\"noopener\">Radio Nacional 1130 AM<\/a><\/strong><\/p>\n<p><strong>ALFREDO ROSSO \u2013 Rock &amp; Pop, <a href=\"https:\/\/750.am\/\" target=\"_blank\" rel=\"noopener\">AM750<\/a>, <a href=\"http:\/\/www.uba.ar\/radiouba\/\" target=\"_blank\" rel=\"noopener\">Radio UBA<\/a>, Argentina<\/strong><\/p>\n<p><strong>ALVARO DIAZ \u2013 Dise\u00f1ador Gr\u00e1fico<\/strong><\/p>\n<p><strong>ALVARO GAYNICOTCHE \u2013 <a href=\"http:\/\/www.radionacional.com.uy\/escucha-el-programa-el-archivista-de-este-sabado-4-de-marzo\/\" target=\"_blank\" rel=\"noopener\">El Archivista<\/a><\/strong><\/p>\n<p><strong>ALVARO ZALDUONDO \u2013 <a href=\"http:\/\/www.espectador.com\/programas\/rompkbzas\" target=\"_blank\" rel=\"noopener\">Rompkbzas<\/a><\/strong><\/p>\n<p><strong>BELEN FOURMENT \u2013 <a href=\"https:\/\/www.elpais.com.uy\/\" target=\"_blank\" rel=\"noopener\">El Pa\u00eds<\/a><\/strong><\/p>\n<p><strong>CECILIA MANCUSO \u2013 <a href=\"http:\/\/www.montevideo.com.uy\/\" target=\"_blank\" rel=\"noopener\">Montevideo Portal<\/a><\/strong><\/p>\n<p><strong>C\u00c9SAR SANGUINETTI \u2013 <a href=\"https:\/\/www.subrayado.com.uy\/\" target=\"_blank\" rel=\"noopener\">Subrayado<\/a> \/ <a href=\"https:\/\/oceano.uy\/\" target=\"_blank\" rel=\"noopener\">Oc\u00e9ano FM<\/a><\/strong><\/p>\n<p><strong>CHARLIE SACCO \u2013 <a href=\"http:\/\/www.airefm.com.uy\/\" target=\"_blank\" rel=\"noopener\">Aire FM 100.3<\/a><\/strong><\/p>\n<p><strong>CLAUDIO KLEIMAN \u2013 <a href=\"http:\/\/www.rollingstone.com.ar\/\" target=\"_blank\" rel=\"noopener\">Rolling Stone Argentina<\/a><\/strong><\/p>\n<p><strong>DANIEL GIMENEZ \u2013 <a href=\"http:\/\/www.culturarock.net\/\" target=\"_blank\" rel=\"noopener\">Cultura Rock<\/a><\/strong><\/p>\n<p><strong>DARIO COITI\u00d1O \u2013 Difusora Soriano \/ <a href=\"https:\/\/tunein.com\/radio\/893-Fm-Del-Hm-s283357\/\" target=\"_blank\" rel=\"noopener\">FM del HUM<\/a><\/strong><\/p>\n<p><strong>DIEGO \u00c1LVAREZ \u2013 <a href=\"http:\/\/www.prensario.tv\/\" target=\"_blank\" rel=\"noopener\">Prensario Argentina<\/a><\/strong><\/p>\n<p><strong>DIEGO CORT\u00c9S \u2013 <a href=\"http:\/\/radiopedal.uy\/\" target=\"_blank\" rel=\"noopener\">Radiopedal<\/a><\/strong><\/p>\n<p><strong>DIEGO ZAS \u2013 <a href=\"https:\/\/delsol.uy\/\" target=\"_blank\" rel=\"noopener\">Del Sol FM<\/a><\/strong><\/p>\n<p><strong>EDUARDO RIVERO \u2013 M\u00fasico, escritor<\/strong><\/p>\n<p><strong>FABI\u00c1N CARDOZO \u2013 <a href=\"http:\/\/www.tnu.com.uy\/\" target=\"_blank\" rel=\"noopener\">TNU<\/a> \/ <a href=\"http:\/\/emisoradelsur.uy\/\" target=\"_blank\" rel=\"noopener\">Emisora del Sur<\/a><\/strong><\/p>\n<p><strong>FEDERICO MENESES \u2013 <a href=\"http:\/\/ooltivarte.com\" target=\"_blank\" rel=\"noopener\">Cooltivarte<\/a><\/strong><\/p>\n<p><strong>FELIPE MIGUEL \u2013 <a href=\"https:\/\/www.180.com.uy\/\" target=\"_blank\" rel=\"noopener\">180<\/a><\/strong><\/p>\n<p><strong>FERNANDO PELAEZ \u2013 Escritor, Historiador<\/strong><\/p>\n<p><strong>FERNANDO PEREYRA \u2013 <a href=\"https:\/\/oceano.uy\/\" target=\"_blank\" rel=\"noopener\">Oc\u00e9ano FM<\/a><\/strong><\/p>\n<p><strong>FERNANDO TETES \u2013 La Cuchara \u2013 <a href=\"http:\/\/emisoradelsur.uy\/\" target=\"_blank\" rel=\"noopener\">Emisora del Sur<\/a><\/strong><\/p>\n<p><strong>FRANCO BENVENUTTO \u2013 <a href=\"http:\/\/www.radiocero.com.uy\/\">Radio Cero<\/a> \u2013 <a href=\"http:\/\/www.radiomontecarlo.com.uy\/\" target=\"_blank\" rel=\"noopener\">Radio Monte Carlo<\/a><\/strong><\/p>\n<p><strong>GABRIEL PEVERONI \u2013 <a href=\"http:\/\/www.tvciudad.uy\/\" target=\"_blank\" rel=\"noopener\">TV Ciudad<\/a> \u2013 <a href=\"https:\/\/www.carasycaretas.com.uy\/\" target=\"_blank\" rel=\"noopener\">Caras y Caretas<\/a><\/strong><\/p>\n<p><strong>GAST\u00d3N CARBAJAL \u2013 <a href=\"https:\/\/delsol.uy\/\" target=\"_blank\" rel=\"noopener\">Del Sol FM<\/a><\/strong><\/p>\n<p><strong>GAST\u00d3N PERAZZA \u2013 <a href=\"http:\/\/www.radio41.com.uy\/\" target=\"_blank\" rel=\"noopener\">Radio 41, San Jos\u00e9<\/a><\/strong><\/p>\n<p><strong>GERM\u00c1N OSORIO \u2013 <a href=\"https:\/\/delsol.uy\/\" target=\"_blank\" rel=\"noopener\">Del Sol FM<\/a><\/strong><\/p>\n<p><strong>GISSELLE NORO\u00d1A \u2013 Fot\u00f3grafa \/ <a href=\"http:\/\/sietenotas.com\" target=\"_blank\" rel=\"noopener\">Sietenotas.com<\/a><\/strong><\/p>\n<p><strong>HUMBERTO RUIZ \u2013 <a href=\"http:\/\/m24.com.uy\/\" target=\"_blank\" rel=\"noopener\">M24<\/a><\/strong><\/p>\n<p><strong>IGNACIO ALCURI \u2013 Escritor<\/strong><\/p>\n<p><strong>IGNACIO MARTINEZ \u2013 <a href=\"https:\/\/ladiaria.com.uy\/\" target=\"_blank\" rel=\"noopener\">La Diaria<\/a><\/strong><\/p>\n<p><strong>JAVIER ALFONSO \u2013 <a href=\"http:\/\/www.busqueda.com.uy\/\" target=\"_blank\" rel=\"noopener\">Semanario B\u00fasqueda<\/a><\/strong><\/p>\n<p><strong>JAVIER PETROCELLI \u2013 <a href=\"http:\/\/www.radios.com.uy\/inolvidable-montevideo\/\" target=\"_blank\" rel=\"noopener\">Inolvidable FM 93.1<\/a><\/strong><\/p>\n<p><strong>JOSE FRUGONI \u2013 <a href=\"http:\/\/espectador.com\" target=\"_blank\" rel=\"noopener\">Espectador.com<\/a><\/strong><\/p>\n<p><strong>JONY CASELLA \u2013 <a href=\"http:\/\/www.cadenadelacosta.com\/\" target=\"_blank\" rel=\"noopener\">Cadena de la Costa 102.1 FM<\/a>, La Paloma \u2013 Rocha<\/strong><\/p>\n<p><strong>JULIA PERAZA \u2013 <a href=\"http:\/\/www.canalm.tv\/categoria\/Canal-M-1250\" target=\"_blank\" rel=\"noopener\">Canal M<\/a> \/ <a href=\"http:\/\/www.montevideo.com.uy\/\" target=\"_blank\" rel=\"noopener\">Montevideo Portal<\/a><\/strong><\/p>\n<p><strong>KRISTEL LATECKI \u2013 <a href=\"https:\/\/www.piiila.com\/\" target=\"_blank\" rel=\"noopener\">PiiiLA<\/a><\/strong><\/p>\n<p><strong>LEO BARIZZONI \u2013 Fot\u00f3grafo<\/strong><\/p>\n<p><strong>LEONARDO SILVEIRA \u2013 <a href=\"https:\/\/www.pocitoslibros.com\/\" target=\"_blank\" rel=\"noopener\">Pocitos Libros<\/a><\/strong><\/p>\n<p><strong>MANDY BARRIOS \u2013 <a href=\"https:\/\/www.elobservador.com.uy\/\" target=\"_blank\" rel=\"noopener\">El Observador<\/a><\/strong><\/p>\n<p><strong>MAR\u00cdA JOS\u00c9 BORGES \u2013 <a href=\"https:\/\/oceano.uy\/\" target=\"_blank\" rel=\"noopener\">Oc\u00e9ano FM<\/a> \/ <a href=\"http:\/\/www.tnu.com.uy\/\" target=\"_blank\" rel=\"noopener\">TNU<\/a><\/strong><\/p>\n<p><strong>MARIANA FERN\u00c1NDEZ \u2013 Universos Paralelos<\/strong><\/p>\n<p><strong>MARIANA PERALTA \u2013 <a href=\"http:\/\/republica.com.uy\/\" target=\"_blank\" rel=\"noopener\">La Rep\u00fablica<\/a><\/strong><\/p>\n<p><strong>MARCELO FERNANDEZ \u2013 <a href=\"https:\/\/www.vtv.com.uy\/\" target=\"_blank\" rel=\"noopener\">VTV<\/a> \/ <a href=\"http:\/\/www.sport890.com.uy\/\">Sport 890<\/a><\/strong><\/p>\n<p><strong>MARTIN DUARTE \u2013 <a href=\"http:\/\/www.tvciudad.uy\/\" target=\"_blank\" rel=\"noopener\">TV Ciudad<\/a> \/ <a href=\"http:\/\/www.radiomontecarlo.com.uy\/\" target=\"_blank\" rel=\"noopener\">Radio Monte Carlo<\/a><\/strong><\/p>\n<p><strong>MARTIN PACHECO \u2013 Musicalizador<\/strong><\/p>\n<p><strong>MANUEL JAROVISKY \u2013 <a href=\"http:\/\/www.tvciudad.uy\/\" target=\"_blank\" rel=\"noopener\">TV Ciudad<\/a> \/ <a href=\"https:\/\/delsol.uy\/\" target=\"_blank\" rel=\"noopener\">Del Sol FM<\/a><\/strong><\/p>\n<p><strong>MATEO MAGNONE \u2013 <a href=\"http:\/\/emisoradelsur.uy\/\" target=\"_blank\" rel=\"noopener\">Emisora del Sur<\/a><\/strong><\/p>\n<p><strong>MAURICIO BOSCH \u2013 <a href=\"http:\/\/www.elacontecer.com.uy\/\" target=\"_blank\" rel=\"noopener\">El Acontecer, Durazno<\/a><\/strong><\/p>\n<p><strong>MAURICIO RODRIGUEZ \u2013 <a href=\"http:\/\/granizo.uy\/\" target=\"_blank\" rel=\"noopener\">Granizo<\/a><\/strong><\/p>\n<p><strong>MIGUEL ACOSTA \u2013 <a href=\"http:\/\/www.radiocero.com.uy\/\">Radio Cero<\/a><\/strong><\/p>\n<p><strong>NELSON BARCELO \u2013 <a href=\"https:\/\/oceano.uy\/\" target=\"_blank\" rel=\"noopener\">Oc\u00e9ano FM<\/a><\/strong><\/p>\n<p><strong>NICOL\u00c1S P\u00c9REZ \u2013 La Cuchara <a href=\"http:\/\/emisoradelsur.uy\/\" target=\"_blank\" rel=\"noopener\">Emisora del Sur<\/a> \/ <a href=\"http:\/\/www.lr21.com.uy\/\" target=\"_blank\" rel=\"noopener\">La Red 21<\/a><\/strong><\/p>\n<p><strong>NICOL\u00c1S TAB\u00c1REZ \u2013 <a href=\"https:\/\/www.elobservador.com.uy\/\" target=\"_blank\" rel=\"noopener\">El Observador<\/a><\/strong><\/p>\n<p><strong>PABLO IZMIRLIAN \u2013 <a href=\"https:\/\/www.enperspectiva.net\/radiomundo-1170-am\/\" target=\"_blank\" rel=\"noopener\">En Perspectiva\/Radiomundo 1170 AM<\/a><\/strong><\/p>\n<p><strong>PATA TORRES \u2013 Fot\u00f3grafa<\/strong><\/p>\n<p><strong>PABLO COSTA DIPASCA \u2013 Dise\u00f1ador Gr\u00e1fico<\/strong><\/p>\n<p><strong>ROMULO ACOSTA \u2013 El P\u00e9ndulo<\/strong><\/p>\n<p><strong>RODRIGO GUERRA \u2013 <a href=\"https:\/\/ladiaria.com.uy\/\" target=\"_blank\" rel=\"noopener\">La Diaria<\/a><\/strong><\/p>\n<p><strong>RODRIGO MORALES \u2013 <a href=\"http:\/\/www.tnu.com.uy\/\" target=\"_blank\" rel=\"noopener\">TNU<\/a> \/ DJ<\/strong><\/p>\n<p><strong>RUFO MARTINEZ \u2013 <a href=\"http:\/\/emisoradelsur.uy\/\" target=\"_blank\" rel=\"noopener\">Emisora del Sur<\/a><\/strong><\/p>\n<p><strong>SARA PETROCELLI \u2013 Productora audiovisual y musical<\/strong><\/p>\n<p><strong>SEBASTI\u00c1N SANCHEZ \u2013 <a href=\"http:\/\/emisoradelsur.uy\/\" target=\"_blank\" rel=\"noopener\">Emisora del Sur<\/a><\/strong><\/p>\n<p>&nbsp;<\/p>\n<p><strong><a href=\"http:\/\/www.premiosgraffiti.com.uy\/\" target=\"_blank\" rel=\"noopener\">premiosgraffiti.com.uy<\/a><\/strong><\/p>\n<p><strong><a href=\"https:\/\/www.youtube.com\/channel\/UCBjUbDj1i2FvaK1ytznMoRg\" target=\"_blank\" rel=\"noopener\">Suscribite al Canal de youtube \u2013 Premios Graffiti<\/a><\/strong><\/p>\n<p>&nbsp;<\/p>\n<p>Imagen portada:&nbsp;<a id=\"js_1mz\" href=\"https:\/\/www.facebook.com\/premiosgraffiti\/?hc_ref=ARQj8gkOAUZUACOWyGJ108DjuIJBFaPS6qOIRobMHBrrE4-MNXaBh79JriJRYJ03IKo&amp;fref=nf\" target=\"_blank\" rel=\"noopener\" data-hovercard=\"\/ajax\/hovercard\/page.php?id=319160291456409&amp;extragetparams=%7B%22hc_ref%22%3A%22ARQj8gkOAUZUACOWyGJ108DjuIJBFaPS6qOIRobMHBrrE4-MNXaBh79JriJRYJ03IKo%22%2C%22fref%22%3A%22nf%22%7D\" data-hovercard-prefer-more-content-show=\"1\" data-hovercard-referer=\"ARQj8gkOAUZUACOWyGJ108DjuIJBFaPS6qOIRobMHBrrE4-MNXaBh79JriJRYJ03IKo\" aria-describedby=\"js_1z2\" aria-owns=\"js_1z0\">Premios Graffiti a la M\u00fasica Uruguaya<\/a><\/p>\n<p>&nbsp;<\/p>\n","protected":false},"excerpt":{"rendered":"<p>El jueves 21 de junio se anuncian los nominados a los @PremiosGraffiti 2018!!! &nbsp; Ceremonia de Lanzamiento Premios Graffiti 2018 \u2013&nbsp;19 de julio \u2013&nbsp;Sala Zitarrosa XVI Ceremonia de Entrega de los Premios Graffiti a la M\u00fasica Uruguaya&nbsp;\u2013 31 de julio \u2013&nbsp;Auditorio Nacional del Sodre. &nbsp; &nbsp; Galer\u00eda &#8211; Jurado votando arte de tapa &#8211; Agadu [&hellip;]<\/p>\n","protected":false},"author":2,"featured_media":41225,"comment_status":"closed","ping_status":"closed","sticky":false,"template":"","format":"standard","meta":{"om_disable_all_campaigns":false,"ngg_post_thumbnail":0,"jnews-multi-image_gallery":[],"jnews_single_post":{"subtitle":"Galer\u00eda - Jurado votando arte de tapa - Agadu - Mayo 2018","format":"standard","video":"","gallery":"","source_name":"","source_url":"","via_name":"","via_url":"","override_template":"0","override":[{"template":"4","single_blog_custom":"","parallax":"1","fullscreen":"0","layout":"right-sidebar","sidebar":"default-sidebar","second_sidebar":"default-sidebar","sticky_sidebar":"1","share_position":"bottom","share_float_style":"share-monocrhome","show_share_counter":"1","show_view_counter":"1","show_featured":"1","show_post_meta":"1","show_post_author":"1","show_post_author_image":"1","show_post_date":"1","post_date_format":"default","post_date_format_custom":"Y\/m\/d","show_post_category":"1","show_post_reading_time":"0","post_reading_time_wpm":"300","show_zoom_button":"0","zoom_button_out_step":"2","zoom_button_in_step":"3","show_post_tag":"1","show_prev_next_post":"1","show_popup_post":"1","number_popup_post":"1","show_author_box":"1","show_post_related":"0","show_inline_post_related":"0"}],"override_image_size":"0","image_override":[{"single_post_thumbnail_size":"no-crop","single_post_gallery_size":"crop-500"}],"trending_post":"0","trending_post_position":"meta","trending_post_label":"Trending","sponsored_post":"0","sponsored_post_label":"Sponsored by","sponsored_post_name":"","sponsored_post_url":"","sponsored_post_logo_enable":"0","sponsored_post_logo":"","sponsored_post_desc":"","disable_ad":"0"},"jnews_primary_category":{"id":"","hide":""},"jnews_social_meta":{"fb_title":"","fb_description":"","fb_image":"","twitter_title":"","twitter_description":"","twitter_image":""},"jnews_override_counter":{"override_view_counter":"0","view_counter_number":"0","override_share_counter":"0","share_counter_number":"0","override_like_counter":"0","like_counter_number":"0","override_dislike_counter":"0","dislike_counter_number":"0"},"footnotes":""},"categories":[7025],"tags":[7009,427,6909],"class_list":["post-41223","post","type-post","status-publish","format-standard","has-post-thumbnail","hentry","category-premios-graffiti","tag-jurado-2018","tag-premios-graffiti","tag-premios-graffiti-a-la-musica-uruguaya"],"yoast_head":"<!-- This site is optimized with the Yoast SEO plugin v27.4 - https:\/\/yoast.com\/product\/yoast-seo-wordpress\/ -->\n<title>La d\u00e9cimo sexta edici\u00f3n de los Premios Graffiti m\u00e1s cerca de tener ganadores - Cooltivarte Portal<\/title>\n<meta name=\"description\" content=\"COOLTIVARTE.COM es un portal digital colaborativo de actualizaci\u00f3n permanente dedicado a difundir el acontecer art\u00edstico y cultural, entrevista artistas, gestores y productores de las diferentes disciplinas del arte, y publicando art\u00edculos de reflexi\u00f3n de producci\u00f3n propia sobre los elementos culturales. %La d\u00e9cimo sexta edici\u00f3n de los Premios Graffiti m\u00e1s cerca de tener ganadores - Jurado 2018 Votando arte de tapa - Agadu - Mayo 2018 - Foto \u00a9 Federico Meneses\" \/>\n<meta name=\"robots\" content=\"index, follow, max-snippet:-1, max-image-preview:large, max-video-preview:-1\" \/>\n<link rel=\"canonical\" href=\"https:\/\/cooltivarte.com\/portal\/la-decimo-sexta-edicion-de-los-premios-graffiti-mas-cerca-de-tener-ganadores\/\" \/>\n<meta property=\"og:locale\" content=\"es_ES\" \/>\n<meta property=\"og:type\" content=\"article\" \/>\n<meta property=\"og:title\" content=\"La d\u00e9cimo sexta edici\u00f3n de los Premios Graffiti m\u00e1s cerca de tener ganadores - Cooltivarte Portal\" \/>\n<meta property=\"og:description\" content=\"COOLTIVARTE.COM es un portal digital colaborativo de actualizaci\u00f3n permanente dedicado a difundir el acontecer art\u00edstico y cultural, entrevista artistas, gestores y productores de las diferentes disciplinas del arte, y publicando art\u00edculos de reflexi\u00f3n de producci\u00f3n propia sobre los elementos culturales. %La d\u00e9cimo sexta edici\u00f3n de los Premios Graffiti m\u00e1s cerca de tener ganadores - Jurado 2018 Votando arte de tapa - Agadu - Mayo 2018 - Foto \u00a9 Federico Meneses\" \/>\n<meta property=\"og:url\" content=\"https:\/\/cooltivarte.com\/portal\/la-decimo-sexta-edicion-de-los-premios-graffiti-mas-cerca-de-tener-ganadores\/\" \/>\n<meta property=\"og:site_name\" content=\"Cooltivarte Portal\" \/>\n<meta property=\"article:publisher\" content=\"https:\/\/www.facebook.com\/cooltivartecom\/\" \/>\n<meta property=\"article:author\" content=\"https:\/\/www.facebook.com\/cooltivartecom\" \/>\n<meta property=\"article:published_time\" content=\"2018-06-19T02:07:39+00:00\" \/>\n<meta property=\"article:modified_time\" content=\"2023-10-28T19:42:58+00:00\" \/>\n<meta property=\"og:image\" content=\"https:\/\/cooltivarte.com\/portal\/wp-content\/uploads\/2018\/05\/Premios-Graffiti-a-la-M\u00fasica-Uruguaya-jurado-2018-edicion-16.jpg\" \/>\n\t<meta property=\"og:image:width\" content=\"1440\" \/>\n\t<meta property=\"og:image:height\" content=\"1080\" \/>\n\t<meta property=\"og:image:type\" content=\"image\/jpeg\" \/>\n<meta name=\"author\" content=\"Federico Meneses\" \/>\n<meta name=\"twitter:card\" content=\"summary_large_image\" \/>\n<meta name=\"twitter:creator\" content=\"@https:\/\/x.com\/obolocultural\" \/>\n<meta name=\"twitter:site\" content=\"@obolocultural\" \/>\n<meta name=\"twitter:label1\" content=\"Escrito por\" \/>\n\t<meta name=\"twitter:data1\" content=\"Federico Meneses\" \/>\n\t<meta name=\"twitter:label2\" content=\"Tiempo de lectura\" \/>\n\t<meta name=\"twitter:data2\" content=\"2 minutos\" \/>\n<!-- \/ Yoast SEO plugin. -->","yoast_head_json":{"title":"La d\u00e9cimo sexta edici\u00f3n de los Premios Graffiti m\u00e1s cerca de tener ganadores - Cooltivarte Portal","description":"COOLTIVARTE.COM es un portal digital colaborativo de actualizaci\u00f3n permanente dedicado a difundir el acontecer art\u00edstico y cultural, entrevista artistas, gestores y productores de las diferentes disciplinas del arte, y publicando art\u00edculos de reflexi\u00f3n de producci\u00f3n propia sobre los elementos culturales. %La d\u00e9cimo sexta edici\u00f3n de los Premios Graffiti m\u00e1s cerca de tener ganadores - Jurado 2018 Votando arte de tapa - Agadu - Mayo 2018 - Foto \u00a9 Federico Meneses","robots":{"index":"index","follow":"follow","max-snippet":"max-snippet:-1","max-image-preview":"max-image-preview:large","max-video-preview":"max-video-preview:-1"},"canonical":"https:\/\/cooltivarte.com\/portal\/la-decimo-sexta-edicion-de-los-premios-graffiti-mas-cerca-de-tener-ganadores\/","og_locale":"es_ES","og_type":"article","og_title":"La d\u00e9cimo sexta edici\u00f3n de los Premios Graffiti m\u00e1s cerca de tener ganadores - Cooltivarte Portal","og_description":"COOLTIVARTE.COM es un portal digital colaborativo de actualizaci\u00f3n permanente dedicado a difundir el acontecer art\u00edstico y cultural, entrevista artistas, gestores y productores de las diferentes disciplinas del arte, y publicando art\u00edculos de reflexi\u00f3n de producci\u00f3n propia sobre los elementos culturales. %La d\u00e9cimo sexta edici\u00f3n de los Premios Graffiti m\u00e1s cerca de tener ganadores - Jurado 2018 Votando arte de tapa - Agadu - Mayo 2018 - Foto \u00a9 Federico Meneses","og_url":"https:\/\/cooltivarte.com\/portal\/la-decimo-sexta-edicion-de-los-premios-graffiti-mas-cerca-de-tener-ganadores\/","og_site_name":"Cooltivarte Portal","article_publisher":"https:\/\/www.facebook.com\/cooltivartecom\/","article_author":"https:\/\/www.facebook.com\/cooltivartecom","article_published_time":"2018-06-19T02:07:39+00:00","article_modified_time":"2023-10-28T19:42:58+00:00","og_image":[{"width":1440,"height":1080,"url":"https:\/\/cooltivarte.com\/portal\/wp-content\/uploads\/2018\/05\/Premios-Graffiti-a-la-M\u00fasica-Uruguaya-jurado-2018-edicion-16.jpg","type":"image\/jpeg"}],"author":"Federico Meneses","twitter_card":"summary_large_image","twitter_creator":"@https:\/\/x.com\/obolocultural","twitter_site":"@obolocultural","twitter_misc":{"Escrito por":"Federico Meneses","Tiempo de lectura":"2 minutos"},"schema":{"@context":"https:\/\/schema.org","@graph":[{"@type":"NewsArticle","@id":"https:\/\/cooltivarte.com\/portal\/la-decimo-sexta-edicion-de-los-premios-graffiti-mas-cerca-de-tener-ganadores\/#article","isPartOf":{"@id":"https:\/\/cooltivarte.com\/portal\/la-decimo-sexta-edicion-de-los-premios-graffiti-mas-cerca-de-tener-ganadores\/"},"author":{"name":"Federico Meneses","@id":"https:\/\/cooltivarte.com\/portal\/#\/schema\/person\/595d82e8e62fb72a20bd97959bd7d18f"},"headline":"La d\u00e9cimo sexta edici\u00f3n de los Premios Graffiti m\u00e1s cerca de tener ganadores","datePublished":"2018-06-19T02:07:39+00:00","dateModified":"2023-10-28T19:42:58+00:00","mainEntityOfPage":{"@id":"https:\/\/cooltivarte.com\/portal\/la-decimo-sexta-edicion-de-los-premios-graffiti-mas-cerca-de-tener-ganadores\/"},"wordCount":480,"publisher":{"@id":"https:\/\/cooltivarte.com\/portal\/#organization"},"image":{"@id":"https:\/\/cooltivarte.com\/portal\/la-decimo-sexta-edicion-de-los-premios-graffiti-mas-cerca-de-tener-ganadores\/#primaryimage"},"thumbnailUrl":"https:\/\/cooltivarte.com\/portal\/wp-content\/uploads\/2018\/05\/Premios-Graffiti-a-la-M\u00fasica-Uruguaya-jurado-2018-edicion-16.jpg","keywords":["JURADO 2018","Premios Graffiti","Premios Graffiti a la M\u00fasica Uruguaya"],"articleSection":["Premios Graffiti"],"inLanguage":"es-AR"},{"@type":"WebPage","@id":"https:\/\/cooltivarte.com\/portal\/la-decimo-sexta-edicion-de-los-premios-graffiti-mas-cerca-de-tener-ganadores\/","url":"https:\/\/cooltivarte.com\/portal\/la-decimo-sexta-edicion-de-los-premios-graffiti-mas-cerca-de-tener-ganadores\/","name":"La d\u00e9cimo sexta edici\u00f3n de los Premios Graffiti m\u00e1s cerca de tener ganadores - Cooltivarte Portal","isPartOf":{"@id":"https:\/\/cooltivarte.com\/portal\/#website"},"primaryImageOfPage":{"@id":"https:\/\/cooltivarte.com\/portal\/la-decimo-sexta-edicion-de-los-premios-graffiti-mas-cerca-de-tener-ganadores\/#primaryimage"},"image":{"@id":"https:\/\/cooltivarte.com\/portal\/la-decimo-sexta-edicion-de-los-premios-graffiti-mas-cerca-de-tener-ganadores\/#primaryimage"},"thumbnailUrl":"https:\/\/cooltivarte.com\/portal\/wp-content\/uploads\/2018\/05\/Premios-Graffiti-a-la-M\u00fasica-Uruguaya-jurado-2018-edicion-16.jpg","datePublished":"2018-06-19T02:07:39+00:00","dateModified":"2023-10-28T19:42:58+00:00","description":"COOLTIVARTE.COM es un portal digital colaborativo de actualizaci\u00f3n permanente dedicado a difundir el acontecer art\u00edstico y cultural, entrevista artistas, gestores y productores de las diferentes disciplinas del arte, y publicando art\u00edculos de reflexi\u00f3n de producci\u00f3n propia sobre los elementos culturales. %La d\u00e9cimo sexta edici\u00f3n de los Premios Graffiti m\u00e1s cerca de tener ganadores - Jurado 2018 Votando arte de tapa - Agadu - Mayo 2018 - Foto \u00a9 Federico Meneses","breadcrumb":{"@id":"https:\/\/cooltivarte.com\/portal\/la-decimo-sexta-edicion-de-los-premios-graffiti-mas-cerca-de-tener-ganadores\/#breadcrumb"},"inLanguage":"es-AR","potentialAction":[{"@type":"ReadAction","target":["https:\/\/cooltivarte.com\/portal\/la-decimo-sexta-edicion-de-los-premios-graffiti-mas-cerca-de-tener-ganadores\/"]}]},{"@type":"ImageObject","inLanguage":"es-AR","@id":"https:\/\/cooltivarte.com\/portal\/la-decimo-sexta-edicion-de-los-premios-graffiti-mas-cerca-de-tener-ganadores\/#primaryimage","url":"https:\/\/cooltivarte.com\/portal\/wp-content\/uploads\/2018\/05\/Premios-Graffiti-a-la-M\u00fasica-Uruguaya-jurado-2018-edicion-16.jpg","contentUrl":"https:\/\/cooltivarte.com\/portal\/wp-content\/uploads\/2018\/05\/Premios-Graffiti-a-la-M\u00fasica-Uruguaya-jurado-2018-edicion-16.jpg","width":1440,"height":1080,"caption":"Premios Graffiti a la M\u00fasica Uruguaya jurado 2018 edici\u00f3n 16"},{"@type":"BreadcrumbList","@id":"https:\/\/cooltivarte.com\/portal\/la-decimo-sexta-edicion-de-los-premios-graffiti-mas-cerca-de-tener-ganadores\/#breadcrumb","itemListElement":[{"@type":"ListItem","position":1,"name":"Portada","item":"https:\/\/cooltivarte.com\/portal\/"},{"@type":"ListItem","position":2,"name":"La d\u00e9cimo sexta edici\u00f3n de los Premios Graffiti m\u00e1s cerca de tener ganadores"}]},{"@type":"WebSite","@id":"https:\/\/cooltivarte.com\/portal\/#website","url":"https:\/\/cooltivarte.com\/portal\/","name":"Cooltivarte Portal","description":"Arte, cultura y turismo para el mundo ...","publisher":{"@id":"https:\/\/cooltivarte.com\/portal\/#organization"},"potentialAction":[{"@type":"SearchAction","target":{"@type":"EntryPoint","urlTemplate":"https:\/\/cooltivarte.com\/portal\/?s={search_term_string}"},"query-input":{"@type":"PropertyValueSpecification","valueRequired":true,"valueName":"search_term_string"}}],"inLanguage":"es-AR"},{"@type":"Organization","@id":"https:\/\/cooltivarte.com\/portal\/#organization","name":"cooltivarte","url":"https:\/\/cooltivarte.com\/portal\/","logo":{"@type":"ImageObject","inLanguage":"es-AR","@id":"https:\/\/cooltivarte.com\/portal\/#\/schema\/logo\/image\/","url":"https:\/\/cooltivarte.com\/portal\/wp-content\/uploads\/2020\/04\/logo-cooltivarte-v2.png","contentUrl":"https:\/\/cooltivarte.com\/portal\/wp-content\/uploads\/2020\/04\/logo-cooltivarte-v2.png","width":851,"height":243,"caption":"cooltivarte"},"image":{"@id":"https:\/\/cooltivarte.com\/portal\/#\/schema\/logo\/image\/"},"sameAs":["https:\/\/www.facebook.com\/cooltivartecom\/","https:\/\/x.com\/obolocultural","https:\/\/www.instagram.com\/_cooltivarte_\/","https:\/\/www.linkedin.com\/company\/-bolocultural?reportsuccess=8zaNG1HwhPbAR9iQhZ5rfGeqz_vQFftHun0ZWU0Wy9vNemRJ8vtcKdJvzQfW8XagyOJSKg0XvfJ1dp","https:\/\/www.pinterest.com\/cooltivarte\/","https:\/\/cooltivarte.tumblr.com\/","https:\/\/www.tiktok.com\/@cooltivarte","https:\/\/www.youtube.com\/@PrensaCooltivarte"]},{"@type":"Person","@id":"https:\/\/cooltivarte.com\/portal\/#\/schema\/person\/595d82e8e62fb72a20bd97959bd7d18f","name":"Federico Meneses","image":{"@type":"ImageObject","inLanguage":"es-AR","@id":"https:\/\/cooltivarte.com\/portal\/wp-content\/uploads\/2019\/08\/FEDERICO-120x120.jpg","url":"https:\/\/cooltivarte.com\/portal\/wp-content\/uploads\/2019\/08\/FEDERICO-120x120.jpg","contentUrl":"https:\/\/cooltivarte.com\/portal\/wp-content\/uploads\/2019\/08\/FEDERICO-120x120.jpg","caption":"Federico Meneses"},"description":"Por el 2003 surge la idea de armar un bolet\u00edn electr\u00f3nico \"\u00f3bolo cultural\" para difundir eventos que poco se sab\u00edan. Con el surgimiento de las redes sociales el bolet\u00edn deja de tener su efecto y nace www.cooltivarte.com A fines del 2010 invito asociarse como co-director a Mauricio Conde, junto a todos los amigos colaboradores que se sumaron a la idea de aportar un granito de arena a nuestra cultura potenciando los eventos y dando m\u00e1s valor al conocer a los artistas mediante entrevistas, art\u00edculos de opini\u00f3n, an\u00e1lisis, reflexi\u00f3n y cr\u00edtica. Cooltivarte est\u00e1 presente en el medio local comunicando las noticias, cr\u00edticas, opiniones y entrevistas, tratando de generar un valor cultural conociendo de cerca a los protagonistas, generando una conciencia colectiva y sensibilidad para este r\u00e1pido diario vivir.","sameAs":["https:\/\/www.cooltivarte.com","https:\/\/www.facebook.com\/cooltivartecom","https:\/\/www.instagram.com\/_cooltivarte_\/","https:\/\/www.linkedin.com\/in\/federicomeneses\/","https:\/\/www.pinterest.com\/cooltivarte\/","https:\/\/x.com\/https:\/\/x.com\/obolocultural","https:\/\/www.youtube.com\/@PrensaCooltivarte","https:\/\/www.tumblr.com\/blog\/cooltivarte"],"url":"https:\/\/cooltivarte.com\/portal\/author\/federico\/"}]}},"_links":{"self":[{"href":"https:\/\/cooltivarte.com\/portal\/wp-json\/wp\/v2\/posts\/41223","targetHints":{"allow":["GET"]}}],"collection":[{"href":"https:\/\/cooltivarte.com\/portal\/wp-json\/wp\/v2\/posts"}],"about":[{"href":"https:\/\/cooltivarte.com\/portal\/wp-json\/wp\/v2\/types\/post"}],"author":[{"embeddable":true,"href":"https:\/\/cooltivarte.com\/portal\/wp-json\/wp\/v2\/users\/2"}],"replies":[{"embeddable":true,"href":"https:\/\/cooltivarte.com\/portal\/wp-json\/wp\/v2\/comments?post=41223"}],"version-history":[{"count":12,"href":"https:\/\/cooltivarte.com\/portal\/wp-json\/wp\/v2\/posts\/41223\/revisions"}],"predecessor-version":[{"id":94905,"href":"https:\/\/cooltivarte.com\/portal\/wp-json\/wp\/v2\/posts\/41223\/revisions\/94905"}],"wp:featuredmedia":[{"embeddable":true,"href":"https:\/\/cooltivarte.com\/portal\/wp-json\/wp\/v2\/media\/41225"}],"wp:attachment":[{"href":"https:\/\/cooltivarte.com\/portal\/wp-json\/wp\/v2\/media?parent=41223"}],"wp:term":[{"taxonomy":"category","embeddable":true,"href":"https:\/\/cooltivarte.com\/portal\/wp-json\/wp\/v2\/categories?post=41223"},{"taxonomy":"post_tag","embeddable":true,"href":"https:\/\/cooltivarte.com\/portal\/wp-json\/wp\/v2\/tags?post=41223"}],"curies":[{"name":"wp","href":"https:\/\/api.w.org\/{rel}","templated":true}]}}