{"id":3976,"date":"2011-12-29T21:55:57","date_gmt":"2011-12-29T21:55:57","guid":{"rendered":"http:\/\/cooltivarte.com\/portal\/?p=3976"},"modified":"2015-11-08T21:49:16","modified_gmt":"2015-11-08T21:49:16","slug":"su-pluma-azul-entrevista-a-alicia-preza","status":"publish","type":"post","link":"https:\/\/cooltivarte.com\/portal\/su-pluma-azul-entrevista-a-alicia-preza\/","title":{"rendered":"Su pluma azul, entrevista a Alicia Preza"},"content":{"rendered":"<p>Alicia Preza es poeta, naci\u00f3 el 13 de marzo de 1981. Concurri\u00f3 al taller literario de la profesora Alicia Languenhin durante varios a\u00f1os. Tambi\u00e9n concurri\u00f3 al taller literario del profesor Lauro Marauda en el cual particip\u00f3 en dos publicaciones colectivas: \u201cP\u00e1jaros en el espejo\u201d y \u201cVoces en las manos\u201d.<\/p>\n<p>En cuanto dramaturgia es autora de la obra titulada \u201cVoces en el espejo\u201d, que fue estrenada con la direcci\u00f3n de Carlos Rodr\u00edguez en el 2005.<br \/>\nCre\u00f3 y coordina, junto a Leonardo De Mello antes y ahora con Andrea Estevan, el grupo \u201cLa pluma azul\u201d en el cual se organizan tertulias literarias mensuales donde han participado destacados escritores del \u00e1mbito literario desde el a\u00f1o 2005.<br \/>\nPara conocer sus pareceres respecto a la poes\u00eda, su proceso creativo y las peripecias de hecer poes\u00eda en Uruguay es que la entrevistamso desde COOLTIVARTE.<\/p>\n<p>&nbsp;<\/p>\n<h2>&#8220;No hay llegada, no hay regocijo de triunfadores ni de graduados, si hay una pose, una actitud forzada de sentirse \u201cpoeta\u201d, es mejor apuntar para otro lado.&#8221;<\/h2>\n<p>&nbsp;<\/p>\n<p><strong>\u00bfC\u00f3mo es editar poes\u00eda hoy en Uruguay?<\/strong><\/p>\n<p>Desde mi punto de vista, es un reto complicad\u00edsimo y no me refiero al objeto libro, si ten\u00e9s la posibilidad de ahorrar y pagarte uno es un buen comienzo, mejor a\u00fan si ten\u00e9s la suerte de salir premiado en un concurso y te lo pagan, pero reci\u00e9n ah\u00ed comienza la aventura de un parto lleno de inconvenientes en la edici\u00f3n, hablo de mi primera experiencia en esto y de otras muy cercanas que conozco, es posible que tu libro salga plagado de errores y lo que es peor, que finalmente termine lleno de polvo en el \u00faltimo estante de una librer\u00eda, o en ninguna. Por suerte volviendo a mi caso personal, en mi segunda experiencia pude respirar, un libro compartido con otros j\u00f3venes, una selecci\u00f3n de diez poetas a cargo del Centro Cultural de Espa\u00f1a, la edici\u00f3n de \u201cPoes\u00eda Urgente\/Poes\u00eda Emergente, donde el respeto y la profesionalidad marcaron la diferencia.<\/p>\n<p>&nbsp;<\/p>\n<p><strong>\u00bfCu\u00e1l es tu motivaci\u00f3n a la hora de escribir? \u00bfTe encuentras \u201cbloqueada\u201d en alg\u00fan momento?<\/strong><\/p>\n<p>Por supuesto que existe el bloqueo, es un tema de reiterada conversaci\u00f3n entre aquellos que nos desvela escribir, pero considero que es bueno dicho bloqueo, aunque a veces haya ansiedad en el proceso, en mi caso personal, el poema surge de forma inesperada, cuando pugna con desesperaci\u00f3n esa imagen o vivencia, reci\u00e9n ah\u00ed lo escribo.<\/p>\n<p>&nbsp;<\/p>\n<p><strong>\u00bfCu\u00e1l crees que es el perfil del lector de poes\u00eda?<\/strong><\/p>\n<p>No s\u00e9 si hay un perfil, algunos curiosos pasan por la poes\u00eda y siguen de largo y otros no dejan de buscarla, en este caso, percibo que hay una ineludible necesidad de perseguir lo intangible.<\/p>\n<p>&nbsp;<\/p>\n<p><strong>En los concursos de poes\u00edas \u00bfQu\u00e9 tan subjetiva es la elecci\u00f3n de un poema para que unos sean publicados en un libro y otros queden afuera?<\/strong><\/p>\n<p>Desconozco el proceso de selecci\u00f3n, pero valga la redundancia, siempre que hay una elecci\u00f3n hay una mirada subjetiva, despu\u00e9s l\u00f3gicamente habr\u00e1 opiniones desencontradas. Salir premiado en un concurso no tiene que ver necesariamente con ser un buen escritor, es la mirada de un jurado y un golpe de suerte.<\/p>\n<p>&nbsp;<\/p>\n<p><strong>\u00bfQu\u00e9 significa para ti la Poes\u00eda?<\/strong><\/p>\n<p>Un alimento imprescindible, despu\u00e9s del primer bocado, no vi salida posible. No hablo de la que intenta escribir, hablo de la espectadora que no imagina otra forma de ver el mundo, en cada expresi\u00f3n art\u00edstica existente, la poes\u00eda, existe mucho antes de ser nombrada.<\/p>\n<p>&nbsp;<\/p>\n<p><strong>\u00bfC\u00f3mo es tu proceso creativo? \u00bfC\u00f3mo trabajas hasta concretar un poema?<\/strong><\/p>\n<p>Reafirmando lo que mencion\u00e9 anteriormente, s\u00f3lo dejo que aparezca. Eso si, corrijo cada vez m\u00e1s y tambi\u00e9n elimino poemas, al matarlo puede nacer algo mejor, o algo peor, es una b\u00fasqueda interminable. Como dice el poeta, uno de mis maestros, Roberto Genta Dorado: \u201cNunca se llega al poema\u201d.<\/p>\n<p>&nbsp;<\/p>\n<p><strong>\u00bfC\u00f3mo es tu relaci\u00f3n con el lenguaje, con las palabras? \u00bflas buscas, las persigues o ellas llegan?<\/strong><\/p>\n<p>Llegan, pero muchas veces hay que buscarlas, es arduo cerrar paso a la tendencia reiterativa porque el lenguaje es una limitaci\u00f3n a la hora de expulsar im\u00e1genes, no hay palabras salvadoras, por el contrario, algunas destrozan la intenci\u00f3n en un segundo.<\/p>\n<p>&nbsp;<\/p>\n<p><strong>\u00bfC\u00f3mo ves la poes\u00eda actual en Uruguay? \u00bfY en ella a tu generaci\u00f3n con respecto a las anteriores?<\/strong><\/p>\n<p>Lejos de compararlas con las anteriores, cada generaci\u00f3n aporta lo suyo en su realidad posible. La poes\u00eda actual se encuentra en estado de efervescencia, cada d\u00eda aparecen m\u00e1s poetas, por mi parte, encuentro en otros j\u00f3venes un delirio exquisito, aprendo de ellos y de otros poetas con algunos a\u00f1os m\u00e1s, a quienes admiro y persigo con preguntas, a veces las mismas son subliminales, no se verbalizan pero ellos siempre responden.<\/p>\n<p>&nbsp;<\/p>\n<p><strong>\u00bfQu\u00e9 te gener\u00f3 o dej\u00f3 la generaci\u00f3n del 45\u2019?<\/strong><\/p>\n<p>Algunos escritores notables que no dejan de sorprenderme cada vez que vuelvo a leerlos.<\/p>\n<p>&nbsp;<\/p>\n<p><strong>\u00bfQu\u00e9 libros nunca has podido terminar de leer y por qu\u00e9?<\/strong><\/p>\n<p>No los termin\u00e9, por tanto no me atraparon y sinceramente no me acuerdo.<\/p>\n<p>&nbsp;<\/p>\n<p><strong>\u00bfQu\u00e9 opinas de los ciclos cl\u00e1sicos de nuestro medio, ejemplo Caramelos y pimientos, Ronda de poetas, etc.?<\/strong><\/p>\n<p>Asisto de forma irregular a \u201cRonda de Poetas\u201d y si bien los poetas invitados son escuchado por unos pocos, mientras la mayor\u00eda sociabiliza y no escuchan un \u00e1pice, (esto es l\u00f3gico en un espacio abierto, en medio de la urbanidad y el p\u00fablico diverso) m\u00e1s all\u00e1 de eso, considero que es muy interesante el trabajo de Mart\u00edn, constante a trav\u00e9s del tiempo, invitando a una amplia gama de escritores.<\/p>\n<p>Y de \u00faltima, ajena a todo lo dem\u00e1s, escucho lo que me interesa, hay una magia en ese lugar, recuerdo noches ah\u00ed vividas donde se detuvo el tiempo, por momentos parec\u00edan escenas de una pel\u00edcula de Bu\u00f1uel.<\/p>\n<p>Tambi\u00e9n asisto a los nuevos ciclos de Nilson De Souza e Isabel Gallo, donde tambi\u00e9n se gesta algo m\u00e1gico, lo mismo sucede con el reci\u00e9n llegado \u201cFarolito\u201d a cargo de Jos\u00e9 Legaspi y Marcos Ibarra.<\/p>\n<p>Por mi parte coordino desde el 2005, al principio con Leonardo De Mello y actualmente junto a Andrea Estevan, tertulias literarias mensuales \u201cLa Pluma Azul\u201d, pero de ella mejor que hablen los dem\u00e1s, lo \u00fanico que nos interesa es promover la literatura nacional, compartir y retroalimentarse, no hay ganancia econ\u00f3mica por ello ni nos interesa, en todo caso, si pudi\u00e9semos pagarle a los invitados, ah\u00ed s\u00ed se justificar\u00eda una remuneraci\u00f3n para ellos, porque son los invitados con su poes\u00eda y aquellos que habitualmente concurren quienes le dan sentido a nuestro ciclo, por ese af\u00e1n de promover y compartir es que seguimos en pie.<\/p>\n<p>&nbsp;<\/p>\n<p><strong>\u00bfQu\u00e9 palabras le dir\u00edas a alguien que est\u00e1 comenzando en esto de la poes\u00eda, alguien que ha decidido ser poeta?<\/strong><\/p>\n<p>No se trata de una decisi\u00f3n, en este caso no se puede elegir. Dejo los consejos para mis poetas referentes. Pero me nace decir: No hay llegada, no hay regocijo de triunfadores ni de graduados, si hay una pose, una actitud forzada de sentirse \u201cpoeta\u201d, es mejor apuntar para otro lado.<\/p>\n<p>&nbsp;<\/p>\n<p><strong>\u00bfCu\u00e1les son los 10 libros que recomiendas leer?<\/strong><\/p>\n<p>Me pasar\u00e9 de diez y me quedo corta, pido disculpas, s\u00f3lo dejar\u00e9 autores uruguayos conocidos y otros que hay que conocer y difundir con urgencia, van solo aquellos que obviamente le\u00ed hasta ahora, me quedan muchos m\u00e1s por leer e in\u00e9ditos por descubrir, el Uruguay tambi\u00e9n existe, aqu\u00ed van algunos:<\/p>\n<p>\u201cLos Papeles Salvajes\u201d de Marosa Di Giorgio<\/p>\n<p>\u201cNadie encend\u00eda las l\u00e1mparas\u201d de Felisberto Hern\u00e1ndez<\/p>\n<p>\u201cEn este lugar maravilloso vive la tristeza\u201d de Selva Casal<\/p>\n<p>\u201cPoemas de amor\u201d de Idea Vilari\u00f1o<\/p>\n<p>\u201cFractal\u201d de Roberto Genta Dorado<\/p>\n<p>\u201cEspejismo en reiteraci\u00f3n real\u201d de <a href=\"https:\/\/cooltivarte.com\/portal\/subjetividades-entrevista-a-laura-alonso\/\" target=\"_blank\">Laura Alonso<\/a><\/p>\n<p>\u201cLa rosa del manicomio\u201d de <a href=\"https:\/\/cooltivarte.com\/portal\/sin-punto-final-entrevista-a-eduardo-curbelo\/\" target=\"_blank\">Eduardo Curbelo<\/a><\/p>\n<p>\u201cGran caf\u00e9 del centro\u201d de Alejandro Michelena<\/p>\n<p>\u201cAlima\u00f1a\u201d de Paola Gallo<\/p>\n<p>\u201cCieno\u201d de Gerardo Ciancio<\/p>\n<p>\u201cAbra\u201d de Enrique Bacci<\/p>\n<p>\u201cPalabras rotas\u201d de Elbio Chitaro<\/p>\n<p>\u201cUn viejo asunto con el sol\u201d de Elder Silva<\/p>\n<p>\u201cRes\u201d de Claudia Magliano<\/p>\n<p>\u201cEl rev\u00e9s asombrado de la ocarina\u201d de <a href=\"https:\/\/cooltivarte.com\/portal\/voz-propia-entrevista-a-horacio-cavallo\/\" target=\"_blank\">Horacio Cavallo<\/a><\/p>\n<p>\u201cUna bandada de dados\u201d de Laura Mart\u00ednez Coronel<\/p>\n<p>\u201cLa simetr\u00eda de Urano\u201d de Lili\u00e1n Hirigoyen<\/p>\n<p>\u201cPiedra del Sol de Noche\u201d de Diego de \u00c1vila<\/p>\n<p>\u201cBruja Boreal\u201d de <a href=\"https:\/\/cooltivarte.com\/portal\/bruja-boreal-entrevista-a-olga-leiva\/\" target=\"_blank\">Olga Leiva<\/a><\/p>\n<p>\u201cYoga\u201d de Manuel Barrios<\/p>\n<p>\u201cAlmajara\u201d de Juan Pablo Pedemonte<\/p>\n<p>\u201cFalsas escrituras\u201d de Sof\u00eda Rosa<\/p>\n<p>\u201cDe Parque y Sombra\u201d de Daniel Morena<\/p>\n<p>\u201cPalidezco\u201d de Paulo Roddel<\/p>\n<p>\u201cMadrelengua\u201d de Andrea Estevan<\/p>\n<p>&nbsp;<\/p>\n<p><strong>\u00bfCu\u00e1l es la relaci\u00f3n de los poetas y de la poes\u00eda en general con las editoriales hoy en Uruguay?<\/strong><\/p>\n<p>Mmm, deja mucho que desear, la mayor\u00eda de los editores aumentan su econom\u00eda y son muy pocos a los que realmente les interesa difundir la literatura nacional. Los libros salen como chorizos, mucho ruido y pocas nueces. Pero algunos cumplen con lo pactado, por ejemplo, en las librer\u00edas la mayor\u00eda de los libros nacionales que he visto, publicaron su obra con editorial \u201cHUM\u201d y realmente figuran a la vista. Por otro lado, surgieron proyectos muy loables y \u00fanicos, editoriales independientes que con pocos recursos hacen trabajos originales donde no hay mercaderes, como por ejemplo \u201cEDITORIAL MENTAL\u201d y por otro lado tambi\u00e9n se destacan las ediciones artesanales del escritor Leonardo De Mello.<br \/>\n&nbsp;<br \/>\n&nbsp;<\/p>\n<p style=\"text-align: justify;\">[sam id=&#8221;21&#8243; name=&#8221;notas y articulos&#8221; codes=&#8221;true&#8221;]<\/p>\n<p>&nbsp;<br \/>\n&nbsp;<\/p>\n","protected":false},"excerpt":{"rendered":"<p>Alicia Preza es poeta, naci\u00f3 el 13 de marzo de 1981. Concurri\u00f3 al taller literario de la profesora Alicia Languenhin durante varios a\u00f1os. Tambi\u00e9n concurri\u00f3 al taller literario del profesor Lauro Marauda en el cual particip\u00f3 en dos publicaciones colectivas: \u201cP\u00e1jaros en el espejo\u201d y \u201cVoces en las manos\u201d. En cuanto dramaturgia es autora de [&hellip;]<\/p>\n","protected":false},"author":2,"featured_media":6095,"comment_status":"closed","ping_status":"closed","sticky":false,"template":"","format":"standard","meta":{"om_disable_all_campaigns":false,"ngg_post_thumbnail":0,"jnews-multi-image_gallery":[],"jnews_single_post":[],"jnews_primary_category":[],"jnews_social_meta":[],"jnews_override_counter":[],"footnotes":""},"categories":[55],"tags":[364,197],"class_list":["post-3976","post","type-post","status-publish","format-standard","has-post-thumbnail","hentry","category-poesia","tag-literatura","tag-poesia-2"],"yoast_head":"<!-- This site is optimized with the Yoast SEO plugin v27.4 - https:\/\/yoast.com\/product\/yoast-seo-wordpress\/ -->\n<title>Su pluma azul, entrevista a Alicia Preza - Cooltivarte Portal<\/title>\n<meta name=\"description\" content=\"COOLTIVARTE.COM es un portal digital colaborativo de actualizaci\u00f3n permanente dedicado a difundir el acontecer art\u00edstico y cultural, entrevista artistas, gestores y productores de las diferentes disciplinas del arte, y publicando art\u00edculos de reflexi\u00f3n de producci\u00f3n propia sobre los elementos culturales.\" \/>\n<meta name=\"robots\" content=\"index, follow, max-snippet:-1, max-image-preview:large, max-video-preview:-1\" \/>\n<link rel=\"canonical\" href=\"https:\/\/cooltivarte.com\/portal\/su-pluma-azul-entrevista-a-alicia-preza\/\" \/>\n<meta property=\"og:locale\" content=\"es_ES\" \/>\n<meta property=\"og:type\" content=\"article\" \/>\n<meta property=\"og:title\" content=\"Su pluma azul, entrevista a Alicia Preza - Cooltivarte Portal\" \/>\n<meta property=\"og:description\" content=\"COOLTIVARTE.COM es un portal digital colaborativo de actualizaci\u00f3n permanente dedicado a difundir el acontecer art\u00edstico y cultural, entrevista artistas, gestores y productores de las diferentes disciplinas del arte, y publicando art\u00edculos de reflexi\u00f3n de producci\u00f3n propia sobre los elementos culturales.\" \/>\n<meta property=\"og:url\" content=\"https:\/\/cooltivarte.com\/portal\/su-pluma-azul-entrevista-a-alicia-preza\/\" \/>\n<meta property=\"og:site_name\" content=\"Cooltivarte Portal\" \/>\n<meta property=\"article:publisher\" content=\"https:\/\/www.facebook.com\/cooltivartecom\/\" \/>\n<meta property=\"article:author\" content=\"https:\/\/www.facebook.com\/cooltivartecom\" \/>\n<meta property=\"article:published_time\" content=\"2011-12-29T21:55:57+00:00\" \/>\n<meta property=\"article:modified_time\" content=\"2015-11-08T21:49:16+00:00\" \/>\n<meta property=\"og:image\" content=\"https:\/\/cooltivarte.com\/portal\/wp-content\/uploads\/2011\/12\/Su-pluma-azul-entrevista-a-Alicia-Preza.jpg\" \/>\n\t<meta property=\"og:image:width\" content=\"423\" \/>\n\t<meta property=\"og:image:height\" content=\"478\" \/>\n\t<meta property=\"og:image:type\" content=\"image\/jpeg\" \/>\n<meta name=\"author\" content=\"Federico Meneses\" \/>\n<meta name=\"twitter:card\" content=\"summary_large_image\" \/>\n<meta name=\"twitter:creator\" content=\"@https:\/\/x.com\/obolocultural\" \/>\n<meta name=\"twitter:site\" content=\"@obolocultural\" \/>\n<meta name=\"twitter:label1\" content=\"Escrito por\" \/>\n\t<meta name=\"twitter:data1\" content=\"Federico Meneses\" \/>\n\t<meta name=\"twitter:label2\" content=\"Tiempo de lectura\" \/>\n\t<meta name=\"twitter:data2\" content=\"8 minutos\" \/>\n<!-- \/ Yoast SEO plugin. -->","yoast_head_json":{"title":"Su pluma azul, entrevista a Alicia Preza - Cooltivarte Portal","description":"COOLTIVARTE.COM es un portal digital colaborativo de actualizaci\u00f3n permanente dedicado a difundir el acontecer art\u00edstico y cultural, entrevista artistas, gestores y productores de las diferentes disciplinas del arte, y publicando art\u00edculos de reflexi\u00f3n de producci\u00f3n propia sobre los elementos culturales.","robots":{"index":"index","follow":"follow","max-snippet":"max-snippet:-1","max-image-preview":"max-image-preview:large","max-video-preview":"max-video-preview:-1"},"canonical":"https:\/\/cooltivarte.com\/portal\/su-pluma-azul-entrevista-a-alicia-preza\/","og_locale":"es_ES","og_type":"article","og_title":"Su pluma azul, entrevista a Alicia Preza - Cooltivarte Portal","og_description":"COOLTIVARTE.COM es un portal digital colaborativo de actualizaci\u00f3n permanente dedicado a difundir el acontecer art\u00edstico y cultural, entrevista artistas, gestores y productores de las diferentes disciplinas del arte, y publicando art\u00edculos de reflexi\u00f3n de producci\u00f3n propia sobre los elementos culturales.","og_url":"https:\/\/cooltivarte.com\/portal\/su-pluma-azul-entrevista-a-alicia-preza\/","og_site_name":"Cooltivarte Portal","article_publisher":"https:\/\/www.facebook.com\/cooltivartecom\/","article_author":"https:\/\/www.facebook.com\/cooltivartecom","article_published_time":"2011-12-29T21:55:57+00:00","article_modified_time":"2015-11-08T21:49:16+00:00","og_image":[{"width":423,"height":478,"url":"https:\/\/cooltivarte.com\/portal\/wp-content\/uploads\/2011\/12\/Su-pluma-azul-entrevista-a-Alicia-Preza.jpg","type":"image\/jpeg"}],"author":"Federico Meneses","twitter_card":"summary_large_image","twitter_creator":"@https:\/\/x.com\/obolocultural","twitter_site":"@obolocultural","twitter_misc":{"Escrito por":"Federico Meneses","Tiempo de lectura":"8 minutos"},"schema":{"@context":"https:\/\/schema.org","@graph":[{"@type":"NewsArticle","@id":"https:\/\/cooltivarte.com\/portal\/su-pluma-azul-entrevista-a-alicia-preza\/#article","isPartOf":{"@id":"https:\/\/cooltivarte.com\/portal\/su-pluma-azul-entrevista-a-alicia-preza\/"},"author":{"name":"Federico Meneses","@id":"https:\/\/cooltivarte.com\/portal\/#\/schema\/person\/595d82e8e62fb72a20bd97959bd7d18f"},"headline":"Su pluma azul, entrevista a Alicia Preza","datePublished":"2011-12-29T21:55:57+00:00","dateModified":"2015-11-08T21:49:16+00:00","mainEntityOfPage":{"@id":"https:\/\/cooltivarte.com\/portal\/su-pluma-azul-entrevista-a-alicia-preza\/"},"wordCount":1629,"publisher":{"@id":"https:\/\/cooltivarte.com\/portal\/#organization"},"image":{"@id":"https:\/\/cooltivarte.com\/portal\/su-pluma-azul-entrevista-a-alicia-preza\/#primaryimage"},"thumbnailUrl":"https:\/\/cooltivarte.com\/portal\/wp-content\/uploads\/2011\/12\/Su-pluma-azul-entrevista-a-Alicia-Preza.jpg","keywords":["Literatura","Poes\u00eda"],"articleSection":["Poetas"],"inLanguage":"es-AR"},{"@type":"WebPage","@id":"https:\/\/cooltivarte.com\/portal\/su-pluma-azul-entrevista-a-alicia-preza\/","url":"https:\/\/cooltivarte.com\/portal\/su-pluma-azul-entrevista-a-alicia-preza\/","name":"Su pluma azul, entrevista a Alicia Preza - Cooltivarte Portal","isPartOf":{"@id":"https:\/\/cooltivarte.com\/portal\/#website"},"primaryImageOfPage":{"@id":"https:\/\/cooltivarte.com\/portal\/su-pluma-azul-entrevista-a-alicia-preza\/#primaryimage"},"image":{"@id":"https:\/\/cooltivarte.com\/portal\/su-pluma-azul-entrevista-a-alicia-preza\/#primaryimage"},"thumbnailUrl":"https:\/\/cooltivarte.com\/portal\/wp-content\/uploads\/2011\/12\/Su-pluma-azul-entrevista-a-Alicia-Preza.jpg","datePublished":"2011-12-29T21:55:57+00:00","dateModified":"2015-11-08T21:49:16+00:00","description":"COOLTIVARTE.COM es un portal digital colaborativo de actualizaci\u00f3n permanente dedicado a difundir el acontecer art\u00edstico y cultural, entrevista artistas, gestores y productores de las diferentes disciplinas del arte, y publicando art\u00edculos de reflexi\u00f3n de producci\u00f3n propia sobre los elementos culturales.","breadcrumb":{"@id":"https:\/\/cooltivarte.com\/portal\/su-pluma-azul-entrevista-a-alicia-preza\/#breadcrumb"},"inLanguage":"es-AR","potentialAction":[{"@type":"ReadAction","target":["https:\/\/cooltivarte.com\/portal\/su-pluma-azul-entrevista-a-alicia-preza\/"]}]},{"@type":"ImageObject","inLanguage":"es-AR","@id":"https:\/\/cooltivarte.com\/portal\/su-pluma-azul-entrevista-a-alicia-preza\/#primaryimage","url":"https:\/\/cooltivarte.com\/portal\/wp-content\/uploads\/2011\/12\/Su-pluma-azul-entrevista-a-Alicia-Preza.jpg","contentUrl":"https:\/\/cooltivarte.com\/portal\/wp-content\/uploads\/2011\/12\/Su-pluma-azul-entrevista-a-Alicia-Preza.jpg","width":423,"height":478,"caption":"Su pluma azul, entrevista a Alicia Preza"},{"@type":"BreadcrumbList","@id":"https:\/\/cooltivarte.com\/portal\/su-pluma-azul-entrevista-a-alicia-preza\/#breadcrumb","itemListElement":[{"@type":"ListItem","position":1,"name":"Portada","item":"https:\/\/cooltivarte.com\/portal\/"},{"@type":"ListItem","position":2,"name":"Su pluma azul, entrevista a Alicia Preza"}]},{"@type":"WebSite","@id":"https:\/\/cooltivarte.com\/portal\/#website","url":"https:\/\/cooltivarte.com\/portal\/","name":"Cooltivarte Portal","description":"Arte, cultura y turismo para el mundo ...","publisher":{"@id":"https:\/\/cooltivarte.com\/portal\/#organization"},"potentialAction":[{"@type":"SearchAction","target":{"@type":"EntryPoint","urlTemplate":"https:\/\/cooltivarte.com\/portal\/?s={search_term_string}"},"query-input":{"@type":"PropertyValueSpecification","valueRequired":true,"valueName":"search_term_string"}}],"inLanguage":"es-AR"},{"@type":"Organization","@id":"https:\/\/cooltivarte.com\/portal\/#organization","name":"cooltivarte","url":"https:\/\/cooltivarte.com\/portal\/","logo":{"@type":"ImageObject","inLanguage":"es-AR","@id":"https:\/\/cooltivarte.com\/portal\/#\/schema\/logo\/image\/","url":"https:\/\/cooltivarte.com\/portal\/wp-content\/uploads\/2020\/04\/logo-cooltivarte-v2.png","contentUrl":"https:\/\/cooltivarte.com\/portal\/wp-content\/uploads\/2020\/04\/logo-cooltivarte-v2.png","width":851,"height":243,"caption":"cooltivarte"},"image":{"@id":"https:\/\/cooltivarte.com\/portal\/#\/schema\/logo\/image\/"},"sameAs":["https:\/\/www.facebook.com\/cooltivartecom\/","https:\/\/x.com\/obolocultural","https:\/\/www.instagram.com\/_cooltivarte_\/","https:\/\/www.linkedin.com\/company\/-bolocultural?reportsuccess=8zaNG1HwhPbAR9iQhZ5rfGeqz_vQFftHun0ZWU0Wy9vNemRJ8vtcKdJvzQfW8XagyOJSKg0XvfJ1dp","https:\/\/www.pinterest.com\/cooltivarte\/","https:\/\/cooltivarte.tumblr.com\/","https:\/\/www.tiktok.com\/@cooltivarte","https:\/\/www.youtube.com\/@PrensaCooltivarte"]},{"@type":"Person","@id":"https:\/\/cooltivarte.com\/portal\/#\/schema\/person\/595d82e8e62fb72a20bd97959bd7d18f","name":"Federico Meneses","image":{"@type":"ImageObject","inLanguage":"es-AR","@id":"https:\/\/cooltivarte.com\/portal\/wp-content\/uploads\/2019\/08\/FEDERICO-120x120.jpg","url":"https:\/\/cooltivarte.com\/portal\/wp-content\/uploads\/2019\/08\/FEDERICO-120x120.jpg","contentUrl":"https:\/\/cooltivarte.com\/portal\/wp-content\/uploads\/2019\/08\/FEDERICO-120x120.jpg","caption":"Federico Meneses"},"description":"Por el 2003 surge la idea de armar un bolet\u00edn electr\u00f3nico \"\u00f3bolo cultural\" para difundir eventos que poco se sab\u00edan. Con el surgimiento de las redes sociales el bolet\u00edn deja de tener su efecto y nace www.cooltivarte.com A fines del 2010 invito asociarse como co-director a Mauricio Conde, junto a todos los amigos colaboradores que se sumaron a la idea de aportar un granito de arena a nuestra cultura potenciando los eventos y dando m\u00e1s valor al conocer a los artistas mediante entrevistas, art\u00edculos de opini\u00f3n, an\u00e1lisis, reflexi\u00f3n y cr\u00edtica. Cooltivarte est\u00e1 presente en el medio local comunicando las noticias, cr\u00edticas, opiniones y entrevistas, tratando de generar un valor cultural conociendo de cerca a los protagonistas, generando una conciencia colectiva y sensibilidad para este r\u00e1pido diario vivir.","sameAs":["https:\/\/www.cooltivarte.com","https:\/\/www.facebook.com\/cooltivartecom","https:\/\/www.instagram.com\/_cooltivarte_\/","https:\/\/www.linkedin.com\/in\/federicomeneses\/","https:\/\/www.pinterest.com\/cooltivarte\/","https:\/\/x.com\/https:\/\/x.com\/obolocultural","https:\/\/www.youtube.com\/@PrensaCooltivarte","https:\/\/www.tumblr.com\/blog\/cooltivarte"],"url":"https:\/\/cooltivarte.com\/portal\/author\/federico\/"}]}},"_links":{"self":[{"href":"https:\/\/cooltivarte.com\/portal\/wp-json\/wp\/v2\/posts\/3976","targetHints":{"allow":["GET"]}}],"collection":[{"href":"https:\/\/cooltivarte.com\/portal\/wp-json\/wp\/v2\/posts"}],"about":[{"href":"https:\/\/cooltivarte.com\/portal\/wp-json\/wp\/v2\/types\/post"}],"author":[{"embeddable":true,"href":"https:\/\/cooltivarte.com\/portal\/wp-json\/wp\/v2\/users\/2"}],"replies":[{"embeddable":true,"href":"https:\/\/cooltivarte.com\/portal\/wp-json\/wp\/v2\/comments?post=3976"}],"version-history":[{"count":2,"href":"https:\/\/cooltivarte.com\/portal\/wp-json\/wp\/v2\/posts\/3976\/revisions"}],"predecessor-version":[{"id":16640,"href":"https:\/\/cooltivarte.com\/portal\/wp-json\/wp\/v2\/posts\/3976\/revisions\/16640"}],"wp:featuredmedia":[{"embeddable":true,"href":"https:\/\/cooltivarte.com\/portal\/wp-json\/wp\/v2\/media\/6095"}],"wp:attachment":[{"href":"https:\/\/cooltivarte.com\/portal\/wp-json\/wp\/v2\/media?parent=3976"}],"wp:term":[{"taxonomy":"category","embeddable":true,"href":"https:\/\/cooltivarte.com\/portal\/wp-json\/wp\/v2\/categories?post=3976"},{"taxonomy":"post_tag","embeddable":true,"href":"https:\/\/cooltivarte.com\/portal\/wp-json\/wp\/v2\/tags?post=3976"}],"curies":[{"name":"wp","href":"https:\/\/api.w.org\/{rel}","templated":true}]}}