{"id":39648,"date":"2018-04-28T01:50:56","date_gmt":"2018-04-28T04:50:56","guid":{"rendered":"http:\/\/cooltivarte.com\/portal\/?p=39648"},"modified":"2018-09-05T13:53:16","modified_gmt":"2018-09-05T16:53:16","slug":"la-crisis-del-gobierno-educativo-una-remocion-y-una-oportunidad","status":"publish","type":"post","link":"https:\/\/cooltivarte.com\/portal\/la-crisis-del-gobierno-educativo-una-remocion-y-una-oportunidad\/","title":{"rendered":"La crisis del gobierno educativo: una remoci\u00f3n y una oportunidad"},"content":{"rendered":"<p>El comienzo de la semana pasada nos trajo una noticia que ven\u00eda manej\u00e1ndose por la prensa desde hac\u00eda unos d\u00edas: cesaron en su cargo a la <strong>Directora General de Secundaria<\/strong>, la <strong>profesora<\/strong> <strong>Celsa Puente<\/strong>. Y digo cesaron, porque es lo que efectivamente sucedi\u00f3. Lo de \u201crenunci\u00f3\u201d no es m\u00e1s que uno de los habituales eufemismos del campo pol\u00edtico a la hora de tramitar este tipo de situaciones.<\/p>\n<p>Lo cierto es que le bajaron el pulgar a quien hasta ese momento ejerc\u00eda una especie de \u201creinado\u201d, incluso atribuy\u00e9ndose espacios de poder pocas veces visto a la interna del colegiado que gobierna Secundaria -por ejemplo, atribuirse el ser la \u00fanica jerarca del organismo con la potestad de crear grupos y horas de apoyo, seg\u00fan inform\u00f3 a fines de marzo el diario <a href=\"https:\/\/www.elobservador.com.uy\/Celsa%20Puente-s\" target=\"_blank\" rel=\"noopener\">El Observador<\/a>-, y que se jactaba de tener un apoyo de privilegio, que inclu\u00eda a la <strong>Ministra<\/strong> <strong><a href=\"https:\/\/cooltivarte.com\/portal\/?s=Mar%C3%ADa+Julia+Mu%C3%B1oz\">Mar\u00eda Julia Mu\u00f1oz<\/a><\/strong> y al mism\u00edsimo <strong>Presidente <a href=\"https:\/\/cooltivarte.com\/portal\/?s=Tabar%C3%A9+V%C3%A1zquez\">Tabar\u00e9 V\u00e1zquez<\/a><\/strong>.<\/p>\n<p>Ese mismo \u201cenvalentonamiento\u201d con el cual le hab\u00eda marcado a otros su poder absoluto en m\u00e1s de una situaci\u00f3n -alcanza con recordar sus palabras proferidas en la <strong>Junta de Inspectores de Secundaria<\/strong> de octubre del a\u00f1o pasado y que dejaron al desnudo incluso una concepci\u00f3n violatoria de la autonom\u00eda de la <strong>ANEP<\/strong>-, es dable considerar que fue parte de lo que tambi\u00e9n le termin\u00f3 jugando en contra en el episodio concreto que termina con su remoci\u00f3n: \u00bfacaso Puente supuso que su forma de proceder estaba nuevamente m\u00e1s all\u00e1 del alcance del poder del Codicen y que no era necesario ni siquiera contestar los mensajes que le advert\u00edan de que se hab\u00eda excedido en el plazo vacacional indicado para retomar sus funciones al frente del Desconcentrado?<\/p>\n<p>Las dificultades de aceptar el regreso al llano por parte de la ex-jerarca, luego de caer desde una altura autoexacerbada, no demoraron en aparecer en el ruedo medi\u00e1tico e incluyeron el se\u00f1alamiento de que fue cesada por su condici\u00f3n de mujer (algo que \u201clos varones no pueden tolerar\u201d, seg\u00fan remarca en entrevista publicada el jueves 19 en el semanario B\u00fasqueda), pasando por se\u00f1alar como \u201cculpables\u201d de su ca\u00edda a <strong>Wilson Netto<\/strong> (Presidente del Codicen) y <strong>Robert Silva<\/strong> (Consejero en representaci\u00f3n de los docentes en el Codicen) e incluyendo una apelaci\u00f3n al emotivismo fundada en se\u00f1alar haber sido v\u00edctima de una \u201cvulneraci\u00f3n de sus derechos laborales\u201d.<\/p>\n<p>En el gesto final, la autocr\u00edtica -como a lo largo de toda su gesti\u00f3n- brill\u00f3 por su ausencia. No hubo una sola menci\u00f3n de su parte a los cuestionamientos por todos conocidos respecto de su labor, que no pasan simplemente por aspectos estrictamente t\u00e9cnicos, sino que aterrizan particularmente en sus modos de procesar los v\u00ednculos con aquellos actores que resultan clave a hora de conducir Secundaria.<\/p>\n<p>Sus acciones negativas en tal sentido van desde el bloqueo y ninguneo proferido contra la Consejera Isabel Jaureguy -quien denunci\u00f3 tal situaci\u00f3n en reiteradas ocasiones-, pasando por los agravios permanentes respecto de los docentes que cuestionaban p\u00fablicamente su gesti\u00f3n (llegando al punto de agraviarlos por v\u00edas de redes sociales) y un relacionamiento tenso y distante con los sindicatos docentes, donde tampoco faltaron insultos p\u00fablicos desde su parte.<\/p>\n<p>Completando el cuadro, en los d\u00edas previos se sum\u00f3 una denuncia period\u00edstica que detallaba que una de las Secretarias personales de Puente (que pose\u00eda el r\u00e9cord de tener cinco Secretarias) era la pareja de un sobrino suyo y hab\u00eda sido incorporada el a\u00f1o pasado a trabajar bajo sus \u00f3rdenes, justo en tiempos donde se destapan en varias dependencias del Estado casos de acomodos relacionados con lazos familiares.<\/p>\n<p>La situaci\u00f3n generada deber\u00eda arrojarnos m\u00e1s de una ense\u00f1anza: una saludable gesti\u00f3n del campo educativo requiere tender puentes con los docentes -actores centrales del proceso educativo-, fundar el accionar en el valor del trabajo en equipo entre los integrantes del ejecutivo que conducen el barco y saber encauzar de modo positivo las cr\u00edticas que toda funci\u00f3n p\u00fablica y de exposici\u00f3n implica, tramitando las inevitables diferencias que vayan surgiendo desde el respeto, la autocr\u00edtica y la capacidad argumentativa.<\/p>\n<p>Por supuesto, requiere tener buenas ideas y tener un plan respecto de c\u00f3mo llevarlas a cabo, pero sin enredarse incluso en este terreno en la err\u00f3nea concepci\u00f3n de que el ejercicio efectivo del liderazgo pedag\u00f3gico va de la mano de la soberbia y la pr\u00e1ctica autoritaria.<\/p>\n<p>Hay una diferencia crucial entre autoritarismo y autoridad. La autoridad se legitima desde el aprecio \u00e9tico e intelectual que se tiene sobre la persona que ejerce el rol de mandar. Implica ser un referente valorado positivamente para el que debe finalmente cumplir \u00f3rdenes.<\/p>\n<p>El pr\u00f3ximo jueves 3 de mayo asumir\u00e1 la <strong>profesora de Historia Ana Olivera<\/strong> al frente de Secundaria. En primera instancia, esperemos que su v\u00ednculo con los docentes sea desde un lugar realmente constructivo y, en segundo lugar, que sepa distinguir claramente entre actuar \u201ccon firmeza\u201d y el ejercicio autoritario, algo que su predecesora sigue sin comprender (y que es deseable pueda finalmente entender y modificar su accionar, ahora desde su retomado rol de Inspectora).<\/p>\n<p>Esperemos que Olivera pueda construir puentes y no dedicarse a derribarlos. Son varios los problemas por solucionar que tenemos en el terreno de la educaci\u00f3n como para que quienes la gobiernan sean parte central de los dolores de cabeza.<\/p>\n<p>Es tiempo de construir una agenda educativa que est\u00e9 por encima de personalismos y de partidos pol\u00edticos. El pa\u00eds enfrenta una crisis de valores que en buena medida se funda en el <a href=\"https:\/\/cooltivarte.com\/portal\/?s=d%C3%A9ficit+educativo+y+cultural\">d\u00e9ficit educativo y cultural<\/a> que padecemos.<\/p>\n<p><strong>Nuestra crisis no es econ\u00f3mica, sino moral. Y la educaci\u00f3n y la cultura son la clave para salir a flote.<\/strong> No podemos seguir perdiendo tiempo al respecto y urge asumir de una vez por todas tal responsabilidad.<\/p>\n<p>O comprendemos que debe ser prioritario atender debidamente el problema de la marginalidad cultural y solucionar la p\u00e9rdida de valores deseables para el mejor desarrollo de la convivencia o seguiremos bajando escalones como sociedad.<\/p>\n<p>Esperemos que la decisi\u00f3n tomada por el Codicen sea parte del comienzo de hacerse cargo de la situaci\u00f3n educativa y suponga el final de la nefasta pol\u00edtica de \u201cbarrer bajo la alfombra\u201d y echarle la culpa a terceros.<br \/>\nComo sucede con todo momento de crisis, trae consigo una oportunidad.<\/p>\n<p>&nbsp;<\/p>\n<p>Imagen portada &#8211; Archivo &#8211;\u00a0<a href=\"https:\/\/cooltivarte.com\/portal\/patrimonio-visual-valeria-piriz\/\">&#8220;Patrimonio visual&#8221; Valeria P\u00edriz &#8211; La Pasionaria Universo Creativo<\/a> &#8211; Noviembre 2010 \u00a9 <a href=\"https:\/\/cooltivarte.com\/portal\/?s=Federico+Meneses\">Federico Meneses\u00a0<\/a><\/p>\n<p>&nbsp;<\/p>\n<p>&nbsp;<\/p>\n<p><script async src=\"\/\/pagead2.googlesyndication.com\/pagead\/js\/adsbygoogle.js\"><\/script><br \/>\n<script>\n  (adsbygoogle = window.adsbygoogle || []).push({\n    google_ad_client: \"ca-pub-1258162831753121\",\n    enable_page_level_ads: true\n  });\n<\/script><\/p>\n","protected":false},"excerpt":{"rendered":"<p>El comienzo de la semana pasada nos trajo una noticia que ven\u00eda manej\u00e1ndose por la prensa desde hac\u00eda unos d\u00edas: cesaron en su cargo a la Directora General de Secundaria, la profesora Celsa Puente. Y digo cesaron, porque es lo que efectivamente sucedi\u00f3. Lo de \u201crenunci\u00f3\u201d no es m\u00e1s que uno de los habituales eufemismos [&hellip;]<\/p>\n","protected":false},"author":9,"featured_media":39652,"comment_status":"closed","ping_status":"closed","sticky":false,"template":"","format":"standard","meta":{"om_disable_all_campaigns":false,"ngg_post_thumbnail":0,"jnews-multi-image_gallery":[],"jnews_single_post":[],"jnews_primary_category":[],"jnews_social_meta":[],"jnews_override_counter":[],"footnotes":""},"categories":[3384],"tags":[5213,81,5214,445,6347,6349,6348,825],"class_list":["post-39648","post","type-post","status-publish","format-standard","has-post-thumbnail","hentry","category-educacion","tag-celsa-puente","tag-cultura","tag-directora-general-de-secundaria","tag-educacion","tag-gobierno-educativo","tag-maria-julia-munoz","tag-remocion","tag-tabare-vazquez"],"yoast_head":"<!-- This site is optimized with the Yoast SEO plugin v27.5 - https:\/\/yoast.com\/product\/yoast-seo-wordpress\/ -->\n<title>La crisis del gobierno educativo: una remoci\u00f3n y una oportunidad - Cooltivarte Portal<\/title>\n<meta name=\"description\" content=\"COOLTIVARTE.COM es un portal digital colaborativo de actualizaci\u00f3n permanente dedicado a difundir el acontecer art\u00edstico y cultural, entrevista artistas, gestores y productores de las diferentes disciplinas del arte, y publicando art\u00edculos de reflexi\u00f3n de producci\u00f3n propia sobre los elementos culturales.\" \/>\n<meta name=\"robots\" content=\"index, follow, max-snippet:-1, max-image-preview:large, max-video-preview:-1\" \/>\n<link rel=\"canonical\" href=\"https:\/\/cooltivarte.com\/portal\/la-crisis-del-gobierno-educativo-una-remocion-y-una-oportunidad\/\" \/>\n<meta property=\"og:locale\" content=\"es_ES\" \/>\n<meta property=\"og:type\" content=\"article\" \/>\n<meta property=\"og:title\" content=\"La crisis del gobierno educativo: una remoci\u00f3n y una oportunidad - Cooltivarte Portal\" \/>\n<meta property=\"og:description\" content=\"COOLTIVARTE.COM es un portal digital colaborativo de actualizaci\u00f3n permanente dedicado a difundir el acontecer art\u00edstico y cultural, entrevista artistas, gestores y productores de las diferentes disciplinas del arte, y publicando art\u00edculos de reflexi\u00f3n de producci\u00f3n propia sobre los elementos culturales.\" \/>\n<meta property=\"og:url\" content=\"https:\/\/cooltivarte.com\/portal\/la-crisis-del-gobierno-educativo-una-remocion-y-una-oportunidad\/\" \/>\n<meta property=\"og:site_name\" content=\"Cooltivarte Portal\" \/>\n<meta property=\"article:publisher\" content=\"https:\/\/www.facebook.com\/cooltivartecom\/\" \/>\n<meta property=\"article:author\" content=\"http:\/\/www.facebook.com\/pablorom777\" \/>\n<meta property=\"article:published_time\" content=\"2018-04-28T04:50:56+00:00\" \/>\n<meta property=\"article:modified_time\" content=\"2018-09-05T16:53:16+00:00\" \/>\n<meta property=\"og:image\" content=\"https:\/\/cooltivarte.com\/portal\/wp-content\/uploads\/2018\/04\/Patrimonio-visual-Valeria-P\u00edriz-La-Pasionaria-Universo-Creativo-Noviembre-2010-Federico-Meneses.jpg\" \/>\n\t<meta property=\"og:image:width\" content=\"902\" \/>\n\t<meta property=\"og:image:height\" content=\"600\" \/>\n\t<meta property=\"og:image:type\" content=\"image\/jpeg\" \/>\n<meta name=\"author\" content=\"Pablo Romero\" \/>\n<meta name=\"twitter:card\" content=\"summary_large_image\" \/>\n<meta name=\"twitter:creator\" content=\"@https:\/\/twitter.com\/Pabloromero74\" \/>\n<meta name=\"twitter:site\" content=\"@obolocultural\" \/>\n<meta name=\"twitter:label1\" content=\"Escrito por\" \/>\n\t<meta name=\"twitter:data1\" content=\"Pablo Romero\" \/>\n\t<meta name=\"twitter:label2\" content=\"Tiempo de lectura\" \/>\n\t<meta name=\"twitter:data2\" content=\"6 minutos\" \/>\n<!-- \/ Yoast SEO plugin. -->","yoast_head_json":{"title":"La crisis del gobierno educativo: una remoci\u00f3n y una oportunidad - Cooltivarte Portal","description":"COOLTIVARTE.COM es un portal digital colaborativo de actualizaci\u00f3n permanente dedicado a difundir el acontecer art\u00edstico y cultural, entrevista artistas, gestores y productores de las diferentes disciplinas del arte, y publicando art\u00edculos de reflexi\u00f3n de producci\u00f3n propia sobre los elementos culturales.","robots":{"index":"index","follow":"follow","max-snippet":"max-snippet:-1","max-image-preview":"max-image-preview:large","max-video-preview":"max-video-preview:-1"},"canonical":"https:\/\/cooltivarte.com\/portal\/la-crisis-del-gobierno-educativo-una-remocion-y-una-oportunidad\/","og_locale":"es_ES","og_type":"article","og_title":"La crisis del gobierno educativo: una remoci\u00f3n y una oportunidad - Cooltivarte Portal","og_description":"COOLTIVARTE.COM es un portal digital colaborativo de actualizaci\u00f3n permanente dedicado a difundir el acontecer art\u00edstico y cultural, entrevista artistas, gestores y productores de las diferentes disciplinas del arte, y publicando art\u00edculos de reflexi\u00f3n de producci\u00f3n propia sobre los elementos culturales.","og_url":"https:\/\/cooltivarte.com\/portal\/la-crisis-del-gobierno-educativo-una-remocion-y-una-oportunidad\/","og_site_name":"Cooltivarte Portal","article_publisher":"https:\/\/www.facebook.com\/cooltivartecom\/","article_author":"http:\/\/www.facebook.com\/pablorom777","article_published_time":"2018-04-28T04:50:56+00:00","article_modified_time":"2018-09-05T16:53:16+00:00","og_image":[{"width":902,"height":600,"url":"https:\/\/cooltivarte.com\/portal\/wp-content\/uploads\/2018\/04\/Patrimonio-visual-Valeria-P\u00edriz-La-Pasionaria-Universo-Creativo-Noviembre-2010-Federico-Meneses.jpg","type":"image\/jpeg"}],"author":"Pablo Romero","twitter_card":"summary_large_image","twitter_creator":"@https:\/\/twitter.com\/Pabloromero74","twitter_site":"@obolocultural","twitter_misc":{"Escrito por":"Pablo Romero","Tiempo de lectura":"6 minutos"},"schema":{"@context":"https:\/\/schema.org","@graph":[{"@type":"NewsArticle","@id":"https:\/\/cooltivarte.com\/portal\/la-crisis-del-gobierno-educativo-una-remocion-y-una-oportunidad\/#article","isPartOf":{"@id":"https:\/\/cooltivarte.com\/portal\/la-crisis-del-gobierno-educativo-una-remocion-y-una-oportunidad\/"},"author":{"name":"Pablo Romero","@id":"https:\/\/cooltivarte.com\/portal\/#\/schema\/person\/4142f96deaf5a27e4da3000f2d909698"},"headline":"La crisis del gobierno educativo: una remoci\u00f3n y una oportunidad","datePublished":"2018-04-28T04:50:56+00:00","dateModified":"2018-09-05T16:53:16+00:00","mainEntityOfPage":{"@id":"https:\/\/cooltivarte.com\/portal\/la-crisis-del-gobierno-educativo-una-remocion-y-una-oportunidad\/"},"wordCount":1133,"publisher":{"@id":"https:\/\/cooltivarte.com\/portal\/#organization"},"image":{"@id":"https:\/\/cooltivarte.com\/portal\/la-crisis-del-gobierno-educativo-una-remocion-y-una-oportunidad\/#primaryimage"},"thumbnailUrl":"https:\/\/cooltivarte.com\/portal\/wp-content\/uploads\/2018\/04\/Patrimonio-visual-Valeria-P\u00edriz-La-Pasionaria-Universo-Creativo-Noviembre-2010-Federico-Meneses.jpg","keywords":["Celsa Puente","Cultura","Directora General de Secundaria","Educaci\u00f3n","gobierno educativo","Mar\u00eda Julia Mu\u00f1oz","remoci\u00f3n","Tabar\u00e9 V\u00e1zquez"],"articleSection":["Educaci\u00f3n"],"inLanguage":"es-AR"},{"@type":"WebPage","@id":"https:\/\/cooltivarte.com\/portal\/la-crisis-del-gobierno-educativo-una-remocion-y-una-oportunidad\/","url":"https:\/\/cooltivarte.com\/portal\/la-crisis-del-gobierno-educativo-una-remocion-y-una-oportunidad\/","name":"La crisis del gobierno educativo: una remoci\u00f3n y una oportunidad - Cooltivarte Portal","isPartOf":{"@id":"https:\/\/cooltivarte.com\/portal\/#website"},"primaryImageOfPage":{"@id":"https:\/\/cooltivarte.com\/portal\/la-crisis-del-gobierno-educativo-una-remocion-y-una-oportunidad\/#primaryimage"},"image":{"@id":"https:\/\/cooltivarte.com\/portal\/la-crisis-del-gobierno-educativo-una-remocion-y-una-oportunidad\/#primaryimage"},"thumbnailUrl":"https:\/\/cooltivarte.com\/portal\/wp-content\/uploads\/2018\/04\/Patrimonio-visual-Valeria-P\u00edriz-La-Pasionaria-Universo-Creativo-Noviembre-2010-Federico-Meneses.jpg","datePublished":"2018-04-28T04:50:56+00:00","dateModified":"2018-09-05T16:53:16+00:00","description":"COOLTIVARTE.COM es un portal digital colaborativo de actualizaci\u00f3n permanente dedicado a difundir el acontecer art\u00edstico y cultural, entrevista artistas, gestores y productores de las diferentes disciplinas del arte, y publicando art\u00edculos de reflexi\u00f3n de producci\u00f3n propia sobre los elementos culturales.","breadcrumb":{"@id":"https:\/\/cooltivarte.com\/portal\/la-crisis-del-gobierno-educativo-una-remocion-y-una-oportunidad\/#breadcrumb"},"inLanguage":"es-AR","potentialAction":[{"@type":"ReadAction","target":["https:\/\/cooltivarte.com\/portal\/la-crisis-del-gobierno-educativo-una-remocion-y-una-oportunidad\/"]}]},{"@type":"ImageObject","inLanguage":"es-AR","@id":"https:\/\/cooltivarte.com\/portal\/la-crisis-del-gobierno-educativo-una-remocion-y-una-oportunidad\/#primaryimage","url":"https:\/\/cooltivarte.com\/portal\/wp-content\/uploads\/2018\/04\/Patrimonio-visual-Valeria-P\u00edriz-La-Pasionaria-Universo-Creativo-Noviembre-2010-Federico-Meneses.jpg","contentUrl":"https:\/\/cooltivarte.com\/portal\/wp-content\/uploads\/2018\/04\/Patrimonio-visual-Valeria-P\u00edriz-La-Pasionaria-Universo-Creativo-Noviembre-2010-Federico-Meneses.jpg","width":902,"height":600,"caption":"\"Patrimonio visual\" Valeria P\u00edriz - La Pasionaria Universo Creativo - Noviembre 2010 \u00a9 Federico Meneses"},{"@type":"BreadcrumbList","@id":"https:\/\/cooltivarte.com\/portal\/la-crisis-del-gobierno-educativo-una-remocion-y-una-oportunidad\/#breadcrumb","itemListElement":[{"@type":"ListItem","position":1,"name":"Portada","item":"https:\/\/cooltivarte.com\/portal\/"},{"@type":"ListItem","position":2,"name":"La crisis del gobierno educativo: una remoci\u00f3n y una oportunidad"}]},{"@type":"WebSite","@id":"https:\/\/cooltivarte.com\/portal\/#website","url":"https:\/\/cooltivarte.com\/portal\/","name":"Cooltivarte Portal","description":"Arte, cultura y turismo para el mundo ...","publisher":{"@id":"https:\/\/cooltivarte.com\/portal\/#organization"},"potentialAction":[{"@type":"SearchAction","target":{"@type":"EntryPoint","urlTemplate":"https:\/\/cooltivarte.com\/portal\/?s={search_term_string}"},"query-input":{"@type":"PropertyValueSpecification","valueRequired":true,"valueName":"search_term_string"}}],"inLanguage":"es-AR"},{"@type":"Organization","@id":"https:\/\/cooltivarte.com\/portal\/#organization","name":"cooltivarte","url":"https:\/\/cooltivarte.com\/portal\/","logo":{"@type":"ImageObject","inLanguage":"es-AR","@id":"https:\/\/cooltivarte.com\/portal\/#\/schema\/logo\/image\/","url":"https:\/\/cooltivarte.com\/portal\/wp-content\/uploads\/2020\/04\/logo-cooltivarte-v2.png","contentUrl":"https:\/\/cooltivarte.com\/portal\/wp-content\/uploads\/2020\/04\/logo-cooltivarte-v2.png","width":851,"height":243,"caption":"cooltivarte"},"image":{"@id":"https:\/\/cooltivarte.com\/portal\/#\/schema\/logo\/image\/"},"sameAs":["https:\/\/www.facebook.com\/cooltivartecom\/","https:\/\/x.com\/obolocultural","https:\/\/www.instagram.com\/_cooltivarte_\/","https:\/\/www.linkedin.com\/company\/-bolocultural?reportsuccess=8zaNG1HwhPbAR9iQhZ5rfGeqz_vQFftHun0ZWU0Wy9vNemRJ8vtcKdJvzQfW8XagyOJSKg0XvfJ1dp","https:\/\/www.pinterest.com\/cooltivarte\/","https:\/\/cooltivarte.tumblr.com\/","https:\/\/www.tiktok.com\/@cooltivarte","https:\/\/www.youtube.com\/@PrensaCooltivarte"]},{"@type":"Person","@id":"https:\/\/cooltivarte.com\/portal\/#\/schema\/person\/4142f96deaf5a27e4da3000f2d909698","name":"Pablo Romero","image":{"@type":"ImageObject","inLanguage":"es-AR","@id":"https:\/\/cooltivarte.com\/portal\/wp-content\/uploads\/2014\/05\/pablo-romero-120x120.jpg","url":"https:\/\/cooltivarte.com\/portal\/wp-content\/uploads\/2014\/05\/pablo-romero-120x120.jpg","contentUrl":"https:\/\/cooltivarte.com\/portal\/wp-content\/uploads\/2014\/05\/pablo-romero-120x120.jpg","caption":"Pablo Romero"},"description":"Profesor de Filosof\u00eda (egresado del IPA) y posgraduado como Especialista en Pol\u00edtica y Gesti\u00f3n de la Educaci\u00f3n, es docente de \u00c9tica en Universidad CLAEH y de Filosof\u00eda en educaci\u00f3n secundaria. Autor de \"Sobre el sentido de educar\" (Ediciones B-Penguin Random House, 2021) y coautor de obras sobre el campo de la filosof\u00eda de la educaci\u00f3n, es expositor a nivel nacional e internacional sobre temas educativos. Se ha desempe\u00f1ado como docente de Argumentaci\u00f3n en la Universidad Cat\u00f3lica y realizado ciclos de columnas de filosof\u00eda en radio El Espectador y en el canal televisivo TV Ciudad.","sameAs":["http:\/\/pabloromero7.blogspot.com\/","http:\/\/www.facebook.com\/pablorom777","https:\/\/www.instagram.com\/pabloromero1974\/","https:\/\/www.linkedin.com\/in\/pablo-romero-garca-7b82989b\/","https:\/\/www.pinterest.com\/cooltivarte\/","https:\/\/x.com\/https:\/\/twitter.com\/Pabloromero74","https:\/\/www.youtube.com\/@PrensaCooltivarte","https:\/\/cooltivarte.tumblr.com\/"],"url":"https:\/\/cooltivarte.com\/portal\/author\/romero\/"}]}},"_links":{"self":[{"href":"https:\/\/cooltivarte.com\/portal\/wp-json\/wp\/v2\/posts\/39648","targetHints":{"allow":["GET"]}}],"collection":[{"href":"https:\/\/cooltivarte.com\/portal\/wp-json\/wp\/v2\/posts"}],"about":[{"href":"https:\/\/cooltivarte.com\/portal\/wp-json\/wp\/v2\/types\/post"}],"author":[{"embeddable":true,"href":"https:\/\/cooltivarte.com\/portal\/wp-json\/wp\/v2\/users\/9"}],"replies":[{"embeddable":true,"href":"https:\/\/cooltivarte.com\/portal\/wp-json\/wp\/v2\/comments?post=39648"}],"version-history":[{"count":5,"href":"https:\/\/cooltivarte.com\/portal\/wp-json\/wp\/v2\/posts\/39648\/revisions"}],"predecessor-version":[{"id":43198,"href":"https:\/\/cooltivarte.com\/portal\/wp-json\/wp\/v2\/posts\/39648\/revisions\/43198"}],"wp:featuredmedia":[{"embeddable":true,"href":"https:\/\/cooltivarte.com\/portal\/wp-json\/wp\/v2\/media\/39652"}],"wp:attachment":[{"href":"https:\/\/cooltivarte.com\/portal\/wp-json\/wp\/v2\/media?parent=39648"}],"wp:term":[{"taxonomy":"category","embeddable":true,"href":"https:\/\/cooltivarte.com\/portal\/wp-json\/wp\/v2\/categories?post=39648"},{"taxonomy":"post_tag","embeddable":true,"href":"https:\/\/cooltivarte.com\/portal\/wp-json\/wp\/v2\/tags?post=39648"}],"curies":[{"name":"wp","href":"https:\/\/api.w.org\/{rel}","templated":true}]}}