{"id":3964,"date":"2012-03-06T21:16:14","date_gmt":"2012-03-06T21:16:14","guid":{"rendered":"http:\/\/cooltivarte.com\/portal\/?p=3964"},"modified":"2015-11-08T21:48:41","modified_gmt":"2015-11-08T21:48:41","slug":"extraviada-entrevista-a-sandra-miguez","status":"publish","type":"post","link":"https:\/\/cooltivarte.com\/portal\/extraviada-entrevista-a-sandra-miguez\/","title":{"rendered":"Extraviada, entrevista a Sandra M\u00edguez"},"content":{"rendered":"<p style=\"text-align: justify;\">El ciclo que COOLTIVARTE dedica a los poetas tiene una nueva entrega. Esta vez es Sandra M\u00edguez la entrevistada, que nos deja sus reflexivas respuestas acerca de sus motivaciones para escribir, el significado de la poes\u00eda y su relaci\u00f3n con el lenguaje.<\/p>\n<p style=\"text-align: justify;\">Sandra ha obtenido distintas menciones por su trabajo literario, por ejemplo una Menci\u00f3n Especial en un concurso organizado por la Intendencia de San Jos\u00e9 y la Fundaci\u00f3n Pablo Neruda, o la premiaci\u00f3n en el concurso de poes\u00eda &#8220;Una voz en el abismo&#8221; en Lima. Ha publicado su trabajo en &#8220;Mil Cuernos&#8221;, &#8220;Vademecum&#8221; y &#8220;\u00c1gora&#8221;, y tambi\u00e9n participa en diferentes lecturas colectivas e individuales.<\/p>\n<h2 style=\"text-align: justify;\">\u201cla poes\u00eda debe decir algo, dejar algo, si no lo hace, no tendr\u00e9 la sensibilidad para captarlo\u201d<\/h2>\n<p style=\"text-align: justify;\"><strong>-\u00bfQu\u00e9 significa para ti la Poes\u00eda?<\/strong><\/p>\n<p style=\"text-align: justify;\">-Parte de mi vida, al igual que la danza. Dos cosas que nacen de m\u00ed y me definen. Es un hacer constante, una forma de mirar el mundo y de pararse en el mismo. Una herramienta sensible que al mirar lo externo, capta nuestra atenci\u00f3n. Puede sonar repetitivo o un clich\u00e9, pero lo siento de esa manera, una de las tantas perspectivas que elige admirar la belleza de lo simple, pero no de forma ilusa, si no reflexionando acerca de aquello que somos o mejor dicho, nos vamos haciendo.<\/p>\n<p style=\"text-align: justify;\"><strong>-\u00bfC\u00f3mo es tu proceso creativo? \u00bfC\u00f3mo trabajas hasta concretar un poema?<\/strong><\/p>\n<p style=\"text-align: justify;\">&#8211; No busco escribir poes\u00eda, ella me busca a m\u00ed. Todo parte de las im\u00e1genes y el poema finalizado tambi\u00e9n lo es, tal vez, una imagen sensitiva.<\/p>\n<p style=\"text-align: justify;\">Cuando hablo de im\u00e1genes, las vivo de dos maneras, por un lado, en cierta forma uno va por la vida como un fot\u00f3grafo, observando hasta dar con el encuadre o el detalle justo. Y por otro, todo aquello con que tomamos contacto \u2013libros, pel\u00edculas, arte en general, personas, di\u00e1logos, sue\u00f1os\u2026 deja algo que nos marca y sigue su curso vaya a saber por d\u00f3nde y luego deviene en palabras.<\/p>\n<p style=\"text-align: justify;\">A diferencia de otros poetas, amigos y conocidos, que se plantean sentarse a escribir, digamos que me sucede lo contrario, las im\u00e1genes que captaron mi atenci\u00f3n y quedaron rondando en mi cabeza me obligan a tomar un l\u00e1piz y escribir.<\/p>\n<p style=\"text-align: justify;\">En general, escribo sin pausa, como un acto de catarsis, de verborragia. Cuando supuestamente el poema est\u00e1 terminado, lo leo muchas veces durante un tiempo, tal vez semanalmente recurro de nuevo a los textos con los que estaba trabajando. Luego tomo distancia por unos meses. Mientras, leo otros textos -propios o ajenos- y despu\u00e9s de ese tiempo \u2013relativo- vuelvo a leerlos y comienza lo que podr\u00eda decirse proceso de limpieza. En primera instancia hablamos de la imagen como primer elemento hacia la concreci\u00f3n de un poema, en segundo lugar estar\u00edamos situando a la fon\u00e9tica como gran seductora. En definitiva, la b\u00fasqueda se dirige hacia un constructo musical euf\u00f3nico.<\/p>\n<p style=\"text-align: justify;\">Algunas veces, cuando lo considero terminado, se lo env\u00edo a dos grandes poetas y amigos para que me digan que les parece.<\/p>\n<p style=\"text-align: justify;\">Y tambi\u00e9n pasa que luego de este trabajo puedan volver a la carpeta de poemas inconclusos o de revisi\u00f3n.<\/p>\n<p style=\"text-align: justify;\"><strong>-\u00bfCu\u00e1l es tu motivaci\u00f3n a la hora de escribir? \u00bfte encuentras \u201cbloqueada\u201d en alg\u00fan momento?<\/strong><\/p>\n<p style=\"text-align: justify;\">-La poes\u00eda nace de un estado especial y que tiene que ver con aquellas cosas que nos movilizan, ya sean vivencias, sue\u00f1os (propios o robados), ficciones, im\u00e1genes, etc.<\/p>\n<p style=\"text-align: justify;\">Simplemente escribo sin pensar demasiado. En general son im\u00e1genes o ideas las que me llevan a escribir, tal vez la persecuci\u00f3n de \u201cesa\u201d imagen y no otra.<\/p>\n<p style=\"text-align: justify;\">En lo que respecta a los bloqueos, s\u00ed, muchas veces me ha pasado que no escribo por determinados per\u00edodos, pero se trata de un fluir o un respiro. Al menos me lo tomo de esa manera ya que las palabras siempre vuelven. Podr\u00edamos decir que est\u00e1n latentes, pero seguro llegar\u00e1n en su momento\u2026<\/p>\n<p style=\"text-align: justify;\"><strong>-\u00bfCu\u00e1l crees que es el perfil del lector de poes\u00eda?<\/strong><\/p>\n<p style=\"text-align: justify;\">-Necesariamente hablamos de un ser con una sensibilidad especial. Alguien cuya curiosidad le lleve a querer escuchar las mismas cosas plasmadas de forma diferente. Desconozco que cosas llevar\u00e1n a una persona a leer poes\u00eda, podr\u00eda ser inquietud, curiosidad o la mencionada sensibilidad que un d\u00eda lo lleva a encontrarse con la poes\u00eda.<\/p>\n<p style=\"text-align: justify;\">En mi caso fui escritora antes que lectora de poes\u00eda y la necesidad de escribir, m\u00e1s las bellas cartas de mi padre me llevaron a leer poes\u00eda.<\/p>\n<p style=\"text-align: justify;\"><strong>-\u00bfC\u00f3mo es editar poes\u00eda hoy en Uruguay?<\/strong><\/p>\n<p style=\"text-align: justify;\">-Creo que es m\u00e1s f\u00e1cil, el surgimiento de editoriales convencionales y no convencionales y, a su vez, la gran cantidad de escritores que demandan publicar ha provocado que se acorten las distancias entre escritor-editor.<\/p>\n<p style=\"text-align: justify;\">De la misma manera, gracias a las editoriales no convencionales, hoy en d\u00eda es m\u00e1s accesible econ\u00f3micamente hablando.<\/p>\n<p style=\"text-align: justify;\"><strong>-\u00bfCu\u00e1l es la relaci\u00f3n de los poetas y de la poes\u00eda en general con las editoriales hoy en Uruguay?<\/strong><\/p>\n<p style=\"text-align: justify;\">-Es una relaci\u00f3n m\u00e1s cercana, a la vez que competitiva. Hay de todo, personas que m\u00e1s all\u00e1 de lo econ\u00f3mico, tienen inter\u00e9s en ampliar la cultura y aportar al consumo, ya no tanto de banalidades, si no de arte y cultura. Y tambi\u00e9n hay personas que s\u00f3lo les interesa lucrar y publican cualquier cosa sin un objeto o patr\u00f3n cr\u00edtico aparente.<\/p>\n<p style=\"text-align: justify;\"><strong>-En los concursos de poes\u00edas \u00bfQu\u00e9 tan subjetiva es la elecci\u00f3n de un poema para que unos sean publicados en un libro y otros queden afuera?<\/strong><\/p>\n<p style=\"text-align: justify;\">-Si hay sujeto es imposible que exista objetividad. Por ende, estar\u00edamos hablando de grados de subjetividad que podemos clasificarlos de mayor a menor grado de \u00e9tica.<\/p>\n<p style=\"text-align: justify;\">La elecci\u00f3n va a depender de muchas cosas, como ser, el gusto est\u00e9tico, las lecturas personales de cada uno, de lo que se piensa acerca del mundo que involucra el accionar, de la postura filos\u00f3fica e ideol\u00f3gica, de la sensibilidad para captar la obra, del ideal de cada uno con respecto a la poes\u00eda, y lamentablemente del amiguismo, la \u201cfavorcracia\u201d y la incapacidad del ser humano de aislar la persona de la obra.<\/p>\n<p style=\"text-align: justify;\"><strong>-\u00bfC\u00f3mo es su relaci\u00f3n con el lenguaje, con las palabras? \u00bfUsted las busca, las persigue o ellas llegan?<\/strong><\/p>\n<p style=\"text-align: justify;\">-Siempre tuve afinidad o desagrado con ciertas palabras. Es decir priorizo la fon\u00e9tica sobre los dem\u00e1s aspectos referentes a una palabra. Nunca voy a utilizar palabras desagradables, o palabras que me producen desagrado, fon\u00e9ticamente hablando, m\u00e1s all\u00e1 de que su significado sea imparcial.<\/p>\n<p style=\"text-align: justify;\">En este sentido puedo decir que soy bastante conservadora, pero en mi gusto est\u00e9tico no hacen a la poes\u00eda, no aportan nada, si no todo lo contrario.<\/p>\n<p style=\"text-align: justify;\">Las busco en una segunda instancia, pero generalmente llegan.<\/p>\n<p style=\"text-align: justify;\"><strong>-\u00bfC\u00f3mo ves la poes\u00eda actual en Uruguay y en ella a tu generaci\u00f3n con respecto a las anteriores?<\/strong><\/p>\n<p style=\"text-align: justify;\">-Para responder esta pregunta debo introducir el aspecto m\u00e1s relevante para lo que considero ha pasado en el curso que ha tomado la poes\u00eda en Uruguay.<\/p>\n<p style=\"text-align: justify;\">La tan discutida posmodernidad ha colaborado o resucitado una especie de dada\u00edsmo en el hacer po\u00e9tico, donde da la impresi\u00f3n que \u201ctodo vale\u201d. A veces leo cosas cuya creaci\u00f3n parece haber nacido de escribir palabras sueltas y mezclarlas para luego tirarlas y ver que queda. Esa poes\u00eda no me dice nada, la considero vac\u00eda de contenido. Vale aclarar que, dentro de un mismo texto, me resultan interesantes algunas cosas aisladas, pero si tengo que juzgar el poema en su totalidad, no me deja nada. Y esto abre una gran discusi\u00f3n atemporal de \u00bfqu\u00e9 es arte? \u00bfqu\u00e9 es poes\u00eda?<\/p>\n<p style=\"text-align: justify;\">Como nadie tiene la verdad sobre nada, me remito a utilizar esta herramienta como regla general: la poes\u00eda debe decir algo, dejar algo, si no lo hace, no tendr\u00e9 la sensibilidad para captarlo, pero no quiere decir que ese texto \u201cno sirva\u201d o \u201csea malo\u201d.<\/p>\n<p style=\"text-align: justify;\">Por otro lado he tenido el placer de conocer muchos escritores j\u00f3venes cuyos textos, s\u00ed forman parte de la b\u00fasqueda est\u00e9tica, con ciertos hallazgos literarios, algunos plasman un mundo real-imaginario logrando una combinaci\u00f3n que sorprende y transmite mucho de lo que han transmitido otras generaciones. Estas dos formas coexisten y de alguna manera se retroalimentan, ya que todo nos deja algo&#8230;<\/p>\n<p style=\"text-align: justify;\">Con respecto a las generaciones anteriores, asistimos a un empobrecimiento intelectual, en donde las ideas se personalizan y en general hay una incapacidad de quebrar el binomio persona-idea y cuando uno habla de algo parece que en realidad estuviera hablando de alguien, lo que suscita agresividad y mediocridad.<\/p>\n<p style=\"text-align: justify;\"><strong>-\u00bfQu\u00e9 te gener\u00f3 o dej\u00f3 la generaci\u00f3n del 45\u2019?<\/strong><\/p>\n<p style=\"text-align: justify;\">-Mucho que pensar y una gran cantidad de aportes literarios y filos\u00f3ficos.<\/p>\n<p style=\"text-align: justify;\">Fue una de las generaciones m\u00e1s ricas, intelectualmente hablando. Con muchos debates y cuestionamientos acerca de la \u00e9poca y del conocimiento. Grandes poetas de los que se aprender\u00e1 siempre y debo citar a Idea como una de las primeras poetas que le\u00ed y me dije \u201ces esto\u201d&#8230;<\/p>\n<p style=\"text-align: justify;\"><strong>-\u00bfQu\u00e9 libros nunca has podido terminar de leer y por qu\u00e9?<\/strong><\/p>\n<p style=\"text-align: justify;\">-Seguramente muchos, pero prefiero decir qu\u00e9 aspectos de un libro han logrado que lo abandone.<\/p>\n<p style=\"text-align: justify;\">Cuando la historia pasa de lo m\u00e1gico a lo anecd\u00f3tico por largos cap\u00edtulos y parece no retomar el camino anterior, que era m\u00e1s interesante. Cuando es previsible, cuando empieza por \u201cYo\u201d, cuando tiene muchos \u201cyo\u201d, cuando por varios cap\u00edtulos pareciera ir en espirales sobre la misma cosa y sin aportar nada.<\/p>\n<p style=\"text-align: justify;\">En fin todos aquellos aspectos que aburren o empobrecen el texto.<\/p>\n<p style=\"text-align: justify;\"><strong>\u00a0<\/strong><\/p>\n<p style=\"text-align: justify;\"><strong>-\u00bfCu\u00e1les son los 10 libros que recomiendas leer?<\/strong><\/p>\n<p style=\"text-align: justify;\">-Bueno, me resulta extremadamente dif\u00edcil recomendar 10 libros. Creo que el ser humano debe leer un poco de todo. Podr\u00eda hablar de ciertas tem\u00e1ticas y de ciertos autores, pero aun as\u00ed, me resulta inabarcable. El ser humano deber\u00eda leer todo aquello que lo haga pensar, ya que es una asignatura que cada vez est\u00e1 m\u00e1s en desuso. De la misma manera considero que m\u00e1s all\u00e1 de leer conocimiento digerido, es menester consultar siempre la fuente, dada la diversidad de las lecturas acerca de lo que pens\u00f3 o dijo otro. Por ende, la filosof\u00eda debe ocuparnos bastante tiempo, mucho tiempo, todo el necesario, como si fuera nuestra sombra.<\/p>\n<p style=\"text-align: justify;\">Luego cada uno har\u00e1 su selecci\u00f3n de textos, de autores o de ramas particulares del conocimiento que en \u00faltima instancia est\u00e1n \u00edntimamente vinculadas.<\/p>\n<p style=\"text-align: justify;\"><strong>-\u00bfQu\u00e9 opinas de los ciclos cl\u00e1sicos de nuestro medio, ejemplo Caramelos y pimientos, Ronda de poetas, etc.?<\/strong><\/p>\n<p style=\"text-align: justify;\">-Hablar\u00e9 de la Ronda de poetas. Me agrada el entorno, el apoyo de las personas que lo llevan a cabo. Es un ciclo muy interesante que promueve la escucha de voces nuevas y en muchos casos de grandes hallazgos. Es un espacio donde promover el peque\u00f1o aporte que uno hace al arte y todos son bienvenidos sin filtro ni restricci\u00f3n alguna. Es como estar en el living de casa. Y agradezco enormemente a Mart\u00edn Barea por haber tenido la oportunidad de leer en La Ronda de poetas en varias ocasiones.<\/p>\n<p style=\"text-align: justify;\">El \u00fanico detalle desagradable es que algunas personas se dedican a hablar mientras hay otros que est\u00e1n leyendo. Eso me resulta una falta de respeto, ya que tienen la libertad de irse a charlar a otra parte si no les interesa lo que escuchan.<\/p>\n<p style=\"text-align: justify;\"><strong>\u00a0<\/strong><\/p>\n<p style=\"text-align: justify;\"><strong>-\u00bfQu\u00e9 palabras le dir\u00edas a alguien que est\u00e1 comenzando en esto de la poes\u00eda, alguien que ha decidido ser poeta?<\/strong><\/p>\n<p style=\"text-align: justify;\">-Dir\u00eda que no se decide ser poeta, se nace poeta. Y lo \u00fanico que le dir\u00eda es que tome conciencia que es una b\u00fasqueda para toda la vida y la mayor dificultad es lograr una voz propia y sobrevivir a la mediocridad.<\/p>\n<p style=\"text-align: justify;\"><a href=\"http:\/\/gorgonnas.blogspot.com\" target=\"_blank\">http:\/\/gorgonnas.blogspot.com<\/a><br \/>\n<a href=\"http:\/\/sandramiguez.blogspot.com\/\" target=\"_blank\">http:\/\/sandramiguez.blogspot.com\/<\/a><\/p>\n<p>&nbsp;<br \/>\n&nbsp;<\/p>\n<p style=\"text-align: justify;\">[sam id=&#8221;21&#8243; name=&#8221;notas y articulos&#8221; codes=&#8221;true&#8221;]<\/p>\n<p>&nbsp;<br \/>\n&nbsp;<\/p>\n","protected":false},"excerpt":{"rendered":"<p>El ciclo que COOLTIVARTE dedica a los poetas tiene una nueva entrega. Esta vez es Sandra M\u00edguez la entrevistada, que nos deja sus reflexivas respuestas acerca de sus motivaciones para escribir, el significado de la poes\u00eda y su relaci\u00f3n con el lenguaje. Sandra ha obtenido distintas menciones por su trabajo literario, por ejemplo una Menci\u00f3n [&hellip;]<\/p>\n","protected":false},"author":8,"featured_media":3965,"comment_status":"closed","ping_status":"closed","sticky":false,"template":"","format":"standard","meta":{"om_disable_all_campaigns":false,"ngg_post_thumbnail":0,"jnews-multi-image_gallery":[],"jnews_single_post":[],"jnews_primary_category":[],"jnews_social_meta":[],"jnews_override_counter":[],"footnotes":""},"categories":[55],"tags":[],"class_list":["post-3964","post","type-post","status-publish","format-standard","has-post-thumbnail","hentry","category-poesia"],"yoast_head":"<!-- This site is optimized with the Yoast SEO plugin v27.5 - https:\/\/yoast.com\/product\/yoast-seo-wordpress\/ -->\n<title>Extraviada, entrevista a Sandra M\u00edguez - Cooltivarte Portal<\/title>\n<meta name=\"description\" content=\"COOLTIVARTE.COM es un portal digital colaborativo de actualizaci\u00f3n permanente dedicado a difundir el acontecer art\u00edstico y cultural, entrevista artistas, gestores y productores de las diferentes disciplinas del arte, y publicando art\u00edculos de reflexi\u00f3n de producci\u00f3n propia sobre los elementos culturales.\" \/>\n<meta name=\"robots\" content=\"index, follow, max-snippet:-1, max-image-preview:large, max-video-preview:-1\" \/>\n<link rel=\"canonical\" href=\"https:\/\/cooltivarte.com\/portal\/extraviada-entrevista-a-sandra-miguez\/\" \/>\n<meta property=\"og:locale\" content=\"es_ES\" \/>\n<meta property=\"og:type\" content=\"article\" \/>\n<meta property=\"og:title\" content=\"Extraviada, entrevista a Sandra M\u00edguez - Cooltivarte Portal\" \/>\n<meta property=\"og:description\" content=\"COOLTIVARTE.COM es un portal digital colaborativo de actualizaci\u00f3n permanente dedicado a difundir el acontecer art\u00edstico y cultural, entrevista artistas, gestores y productores de las diferentes disciplinas del arte, y publicando art\u00edculos de reflexi\u00f3n de producci\u00f3n propia sobre los elementos culturales.\" \/>\n<meta property=\"og:url\" content=\"https:\/\/cooltivarte.com\/portal\/extraviada-entrevista-a-sandra-miguez\/\" \/>\n<meta property=\"og:site_name\" content=\"Cooltivarte Portal\" \/>\n<meta property=\"article:publisher\" content=\"https:\/\/www.facebook.com\/cooltivartecom\/\" \/>\n<meta property=\"article:author\" content=\"https:\/\/www.facebook.com\/cooltivartecom\" \/>\n<meta property=\"article:published_time\" content=\"2012-03-06T21:16:14+00:00\" \/>\n<meta property=\"article:modified_time\" content=\"2015-11-08T21:48:41+00:00\" \/>\n<meta property=\"og:image\" content=\"https:\/\/cooltivarte.com\/portal\/wp-content\/uploads\/2014\/05\/sandra_miguez.jpg\" \/>\n\t<meta property=\"og:image:width\" content=\"400\" \/>\n\t<meta property=\"og:image:height\" content=\"300\" \/>\n\t<meta property=\"og:image:type\" content=\"image\/jpeg\" \/>\n<meta name=\"author\" content=\"Cooltivarte\" \/>\n<meta name=\"twitter:card\" content=\"summary_large_image\" \/>\n<meta name=\"twitter:creator\" content=\"@https:\/\/x.com\/obolocultural\" \/>\n<meta name=\"twitter:site\" content=\"@obolocultural\" \/>\n<meta name=\"twitter:label1\" content=\"Escrito por\" \/>\n\t<meta name=\"twitter:data1\" content=\"Cooltivarte\" \/>\n\t<meta name=\"twitter:label2\" content=\"Tiempo de lectura\" \/>\n\t<meta name=\"twitter:data2\" content=\"10 minutos\" \/>\n<!-- \/ Yoast SEO plugin. -->","yoast_head_json":{"title":"Extraviada, entrevista a Sandra M\u00edguez - Cooltivarte Portal","description":"COOLTIVARTE.COM es un portal digital colaborativo de actualizaci\u00f3n permanente dedicado a difundir el acontecer art\u00edstico y cultural, entrevista artistas, gestores y productores de las diferentes disciplinas del arte, y publicando art\u00edculos de reflexi\u00f3n de producci\u00f3n propia sobre los elementos culturales.","robots":{"index":"index","follow":"follow","max-snippet":"max-snippet:-1","max-image-preview":"max-image-preview:large","max-video-preview":"max-video-preview:-1"},"canonical":"https:\/\/cooltivarte.com\/portal\/extraviada-entrevista-a-sandra-miguez\/","og_locale":"es_ES","og_type":"article","og_title":"Extraviada, entrevista a Sandra M\u00edguez - Cooltivarte Portal","og_description":"COOLTIVARTE.COM es un portal digital colaborativo de actualizaci\u00f3n permanente dedicado a difundir el acontecer art\u00edstico y cultural, entrevista artistas, gestores y productores de las diferentes disciplinas del arte, y publicando art\u00edculos de reflexi\u00f3n de producci\u00f3n propia sobre los elementos culturales.","og_url":"https:\/\/cooltivarte.com\/portal\/extraviada-entrevista-a-sandra-miguez\/","og_site_name":"Cooltivarte Portal","article_publisher":"https:\/\/www.facebook.com\/cooltivartecom\/","article_author":"https:\/\/www.facebook.com\/cooltivartecom","article_published_time":"2012-03-06T21:16:14+00:00","article_modified_time":"2015-11-08T21:48:41+00:00","og_image":[{"width":400,"height":300,"url":"https:\/\/cooltivarte.com\/portal\/wp-content\/uploads\/2014\/05\/sandra_miguez.jpg","type":"image\/jpeg"}],"author":"Cooltivarte","twitter_card":"summary_large_image","twitter_creator":"@https:\/\/x.com\/obolocultural","twitter_site":"@obolocultural","twitter_misc":{"Escrito por":"Cooltivarte","Tiempo de lectura":"10 minutos"},"schema":{"@context":"https:\/\/schema.org","@graph":[{"@type":"NewsArticle","@id":"https:\/\/cooltivarte.com\/portal\/extraviada-entrevista-a-sandra-miguez\/#article","isPartOf":{"@id":"https:\/\/cooltivarte.com\/portal\/extraviada-entrevista-a-sandra-miguez\/"},"author":{"name":"Cooltivarte","@id":"https:\/\/cooltivarte.com\/portal\/#\/schema\/person\/ec2a4f4e71b740d0c559c0ab9a157e19"},"headline":"Extraviada, entrevista a Sandra M\u00edguez","datePublished":"2012-03-06T21:16:14+00:00","dateModified":"2015-11-08T21:48:41+00:00","mainEntityOfPage":{"@id":"https:\/\/cooltivarte.com\/portal\/extraviada-entrevista-a-sandra-miguez\/"},"wordCount":2063,"publisher":{"@id":"https:\/\/cooltivarte.com\/portal\/#organization"},"image":{"@id":"https:\/\/cooltivarte.com\/portal\/extraviada-entrevista-a-sandra-miguez\/#primaryimage"},"thumbnailUrl":"https:\/\/cooltivarte.com\/portal\/wp-content\/uploads\/2014\/05\/sandra_miguez.jpg","articleSection":["Poetas"],"inLanguage":"es-AR"},{"@type":"WebPage","@id":"https:\/\/cooltivarte.com\/portal\/extraviada-entrevista-a-sandra-miguez\/","url":"https:\/\/cooltivarte.com\/portal\/extraviada-entrevista-a-sandra-miguez\/","name":"Extraviada, entrevista a Sandra M\u00edguez - Cooltivarte Portal","isPartOf":{"@id":"https:\/\/cooltivarte.com\/portal\/#website"},"primaryImageOfPage":{"@id":"https:\/\/cooltivarte.com\/portal\/extraviada-entrevista-a-sandra-miguez\/#primaryimage"},"image":{"@id":"https:\/\/cooltivarte.com\/portal\/extraviada-entrevista-a-sandra-miguez\/#primaryimage"},"thumbnailUrl":"https:\/\/cooltivarte.com\/portal\/wp-content\/uploads\/2014\/05\/sandra_miguez.jpg","datePublished":"2012-03-06T21:16:14+00:00","dateModified":"2015-11-08T21:48:41+00:00","description":"COOLTIVARTE.COM es un portal digital colaborativo de actualizaci\u00f3n permanente dedicado a difundir el acontecer art\u00edstico y cultural, entrevista artistas, gestores y productores de las diferentes disciplinas del arte, y publicando art\u00edculos de reflexi\u00f3n de producci\u00f3n propia sobre los elementos culturales.","breadcrumb":{"@id":"https:\/\/cooltivarte.com\/portal\/extraviada-entrevista-a-sandra-miguez\/#breadcrumb"},"inLanguage":"es-AR","potentialAction":[{"@type":"ReadAction","target":["https:\/\/cooltivarte.com\/portal\/extraviada-entrevista-a-sandra-miguez\/"]}]},{"@type":"ImageObject","inLanguage":"es-AR","@id":"https:\/\/cooltivarte.com\/portal\/extraviada-entrevista-a-sandra-miguez\/#primaryimage","url":"https:\/\/cooltivarte.com\/portal\/wp-content\/uploads\/2014\/05\/sandra_miguez.jpg","contentUrl":"https:\/\/cooltivarte.com\/portal\/wp-content\/uploads\/2014\/05\/sandra_miguez.jpg","width":400,"height":300,"caption":"Sandra M\u00edguez"},{"@type":"BreadcrumbList","@id":"https:\/\/cooltivarte.com\/portal\/extraviada-entrevista-a-sandra-miguez\/#breadcrumb","itemListElement":[{"@type":"ListItem","position":1,"name":"Portada","item":"https:\/\/cooltivarte.com\/portal\/"},{"@type":"ListItem","position":2,"name":"Extraviada, entrevista a Sandra M\u00edguez"}]},{"@type":"WebSite","@id":"https:\/\/cooltivarte.com\/portal\/#website","url":"https:\/\/cooltivarte.com\/portal\/","name":"Cooltivarte Portal","description":"Arte, cultura y turismo para el mundo ...","publisher":{"@id":"https:\/\/cooltivarte.com\/portal\/#organization"},"potentialAction":[{"@type":"SearchAction","target":{"@type":"EntryPoint","urlTemplate":"https:\/\/cooltivarte.com\/portal\/?s={search_term_string}"},"query-input":{"@type":"PropertyValueSpecification","valueRequired":true,"valueName":"search_term_string"}}],"inLanguage":"es-AR"},{"@type":"Organization","@id":"https:\/\/cooltivarte.com\/portal\/#organization","name":"cooltivarte","url":"https:\/\/cooltivarte.com\/portal\/","logo":{"@type":"ImageObject","inLanguage":"es-AR","@id":"https:\/\/cooltivarte.com\/portal\/#\/schema\/logo\/image\/","url":"https:\/\/cooltivarte.com\/portal\/wp-content\/uploads\/2020\/04\/logo-cooltivarte-v2.png","contentUrl":"https:\/\/cooltivarte.com\/portal\/wp-content\/uploads\/2020\/04\/logo-cooltivarte-v2.png","width":851,"height":243,"caption":"cooltivarte"},"image":{"@id":"https:\/\/cooltivarte.com\/portal\/#\/schema\/logo\/image\/"},"sameAs":["https:\/\/www.facebook.com\/cooltivartecom\/","https:\/\/x.com\/obolocultural","https:\/\/www.instagram.com\/_cooltivarte_\/","https:\/\/www.linkedin.com\/company\/-bolocultural?reportsuccess=8zaNG1HwhPbAR9iQhZ5rfGeqz_vQFftHun0ZWU0Wy9vNemRJ8vtcKdJvzQfW8XagyOJSKg0XvfJ1dp","https:\/\/www.pinterest.com\/cooltivarte\/","https:\/\/cooltivarte.tumblr.com\/","https:\/\/www.tiktok.com\/@cooltivarte","https:\/\/www.youtube.com\/@PrensaCooltivarte"]},{"@type":"Person","@id":"https:\/\/cooltivarte.com\/portal\/#\/schema\/person\/ec2a4f4e71b740d0c559c0ab9a157e19","name":"Cooltivarte","image":{"@type":"ImageObject","inLanguage":"es-AR","@id":"https:\/\/cooltivarte.com\/portal\/wp-content\/uploads\/2014\/05\/logo-cooltivarte-120x120.jpg","url":"https:\/\/cooltivarte.com\/portal\/wp-content\/uploads\/2014\/05\/logo-cooltivarte-120x120.jpg","contentUrl":"https:\/\/cooltivarte.com\/portal\/wp-content\/uploads\/2014\/05\/logo-cooltivarte-120x120.jpg","caption":"Cooltivarte"},"description":"Somos COOLTIVARTE.COM. Un portal digital dedicado a difundir el acontecer art\u00edstico y cultural del Uruguay. Estamos en la vuelta desde el a\u00f1o 2003, y como evoluci\u00f3n del bolet\u00edn Obolo Cultural, nos encontramos abocados a apoyar a los artistas nacionales brind\u00e1ndoles un espacio de difusi\u00f3n. Creemos en la idea de utilizar la potencialidad que hoy d\u00eda nos otorga la web, para que la cultura uruguaya y sus creadores dispongan de una din\u00e1mica ventana, que los ponga en contacto entre s\u00ed y con el mundo. Somos COOLTIVARTE.COM y pretendemos configurarnos como un portal din\u00e1mico, entretenido y atento a los nuevos emprendimientos, que busque siempre la interacci\u00f3n con los artistas.","sameAs":["http:\/\/www.cooltivarte.com","https:\/\/www.facebook.com\/cooltivartecom","https:\/\/www.instagram.com\/_cooltivarte_\/","https:\/\/www.linkedin.com\/company\/-bolocultural","https:\/\/www.pinterest.com\/cooltivarte\/","https:\/\/x.com\/https:\/\/x.com\/obolocultural","https:\/\/www.youtube.com\/@PrensaCooltivarte","https:\/\/www.tumblr.com\/blog\/cooltivarte"],"url":"https:\/\/cooltivarte.com\/portal\/author\/cooltivarte\/"}]}},"_links":{"self":[{"href":"https:\/\/cooltivarte.com\/portal\/wp-json\/wp\/v2\/posts\/3964","targetHints":{"allow":["GET"]}}],"collection":[{"href":"https:\/\/cooltivarte.com\/portal\/wp-json\/wp\/v2\/posts"}],"about":[{"href":"https:\/\/cooltivarte.com\/portal\/wp-json\/wp\/v2\/types\/post"}],"author":[{"embeddable":true,"href":"https:\/\/cooltivarte.com\/portal\/wp-json\/wp\/v2\/users\/8"}],"replies":[{"embeddable":true,"href":"https:\/\/cooltivarte.com\/portal\/wp-json\/wp\/v2\/comments?post=3964"}],"version-history":[{"count":3,"href":"https:\/\/cooltivarte.com\/portal\/wp-json\/wp\/v2\/posts\/3964\/revisions"}],"predecessor-version":[{"id":16637,"href":"https:\/\/cooltivarte.com\/portal\/wp-json\/wp\/v2\/posts\/3964\/revisions\/16637"}],"wp:featuredmedia":[{"embeddable":true,"href":"https:\/\/cooltivarte.com\/portal\/wp-json\/wp\/v2\/media\/3965"}],"wp:attachment":[{"href":"https:\/\/cooltivarte.com\/portal\/wp-json\/wp\/v2\/media?parent=3964"}],"wp:term":[{"taxonomy":"category","embeddable":true,"href":"https:\/\/cooltivarte.com\/portal\/wp-json\/wp\/v2\/categories?post=3964"},{"taxonomy":"post_tag","embeddable":true,"href":"https:\/\/cooltivarte.com\/portal\/wp-json\/wp\/v2\/tags?post=3964"}],"curies":[{"name":"wp","href":"https:\/\/api.w.org\/{rel}","templated":true}]}}