{"id":39100,"date":"2018-04-17T00:24:51","date_gmt":"2018-04-17T03:24:51","guid":{"rendered":"http:\/\/cooltivarte.com\/portal\/?p=39100"},"modified":"2018-04-19T09:22:57","modified_gmt":"2018-04-19T12:22:57","slug":"quinteto-astor-piazzolla-en-teatro-solis","status":"publish","type":"post","link":"https:\/\/cooltivarte.com\/portal\/quinteto-astor-piazzolla-en-teatro-solis\/","title":{"rendered":"Quinteto Astor Piazzolla en Teatro Sol\u00eds"},"content":{"rendered":"<p><strong><a href=\"https:\/\/www.eng.quintetoastorpiazzolla.com\/\" target=\"_blank\" rel=\"noopener\">QUINTETO OFICIAL<\/a> DE LA FUNDACI\u00d3N ASTOR PIAZZOLLA<\/strong><\/p>\n<p>SHOW de LUJO a cargo de los destacados m\u00fasicos:<\/p>\n<p><strong>LAUTARO GRECO &#8211; Bandone\u00f3n<\/strong><br \/>\n<strong>SEBASTI\u00c1N PRUSAK &#8211; Viol\u00edn<\/strong><br \/>\n<strong>SERGIO RIVAS &#8211; Contrabajo<\/strong><br \/>\n<strong>GERM\u00c1N MART\u00cdNEZ &#8211; Guitarra<\/strong><br \/>\n<strong>NICOL\u00c1S GUERSCHBERG<\/strong> <strong>&#8211; Piano<\/strong><\/p>\n<p>INVITADO especial <strong><a href=\"https:\/\/cooltivarte.com\/portal\/?s=HUGO+FATTORUSO\">HUGO FATTORUSO<\/a><\/strong><\/p>\n<p><a href=\"https:\/\/cooltivarte.com\/portal\/?s=QUINTETO+ASTOR+PIAZZOLLA\" rel=\"noopener\"><strong>QUINTETO ASTOR PIAZZOLLA<\/strong><\/a><strong> &#8211;\u00a0Abril 2018 &#8211; Teatro Sol\u00eds<\/strong><\/p>\n<p>&nbsp;<\/p>\n<p>&nbsp;<\/p>\n<p>[justified_image_grid facebook_id=163210523725869 facebook_album=1675901985790041]<\/p>\n<p>&nbsp;<\/p>\n<p>&nbsp;<\/p>\n","protected":false},"excerpt":{"rendered":"<p>QUINTETO OFICIAL DE LA FUNDACI\u00d3N ASTOR PIAZZOLLA SHOW de LUJO a cargo de los destacados m\u00fasicos: LAUTARO GRECO &#8211; Bandone\u00f3n SEBASTI\u00c1N PRUSAK &#8211; Viol\u00edn SERGIO RIVAS &#8211; Contrabajo GERM\u00c1N MART\u00cdNEZ &#8211; Guitarra NICOL\u00c1S GUERSCHBERG &#8211; Piano INVITADO especial HUGO FATTORUSO QUINTETO ASTOR PIAZZOLLA &#8211;\u00a0Abril 2018 &#8211; Teatro Sol\u00eds &nbsp; &nbsp; [justified_image_grid facebook_id=163210523725869 facebook_album=1675901985790041] &nbsp; &nbsp;<\/p>\n","protected":false},"author":84,"featured_media":39104,"comment_status":"closed","ping_status":"closed","sticky":false,"template":"","format":"standard","meta":{"om_disable_all_campaigns":false,"ngg_post_thumbnail":0,"jnews-multi-image_gallery":[],"jnews_single_post":[],"jnews_primary_category":[],"jnews_social_meta":[],"jnews_override_counter":[],"footnotes":""},"categories":[50],"tags":[6021,204,92],"class_list":["post-39100","post","type-post","status-publish","format-standard","has-post-thumbnail","hentry","category-coberturas","tag-fundacion-astor-piazzolla","tag-hugo-fattoruso","tag-teatro-solis"],"yoast_head":"<!-- This site is optimized with the Yoast SEO plugin v27.5 - https:\/\/yoast.com\/product\/yoast-seo-wordpress\/ -->\n<title>Quinteto Astor Piazzolla en Teatro Sol\u00eds - Cooltivarte Portal<\/title>\n<meta name=\"description\" content=\"COOLTIVARTE.COM es un portal digital colaborativo de actualizaci\u00f3n permanente dedicado a difundir el acontecer art\u00edstico y cultural, entrevista artistas, gestores y productores de las diferentes disciplinas del arte, y publicando art\u00edculos de reflexi\u00f3n de producci\u00f3n propia sobre los elementos culturales.\" \/>\n<meta name=\"robots\" content=\"index, follow, max-snippet:-1, max-image-preview:large, max-video-preview:-1\" \/>\n<link rel=\"canonical\" href=\"https:\/\/cooltivarte.com\/portal\/quinteto-astor-piazzolla-en-teatro-solis\/\" \/>\n<meta property=\"og:locale\" content=\"es_ES\" \/>\n<meta property=\"og:type\" content=\"article\" \/>\n<meta property=\"og:title\" content=\"Quinteto Astor Piazzolla en Teatro Sol\u00eds - Cooltivarte Portal\" \/>\n<meta property=\"og:description\" content=\"COOLTIVARTE.COM es un portal digital colaborativo de actualizaci\u00f3n permanente dedicado a difundir el acontecer art\u00edstico y cultural, entrevista artistas, gestores y productores de las diferentes disciplinas del arte, y publicando art\u00edculos de reflexi\u00f3n de producci\u00f3n propia sobre los elementos culturales.\" \/>\n<meta property=\"og:url\" content=\"https:\/\/cooltivarte.com\/portal\/quinteto-astor-piazzolla-en-teatro-solis\/\" \/>\n<meta property=\"og:site_name\" content=\"Cooltivarte Portal\" \/>\n<meta property=\"article:publisher\" content=\"https:\/\/www.facebook.com\/cooltivartecom\/\" \/>\n<meta property=\"article:author\" content=\"https:\/\/www.facebook.com\/taruman.corrales\" \/>\n<meta property=\"article:published_time\" content=\"2018-04-17T03:24:51+00:00\" \/>\n<meta property=\"article:modified_time\" content=\"2018-04-19T12:22:57+00:00\" \/>\n<meta property=\"og:image\" content=\"https:\/\/cooltivarte.com\/portal\/wp-content\/uploads\/2018\/04\/Quinteto-Astor-Piazzolla-Abril-2018-Invitado-Hugo-Fattoruso-Teatro-Sol\u00eds-Foto-Tarum\u00e1n-Corrales.jpg\" \/>\n\t<meta property=\"og:image:width\" content=\"1024\" \/>\n\t<meta property=\"og:image:height\" content=\"688\" \/>\n\t<meta property=\"og:image:type\" content=\"image\/jpeg\" \/>\n<meta name=\"author\" content=\"Tarum\u00e1n Corrales\" \/>\n<meta name=\"twitter:card\" content=\"summary_large_image\" \/>\n<meta name=\"twitter:creator\" content=\"@https:\/\/x.com\/obolocultural\" \/>\n<meta name=\"twitter:site\" content=\"@obolocultural\" \/>\n<meta name=\"twitter:label1\" content=\"Escrito por\" \/>\n\t<meta name=\"twitter:data1\" content=\"Tarum\u00e1n Corrales\" \/>\n<!-- \/ Yoast SEO plugin. -->","yoast_head_json":{"title":"Quinteto Astor Piazzolla en Teatro Sol\u00eds - Cooltivarte Portal","description":"COOLTIVARTE.COM es un portal digital colaborativo de actualizaci\u00f3n permanente dedicado a difundir el acontecer art\u00edstico y cultural, entrevista artistas, gestores y productores de las diferentes disciplinas del arte, y publicando art\u00edculos de reflexi\u00f3n de producci\u00f3n propia sobre los elementos culturales.","robots":{"index":"index","follow":"follow","max-snippet":"max-snippet:-1","max-image-preview":"max-image-preview:large","max-video-preview":"max-video-preview:-1"},"canonical":"https:\/\/cooltivarte.com\/portal\/quinteto-astor-piazzolla-en-teatro-solis\/","og_locale":"es_ES","og_type":"article","og_title":"Quinteto Astor Piazzolla en Teatro Sol\u00eds - Cooltivarte Portal","og_description":"COOLTIVARTE.COM es un portal digital colaborativo de actualizaci\u00f3n permanente dedicado a difundir el acontecer art\u00edstico y cultural, entrevista artistas, gestores y productores de las diferentes disciplinas del arte, y publicando art\u00edculos de reflexi\u00f3n de producci\u00f3n propia sobre los elementos culturales.","og_url":"https:\/\/cooltivarte.com\/portal\/quinteto-astor-piazzolla-en-teatro-solis\/","og_site_name":"Cooltivarte Portal","article_publisher":"https:\/\/www.facebook.com\/cooltivartecom\/","article_author":"https:\/\/www.facebook.com\/taruman.corrales","article_published_time":"2018-04-17T03:24:51+00:00","article_modified_time":"2018-04-19T12:22:57+00:00","og_image":[{"width":1024,"height":688,"url":"https:\/\/cooltivarte.com\/portal\/wp-content\/uploads\/2018\/04\/Quinteto-Astor-Piazzolla-Abril-2018-Invitado-Hugo-Fattoruso-Teatro-Sol\u00eds-Foto-Tarum\u00e1n-Corrales.jpg","type":"image\/jpeg"}],"author":"Tarum\u00e1n Corrales","twitter_card":"summary_large_image","twitter_creator":"@https:\/\/x.com\/obolocultural","twitter_site":"@obolocultural","twitter_misc":{"Escrito por":"Tarum\u00e1n Corrales"},"schema":{"@context":"https:\/\/schema.org","@graph":[{"@type":"NewsArticle","@id":"https:\/\/cooltivarte.com\/portal\/quinteto-astor-piazzolla-en-teatro-solis\/#article","isPartOf":{"@id":"https:\/\/cooltivarte.com\/portal\/quinteto-astor-piazzolla-en-teatro-solis\/"},"author":{"name":"Tarum\u00e1n Corrales","@id":"https:\/\/cooltivarte.com\/portal\/#\/schema\/person\/926c6f8ebc2b940832bf36ca147978c0"},"headline":"Quinteto Astor Piazzolla en Teatro Sol\u00eds","datePublished":"2018-04-17T03:24:51+00:00","dateModified":"2018-04-19T12:22:57+00:00","mainEntityOfPage":{"@id":"https:\/\/cooltivarte.com\/portal\/quinteto-astor-piazzolla-en-teatro-solis\/"},"wordCount":75,"publisher":{"@id":"https:\/\/cooltivarte.com\/portal\/#organization"},"image":{"@id":"https:\/\/cooltivarte.com\/portal\/quinteto-astor-piazzolla-en-teatro-solis\/#primaryimage"},"thumbnailUrl":"https:\/\/cooltivarte.com\/portal\/wp-content\/uploads\/2018\/04\/Quinteto-Astor-Piazzolla-Abril-2018-Invitado-Hugo-Fattoruso-Teatro-Sol\u00eds-Foto-Tarum\u00e1n-Corrales.jpg","keywords":["Fundaci\u00f3n Astor Piazzolla","Hugo Fattoruso","Teatro Solis"],"articleSection":["Coberturas"],"inLanguage":"es-AR"},{"@type":"WebPage","@id":"https:\/\/cooltivarte.com\/portal\/quinteto-astor-piazzolla-en-teatro-solis\/","url":"https:\/\/cooltivarte.com\/portal\/quinteto-astor-piazzolla-en-teatro-solis\/","name":"Quinteto Astor Piazzolla en Teatro Sol\u00eds - Cooltivarte Portal","isPartOf":{"@id":"https:\/\/cooltivarte.com\/portal\/#website"},"primaryImageOfPage":{"@id":"https:\/\/cooltivarte.com\/portal\/quinteto-astor-piazzolla-en-teatro-solis\/#primaryimage"},"image":{"@id":"https:\/\/cooltivarte.com\/portal\/quinteto-astor-piazzolla-en-teatro-solis\/#primaryimage"},"thumbnailUrl":"https:\/\/cooltivarte.com\/portal\/wp-content\/uploads\/2018\/04\/Quinteto-Astor-Piazzolla-Abril-2018-Invitado-Hugo-Fattoruso-Teatro-Sol\u00eds-Foto-Tarum\u00e1n-Corrales.jpg","datePublished":"2018-04-17T03:24:51+00:00","dateModified":"2018-04-19T12:22:57+00:00","description":"COOLTIVARTE.COM es un portal digital colaborativo de actualizaci\u00f3n permanente dedicado a difundir el acontecer art\u00edstico y cultural, entrevista artistas, gestores y productores de las diferentes disciplinas del arte, y publicando art\u00edculos de reflexi\u00f3n de producci\u00f3n propia sobre los elementos culturales.","breadcrumb":{"@id":"https:\/\/cooltivarte.com\/portal\/quinteto-astor-piazzolla-en-teatro-solis\/#breadcrumb"},"inLanguage":"es-AR","potentialAction":[{"@type":"ReadAction","target":["https:\/\/cooltivarte.com\/portal\/quinteto-astor-piazzolla-en-teatro-solis\/"]}]},{"@type":"ImageObject","inLanguage":"es-AR","@id":"https:\/\/cooltivarte.com\/portal\/quinteto-astor-piazzolla-en-teatro-solis\/#primaryimage","url":"https:\/\/cooltivarte.com\/portal\/wp-content\/uploads\/2018\/04\/Quinteto-Astor-Piazzolla-Abril-2018-Invitado-Hugo-Fattoruso-Teatro-Sol\u00eds-Foto-Tarum\u00e1n-Corrales.jpg","contentUrl":"https:\/\/cooltivarte.com\/portal\/wp-content\/uploads\/2018\/04\/Quinteto-Astor-Piazzolla-Abril-2018-Invitado-Hugo-Fattoruso-Teatro-Sol\u00eds-Foto-Tarum\u00e1n-Corrales.jpg","width":1024,"height":688,"caption":"Quinteto Astor Piazzolla - Abril 2018 - Invitado - Hugo Fattoruso - Teatro Sol\u00eds - Foto \u00a9 Tarum\u00e1n Corrales"},{"@type":"BreadcrumbList","@id":"https:\/\/cooltivarte.com\/portal\/quinteto-astor-piazzolla-en-teatro-solis\/#breadcrumb","itemListElement":[{"@type":"ListItem","position":1,"name":"Portada","item":"https:\/\/cooltivarte.com\/portal\/"},{"@type":"ListItem","position":2,"name":"Quinteto Astor Piazzolla en Teatro Sol\u00eds"}]},{"@type":"WebSite","@id":"https:\/\/cooltivarte.com\/portal\/#website","url":"https:\/\/cooltivarte.com\/portal\/","name":"Cooltivarte Portal","description":"Arte, cultura y turismo para el mundo ...","publisher":{"@id":"https:\/\/cooltivarte.com\/portal\/#organization"},"potentialAction":[{"@type":"SearchAction","target":{"@type":"EntryPoint","urlTemplate":"https:\/\/cooltivarte.com\/portal\/?s={search_term_string}"},"query-input":{"@type":"PropertyValueSpecification","valueRequired":true,"valueName":"search_term_string"}}],"inLanguage":"es-AR"},{"@type":"Organization","@id":"https:\/\/cooltivarte.com\/portal\/#organization","name":"cooltivarte","url":"https:\/\/cooltivarte.com\/portal\/","logo":{"@type":"ImageObject","inLanguage":"es-AR","@id":"https:\/\/cooltivarte.com\/portal\/#\/schema\/logo\/image\/","url":"https:\/\/cooltivarte.com\/portal\/wp-content\/uploads\/2020\/04\/logo-cooltivarte-v2.png","contentUrl":"https:\/\/cooltivarte.com\/portal\/wp-content\/uploads\/2020\/04\/logo-cooltivarte-v2.png","width":851,"height":243,"caption":"cooltivarte"},"image":{"@id":"https:\/\/cooltivarte.com\/portal\/#\/schema\/logo\/image\/"},"sameAs":["https:\/\/www.facebook.com\/cooltivartecom\/","https:\/\/x.com\/obolocultural","https:\/\/www.instagram.com\/_cooltivarte_\/","https:\/\/www.linkedin.com\/company\/-bolocultural?reportsuccess=8zaNG1HwhPbAR9iQhZ5rfGeqz_vQFftHun0ZWU0Wy9vNemRJ8vtcKdJvzQfW8XagyOJSKg0XvfJ1dp","https:\/\/www.pinterest.com\/cooltivarte\/","https:\/\/cooltivarte.tumblr.com\/","https:\/\/www.tiktok.com\/@cooltivarte","https:\/\/www.youtube.com\/@PrensaCooltivarte"]},{"@type":"Person","@id":"https:\/\/cooltivarte.com\/portal\/#\/schema\/person\/926c6f8ebc2b940832bf36ca147978c0","name":"Tarum\u00e1n Corrales","image":{"@type":"ImageObject","inLanguage":"es-AR","@id":"https:\/\/cooltivarte.com\/portal\/wp-content\/uploads\/2016\/05\/Taru.jpg","url":"https:\/\/cooltivarte.com\/portal\/wp-content\/uploads\/2016\/05\/Taru.jpg","contentUrl":"https:\/\/cooltivarte.com\/portal\/wp-content\/uploads\/2016\/05\/Taru.jpg","caption":"Tarum\u00e1n Corrales"},"description":"Tarum\u00e1n Corrales_ 1981 - Fot\u00f3grafo. Siempre intentando capturar momentos, el acercamiento a la fotograf\u00eda se dio naturalmente. Interesado en la cultura, busco transmitir con im\u00e1genes esas cosas que pasan y me fascinan en los espect\u00e1culos que tengo la suerte de cubrir. Se incorpora a cooltivarte en 2016.","sameAs":["https:\/\/www.flickr.com\/photos\/tarumancorrales\/","https:\/\/www.facebook.com\/taruman.corrales","https:\/\/www.instagram.com\/_cooltivarte_\/","https:\/\/www.linkedin.com\/company\/-bolocultural","https:\/\/www.pinterest.com\/cooltivarte","https:\/\/x.com\/https:\/\/x.com\/obolocultural","https:\/\/www.youtube.com\/@PrensaCooltivarte","https:\/\/www.tumblr.com\/blog\/cooltivarte"],"url":"https:\/\/cooltivarte.com\/portal\/author\/taruman-corrales\/"}]}},"_links":{"self":[{"href":"https:\/\/cooltivarte.com\/portal\/wp-json\/wp\/v2\/posts\/39100","targetHints":{"allow":["GET"]}}],"collection":[{"href":"https:\/\/cooltivarte.com\/portal\/wp-json\/wp\/v2\/posts"}],"about":[{"href":"https:\/\/cooltivarte.com\/portal\/wp-json\/wp\/v2\/types\/post"}],"author":[{"embeddable":true,"href":"https:\/\/cooltivarte.com\/portal\/wp-json\/wp\/v2\/users\/84"}],"replies":[{"embeddable":true,"href":"https:\/\/cooltivarte.com\/portal\/wp-json\/wp\/v2\/comments?post=39100"}],"version-history":[{"count":4,"href":"https:\/\/cooltivarte.com\/portal\/wp-json\/wp\/v2\/posts\/39100\/revisions"}],"predecessor-version":[{"id":39132,"href":"https:\/\/cooltivarte.com\/portal\/wp-json\/wp\/v2\/posts\/39100\/revisions\/39132"}],"wp:featuredmedia":[{"embeddable":true,"href":"https:\/\/cooltivarte.com\/portal\/wp-json\/wp\/v2\/media\/39104"}],"wp:attachment":[{"href":"https:\/\/cooltivarte.com\/portal\/wp-json\/wp\/v2\/media?parent=39100"}],"wp:term":[{"taxonomy":"category","embeddable":true,"href":"https:\/\/cooltivarte.com\/portal\/wp-json\/wp\/v2\/categories?post=39100"},{"taxonomy":"post_tag","embeddable":true,"href":"https:\/\/cooltivarte.com\/portal\/wp-json\/wp\/v2\/tags?post=39100"}],"curies":[{"name":"wp","href":"https:\/\/api.w.org\/{rel}","templated":true}]}}