{"id":3904,"date":"2013-09-25T03:44:05","date_gmt":"2013-09-25T03:44:05","guid":{"rendered":"http:\/\/cooltivarte.com\/portal\/?p=3904"},"modified":"2017-04-24T22:09:35","modified_gmt":"2017-04-25T01:09:35","slug":"resplandor-de-la-memoria-entrevista-a-raquel-orzuj","status":"publish","type":"post","link":"https:\/\/cooltivarte.com\/portal\/resplandor-de-la-memoria-entrevista-a-raquel-orzuj\/","title":{"rendered":"Resplandor de la memoria, entrevista a Raquel Orzuj"},"content":{"rendered":"<p style=\"text-align: justify;\"><a href=\"https:\/\/cooltivarte.com\/portal\/?s=Raquel+Orzuj\"><strong>Raquel Orzuj<\/strong><\/a> es una prol\u00edfica artista visual uruguaya. Estudi\u00f3 en la <strong>Escuela Nacional de Bellas Artes<\/strong>, Instituto de Profesores Artigas y<strong> Taller Torres Garc\u00eda<\/strong>. Es pintora, dibujante de humor, caricaturista e historietista. Realiza tambi\u00e9n cr\u00edtica e investigaci\u00f3n de arte y arte de humor.<\/p>\n<p style=\"text-align: justify;\">Su obra est\u00e1 representada en el <strong>Museo de Arte de la OEA en Washington, en el Museo de Arte Moderno de M\u00e9xico; el Museo de la Caricatura de Tolentino, Italia; el Wilhelm Bush Museum, de Hannover, Alemania; el Zemun Caricatura Museum, de Yugoslavia; el Cartoon Art Museum de California de EEUU, entre otros.<\/strong><\/p>\n<p style=\"text-align: justify;\">Cartoon Archiv publica sus caricaturas en Alemania. Su obra est\u00e1 reproducida en publicaciones de Espa\u00f1a, Italia, Inglaterra, Polonia, Bulgaria, Turqu\u00eda, Israel y B\u00e9lgica entre otros.<\/p>\n<p style=\"text-align: justify;\">Invitada por el &#8220;<strong>C\u00edrculo Iberoamericano de Cultura<\/strong>&#8221; integrar\u00e1 del 5 al 29 de noviembre la exposici\u00f3n internacional &#8220;Visiones sin l\u00edmites&#8221; a realizarse en Espa\u00f1a, m\u00e1s precisamente en la galer\u00eda de Arte madrile\u00f1a &#8220;Juca Claret&#8221;.<\/p>\n<p style=\"text-align: justify;\">Hoy desde COOLTIVARTE la volvemos a contactar, para que forme parte de nuestro ciclo Pl\u00e1sticos de esos que ves por ah\u00ed, donde nos cuenta de la actualidad de su carrera y sus motivaciones para seguir creando.<\/p>\n<h2 style=\"text-align: justify;\">\u201cS\u00f3lo intento fluir, con libertad creativa y siempre en un esp\u00edritu renacentista libertario, y auto gestante, donde todo vale\u201d<\/h2>\n<p style=\"text-align: justify;\"><strong>-\u00bfCu\u00e1ndo empezaste en el arte?<\/strong><\/p>\n<p style=\"text-align: justify;\">-\u00a1Desde siempre! provengo de una singular familia de periodistas, que sin duda provocaron mi capacidad creadora con valores y con humor.<\/p>\n<p style=\"text-align: justify;\">As\u00ed en el sobresalto cotidiano, de noticias, amigos e invitados, se gener\u00f3 una interactividad cultural e identitaria.<\/p>\n<p style=\"text-align: justify;\">Amigos de mi padre, como el escritor Onetti, el artista Zoma Baitler, y personalidades del exterior, que visitaban Uruguay, como Golda Meir, y \u00e9l me aproximaba, en su condici\u00f3n de director del diario, &#8220;folksblat&#8221;, encuentros en plena juventud, que me instaron a descubrir siempre con emoci\u00f3n, a la cantante, la poeta, la pintora. O la dibujante de humor (a v\u00eda de ejemplo, varias d\u00e9cadas despu\u00e9s, mi caricatura &#8220;Golda&#8221; fue premio en museo Tolentino &#8211; Italia&#8230;)&#8230;y m\u00e1s!<\/p>\n<p style=\"text-align: justify;\">A los 13 a\u00f1os tuve el privilegio de la Escuela Nacional de Bellas Artes, a los 18 a\u00f1os, el taller Torres Garc\u00eda con Gurvich y Horacio Torres&#8230;. Luego el Instituto de Profesores con Seade, Garc\u00eda Esteban&#8230; naturalmente y sin propon\u00e9rmelo as\u00ed, &#8220;fui creativa desde siempre &#8221; sin esperar nada de nadie, s\u00f3lo de mi misma!<\/p>\n<p style=\"text-align: justify;\">Estas &#8220;estrategias fluyentes&#8221;, psicopedag\u00f3gicas familiares, fueron sin duda el disparador para crear, desde el IPA, mis pioneros talleres experimentales de arte, en la escuela horizonte, en el taller &#8220;la ronda&#8221;, en anepa, etc. Y en el exterior talleres de humor, en la penitenciar\u00eda de mujeres de Madrid y experimentales, en la American University de USA, entre otros.<\/p>\n<p style=\"text-align: justify;\"><strong>-\u00bfQu\u00e9 intentan exteriorizar tus obras?<\/strong><\/p>\n<p style=\"text-align: justify;\">-Tanto en arte como en arte de humor, en los videos, las filmaciones, las poes\u00edas y las canciones s\u00f3lo intento fluir. Con libertad creativa y siempre en un esp\u00edritu renacentista libertario, y auto gestante, donde todo vale!<\/p>\n<p style=\"text-align: justify;\"><strong>-\u00bfCu\u00e1nto hay de pensado y de espont\u00e1neo en tus obras?<\/strong><\/p>\n<p style=\"text-align: justify;\">-En mi, la creatividad responde a un organigrama \u00edntimo, que interact\u00faa entre la pasi\u00f3n y el pensamiento, referentes que generan y provocan mis realizaciones.<\/p>\n<p style=\"text-align: justify;\"><strong>-\u00bfCon qu\u00e9 herramientas, materiales y tem\u00e1ticas trabajas m\u00e1s? \u00bfpor qu\u00e9 eliges los materiales que utilizas para trabajar?<\/strong><\/p>\n<p style=\"text-align: justify;\">-En todas las disciplinas que desarrollo existe un eje tem\u00e1tico com\u00fan que interactiva t\u00e9cnicamente, desde el dibujo, el video, las canciones&#8230; hasta creaciones f\u00edlmicas documentales.<\/p>\n<p style=\"text-align: justify;\">As\u00ed la serie de &#8220;la paz&#8221;, que firmo &#8220;Orzuj&#8221; y que actualmente celebro con tintas en largos pergaminos, expondr\u00e9 el pr\u00f3ximo 5 de noviembre de 2013 en Madrid, invitada por el C\u00edrculo Iberoamericano de Cultura.<\/p>\n<p style=\"text-align: justify;\">Reales &#8220;c\u00f3dices&#8221; o &#8220;manuscritos&#8221;, que inclu\u00ed en el documental &#8220;resplandor de la memoria&#8221; &#8211; vida y obra de Raquel Orzuj &#8211; que me auspiciara la Universidad de Alcal\u00e1.<\/p>\n<p style=\"text-align: justify;\">Tambi\u00e9n la serie de arte de humor &#8220;humorpeace&#8221; que incluye caricaturas, vi\u00f1etas y tiras, que firmo &#8220;Ms. Orzuj&#8221; y de la cual ya cumpl\u00ed 35 a\u00f1os en la arena internacional. Y tambi\u00e9n el CD que grab\u00e9 &#8220;Canciones de humor y paz&#8221;.<\/p>\n<p style=\"text-align: justify;\">Con el tiempo comprend\u00ed que vale tanto aplastar hojas y flores en un papel en una plaza montevideana, con mis hijos, que el l\u00e1piz \u00f3ptico con que trabajo historietas y cartoons.<\/p>\n<p style=\"text-align: justify;\"><strong>-\u00bfCu\u00e1nto hay de independencia en cada obra y cu\u00e1nto de relaci\u00f3n con la anterior y la siguiente?<\/strong><\/p>\n<p style=\"text-align: justify;\">-Al igual que la propia vida, el arte se genera en s\u00ed mismo.<\/p>\n<p style=\"text-align: justify;\"><strong>-\u00bfC\u00f3mo crees que influye o puede incidir el tiempo para con tus creaciones?<\/strong><\/p>\n<p style=\"text-align: justify;\">-En mi influyen m\u00e1s los tiempos hist\u00f3ricos, as\u00ed la dictadura uruguaya origin\u00f3 con su perversidad, y en especial, con el atentado pol\u00edtico a mi hermano y las amenazas vividas, mi serie &#8220;de la paz&#8221; y mi serie internacional de humor gr\u00e1fico, &#8220;humorpeace\u201d.<\/p>\n<p style=\"text-align: justify;\">Sin propon\u00e9rmelo, desde mi &#8220;exilio interior&#8221; pas\u00e9 a ser una superviviente uruguaya, internacional, en arte de humor, con exposiciones y premios, en China, Jap\u00f3n, Rusia, Espa\u00f1a, Corea, Italia, USA y tambi\u00e9n en arte, como la reciente exposici\u00f3n &#8220;exhibition of major pieces from the idb art collection&#8221; en la &#8220;idb cultural center gallery&#8221;, donde vi con emoci\u00f3n que mi obra &#8220;c\u00f3dices americanos&#8221; que obtuviera el premio &#8220;idb finalist winner&#8221; integrara, junto a los maestros Figari y Torres Garc\u00eda, representando al Uruguay, la muestra y el cat\u00e1logo internacional &#8220;art in society: the power of culture&#8221;<\/p>\n<p style=\"text-align: justify;\"><strong>-\u00bfQu\u00e9 te interesa que generen en el espectador?<\/strong><\/p>\n<p style=\"text-align: justify;\">-Mis obras tanto art\u00edsticas, como de humor, generan reflexiones, empat\u00edas. Y a veces&#8230;premios!!!<\/p>\n<p style=\"text-align: justify;\"><strong>\u00a0<\/strong><\/p>\n<p style=\"text-align: justify;\"><strong>-\u00bfCrees que en el arte contempor\u00e1neo todo es v\u00e1lido?<\/strong><\/p>\n<p style=\"text-align: justify;\">-S\u00ed.<\/p>\n<p style=\"text-align: justify;\"><strong>-\u00bfCu\u00e1l es tu opini\u00f3n de la escena uruguaya en cuanto a las artes visuales?<\/strong><\/p>\n<p style=\"text-align: justify;\">-Se debe puntualizar la esencialidad creativa. No la medi\u00e1tica, tambi\u00e9n actualizar y centralizar a nivel estatal, los registros y datos sobre los artistas vivos y fallecidos.<\/p>\n<p style=\"text-align: justify;\"><strong>-\u00bfCu\u00e1l es la relaci\u00f3n del artista con las galer\u00edas y museos?<\/strong><\/p>\n<p style=\"text-align: justify;\">-Comenc\u00e9 a exhibir con el taller Torres Garc\u00eda desde el 57 al 62, luego en galer\u00edas y en museos uruguayos, en estos \u00faltimos por m\u00faltiples premios nacionales y municipales (gran premio nacional el azahar, primer premio municipal de pintura &#8220;Ciudad de Montevideo&#8221;, entre otros). En las galer\u00edas tuve el privilegio de curadores como Enrique G\u00f3mez (galer\u00eda U), Esp\u00ednola G\u00f3mez (Galer\u00eda Latina), Zoma Baitler (Galer\u00eda R\u00edo de la Plata), etc.<\/p>\n<p style=\"text-align: justify;\">Van varias d\u00e9cadas que no expongo en Uruguay, pero s\u00ed en galer\u00edas de Berl\u00edn, Madrid, Washington. Y tambi\u00e9n arte de humor en museos de Alemania, Italia, Espa\u00f1a, B\u00e9lgica, Rusia, China, Corea y p\u00fablico en Europa, Asia, USA.<\/p>\n<p style=\"text-align: justify;\"><strong>-\u00bfQu\u00e9 har\u00edas para mejorar la relaci\u00f3n artista, galer\u00eda de arte \u00ady p\u00fablico?<\/strong><\/p>\n<p style=\"text-align: justify;\">-Jerarquizar el status del artista con leyes que aseguren su vida y su arte.<\/p>\n<p style=\"text-align: justify;\">Vi morir a grandes maestros en la indigencia. Esto promover\u00eda el ordenamiento de las relaciones, culturales y comerciales de los artistas, en &#8220;premortems solidarios y valorativos&#8221;, en vida!!!<\/p>\n<p style=\"text-align: justify;\"><strong>-\u00bfCu\u00e1les son tus referentes art\u00edsticos?<\/strong><\/p>\n<p style=\"text-align: justify;\">-En arte Frida Kahlo con quien tuve el honor de exponer, en el Museo de Arte moderno de M\u00e9xico, acervo muse\u00edstico que integro.<\/p>\n<p style=\"text-align: justify;\">En humor gr\u00e1fico Levine, caricaturista estadounidense, ya fallecido, con quien tuve correspondencia.<\/p>\n<p style=\"text-align: justify;\"><strong>-\u00bfDe qu\u00e9 manera das a conocer tu obra al mundo?<\/strong><\/p>\n<p style=\"text-align: justify;\">-Mi obra se debe defender sola, as\u00ed me lo ense\u00f1aron mis maestros, y as\u00ed est\u00e1 sucediendo.<\/p>\n<p style=\"text-align: justify;\"><strong>-\u00bfCrees que el p\u00fablico uruguayo sabe apreciar y consumir arte?<\/strong><\/p>\n<p style=\"text-align: justify;\">-Para apreciar y consumir arte se debe tener una cultura que acredite esas opciones. Tuve el privilegio de jurados como Jos\u00e9 C\u00faneo, y en mis inicios cr\u00edticas de arte como las de Eduardo Vernazza (El d\u00eda), Mar\u00eda Freire (Acci\u00f3n), Amalia Polleri (El Diario). Actualmente, a\u00fan viviendo en Uruguay, estoy m\u00e1s vinculada al plano internacional del arte a trav\u00e9s de premios, invitaciones, publicaciones, e incluso sorprendentes evaluaciones y tasaciones de mi obra.<\/p>\n<p style=\"text-align: justify;\"><strong>\u00a0<\/strong><\/p>\n<p style=\"text-align: justify;\"><strong>-\u00bfQu\u00e9 opiniones te merece el arte y las redes sociales?<\/strong><\/p>\n<p style=\"text-align: justify;\">-A v\u00eda de ejemplo, como miembro no europeo, de la Federation European cartoonists, o de cartoonists against terrorism-cat, o del international freedom expression- ifex. O como periodista y autora cultural con la sociedad internacional de prensa-sip (a la cual don\u00e9 mi tango canci\u00f3n &#8220;La libertad de ser&#8221;), entre otras instituciones, fundaciones, museos, las redes sociales, aproximan a un ciberespacio, sin tiempo y sin fronteras!<\/p>\n<p style=\"text-align: justify;\"><strong>-\u00bfEn qu\u00e9 proyectos trabajas actualmente?<\/strong><\/p>\n<p style=\"text-align: justify;\">-Luego del documental &#8220;Resplandor de la memoria&#8221; -vida y obra de Raquel Orzuj- auspiciado por la Universidad de Alcal\u00e1 Espa\u00f1a, y del documental celebratorio &#8211; &#8220;ms. Orzuj&#8221; de la Escuela de cine de Uruguay, y tambi\u00e9n del documental de la revista europea &#8220;Nosorog&#8221; donde publico, estoy con el proyecto, de animaciones f\u00edlmicas, de mis personajes de humor.<\/p>\n<p style=\"text-align: justify;\">Tambi\u00e9n, la edici\u00f3n del libro celebratorio &#8220;Humorzuj&#8221;, por el 35\u00ba aniversario como humorista gr\u00e1fica internacional con caricaturas, tiras, y cartoons premiados, publicados o en acervos muse\u00edsticos.<\/p>\n<p style=\"text-align: justify;\">Otro proyecto editorial ser\u00eda el libro &#8220;Resplandor de la memoria&#8221;, vida y obra de Raquel Orzuj, paralelo al documental y que testimoniar\u00eda etapas y vivencias del arte uruguayo desde el siglo pasado. Con fotos, entrevistas, an\u00e9cdotas de una \u00e9poca de oro, bastante silenciada y a veces desconocida para las nuevas generaciones.<\/p>\n<p style=\"text-align: justify;\">Y dos invitaciones de exposiciones internacionales, una en Madrid, invitada por el c\u00edrculo de cultura iberoamericano el 5 de noviembre, y otra en Auschwitz, Polonia, en el d\u00eda mundial de la Sho\u00e1 con el tema &#8220;paz&#8221; para el 2014.<\/p>\n<p style=\"text-align: justify;\">M\u00e1s informaci\u00f3n en:<\/p>\n<p style=\"text-align: justify;\"><a href=\"http:\/\/www.orzuj.com.uy\" target=\"_blank\" rel=\"noopener noreferrer\">www.orzuj.com.uy<\/a><\/p>\n<p style=\"text-align: justify;\">Facebook: <a href=\"https:\/\/www.facebook.com\/ORZUJ?fref=ts\" target=\"_blank\" rel=\"noopener noreferrer\">Raquel Orzuj Litvan<\/a><\/p>\n<p>&nbsp;<\/p>\n<p style=\"text-align: justify;\">[sam id=&#8221;21&#8243; name=&#8221;notas y articulos&#8221; codes=&#8221;true&#8221;]<\/p>\n<p>&nbsp;<\/p>\n","protected":false},"excerpt":{"rendered":"<p>Raquel Orzuj es una prol\u00edfica artista visual uruguaya. Estudi\u00f3 en la Escuela Nacional de Bellas Artes, Instituto de Profesores Artigas y Taller Torres Garc\u00eda. Es pintora, dibujante de humor, caricaturista e historietista. Realiza tambi\u00e9n cr\u00edtica e investigaci\u00f3n de arte y arte de humor. Su obra est\u00e1 representada en el Museo de Arte de la OEA [&hellip;]<\/p>\n","protected":false},"author":8,"featured_media":3906,"comment_status":"closed","ping_status":"closed","sticky":false,"template":"","format":"standard","meta":{"om_disable_all_campaigns":false,"ngg_post_thumbnail":0,"jnews-multi-image_gallery":[],"jnews_single_post":[],"jnews_primary_category":[],"jnews_social_meta":[],"jnews_override_counter":[],"footnotes":""},"categories":[52],"tags":[],"class_list":["post-3904","post","type-post","status-publish","format-standard","has-post-thumbnail","hentry","category-artista"],"yoast_head":"<!-- This site is optimized with the Yoast SEO plugin v27.5 - https:\/\/yoast.com\/product\/yoast-seo-wordpress\/ -->\n<title>Resplandor de la memoria, entrevista a Raquel Orzuj - Cooltivarte Portal<\/title>\n<meta name=\"description\" content=\"COOLTIVARTE.COM es un portal digital colaborativo de actualizaci\u00f3n permanente dedicado a difundir el acontecer art\u00edstico y cultural, entrevista artistas, gestores y productores de las diferentes disciplinas del arte, y publicando art\u00edculos de reflexi\u00f3n de producci\u00f3n propia sobre los elementos culturales.\" \/>\n<meta name=\"robots\" content=\"index, follow, max-snippet:-1, max-image-preview:large, max-video-preview:-1\" \/>\n<link rel=\"canonical\" href=\"https:\/\/cooltivarte.com\/portal\/resplandor-de-la-memoria-entrevista-a-raquel-orzuj\/\" \/>\n<meta property=\"og:locale\" content=\"es_ES\" \/>\n<meta property=\"og:type\" content=\"article\" \/>\n<meta property=\"og:title\" content=\"Resplandor de la memoria, entrevista a Raquel Orzuj - Cooltivarte Portal\" \/>\n<meta property=\"og:description\" content=\"COOLTIVARTE.COM es un portal digital colaborativo de actualizaci\u00f3n permanente dedicado a difundir el acontecer art\u00edstico y cultural, entrevista artistas, gestores y productores de las diferentes disciplinas del arte, y publicando art\u00edculos de reflexi\u00f3n de producci\u00f3n propia sobre los elementos culturales.\" \/>\n<meta property=\"og:url\" content=\"https:\/\/cooltivarte.com\/portal\/resplandor-de-la-memoria-entrevista-a-raquel-orzuj\/\" \/>\n<meta property=\"og:site_name\" content=\"Cooltivarte Portal\" \/>\n<meta property=\"article:publisher\" content=\"https:\/\/www.facebook.com\/cooltivartecom\/\" \/>\n<meta property=\"article:author\" content=\"https:\/\/www.facebook.com\/cooltivartecom\" \/>\n<meta property=\"article:published_time\" content=\"2013-09-25T03:44:05+00:00\" \/>\n<meta property=\"article:modified_time\" content=\"2017-04-25T01:09:35+00:00\" \/>\n<meta property=\"og:image\" content=\"https:\/\/cooltivarte.com\/portal\/wp-content\/uploads\/2013\/09\/Raquel-Orzuj-PINTANDO-MURA-PUNTA-DEL-ESTE.jpg\" \/>\n\t<meta property=\"og:image:width\" content=\"400\" \/>\n\t<meta property=\"og:image:height\" content=\"300\" \/>\n\t<meta property=\"og:image:type\" content=\"image\/jpeg\" \/>\n<meta name=\"author\" content=\"Cooltivarte\" \/>\n<meta name=\"twitter:card\" content=\"summary_large_image\" \/>\n<meta name=\"twitter:creator\" content=\"@https:\/\/x.com\/obolocultural\" \/>\n<meta name=\"twitter:site\" content=\"@obolocultural\" \/>\n<meta name=\"twitter:label1\" content=\"Escrito por\" \/>\n\t<meta name=\"twitter:data1\" content=\"Cooltivarte\" \/>\n\t<meta name=\"twitter:label2\" content=\"Tiempo de lectura\" \/>\n\t<meta name=\"twitter:data2\" content=\"8 minutos\" \/>\n<!-- \/ Yoast SEO plugin. -->","yoast_head_json":{"title":"Resplandor de la memoria, entrevista a Raquel Orzuj - Cooltivarte Portal","description":"COOLTIVARTE.COM es un portal digital colaborativo de actualizaci\u00f3n permanente dedicado a difundir el acontecer art\u00edstico y cultural, entrevista artistas, gestores y productores de las diferentes disciplinas del arte, y publicando art\u00edculos de reflexi\u00f3n de producci\u00f3n propia sobre los elementos culturales.","robots":{"index":"index","follow":"follow","max-snippet":"max-snippet:-1","max-image-preview":"max-image-preview:large","max-video-preview":"max-video-preview:-1"},"canonical":"https:\/\/cooltivarte.com\/portal\/resplandor-de-la-memoria-entrevista-a-raquel-orzuj\/","og_locale":"es_ES","og_type":"article","og_title":"Resplandor de la memoria, entrevista a Raquel Orzuj - Cooltivarte Portal","og_description":"COOLTIVARTE.COM es un portal digital colaborativo de actualizaci\u00f3n permanente dedicado a difundir el acontecer art\u00edstico y cultural, entrevista artistas, gestores y productores de las diferentes disciplinas del arte, y publicando art\u00edculos de reflexi\u00f3n de producci\u00f3n propia sobre los elementos culturales.","og_url":"https:\/\/cooltivarte.com\/portal\/resplandor-de-la-memoria-entrevista-a-raquel-orzuj\/","og_site_name":"Cooltivarte Portal","article_publisher":"https:\/\/www.facebook.com\/cooltivartecom\/","article_author":"https:\/\/www.facebook.com\/cooltivartecom","article_published_time":"2013-09-25T03:44:05+00:00","article_modified_time":"2017-04-25T01:09:35+00:00","og_image":[{"width":400,"height":300,"url":"https:\/\/cooltivarte.com\/portal\/wp-content\/uploads\/2013\/09\/Raquel-Orzuj-PINTANDO-MURA-PUNTA-DEL-ESTE.jpg","type":"image\/jpeg"}],"author":"Cooltivarte","twitter_card":"summary_large_image","twitter_creator":"@https:\/\/x.com\/obolocultural","twitter_site":"@obolocultural","twitter_misc":{"Escrito por":"Cooltivarte","Tiempo de lectura":"8 minutos"},"schema":{"@context":"https:\/\/schema.org","@graph":[{"@type":"NewsArticle","@id":"https:\/\/cooltivarte.com\/portal\/resplandor-de-la-memoria-entrevista-a-raquel-orzuj\/#article","isPartOf":{"@id":"https:\/\/cooltivarte.com\/portal\/resplandor-de-la-memoria-entrevista-a-raquel-orzuj\/"},"author":{"name":"Cooltivarte","@id":"https:\/\/cooltivarte.com\/portal\/#\/schema\/person\/ec2a4f4e71b740d0c559c0ab9a157e19"},"headline":"Resplandor de la memoria, entrevista a Raquel Orzuj","datePublished":"2013-09-25T03:44:05+00:00","dateModified":"2017-04-25T01:09:35+00:00","mainEntityOfPage":{"@id":"https:\/\/cooltivarte.com\/portal\/resplandor-de-la-memoria-entrevista-a-raquel-orzuj\/"},"wordCount":1685,"publisher":{"@id":"https:\/\/cooltivarte.com\/portal\/#organization"},"image":{"@id":"https:\/\/cooltivarte.com\/portal\/resplandor-de-la-memoria-entrevista-a-raquel-orzuj\/#primaryimage"},"thumbnailUrl":"https:\/\/cooltivarte.com\/portal\/wp-content\/uploads\/2013\/09\/Raquel-Orzuj-PINTANDO-MURA-PUNTA-DEL-ESTE.jpg","articleSection":["Arte"],"inLanguage":"es-AR"},{"@type":"WebPage","@id":"https:\/\/cooltivarte.com\/portal\/resplandor-de-la-memoria-entrevista-a-raquel-orzuj\/","url":"https:\/\/cooltivarte.com\/portal\/resplandor-de-la-memoria-entrevista-a-raquel-orzuj\/","name":"Resplandor de la memoria, entrevista a Raquel Orzuj - Cooltivarte Portal","isPartOf":{"@id":"https:\/\/cooltivarte.com\/portal\/#website"},"primaryImageOfPage":{"@id":"https:\/\/cooltivarte.com\/portal\/resplandor-de-la-memoria-entrevista-a-raquel-orzuj\/#primaryimage"},"image":{"@id":"https:\/\/cooltivarte.com\/portal\/resplandor-de-la-memoria-entrevista-a-raquel-orzuj\/#primaryimage"},"thumbnailUrl":"https:\/\/cooltivarte.com\/portal\/wp-content\/uploads\/2013\/09\/Raquel-Orzuj-PINTANDO-MURA-PUNTA-DEL-ESTE.jpg","datePublished":"2013-09-25T03:44:05+00:00","dateModified":"2017-04-25T01:09:35+00:00","description":"COOLTIVARTE.COM es un portal digital colaborativo de actualizaci\u00f3n permanente dedicado a difundir el acontecer art\u00edstico y cultural, entrevista artistas, gestores y productores de las diferentes disciplinas del arte, y publicando art\u00edculos de reflexi\u00f3n de producci\u00f3n propia sobre los elementos culturales.","breadcrumb":{"@id":"https:\/\/cooltivarte.com\/portal\/resplandor-de-la-memoria-entrevista-a-raquel-orzuj\/#breadcrumb"},"inLanguage":"es-AR","potentialAction":[{"@type":"ReadAction","target":["https:\/\/cooltivarte.com\/portal\/resplandor-de-la-memoria-entrevista-a-raquel-orzuj\/"]}]},{"@type":"ImageObject","inLanguage":"es-AR","@id":"https:\/\/cooltivarte.com\/portal\/resplandor-de-la-memoria-entrevista-a-raquel-orzuj\/#primaryimage","url":"https:\/\/cooltivarte.com\/portal\/wp-content\/uploads\/2013\/09\/Raquel-Orzuj-PINTANDO-MURA-PUNTA-DEL-ESTE.jpg","contentUrl":"https:\/\/cooltivarte.com\/portal\/wp-content\/uploads\/2013\/09\/Raquel-Orzuj-PINTANDO-MURA-PUNTA-DEL-ESTE.jpg","width":400,"height":300,"caption":"Raquel Orzuj PINTANDO MURA PUNTA DEL ESTE"},{"@type":"BreadcrumbList","@id":"https:\/\/cooltivarte.com\/portal\/resplandor-de-la-memoria-entrevista-a-raquel-orzuj\/#breadcrumb","itemListElement":[{"@type":"ListItem","position":1,"name":"Portada","item":"https:\/\/cooltivarte.com\/portal\/"},{"@type":"ListItem","position":2,"name":"Resplandor de la memoria, entrevista a Raquel Orzuj"}]},{"@type":"WebSite","@id":"https:\/\/cooltivarte.com\/portal\/#website","url":"https:\/\/cooltivarte.com\/portal\/","name":"Cooltivarte Portal","description":"Arte, cultura y turismo para el mundo ...","publisher":{"@id":"https:\/\/cooltivarte.com\/portal\/#organization"},"potentialAction":[{"@type":"SearchAction","target":{"@type":"EntryPoint","urlTemplate":"https:\/\/cooltivarte.com\/portal\/?s={search_term_string}"},"query-input":{"@type":"PropertyValueSpecification","valueRequired":true,"valueName":"search_term_string"}}],"inLanguage":"es-AR"},{"@type":"Organization","@id":"https:\/\/cooltivarte.com\/portal\/#organization","name":"cooltivarte","url":"https:\/\/cooltivarte.com\/portal\/","logo":{"@type":"ImageObject","inLanguage":"es-AR","@id":"https:\/\/cooltivarte.com\/portal\/#\/schema\/logo\/image\/","url":"https:\/\/cooltivarte.com\/portal\/wp-content\/uploads\/2020\/04\/logo-cooltivarte-v2.png","contentUrl":"https:\/\/cooltivarte.com\/portal\/wp-content\/uploads\/2020\/04\/logo-cooltivarte-v2.png","width":851,"height":243,"caption":"cooltivarte"},"image":{"@id":"https:\/\/cooltivarte.com\/portal\/#\/schema\/logo\/image\/"},"sameAs":["https:\/\/www.facebook.com\/cooltivartecom\/","https:\/\/x.com\/obolocultural","https:\/\/www.instagram.com\/_cooltivarte_\/","https:\/\/www.linkedin.com\/company\/-bolocultural?reportsuccess=8zaNG1HwhPbAR9iQhZ5rfGeqz_vQFftHun0ZWU0Wy9vNemRJ8vtcKdJvzQfW8XagyOJSKg0XvfJ1dp","https:\/\/www.pinterest.com\/cooltivarte\/","https:\/\/cooltivarte.tumblr.com\/","https:\/\/www.tiktok.com\/@cooltivarte","https:\/\/www.youtube.com\/@PrensaCooltivarte"]},{"@type":"Person","@id":"https:\/\/cooltivarte.com\/portal\/#\/schema\/person\/ec2a4f4e71b740d0c559c0ab9a157e19","name":"Cooltivarte","image":{"@type":"ImageObject","inLanguage":"es-AR","@id":"https:\/\/cooltivarte.com\/portal\/wp-content\/uploads\/2014\/05\/logo-cooltivarte-120x120.jpg","url":"https:\/\/cooltivarte.com\/portal\/wp-content\/uploads\/2014\/05\/logo-cooltivarte-120x120.jpg","contentUrl":"https:\/\/cooltivarte.com\/portal\/wp-content\/uploads\/2014\/05\/logo-cooltivarte-120x120.jpg","caption":"Cooltivarte"},"description":"Somos COOLTIVARTE.COM. Un portal digital dedicado a difundir el acontecer art\u00edstico y cultural del Uruguay. Estamos en la vuelta desde el a\u00f1o 2003, y como evoluci\u00f3n del bolet\u00edn Obolo Cultural, nos encontramos abocados a apoyar a los artistas nacionales brind\u00e1ndoles un espacio de difusi\u00f3n. Creemos en la idea de utilizar la potencialidad que hoy d\u00eda nos otorga la web, para que la cultura uruguaya y sus creadores dispongan de una din\u00e1mica ventana, que los ponga en contacto entre s\u00ed y con el mundo. Somos COOLTIVARTE.COM y pretendemos configurarnos como un portal din\u00e1mico, entretenido y atento a los nuevos emprendimientos, que busque siempre la interacci\u00f3n con los artistas.","sameAs":["http:\/\/www.cooltivarte.com","https:\/\/www.facebook.com\/cooltivartecom","https:\/\/www.instagram.com\/_cooltivarte_\/","https:\/\/www.linkedin.com\/company\/-bolocultural","https:\/\/www.pinterest.com\/cooltivarte\/","https:\/\/x.com\/https:\/\/x.com\/obolocultural","https:\/\/www.youtube.com\/@PrensaCooltivarte","https:\/\/www.tumblr.com\/blog\/cooltivarte"],"url":"https:\/\/cooltivarte.com\/portal\/author\/cooltivarte\/"}]}},"_links":{"self":[{"href":"https:\/\/cooltivarte.com\/portal\/wp-json\/wp\/v2\/posts\/3904","targetHints":{"allow":["GET"]}}],"collection":[{"href":"https:\/\/cooltivarte.com\/portal\/wp-json\/wp\/v2\/posts"}],"about":[{"href":"https:\/\/cooltivarte.com\/portal\/wp-json\/wp\/v2\/types\/post"}],"author":[{"embeddable":true,"href":"https:\/\/cooltivarte.com\/portal\/wp-json\/wp\/v2\/users\/8"}],"replies":[{"embeddable":true,"href":"https:\/\/cooltivarte.com\/portal\/wp-json\/wp\/v2\/comments?post=3904"}],"version-history":[{"count":5,"href":"https:\/\/cooltivarte.com\/portal\/wp-json\/wp\/v2\/posts\/3904\/revisions"}],"predecessor-version":[{"id":28468,"href":"https:\/\/cooltivarte.com\/portal\/wp-json\/wp\/v2\/posts\/3904\/revisions\/28468"}],"wp:featuredmedia":[{"embeddable":true,"href":"https:\/\/cooltivarte.com\/portal\/wp-json\/wp\/v2\/media\/3906"}],"wp:attachment":[{"href":"https:\/\/cooltivarte.com\/portal\/wp-json\/wp\/v2\/media?parent=3904"}],"wp:term":[{"taxonomy":"category","embeddable":true,"href":"https:\/\/cooltivarte.com\/portal\/wp-json\/wp\/v2\/categories?post=3904"},{"taxonomy":"post_tag","embeddable":true,"href":"https:\/\/cooltivarte.com\/portal\/wp-json\/wp\/v2\/tags?post=3904"}],"curies":[{"name":"wp","href":"https:\/\/api.w.org\/{rel}","templated":true}]}}