{"id":38778,"date":"2018-03-31T23:37:09","date_gmt":"2018-04-01T02:37:09","guid":{"rendered":"http:\/\/cooltivarte.com\/portal\/?p=38778"},"modified":"2021-06-24T11:23:48","modified_gmt":"2021-06-24T14:23:48","slug":"nueva-helvecia-se-viste-de-arte","status":"publish","type":"post","link":"https:\/\/cooltivarte.com\/portal\/nueva-helvecia-se-viste-de-arte\/","title":{"rendered":"Nueva Helvecia se viste de ARTE"},"content":{"rendered":"<p>El lunes 26 de Marzo fue inaugurado el evento en <strong>Plaza de los Fundadores de Nueva Helvecia <\/strong>el&nbsp;<strong>Primer Simposio internacional de esculturas<\/strong>. Con la participaci\u00f3n de artistas de Argentina, Brasil, Bolivia y Uruguay.<\/p>\n<p>Coordinan el evento <strong>Sergio Olivera<\/strong> Escultor y <strong>Susy Fontes<\/strong>, organiza el Municipio de Nueva Helvecia.<\/p>\n<p>&nbsp;<\/p>\n<p>Actividades de la semana:<\/p>\n<p>Martes 27 &#8211; 17hs. <strong>Muestra de Tango <\/strong><\/p>\n<p>Mi\u00e9rcoles 28 &#8211; 19hs. en el <strong>sal\u00f3n Autino<\/strong> &#8211; <strong>Charla sobre la Mujer en el Arte por Anahi Villarruel <\/strong><\/p>\n<p>Viernes 30 &#8211; 19hs. en <strong>sal\u00f3n Autino<\/strong> &#8211; <strong>Charla sobre arte abstracto por la docente Ana Maria Barreto<\/strong><\/p>\n<p>Evaluaci\u00f3n del evento &#8211; durante toda la semana se podr\u00e1n ver a los artistas trabajando en sus obras<\/p>\n<p>&nbsp;<\/p>\n<p>&nbsp;<\/p>\n<p>&nbsp;<\/p>\n<h3><a href=\"https:\/\/www.facebook.com\/media\/set\/?vanity=cooltivartecom&amp;set=a.1654685114578395\" target=\"_blank\" rel=\"noopener\">Ir a la fotogaler\u00eda<\/a><\/h3>\n<p><iframe style=\"border: none; overflow: hidden;\" src=\"https:\/\/www.facebook.com\/plugins\/post.php?href=https%3A%2F%2Fwww.facebook.com%2Fmedia%2Fset%2F%3Fset%3Da.1654685114578395%26type%3D3&amp;width=100%\" width=\"100%\" height=\"669\" frameborder=\"0\" scrolling=\"no\"><\/iframe> &nbsp; &nbsp;<\/p>\n<p>&nbsp;<\/p>\n<p>&nbsp;<\/p>\n","protected":false},"excerpt":{"rendered":"<p>El lunes 26 de Marzo fue inaugurado el evento en Plaza de los Fundadores de Nueva Helvecia el&nbsp;Primer Simposio internacional de esculturas. Con la participaci\u00f3n de artistas de Argentina, Brasil, Bolivia y Uruguay. Coordinan el evento Sergio Olivera Escultor y Susy Fontes, organiza el Municipio de Nueva Helvecia. &nbsp; Actividades de la semana: Martes 27 [&hellip;]<\/p>\n","protected":false},"author":23,"featured_media":38780,"comment_status":"closed","ping_status":"closed","sticky":false,"template":"","format":"standard","meta":{"om_disable_all_campaigns":false,"ngg_post_thumbnail":0,"jnews-multi-image_gallery":[],"jnews_single_post":[],"jnews_primary_category":[],"jnews_social_meta":[],"jnews_override_counter":[],"footnotes":""},"categories":[4573],"tags":[1969,6061,6060],"class_list":["post-38778","post","type-post","status-publish","format-standard","has-post-thumbnail","hentry","category-cobertura-sensible","tag-nueva-helvecia","tag-plaza-de-los-fundadores","tag-simposio-internacional-de-esculturas"],"yoast_head":"<!-- This site is optimized with the Yoast SEO plugin v27.5 - https:\/\/yoast.com\/product\/yoast-seo-wordpress\/ -->\n<title>Nueva Helvecia se viste de ARTE - Cooltivarte Portal<\/title>\n<meta name=\"description\" content=\"COOLTIVARTE.COM es un portal digital colaborativo de actualizaci\u00f3n permanente dedicado a difundir el acontecer art\u00edstico y cultural, entrevista artistas, gestores y productores de las diferentes disciplinas del arte, y publicando art\u00edculos de reflexi\u00f3n de producci\u00f3n propia sobre los elementos culturales.\" \/>\n<meta name=\"robots\" content=\"index, follow, max-snippet:-1, max-image-preview:large, max-video-preview:-1\" \/>\n<link rel=\"canonical\" href=\"https:\/\/cooltivarte.com\/portal\/nueva-helvecia-se-viste-de-arte\/\" \/>\n<meta property=\"og:locale\" content=\"es_ES\" \/>\n<meta property=\"og:type\" content=\"article\" \/>\n<meta property=\"og:title\" content=\"Nueva Helvecia se viste de ARTE - Cooltivarte Portal\" \/>\n<meta property=\"og:description\" content=\"COOLTIVARTE.COM es un portal digital colaborativo de actualizaci\u00f3n permanente dedicado a difundir el acontecer art\u00edstico y cultural, entrevista artistas, gestores y productores de las diferentes disciplinas del arte, y publicando art\u00edculos de reflexi\u00f3n de producci\u00f3n propia sobre los elementos culturales.\" \/>\n<meta property=\"og:url\" content=\"https:\/\/cooltivarte.com\/portal\/nueva-helvecia-se-viste-de-arte\/\" \/>\n<meta property=\"og:site_name\" content=\"Cooltivarte Portal\" \/>\n<meta property=\"article:publisher\" content=\"https:\/\/www.facebook.com\/cooltivartecom\/\" \/>\n<meta property=\"article:author\" content=\"https:\/\/www.facebook.com\/pages\/Daniela-hernandez-fotografa\/382345485185187?ref=ts&amp;fref=ts\" \/>\n<meta property=\"article:published_time\" content=\"2018-04-01T02:37:09+00:00\" \/>\n<meta property=\"article:modified_time\" content=\"2021-06-24T14:23:48+00:00\" \/>\n<meta property=\"og:image\" content=\"https:\/\/cooltivarte.com\/portal\/wp-content\/uploads\/2018\/03\/Primer-Simposio-internacional-de-esculturas-Plaza-de-los-Fundadores-de-Nueva-Helvecia-Marzo-2018-Foto-Daniela-Hernandez-.jpg\" \/>\n\t<meta property=\"og:image:width\" content=\"1024\" \/>\n\t<meta property=\"og:image:height\" content=\"684\" \/>\n\t<meta property=\"og:image:type\" content=\"image\/jpeg\" \/>\n<meta name=\"author\" content=\"Daniela Hern\u00e1ndez\" \/>\n<meta name=\"twitter:card\" content=\"summary_large_image\" \/>\n<meta name=\"twitter:creator\" content=\"@https:\/\/x.com\/danifotos_uy\" \/>\n<meta name=\"twitter:site\" content=\"@obolocultural\" \/>\n<meta name=\"twitter:label1\" content=\"Escrito por\" \/>\n\t<meta name=\"twitter:data1\" content=\"Daniela Hern\u00e1ndez\" \/>\n\t<meta name=\"twitter:label2\" content=\"Tiempo de lectura\" \/>\n\t<meta name=\"twitter:data2\" content=\"1 minuto\" \/>\n<!-- \/ Yoast SEO plugin. -->","yoast_head_json":{"title":"Nueva Helvecia se viste de ARTE - Cooltivarte Portal","description":"COOLTIVARTE.COM es un portal digital colaborativo de actualizaci\u00f3n permanente dedicado a difundir el acontecer art\u00edstico y cultural, entrevista artistas, gestores y productores de las diferentes disciplinas del arte, y publicando art\u00edculos de reflexi\u00f3n de producci\u00f3n propia sobre los elementos culturales.","robots":{"index":"index","follow":"follow","max-snippet":"max-snippet:-1","max-image-preview":"max-image-preview:large","max-video-preview":"max-video-preview:-1"},"canonical":"https:\/\/cooltivarte.com\/portal\/nueva-helvecia-se-viste-de-arte\/","og_locale":"es_ES","og_type":"article","og_title":"Nueva Helvecia se viste de ARTE - Cooltivarte Portal","og_description":"COOLTIVARTE.COM es un portal digital colaborativo de actualizaci\u00f3n permanente dedicado a difundir el acontecer art\u00edstico y cultural, entrevista artistas, gestores y productores de las diferentes disciplinas del arte, y publicando art\u00edculos de reflexi\u00f3n de producci\u00f3n propia sobre los elementos culturales.","og_url":"https:\/\/cooltivarte.com\/portal\/nueva-helvecia-se-viste-de-arte\/","og_site_name":"Cooltivarte Portal","article_publisher":"https:\/\/www.facebook.com\/cooltivartecom\/","article_author":"https:\/\/www.facebook.com\/pages\/Daniela-hernandez-fotografa\/382345485185187?ref=ts&fref=ts","article_published_time":"2018-04-01T02:37:09+00:00","article_modified_time":"2021-06-24T14:23:48+00:00","og_image":[{"width":1024,"height":684,"url":"https:\/\/cooltivarte.com\/portal\/wp-content\/uploads\/2018\/03\/Primer-Simposio-internacional-de-esculturas-Plaza-de-los-Fundadores-de-Nueva-Helvecia-Marzo-2018-Foto-Daniela-Hernandez-.jpg","type":"image\/jpeg"}],"author":"Daniela Hern\u00e1ndez","twitter_card":"summary_large_image","twitter_creator":"@https:\/\/x.com\/danifotos_uy","twitter_site":"@obolocultural","twitter_misc":{"Escrito por":"Daniela Hern\u00e1ndez","Tiempo de lectura":"1 minuto"},"schema":{"@context":"https:\/\/schema.org","@graph":[{"@type":"NewsArticle","@id":"https:\/\/cooltivarte.com\/portal\/nueva-helvecia-se-viste-de-arte\/#article","isPartOf":{"@id":"https:\/\/cooltivarte.com\/portal\/nueva-helvecia-se-viste-de-arte\/"},"author":{"name":"Daniela Hern\u00e1ndez","@id":"https:\/\/cooltivarte.com\/portal\/#\/schema\/person\/544dfbbcbfdfa590038f6409238c06a4"},"headline":"Nueva Helvecia se viste de ARTE","datePublished":"2018-04-01T02:37:09+00:00","dateModified":"2021-06-24T14:23:48+00:00","mainEntityOfPage":{"@id":"https:\/\/cooltivarte.com\/portal\/nueva-helvecia-se-viste-de-arte\/"},"wordCount":137,"publisher":{"@id":"https:\/\/cooltivarte.com\/portal\/#organization"},"image":{"@id":"https:\/\/cooltivarte.com\/portal\/nueva-helvecia-se-viste-de-arte\/#primaryimage"},"thumbnailUrl":"https:\/\/cooltivarte.com\/portal\/wp-content\/uploads\/2018\/03\/Primer-Simposio-internacional-de-esculturas-Plaza-de-los-Fundadores-de-Nueva-Helvecia-Marzo-2018-Foto-Daniela-Hernandez-.jpg","keywords":["Nueva Helvecia","Plaza de los Fundadores","Simposio internacional de esculturas"],"articleSection":["Muestra Sensible"],"inLanguage":"es-AR"},{"@type":"WebPage","@id":"https:\/\/cooltivarte.com\/portal\/nueva-helvecia-se-viste-de-arte\/","url":"https:\/\/cooltivarte.com\/portal\/nueva-helvecia-se-viste-de-arte\/","name":"Nueva Helvecia se viste de ARTE - Cooltivarte Portal","isPartOf":{"@id":"https:\/\/cooltivarte.com\/portal\/#website"},"primaryImageOfPage":{"@id":"https:\/\/cooltivarte.com\/portal\/nueva-helvecia-se-viste-de-arte\/#primaryimage"},"image":{"@id":"https:\/\/cooltivarte.com\/portal\/nueva-helvecia-se-viste-de-arte\/#primaryimage"},"thumbnailUrl":"https:\/\/cooltivarte.com\/portal\/wp-content\/uploads\/2018\/03\/Primer-Simposio-internacional-de-esculturas-Plaza-de-los-Fundadores-de-Nueva-Helvecia-Marzo-2018-Foto-Daniela-Hernandez-.jpg","datePublished":"2018-04-01T02:37:09+00:00","dateModified":"2021-06-24T14:23:48+00:00","description":"COOLTIVARTE.COM es un portal digital colaborativo de actualizaci\u00f3n permanente dedicado a difundir el acontecer art\u00edstico y cultural, entrevista artistas, gestores y productores de las diferentes disciplinas del arte, y publicando art\u00edculos de reflexi\u00f3n de producci\u00f3n propia sobre los elementos culturales.","breadcrumb":{"@id":"https:\/\/cooltivarte.com\/portal\/nueva-helvecia-se-viste-de-arte\/#breadcrumb"},"inLanguage":"es-AR","potentialAction":[{"@type":"ReadAction","target":["https:\/\/cooltivarte.com\/portal\/nueva-helvecia-se-viste-de-arte\/"]}]},{"@type":"ImageObject","inLanguage":"es-AR","@id":"https:\/\/cooltivarte.com\/portal\/nueva-helvecia-se-viste-de-arte\/#primaryimage","url":"https:\/\/cooltivarte.com\/portal\/wp-content\/uploads\/2018\/03\/Primer-Simposio-internacional-de-esculturas-Plaza-de-los-Fundadores-de-Nueva-Helvecia-Marzo-2018-Foto-Daniela-Hernandez-.jpg","contentUrl":"https:\/\/cooltivarte.com\/portal\/wp-content\/uploads\/2018\/03\/Primer-Simposio-internacional-de-esculturas-Plaza-de-los-Fundadores-de-Nueva-Helvecia-Marzo-2018-Foto-Daniela-Hernandez-.jpg","width":1024,"height":684,"caption":"Primer Simposio internacional de esculturas. - Plaza de los Fundadores de Nueva Helvecia - Marzo 2018 - Foto \u00a9 Daniela Hernandez\u200b www.cooltivarte.com --"},{"@type":"BreadcrumbList","@id":"https:\/\/cooltivarte.com\/portal\/nueva-helvecia-se-viste-de-arte\/#breadcrumb","itemListElement":[{"@type":"ListItem","position":1,"name":"Portada","item":"https:\/\/cooltivarte.com\/portal\/"},{"@type":"ListItem","position":2,"name":"Nueva Helvecia se viste de ARTE"}]},{"@type":"WebSite","@id":"https:\/\/cooltivarte.com\/portal\/#website","url":"https:\/\/cooltivarte.com\/portal\/","name":"Cooltivarte Portal","description":"Arte, cultura y turismo para el mundo ...","publisher":{"@id":"https:\/\/cooltivarte.com\/portal\/#organization"},"potentialAction":[{"@type":"SearchAction","target":{"@type":"EntryPoint","urlTemplate":"https:\/\/cooltivarte.com\/portal\/?s={search_term_string}"},"query-input":{"@type":"PropertyValueSpecification","valueRequired":true,"valueName":"search_term_string"}}],"inLanguage":"es-AR"},{"@type":"Organization","@id":"https:\/\/cooltivarte.com\/portal\/#organization","name":"cooltivarte","url":"https:\/\/cooltivarte.com\/portal\/","logo":{"@type":"ImageObject","inLanguage":"es-AR","@id":"https:\/\/cooltivarte.com\/portal\/#\/schema\/logo\/image\/","url":"https:\/\/cooltivarte.com\/portal\/wp-content\/uploads\/2020\/04\/logo-cooltivarte-v2.png","contentUrl":"https:\/\/cooltivarte.com\/portal\/wp-content\/uploads\/2020\/04\/logo-cooltivarte-v2.png","width":851,"height":243,"caption":"cooltivarte"},"image":{"@id":"https:\/\/cooltivarte.com\/portal\/#\/schema\/logo\/image\/"},"sameAs":["https:\/\/www.facebook.com\/cooltivartecom\/","https:\/\/x.com\/obolocultural","https:\/\/www.instagram.com\/_cooltivarte_\/","https:\/\/www.linkedin.com\/company\/-bolocultural?reportsuccess=8zaNG1HwhPbAR9iQhZ5rfGeqz_vQFftHun0ZWU0Wy9vNemRJ8vtcKdJvzQfW8XagyOJSKg0XvfJ1dp","https:\/\/www.pinterest.com\/cooltivarte\/","https:\/\/cooltivarte.tumblr.com\/","https:\/\/www.tiktok.com\/@cooltivarte","https:\/\/www.youtube.com\/@PrensaCooltivarte"]},{"@type":"Person","@id":"https:\/\/cooltivarte.com\/portal\/#\/schema\/person\/544dfbbcbfdfa590038f6409238c06a4","name":"Daniela Hern\u00e1ndez","image":{"@type":"ImageObject","inLanguage":"es-AR","@id":"https:\/\/cooltivarte.com\/portal\/wp-content\/uploads\/2022\/01\/WhatsApp-Image-2022-01-29-at-12.17.39-120x120.jpeg","url":"https:\/\/cooltivarte.com\/portal\/wp-content\/uploads\/2022\/01\/WhatsApp-Image-2022-01-29-at-12.17.39-120x120.jpeg","contentUrl":"https:\/\/cooltivarte.com\/portal\/wp-content\/uploads\/2022\/01\/WhatsApp-Image-2022-01-29-at-12.17.39-120x120.jpeg","caption":"Daniela Hern\u00e1ndez"},"description":"Naci\u00f3 en Rosario (Colonia) el 29 de mayo de 1985. Estudi\u00f3 licenciatura de Ciencias de la Comunicaci\u00f3n en LICCOM ; particip\u00f3 de talleres de periodismo, producci\u00f3n televisiva y artes esc\u00e9nicas. En el a\u00f1o 2010 se traslada a Madrid en donde comienza con la fotograf\u00eda. Retornando al pa\u00eds en el 2013, estudia Fotoperiodismo a cargo del fot\u00f3grafo Armando Sartorotti. Comienza a hacer fotograf\u00eda de una manera distinta, intentando contar historias. Consigue con sus fotograf\u00edas publicaciones en el diario El Observador, y realiza un trabajo con la banda La Saga por sus 10 a\u00f1os, el cual es presentado en Fonam, y aprobado para la edici\u00f3n de un cancionero con fotos de la trayectoria de la banda durante el 2013. Interesada principalmente en la fotograf\u00eda de conciertos, tambi\u00e9n realiza fotograf\u00eda paisajista, books, fotoreportajes y fotograf\u00eda corporativa. \u201cCon la fotograf\u00eda intento expresar o transmitir sentimientos, contar historias por medio de momentos claves\u201d.","sameAs":["http:\/\/danielahernandezfotografia.com.uy","https:\/\/www.facebook.com\/pages\/Daniela-hernandez-fotografa\/382345485185187?ref=ts&fref=ts","https:\/\/www.instagram.com\/dani_fotografa_uy\/","https:\/\/www.linkedin.com\/company\/-bolocultural","https:\/\/www.pinterest.com\/cooltivarte","https:\/\/x.com\/https:\/\/x.com\/danifotos_uy","https:\/\/www.youtube.com\/@PrensaCooltivarte","https:\/\/www.tumblr.com\/blog\/cooltivarte"],"url":"https:\/\/cooltivarte.com\/portal\/author\/dhernandez\/"}]}},"_links":{"self":[{"href":"https:\/\/cooltivarte.com\/portal\/wp-json\/wp\/v2\/posts\/38778","targetHints":{"allow":["GET"]}}],"collection":[{"href":"https:\/\/cooltivarte.com\/portal\/wp-json\/wp\/v2\/posts"}],"about":[{"href":"https:\/\/cooltivarte.com\/portal\/wp-json\/wp\/v2\/types\/post"}],"author":[{"embeddable":true,"href":"https:\/\/cooltivarte.com\/portal\/wp-json\/wp\/v2\/users\/23"}],"replies":[{"embeddable":true,"href":"https:\/\/cooltivarte.com\/portal\/wp-json\/wp\/v2\/comments?post=38778"}],"version-history":[{"count":3,"href":"https:\/\/cooltivarte.com\/portal\/wp-json\/wp\/v2\/posts\/38778\/revisions"}],"predecessor-version":[{"id":70316,"href":"https:\/\/cooltivarte.com\/portal\/wp-json\/wp\/v2\/posts\/38778\/revisions\/70316"}],"wp:featuredmedia":[{"embeddable":true,"href":"https:\/\/cooltivarte.com\/portal\/wp-json\/wp\/v2\/media\/38780"}],"wp:attachment":[{"href":"https:\/\/cooltivarte.com\/portal\/wp-json\/wp\/v2\/media?parent=38778"}],"wp:term":[{"taxonomy":"category","embeddable":true,"href":"https:\/\/cooltivarte.com\/portal\/wp-json\/wp\/v2\/categories?post=38778"},{"taxonomy":"post_tag","embeddable":true,"href":"https:\/\/cooltivarte.com\/portal\/wp-json\/wp\/v2\/tags?post=38778"}],"curies":[{"name":"wp","href":"https:\/\/api.w.org\/{rel}","templated":true}]}}