{"id":38435,"date":"2018-03-10T15:23:49","date_gmt":"2018-03-10T18:23:49","guid":{"rendered":"http:\/\/cooltivarte.com\/portal\/?p=38435"},"modified":"2018-03-10T15:54:53","modified_gmt":"2018-03-10T18:54:53","slug":"orquesta-sinfonica-del-sodre-van-beethoven","status":"publish","type":"post","link":"https:\/\/cooltivarte.com\/portal\/orquesta-sinfonica-del-sodre-van-beethoven\/","title":{"rendered":"Orquesta Sinf\u00f3nica del Sodre &#8211; Van Beethoven"},"content":{"rendered":"<p>El domingo 4 de marzo la <a href=\"https:\/\/cooltivarte.com\/portal\/?s=Orquesta+Sinf%C3%B3nica+del+Sodre\"><strong>Orquesta Sinf\u00f3nica del Sodre<\/strong><\/a> realiz\u00f3 su primer concierto en el interior del pa\u00eds de la Temporada 2018.<\/p>\n<p>Fu\u00e9 en la <strong>Parroquia San Isidro de Las Piedras<\/strong>. El espect\u00e1culo dedicado a la obra de Beethoven, contar\u00e1 con la direcci\u00f3n de <strong>Diego Naser<\/strong> (director de la Ossodre) y la participaci\u00f3n del destacado violinista italiano <strong>Emmanuele Baldini<\/strong>.<\/p>\n<p>Director <strong>Diego Naser<\/strong> &#8211; Orchestra Conductor<br \/>\nSolista <strong>Emmanuele Baldini<\/strong><\/p>\n<p>PROGRAMA<br \/>\n<strong>Beethoven &#8211; concierto para viol\u00edn<\/strong><br \/>\n<strong>Beethoven &#8211; sinfon\u00eda N\u00ba 1<\/strong><\/p>\n<p>&#8212;&#8212;&#8211;<\/p>\n<p><strong>EMMANUELE BALDINI<\/strong><br \/>\nNace en Trieste, Italia, rodeado de m\u00fasica; su padre, Lorenzo Baldini, un importante pianista y pedagogo Italiano. Su madre, Eletta Baldini, profesora de teor\u00eda musical y solfeo en el conservarorio local adem\u00e1s de prominente pianista. Tras estudios en su ciudad natal con Bruno Polli, Baldini contin\u00faa su entrenamiento violin\u00edstico en Ginebra con Corrado Romano, en Salzburgo y Berl\u00edn con Ruggiero Ricci y recientemente estudia direcci\u00f3n orquestal con Isaac Karabtchevsky y Frank Shipway.<\/p>\n<p>Desde temprana edad, Baldini se adjudic\u00f3 premios en numerosos concursos internacionales, incluyendo el &#8220;<em>Premier Prix de Virtuosit\u00e9 avec distinction<\/em>&#8221; en Ginebra, el &#8220;<em>Forum Junger K\u00fcnstler<\/em>&#8221; en Viena y en otros numerosos concursos de solista y m\u00fasica de c\u00e1mara.<\/p>\n<p>Baldini se ha presentado como solista y en recitales al rededor del globo, con cinco giras de concierto a Jap\u00f3n, dos a Estados Unidos y una a Australia. Ha interpretado en las m\u00e1s importantes salas de concierto europeas, adem\u00e1s de Am\u00e9rica Latina y especialmente Brasil, donde reside desde el a\u00f1o 2005.<\/p>\n<p>Su inagotable curiosidad y pasi\u00f3n por la m\u00fasica ha ampliado sus horizontes, y tras una meritoria carrera como violinista (con m\u00e1s de 15 grabaciones a su haber y cerca de 40 conciertos para viol\u00edn y todas las m\u00e1s importantes sonatas en sus repertorio) Baldini se ha embarcado en nuevas aventuras musicales como director de orquesta, ha fundado el Cuarteto OSESP (junto a los jefes de fila de la orquesta donde \u00e9l es concertino), ha intensificado sus labores de ense\u00f1anza y comenzado a explorar los vastos tesoros musicales del repertorio de Brasil, mucho del cual, desafortunadamente, sigue siendo poco conocido.<\/p>\n<p>Las colaboraciones musicales que ha realizado Baldini incluyen algunas con numerosos artistas de renombre internacional, tales como Maria-Jo\u00e3o Pires, Jean-Philippe Collard, Antonio Meneses, F\u00e1bio Zanon, Caio Pagano, Jean-Efflam Bavouzet, Ricardo Castro, Nicholas Angelich, entre otros. El recordado Maestro Claudio Abbado escribi\u00f3 sobre Baldini, en una carta a Harold Holt en Londres : &#8220;Estoy impresionado tanto por su profunda musicalidad como por su nivel t\u00e9cnico&#8221;<\/p>\n<p>Ha sido concertino de la Orquesta del Teatro Comunale di Bologna, Orquesta del Teatro alla Scala de Mil\u00e1n, Orquesta del Teatro &#8220;<em>Giuseppe Verdi<\/em>&#8221; de Trieste, y desde el 2005 es concertino de la Orquesta Sinf\u00f3nica del Estado de Sao Paulo (OSESP) en Brasil. Tambi\u00e9n ha participado como concertino invitado con la Orquesta Sinf\u00f3nica de Galicia, en Espa\u00f1a. Como director de orquesta, Baldini se ha presentado en el Teatro Colon de Buenos Aires, Teatro del Sodre de Montevideo y apariciones junto a las principales orquestas de Latino Am\u00e9rica . Ya en 2017, asume la Direcci\u00f3n Musical de la Orquesta de C\u00e1mara de Valdivia, en Chile, comenzando as\u00ed un nuevo cap\u00edtulo en su multifac\u00e9tica carrera.<\/p>\n<p>Fuente texto: <a href=\"https:\/\/www.facebook.com\/events\/173795409908091\/\" target=\"_blank\" rel=\"noopener\">Evento<\/a><\/p>\n<p>&nbsp;<\/p>\n<p>[justified_image_grid facebook_id=163210523725869 facebook_album=1632781040102136]<\/p>\n<p>&nbsp;<\/p>\n<p>&nbsp;<\/p>\n<p>&nbsp;<\/p>\n","protected":false},"excerpt":{"rendered":"<p>El domingo 4 de marzo la Orquesta Sinf\u00f3nica del Sodre realiz\u00f3 su primer concierto en el interior del pa\u00eds de la Temporada 2018. Fu\u00e9 en la Parroquia San Isidro de Las Piedras. El espect\u00e1culo dedicado a la obra de Beethoven, contar\u00e1 con la direcci\u00f3n de Diego Naser (director de la Ossodre) y la participaci\u00f3n del [&hellip;]<\/p>\n","protected":false},"author":110,"featured_media":38438,"comment_status":"closed","ping_status":"closed","sticky":false,"template":"","format":"standard","meta":{"om_disable_all_campaigns":false,"ngg_post_thumbnail":0,"jnews-multi-image_gallery":[],"jnews_single_post":[],"jnews_primary_category":[],"jnews_social_meta":[],"jnews_override_counter":[],"footnotes":""},"categories":[50],"tags":[5941,5942,5064,2857,5940],"class_list":["post-38435","post","type-post","status-publish","format-standard","has-post-thumbnail","hentry","category-coberturas","tag-diego-naser","tag-emmanuele-baldini","tag-las-piedras","tag-orquesta-sinfonica-del-sodre","tag-parroquia-san-isidro"],"yoast_head":"<!-- This site is optimized with the Yoast SEO plugin v27.5 - https:\/\/yoast.com\/product\/yoast-seo-wordpress\/ -->\n<title>Orquesta Sinf\u00f3nica del Sodre - Van Beethoven - Cooltivarte Portal<\/title>\n<meta name=\"description\" content=\"COOLTIVARTE.COM es un portal digital colaborativo de actualizaci\u00f3n permanente dedicado a difundir el acontecer art\u00edstico y cultural, entrevista artistas, gestores y productores de las diferentes disciplinas del arte, y publicando art\u00edculos de reflexi\u00f3n de producci\u00f3n propia sobre los elementos culturales.\" \/>\n<meta name=\"robots\" content=\"index, follow, max-snippet:-1, max-image-preview:large, max-video-preview:-1\" \/>\n<link rel=\"canonical\" href=\"https:\/\/cooltivarte.com\/portal\/orquesta-sinfonica-del-sodre-van-beethoven\/\" \/>\n<meta property=\"og:locale\" content=\"es_ES\" \/>\n<meta property=\"og:type\" content=\"article\" \/>\n<meta property=\"og:title\" content=\"Orquesta Sinf\u00f3nica del Sodre - Van Beethoven - Cooltivarte Portal\" \/>\n<meta property=\"og:description\" content=\"COOLTIVARTE.COM es un portal digital colaborativo de actualizaci\u00f3n permanente dedicado a difundir el acontecer art\u00edstico y cultural, entrevista artistas, gestores y productores de las diferentes disciplinas del arte, y publicando art\u00edculos de reflexi\u00f3n de producci\u00f3n propia sobre los elementos culturales.\" \/>\n<meta property=\"og:url\" content=\"https:\/\/cooltivarte.com\/portal\/orquesta-sinfonica-del-sodre-van-beethoven\/\" \/>\n<meta property=\"og:site_name\" content=\"Cooltivarte Portal\" \/>\n<meta property=\"article:publisher\" content=\"https:\/\/www.facebook.com\/cooltivartecom\/\" \/>\n<meta property=\"article:author\" content=\"https:\/\/www.facebook.com\/andres.fotografia.at\" \/>\n<meta property=\"article:published_time\" content=\"2018-03-10T18:23:49+00:00\" \/>\n<meta property=\"article:modified_time\" content=\"2018-03-10T18:54:53+00:00\" \/>\n<meta property=\"og:image\" content=\"https:\/\/cooltivarte.com\/portal\/wp-content\/uploads\/2018\/03\/Orquesta-Sinf\u00f3nica-del-Sodre-Van-Beethoven-Parroquia-San-Isidro-de-Las-Piedras-Marzo-2018-Foto-Hector-AT.jpg\" \/>\n\t<meta property=\"og:image:width\" content=\"1024\" \/>\n\t<meta property=\"og:image:height\" content=\"683\" \/>\n\t<meta property=\"og:image:type\" content=\"image\/jpeg\" \/>\n<meta name=\"author\" content=\"Hector AT\" \/>\n<meta name=\"twitter:card\" content=\"summary_large_image\" \/>\n<meta name=\"twitter:creator\" content=\"@https:\/\/x.com\/obolocultural\" \/>\n<meta name=\"twitter:site\" content=\"@obolocultural\" \/>\n<meta name=\"twitter:label1\" content=\"Escrito por\" \/>\n\t<meta name=\"twitter:data1\" content=\"Hector AT\" \/>\n\t<meta name=\"twitter:label2\" content=\"Tiempo de lectura\" \/>\n\t<meta name=\"twitter:data2\" content=\"3 minutos\" \/>\n<!-- \/ Yoast SEO plugin. -->","yoast_head_json":{"title":"Orquesta Sinf\u00f3nica del Sodre - Van Beethoven - Cooltivarte Portal","description":"COOLTIVARTE.COM es un portal digital colaborativo de actualizaci\u00f3n permanente dedicado a difundir el acontecer art\u00edstico y cultural, entrevista artistas, gestores y productores de las diferentes disciplinas del arte, y publicando art\u00edculos de reflexi\u00f3n de producci\u00f3n propia sobre los elementos culturales.","robots":{"index":"index","follow":"follow","max-snippet":"max-snippet:-1","max-image-preview":"max-image-preview:large","max-video-preview":"max-video-preview:-1"},"canonical":"https:\/\/cooltivarte.com\/portal\/orquesta-sinfonica-del-sodre-van-beethoven\/","og_locale":"es_ES","og_type":"article","og_title":"Orquesta Sinf\u00f3nica del Sodre - Van Beethoven - Cooltivarte Portal","og_description":"COOLTIVARTE.COM es un portal digital colaborativo de actualizaci\u00f3n permanente dedicado a difundir el acontecer art\u00edstico y cultural, entrevista artistas, gestores y productores de las diferentes disciplinas del arte, y publicando art\u00edculos de reflexi\u00f3n de producci\u00f3n propia sobre los elementos culturales.","og_url":"https:\/\/cooltivarte.com\/portal\/orquesta-sinfonica-del-sodre-van-beethoven\/","og_site_name":"Cooltivarte Portal","article_publisher":"https:\/\/www.facebook.com\/cooltivartecom\/","article_author":"https:\/\/www.facebook.com\/andres.fotografia.at","article_published_time":"2018-03-10T18:23:49+00:00","article_modified_time":"2018-03-10T18:54:53+00:00","og_image":[{"width":1024,"height":683,"url":"https:\/\/cooltivarte.com\/portal\/wp-content\/uploads\/2018\/03\/Orquesta-Sinf\u00f3nica-del-Sodre-Van-Beethoven-Parroquia-San-Isidro-de-Las-Piedras-Marzo-2018-Foto-Hector-AT.jpg","type":"image\/jpeg"}],"author":"Hector AT","twitter_card":"summary_large_image","twitter_creator":"@https:\/\/x.com\/obolocultural","twitter_site":"@obolocultural","twitter_misc":{"Escrito por":"Hector AT","Tiempo de lectura":"3 minutos"},"schema":{"@context":"https:\/\/schema.org","@graph":[{"@type":"NewsArticle","@id":"https:\/\/cooltivarte.com\/portal\/orquesta-sinfonica-del-sodre-van-beethoven\/#article","isPartOf":{"@id":"https:\/\/cooltivarte.com\/portal\/orquesta-sinfonica-del-sodre-van-beethoven\/"},"author":{"name":"Hector AT","@id":"https:\/\/cooltivarte.com\/portal\/#\/schema\/person\/af1c721841ccf08004a7757f974a3132"},"headline":"Orquesta Sinf\u00f3nica del Sodre &#8211; Van Beethoven","datePublished":"2018-03-10T18:23:49+00:00","dateModified":"2018-03-10T18:54:53+00:00","mainEntityOfPage":{"@id":"https:\/\/cooltivarte.com\/portal\/orquesta-sinfonica-del-sodre-van-beethoven\/"},"wordCount":573,"publisher":{"@id":"https:\/\/cooltivarte.com\/portal\/#organization"},"image":{"@id":"https:\/\/cooltivarte.com\/portal\/orquesta-sinfonica-del-sodre-van-beethoven\/#primaryimage"},"thumbnailUrl":"https:\/\/cooltivarte.com\/portal\/wp-content\/uploads\/2018\/03\/Orquesta-Sinf\u00f3nica-del-Sodre-Van-Beethoven-Parroquia-San-Isidro-de-Las-Piedras-Marzo-2018-Foto-Hector-AT.jpg","keywords":["Diego Naser","Emmanuele Baldini","Las Piedras","Orquesta Sinf\u00f3nica del Sodre","Parroquia San Isidro"],"articleSection":["Coberturas"],"inLanguage":"es-AR"},{"@type":"WebPage","@id":"https:\/\/cooltivarte.com\/portal\/orquesta-sinfonica-del-sodre-van-beethoven\/","url":"https:\/\/cooltivarte.com\/portal\/orquesta-sinfonica-del-sodre-van-beethoven\/","name":"Orquesta Sinf\u00f3nica del Sodre - Van Beethoven - Cooltivarte Portal","isPartOf":{"@id":"https:\/\/cooltivarte.com\/portal\/#website"},"primaryImageOfPage":{"@id":"https:\/\/cooltivarte.com\/portal\/orquesta-sinfonica-del-sodre-van-beethoven\/#primaryimage"},"image":{"@id":"https:\/\/cooltivarte.com\/portal\/orquesta-sinfonica-del-sodre-van-beethoven\/#primaryimage"},"thumbnailUrl":"https:\/\/cooltivarte.com\/portal\/wp-content\/uploads\/2018\/03\/Orquesta-Sinf\u00f3nica-del-Sodre-Van-Beethoven-Parroquia-San-Isidro-de-Las-Piedras-Marzo-2018-Foto-Hector-AT.jpg","datePublished":"2018-03-10T18:23:49+00:00","dateModified":"2018-03-10T18:54:53+00:00","description":"COOLTIVARTE.COM es un portal digital colaborativo de actualizaci\u00f3n permanente dedicado a difundir el acontecer art\u00edstico y cultural, entrevista artistas, gestores y productores de las diferentes disciplinas del arte, y publicando art\u00edculos de reflexi\u00f3n de producci\u00f3n propia sobre los elementos culturales.","breadcrumb":{"@id":"https:\/\/cooltivarte.com\/portal\/orquesta-sinfonica-del-sodre-van-beethoven\/#breadcrumb"},"inLanguage":"es-AR","potentialAction":[{"@type":"ReadAction","target":["https:\/\/cooltivarte.com\/portal\/orquesta-sinfonica-del-sodre-van-beethoven\/"]}]},{"@type":"ImageObject","inLanguage":"es-AR","@id":"https:\/\/cooltivarte.com\/portal\/orquesta-sinfonica-del-sodre-van-beethoven\/#primaryimage","url":"https:\/\/cooltivarte.com\/portal\/wp-content\/uploads\/2018\/03\/Orquesta-Sinf\u00f3nica-del-Sodre-Van-Beethoven-Parroquia-San-Isidro-de-Las-Piedras-Marzo-2018-Foto-Hector-AT.jpg","contentUrl":"https:\/\/cooltivarte.com\/portal\/wp-content\/uploads\/2018\/03\/Orquesta-Sinf\u00f3nica-del-Sodre-Van-Beethoven-Parroquia-San-Isidro-de-Las-Piedras-Marzo-2018-Foto-Hector-AT.jpg","width":1024,"height":683,"caption":"Orquesta Sinf\u00f3nica del Sodre - Van Beethoven - Parroquia San Isidro de Las Piedras - Marzo 2018 - Foto \u00a9 Hector AT www.cooltivarte.com ---"},{"@type":"BreadcrumbList","@id":"https:\/\/cooltivarte.com\/portal\/orquesta-sinfonica-del-sodre-van-beethoven\/#breadcrumb","itemListElement":[{"@type":"ListItem","position":1,"name":"Portada","item":"https:\/\/cooltivarte.com\/portal\/"},{"@type":"ListItem","position":2,"name":"Orquesta Sinf\u00f3nica del Sodre &#8211; Van Beethoven"}]},{"@type":"WebSite","@id":"https:\/\/cooltivarte.com\/portal\/#website","url":"https:\/\/cooltivarte.com\/portal\/","name":"Cooltivarte Portal","description":"Arte, cultura y turismo para el mundo ...","publisher":{"@id":"https:\/\/cooltivarte.com\/portal\/#organization"},"potentialAction":[{"@type":"SearchAction","target":{"@type":"EntryPoint","urlTemplate":"https:\/\/cooltivarte.com\/portal\/?s={search_term_string}"},"query-input":{"@type":"PropertyValueSpecification","valueRequired":true,"valueName":"search_term_string"}}],"inLanguage":"es-AR"},{"@type":"Organization","@id":"https:\/\/cooltivarte.com\/portal\/#organization","name":"cooltivarte","url":"https:\/\/cooltivarte.com\/portal\/","logo":{"@type":"ImageObject","inLanguage":"es-AR","@id":"https:\/\/cooltivarte.com\/portal\/#\/schema\/logo\/image\/","url":"https:\/\/cooltivarte.com\/portal\/wp-content\/uploads\/2020\/04\/logo-cooltivarte-v2.png","contentUrl":"https:\/\/cooltivarte.com\/portal\/wp-content\/uploads\/2020\/04\/logo-cooltivarte-v2.png","width":851,"height":243,"caption":"cooltivarte"},"image":{"@id":"https:\/\/cooltivarte.com\/portal\/#\/schema\/logo\/image\/"},"sameAs":["https:\/\/www.facebook.com\/cooltivartecom\/","https:\/\/x.com\/obolocultural","https:\/\/www.instagram.com\/_cooltivarte_\/","https:\/\/www.linkedin.com\/company\/-bolocultural?reportsuccess=8zaNG1HwhPbAR9iQhZ5rfGeqz_vQFftHun0ZWU0Wy9vNemRJ8vtcKdJvzQfW8XagyOJSKg0XvfJ1dp","https:\/\/www.pinterest.com\/cooltivarte\/","https:\/\/cooltivarte.tumblr.com\/","https:\/\/www.tiktok.com\/@cooltivarte","https:\/\/www.youtube.com\/@PrensaCooltivarte"]},{"@type":"Person","@id":"https:\/\/cooltivarte.com\/portal\/#\/schema\/person\/af1c721841ccf08004a7757f974a3132","name":"Hector AT","image":{"@type":"ImageObject","inLanguage":"es-AR","@id":"https:\/\/cooltivarte.com\/portal\/wp-content\/uploads\/2017\/10\/contact-gigia-120x120.jpg","url":"https:\/\/cooltivarte.com\/portal\/wp-content\/uploads\/2017\/10\/contact-gigia-120x120.jpg","contentUrl":"https:\/\/cooltivarte.com\/portal\/wp-content\/uploads\/2017\/10\/contact-gigia-120x120.jpg","caption":"Hector AT"},"description":"Sagitariano y a causa de esto un gusto especial por la cultura y la historia adem\u00e1s con un toque de aventurero que lo lanza a la b\u00fasqueda de nuevas metas que alcanzar por eso es fot\u00f3grafo autodidacta desde ni\u00f1o, ahora en busca de nuevas miradas nuevos punto de vista de la cultura y por qu\u00e9 no de la vida. Colaborador fotogr\u00e1fico para una web de informaci\u00f3n para empleados de una firma importante del medio, adem\u00e1s colaborador para Caf\u00e9 del Barrio, fot\u00f3grafo deportivo, cuando me invitan fot\u00f3grafo de fiestas...y ahora con ustedes nutri\u00e9ndose de lo mejor de la cultura del momento.","sameAs":["https:\/\/www.facebook.com\/andres.fotografia.at","https:\/\/www.instagram.com\/_cooltivarte_\/","https:\/\/www.linkedin.com\/company\/-bolocultural","https:\/\/www.pinterest.com\/cooltivarte","https:\/\/x.com\/https:\/\/x.com\/obolocultural","https:\/\/www.youtube.com\/@PrensaCooltivarte","https:\/\/www.tumblr.com\/blog\/cooltivarte"],"url":"https:\/\/cooltivarte.com\/portal\/author\/hector-at\/"}]}},"_links":{"self":[{"href":"https:\/\/cooltivarte.com\/portal\/wp-json\/wp\/v2\/posts\/38435","targetHints":{"allow":["GET"]}}],"collection":[{"href":"https:\/\/cooltivarte.com\/portal\/wp-json\/wp\/v2\/posts"}],"about":[{"href":"https:\/\/cooltivarte.com\/portal\/wp-json\/wp\/v2\/types\/post"}],"author":[{"embeddable":true,"href":"https:\/\/cooltivarte.com\/portal\/wp-json\/wp\/v2\/users\/110"}],"replies":[{"embeddable":true,"href":"https:\/\/cooltivarte.com\/portal\/wp-json\/wp\/v2\/comments?post=38435"}],"version-history":[{"count":4,"href":"https:\/\/cooltivarte.com\/portal\/wp-json\/wp\/v2\/posts\/38435\/revisions"}],"predecessor-version":[{"id":38441,"href":"https:\/\/cooltivarte.com\/portal\/wp-json\/wp\/v2\/posts\/38435\/revisions\/38441"}],"wp:featuredmedia":[{"embeddable":true,"href":"https:\/\/cooltivarte.com\/portal\/wp-json\/wp\/v2\/media\/38438"}],"wp:attachment":[{"href":"https:\/\/cooltivarte.com\/portal\/wp-json\/wp\/v2\/media?parent=38435"}],"wp:term":[{"taxonomy":"category","embeddable":true,"href":"https:\/\/cooltivarte.com\/portal\/wp-json\/wp\/v2\/categories?post=38435"},{"taxonomy":"post_tag","embeddable":true,"href":"https:\/\/cooltivarte.com\/portal\/wp-json\/wp\/v2\/tags?post=38435"}],"curies":[{"name":"wp","href":"https:\/\/api.w.org\/{rel}","templated":true}]}}