{"id":38301,"date":"2018-03-04T11:20:40","date_gmt":"2018-03-04T14:20:40","guid":{"rendered":"http:\/\/cooltivarte.com\/portal\/?p=38301"},"modified":"2019-06-18T12:46:49","modified_gmt":"2019-06-18T15:46:49","slug":"epica-regresa-a-uruguay-presentando-the-ultimate-principle-tour","status":"publish","type":"post","link":"https:\/\/cooltivarte.com\/portal\/epica-regresa-a-uruguay-presentando-the-ultimate-principle-tour\/","title":{"rendered":"EPICA regresa a Uruguay presentando &#8220;The Ultimate Principle Tour&#8221;"},"content":{"rendered":"<p><strong>Montevideo Music Box<\/strong><br \/>\nBanda invitada: <strong><a href=\"https:\/\/cooltivarte.com\/portal\/?s=CRYSTAL+GATES\">CRYSTAL GATES<\/a><\/strong><\/p>\n<p>&nbsp;<\/p>\n<p><strong>EPICA ANUNCIA THE ULTIMATE PRINCIPLE TOUR &#8211; LATIN AMERICA 2018<\/strong><\/p>\n<p>Los gigantes holandeses sinf\u00f3nicos EPICA est\u00e1n m\u00e1s que orgullosos de anunciar su regreso a Latinoam\u00e9rica.<br \/>\nEl pr\u00f3ximo Marzo la banda finalmente regresa a Latinoam\u00e9rica por primera vez desde 2015!<br \/>\nEn este tour EPICA brindar\u00e1 8 fechas en Brasil incluyendo ciudades donde nunca tocaron en sus 15 a\u00f1os de carrera, adem\u00e1s de fechas en Argentina, Chile y Uruguay.<\/p>\n<p>La banda est\u00e1 ansiosa por presentar canciones de &#8220;<strong>The Holographic Principle<\/strong>&#8221; y &#8220;<strong>The Solace System<\/strong>&#8221; para sus fans latinoamericanos por primera vez.<\/p>\n<p>Mark Jansen comenta: &#8220;<em>Estamos muy felices de anunciar que finalmente volveremos a Latinoam\u00e9rica! Como he notado muchos fans tambi\u00e9n est\u00e1n esperando este momento. Estamos todos muy ansiosos y no podemos esperar para festejar con ustedes!!!<\/em>&#8221;<\/p>\n<p>THE ULTIMATE PRINCIPLE TOUR \u2013 LATIN AMERICA 2018<br \/>\n01.03. <strong>ROU Montevideo &#8211; Music Box<\/strong><br \/>\n03.03. RCH Santiago &#8211; Teatro Caupolic\u00e1n<br \/>\n04.03. RA Buenos Aires &#8211; Teatro Flores<br \/>\n06.03. RA Salta &#8211; Teatro del Huerto<br \/>\n09.03. BR Belo Horizonte &#8211; Music Hall<br \/>\n10.03. BR S\u00e3o Paulo &#8211; Tropical Butant\u00e3<br \/>\n11.03. BR Rio de Janeiro &#8211; Circo Voador<br \/>\n13.03. BR Porto Alegre &#8211; Opini\u00e3o<br \/>\n14.03. BR Curitiba &#8211; Spazio Van<br \/>\n16.03. BR Manaus &#8211; Teatro Manauara<br \/>\n17.03. BR Fortaleza &#8211; Armaz\u00e9m<br \/>\n18.03. BR Recife &#8211; Clube Portugu\u00eas do Recife<\/p>\n<p>Fuente texto: <a href=\"https:\/\/www.facebook.com\/events\/275306266325678\/\" target=\"_blank\" rel=\"noopener\">Evento facebook<\/a><\/p>\n<p>&nbsp;<\/p>\n<h3><a href=\"https:\/\/www.facebook.com\/pg\/cooltivartecom\/photos\/?tab=album&amp;album_id=1630060010374239\" target=\"_blank\" rel=\"noopener\">Ver fotogaler\u00eda<\/a><\/h3>\n<p>&nbsp;<\/p>\n<p><iframe style=\"border: none; overflow: hidden;\" src=\"https:\/\/www.facebook.com\/plugins\/post.php?href=https%3A%2F%2Fwww.facebook.com%2Fmedia%2Fset%2F%3Fset%3Da.1630060010374239%26type%3D3&amp;width=500\" scrolling=\"no\" width=\"500\" height=\"669\" frameborder=\"0\"><\/iframe><br \/>\n&nbsp;<\/p>\n<p>&nbsp;<\/p>\n<p>&nbsp;<\/p>\n","protected":false},"excerpt":{"rendered":"<p>Montevideo Music Box Banda invitada: CRYSTAL GATES &nbsp; EPICA ANUNCIA THE ULTIMATE PRINCIPLE TOUR &#8211; LATIN AMERICA 2018 Los gigantes holandeses sinf\u00f3nicos EPICA est\u00e1n m\u00e1s que orgullosos de anunciar su regreso a Latinoam\u00e9rica. El pr\u00f3ximo Marzo la banda finalmente regresa a Latinoam\u00e9rica por primera vez desde 2015! En este tour EPICA brindar\u00e1 8 fechas en [&hellip;]<\/p>\n","protected":false},"author":72,"featured_media":38302,"comment_status":"closed","ping_status":"closed","sticky":false,"template":"","format":"standard","meta":{"om_disable_all_campaigns":false,"ngg_post_thumbnail":0,"jnews-multi-image_gallery":[],"jnews_single_post":[],"jnews_primary_category":[],"jnews_social_meta":[],"jnews_override_counter":[],"footnotes":""},"categories":[50],"tags":[5487,5897,5896,817,5898],"class_list":["post-38301","post","type-post","status-publish","format-standard","has-post-thumbnail","hentry","category-coberturas","tag-crystal-gates","tag-epica","tag-mark-jansen","tag-montevideo-music-box","tag-the-ultimate-principle-tour"],"yoast_head":"<!-- This site is optimized with the Yoast SEO plugin v27.5 - https:\/\/yoast.com\/product\/yoast-seo-wordpress\/ -->\n<title>EPICA regresa a Uruguay presentando &quot;The Ultimate Principle Tour&quot; - Cooltivarte Portal<\/title>\n<meta name=\"description\" content=\"COOLTIVARTE.COM es un portal digital colaborativo de actualizaci\u00f3n permanente dedicado a difundir el acontecer art\u00edstico y cultural, entrevista artistas, gestores y productores de las diferentes disciplinas del arte, y publicando art\u00edculos de reflexi\u00f3n de producci\u00f3n propia sobre los elementos culturales.\" \/>\n<meta name=\"robots\" content=\"index, follow, max-snippet:-1, max-image-preview:large, max-video-preview:-1\" \/>\n<link rel=\"canonical\" href=\"https:\/\/cooltivarte.com\/portal\/epica-regresa-a-uruguay-presentando-the-ultimate-principle-tour\/\" \/>\n<meta property=\"og:locale\" content=\"es_ES\" \/>\n<meta property=\"og:type\" content=\"article\" \/>\n<meta property=\"og:title\" content=\"EPICA regresa a Uruguay presentando &quot;The Ultimate Principle Tour&quot; - Cooltivarte Portal\" \/>\n<meta property=\"og:description\" content=\"COOLTIVARTE.COM es un portal digital colaborativo de actualizaci\u00f3n permanente dedicado a difundir el acontecer art\u00edstico y cultural, entrevista artistas, gestores y productores de las diferentes disciplinas del arte, y publicando art\u00edculos de reflexi\u00f3n de producci\u00f3n propia sobre los elementos culturales.\" \/>\n<meta property=\"og:url\" content=\"https:\/\/cooltivarte.com\/portal\/epica-regresa-a-uruguay-presentando-the-ultimate-principle-tour\/\" \/>\n<meta property=\"og:site_name\" content=\"Cooltivarte Portal\" \/>\n<meta property=\"article:publisher\" content=\"https:\/\/www.facebook.com\/cooltivartecom\/\" \/>\n<meta property=\"article:author\" content=\"https:\/\/www.facebook.com\/photobookuruguay\" \/>\n<meta property=\"article:published_time\" content=\"2018-03-04T14:20:40+00:00\" \/>\n<meta property=\"article:modified_time\" content=\"2019-06-18T15:46:49+00:00\" \/>\n<meta property=\"og:image\" content=\"https:\/\/cooltivarte.com\/portal\/wp-content\/uploads\/2018\/03\/epica-en-mmbox-marzo-2018-foto-martin-pereira.jpg\" \/>\n\t<meta property=\"og:image:width\" content=\"1024\" \/>\n\t<meta property=\"og:image:height\" content=\"683\" \/>\n\t<meta property=\"og:image:type\" content=\"image\/jpeg\" \/>\n<meta name=\"author\" content=\"Martin Pereira\" \/>\n<meta name=\"twitter:card\" content=\"summary_large_image\" \/>\n<meta name=\"twitter:creator\" content=\"@https:\/\/x.com\/Photobookuy\" \/>\n<meta name=\"twitter:site\" content=\"@obolocultural\" \/>\n<meta name=\"twitter:label1\" content=\"Escrito por\" \/>\n\t<meta name=\"twitter:data1\" content=\"Martin Pereira\" \/>\n\t<meta name=\"twitter:label2\" content=\"Tiempo de lectura\" \/>\n\t<meta name=\"twitter:data2\" content=\"1 minuto\" \/>\n<!-- \/ Yoast SEO plugin. -->","yoast_head_json":{"title":"EPICA regresa a Uruguay presentando \"The Ultimate Principle Tour\" - Cooltivarte Portal","description":"COOLTIVARTE.COM es un portal digital colaborativo de actualizaci\u00f3n permanente dedicado a difundir el acontecer art\u00edstico y cultural, entrevista artistas, gestores y productores de las diferentes disciplinas del arte, y publicando art\u00edculos de reflexi\u00f3n de producci\u00f3n propia sobre los elementos culturales.","robots":{"index":"index","follow":"follow","max-snippet":"max-snippet:-1","max-image-preview":"max-image-preview:large","max-video-preview":"max-video-preview:-1"},"canonical":"https:\/\/cooltivarte.com\/portal\/epica-regresa-a-uruguay-presentando-the-ultimate-principle-tour\/","og_locale":"es_ES","og_type":"article","og_title":"EPICA regresa a Uruguay presentando \"The Ultimate Principle Tour\" - Cooltivarte Portal","og_description":"COOLTIVARTE.COM es un portal digital colaborativo de actualizaci\u00f3n permanente dedicado a difundir el acontecer art\u00edstico y cultural, entrevista artistas, gestores y productores de las diferentes disciplinas del arte, y publicando art\u00edculos de reflexi\u00f3n de producci\u00f3n propia sobre los elementos culturales.","og_url":"https:\/\/cooltivarte.com\/portal\/epica-regresa-a-uruguay-presentando-the-ultimate-principle-tour\/","og_site_name":"Cooltivarte Portal","article_publisher":"https:\/\/www.facebook.com\/cooltivartecom\/","article_author":"https:\/\/www.facebook.com\/photobookuruguay","article_published_time":"2018-03-04T14:20:40+00:00","article_modified_time":"2019-06-18T15:46:49+00:00","og_image":[{"width":1024,"height":683,"url":"https:\/\/cooltivarte.com\/portal\/wp-content\/uploads\/2018\/03\/epica-en-mmbox-marzo-2018-foto-martin-pereira.jpg","type":"image\/jpeg"}],"author":"Martin Pereira","twitter_card":"summary_large_image","twitter_creator":"@https:\/\/x.com\/Photobookuy","twitter_site":"@obolocultural","twitter_misc":{"Escrito por":"Martin Pereira","Tiempo de lectura":"1 minuto"},"schema":{"@context":"https:\/\/schema.org","@graph":[{"@type":"NewsArticle","@id":"https:\/\/cooltivarte.com\/portal\/epica-regresa-a-uruguay-presentando-the-ultimate-principle-tour\/#article","isPartOf":{"@id":"https:\/\/cooltivarte.com\/portal\/epica-regresa-a-uruguay-presentando-the-ultimate-principle-tour\/"},"author":{"name":"Martin Pereira","@id":"https:\/\/cooltivarte.com\/portal\/#\/schema\/person\/b2e4c065e3904d17917cfdfd0e18ce0c"},"headline":"EPICA regresa a Uruguay presentando &#8220;The Ultimate Principle Tour&#8221;","datePublished":"2018-03-04T14:20:40+00:00","dateModified":"2019-06-18T15:46:49+00:00","mainEntityOfPage":{"@id":"https:\/\/cooltivarte.com\/portal\/epica-regresa-a-uruguay-presentando-the-ultimate-principle-tour\/"},"wordCount":238,"publisher":{"@id":"https:\/\/cooltivarte.com\/portal\/#organization"},"image":{"@id":"https:\/\/cooltivarte.com\/portal\/epica-regresa-a-uruguay-presentando-the-ultimate-principle-tour\/#primaryimage"},"thumbnailUrl":"https:\/\/cooltivarte.com\/portal\/wp-content\/uploads\/2018\/03\/epica-en-mmbox-marzo-2018-foto-martin-pereira.jpg","keywords":["Crystal Gates","EPICA","Mark Jansen","Montevideo Music Box","The Ultimate Principle Tour"],"articleSection":["Coberturas"],"inLanguage":"es-AR"},{"@type":"WebPage","@id":"https:\/\/cooltivarte.com\/portal\/epica-regresa-a-uruguay-presentando-the-ultimate-principle-tour\/","url":"https:\/\/cooltivarte.com\/portal\/epica-regresa-a-uruguay-presentando-the-ultimate-principle-tour\/","name":"EPICA regresa a Uruguay presentando \"The Ultimate Principle Tour\" - Cooltivarte Portal","isPartOf":{"@id":"https:\/\/cooltivarte.com\/portal\/#website"},"primaryImageOfPage":{"@id":"https:\/\/cooltivarte.com\/portal\/epica-regresa-a-uruguay-presentando-the-ultimate-principle-tour\/#primaryimage"},"image":{"@id":"https:\/\/cooltivarte.com\/portal\/epica-regresa-a-uruguay-presentando-the-ultimate-principle-tour\/#primaryimage"},"thumbnailUrl":"https:\/\/cooltivarte.com\/portal\/wp-content\/uploads\/2018\/03\/epica-en-mmbox-marzo-2018-foto-martin-pereira.jpg","datePublished":"2018-03-04T14:20:40+00:00","dateModified":"2019-06-18T15:46:49+00:00","description":"COOLTIVARTE.COM es un portal digital colaborativo de actualizaci\u00f3n permanente dedicado a difundir el acontecer art\u00edstico y cultural, entrevista artistas, gestores y productores de las diferentes disciplinas del arte, y publicando art\u00edculos de reflexi\u00f3n de producci\u00f3n propia sobre los elementos culturales.","breadcrumb":{"@id":"https:\/\/cooltivarte.com\/portal\/epica-regresa-a-uruguay-presentando-the-ultimate-principle-tour\/#breadcrumb"},"inLanguage":"es-AR","potentialAction":[{"@type":"ReadAction","target":["https:\/\/cooltivarte.com\/portal\/epica-regresa-a-uruguay-presentando-the-ultimate-principle-tour\/"]}]},{"@type":"ImageObject","inLanguage":"es-AR","@id":"https:\/\/cooltivarte.com\/portal\/epica-regresa-a-uruguay-presentando-the-ultimate-principle-tour\/#primaryimage","url":"https:\/\/cooltivarte.com\/portal\/wp-content\/uploads\/2018\/03\/epica-en-mmbox-marzo-2018-foto-martin-pereira.jpg","contentUrl":"https:\/\/cooltivarte.com\/portal\/wp-content\/uploads\/2018\/03\/epica-en-mmbox-marzo-2018-foto-martin-pereira.jpg","width":1024,"height":683,"caption":"EPICA MMBOX 2018 Banda Invitada Crystal Gates Fotografia Mart\u00edn Pereira"},{"@type":"BreadcrumbList","@id":"https:\/\/cooltivarte.com\/portal\/epica-regresa-a-uruguay-presentando-the-ultimate-principle-tour\/#breadcrumb","itemListElement":[{"@type":"ListItem","position":1,"name":"Portada","item":"https:\/\/cooltivarte.com\/portal\/"},{"@type":"ListItem","position":2,"name":"EPICA regresa a Uruguay presentando \u00abThe Ultimate Principle Tour\u00bb"}]},{"@type":"WebSite","@id":"https:\/\/cooltivarte.com\/portal\/#website","url":"https:\/\/cooltivarte.com\/portal\/","name":"Cooltivarte Portal","description":"Arte, cultura y turismo para el mundo ...","publisher":{"@id":"https:\/\/cooltivarte.com\/portal\/#organization"},"potentialAction":[{"@type":"SearchAction","target":{"@type":"EntryPoint","urlTemplate":"https:\/\/cooltivarte.com\/portal\/?s={search_term_string}"},"query-input":{"@type":"PropertyValueSpecification","valueRequired":true,"valueName":"search_term_string"}}],"inLanguage":"es-AR"},{"@type":"Organization","@id":"https:\/\/cooltivarte.com\/portal\/#organization","name":"cooltivarte","url":"https:\/\/cooltivarte.com\/portal\/","logo":{"@type":"ImageObject","inLanguage":"es-AR","@id":"https:\/\/cooltivarte.com\/portal\/#\/schema\/logo\/image\/","url":"https:\/\/cooltivarte.com\/portal\/wp-content\/uploads\/2020\/04\/logo-cooltivarte-v2.png","contentUrl":"https:\/\/cooltivarte.com\/portal\/wp-content\/uploads\/2020\/04\/logo-cooltivarte-v2.png","width":851,"height":243,"caption":"cooltivarte"},"image":{"@id":"https:\/\/cooltivarte.com\/portal\/#\/schema\/logo\/image\/"},"sameAs":["https:\/\/www.facebook.com\/cooltivartecom\/","https:\/\/x.com\/obolocultural","https:\/\/www.instagram.com\/_cooltivarte_\/","https:\/\/www.linkedin.com\/company\/-bolocultural?reportsuccess=8zaNG1HwhPbAR9iQhZ5rfGeqz_vQFftHun0ZWU0Wy9vNemRJ8vtcKdJvzQfW8XagyOJSKg0XvfJ1dp","https:\/\/www.pinterest.com\/cooltivarte\/","https:\/\/cooltivarte.tumblr.com\/","https:\/\/www.tiktok.com\/@cooltivarte","https:\/\/www.youtube.com\/@PrensaCooltivarte"]},{"@type":"Person","@id":"https:\/\/cooltivarte.com\/portal\/#\/schema\/person\/b2e4c065e3904d17917cfdfd0e18ce0c","name":"Martin Pereira","image":{"@type":"ImageObject","inLanguage":"es-AR","@id":"https:\/\/cooltivarte.com\/portal\/wp-content\/uploads\/2015\/09\/Martin-Pereira.jpg","url":"https:\/\/cooltivarte.com\/portal\/wp-content\/uploads\/2015\/09\/Martin-Pereira.jpg","contentUrl":"https:\/\/cooltivarte.com\/portal\/wp-content\/uploads\/2015\/09\/Martin-Pereira.jpg","caption":"Martin Pereira"},"description":"Nace en los setentas en una c\u00e1rcel como muchos amigos. Con el peso de la dictadura, padres presos celdas peque\u00f1as con ausencia de sol Algo parecido a una caja negra Capas por ah\u00ed, luego de muchos a\u00f1os de trabajar con sonido y Backline en escenarios de todo el pa\u00eds, la fotograf\u00eda surge como algo l\u00f3gico consejos de amigos, internet y luego el gran Taller Aquelarre con Lilian Castro, Annabella Balduvino y Adrian Marquis ayudan a su formaci\u00f3n. Hoy hace unos cuantos a\u00f1os que se dedica a la doble tarea de sonido Backline fotograf\u00eda. Trabaja con fotograf\u00eda en su estudio. Realizo muestras fotogr\u00e1ficas en Montevideo e interior del pa\u00eds. Sus Fotograf\u00eda se publican en medios nacionales e internacionales. Habiendo trabajado en la mayor\u00eda de shows internacionales y con casi la totalidad de m\u00fasicos nacionales hoy lleva consigo un mill\u00f3n de im\u00e1genes para compartir. EL estar en ambos lados del escenario tal vez es parte de su mirada. Actualmente dirige La Zapada empresa que fund\u00f3 hace m\u00e1s de 20 a\u00f1os. Funciona como una escuela de sonido, estudio de grabaci\u00f3n, Backline y Salas de ensayo. Y comienza a trabajar con proyectos audiovisuales con bandas nacionales. A podido trabajar con todos sus \u00eddolos menos Sting, pero ya ya se va a dar. Se incorpora a cooltivarte en 2015.","sameAs":["http:\/\/ims.com.uy\/","https:\/\/www.facebook.com\/photobookuruguay","https:\/\/www.instagram.com\/_cooltivarte_\/","https:\/\/www.linkedin.com\/company\/-bolocultural","https:\/\/www.pinterest.com\/cooltivarte","https:\/\/x.com\/https:\/\/x.com\/Photobookuy","https:\/\/www.youtube.com\/@PrensaCooltivarte","https:\/\/www.tumblr.com\/blog\/cooltivarte"],"url":"https:\/\/cooltivarte.com\/portal\/author\/martin-pereira\/"}]}},"_links":{"self":[{"href":"https:\/\/cooltivarte.com\/portal\/wp-json\/wp\/v2\/posts\/38301","targetHints":{"allow":["GET"]}}],"collection":[{"href":"https:\/\/cooltivarte.com\/portal\/wp-json\/wp\/v2\/posts"}],"about":[{"href":"https:\/\/cooltivarte.com\/portal\/wp-json\/wp\/v2\/types\/post"}],"author":[{"embeddable":true,"href":"https:\/\/cooltivarte.com\/portal\/wp-json\/wp\/v2\/users\/72"}],"replies":[{"embeddable":true,"href":"https:\/\/cooltivarte.com\/portal\/wp-json\/wp\/v2\/comments?post=38301"}],"version-history":[{"count":2,"href":"https:\/\/cooltivarte.com\/portal\/wp-json\/wp\/v2\/posts\/38301\/revisions"}],"predecessor-version":[{"id":50202,"href":"https:\/\/cooltivarte.com\/portal\/wp-json\/wp\/v2\/posts\/38301\/revisions\/50202"}],"wp:featuredmedia":[{"embeddable":true,"href":"https:\/\/cooltivarte.com\/portal\/wp-json\/wp\/v2\/media\/38302"}],"wp:attachment":[{"href":"https:\/\/cooltivarte.com\/portal\/wp-json\/wp\/v2\/media?parent=38301"}],"wp:term":[{"taxonomy":"category","embeddable":true,"href":"https:\/\/cooltivarte.com\/portal\/wp-json\/wp\/v2\/categories?post=38301"},{"taxonomy":"post_tag","embeddable":true,"href":"https:\/\/cooltivarte.com\/portal\/wp-json\/wp\/v2\/tags?post=38301"}],"curies":[{"name":"wp","href":"https:\/\/api.w.org\/{rel}","templated":true}]}}