{"id":38061,"date":"2018-02-21T11:48:20","date_gmt":"2018-02-21T14:48:20","guid":{"rendered":"http:\/\/cooltivarte.com\/portal\/?p=38061"},"modified":"2024-06-14T08:02:22","modified_gmt":"2024-06-14T11:02:22","slug":"15fiesta-nacional-del-mate-san-jose","status":"publish","type":"post","link":"https:\/\/cooltivarte.com\/portal\/15fiesta-nacional-del-mate-san-jose\/","title":{"rendered":"15\u00b0 Fiesta Nacional del Mate San Jos\u00e9"},"content":{"rendered":"<figure id=\"attachment_38062\" aria-describedby=\"caption-attachment-38062\" style=\"width: 1024px\" class=\"wp-caption aligncenter\"><img fetchpriority=\"high\" decoding=\"async\" class=\"wp-image-38062 size-full\" title=\"15\u00b0Fiesta Nacional del Mate San Jos\u00e9 2018 Fotografia Mart\u00edn Pereira\" src=\"https:\/\/cooltivarte.com\/portal\/wp-content\/uploads\/2018\/02\/15-Fiesta-Nacional-del-Mate-San-Jos\u00e9-2018-Fotografia-Mart\u00edn-Pereira.jpg\" alt=\"15\u00b0Fiesta Nacional del Mate San Jos\u00e9 2018 Fotografia Mart\u00edn Pereira\" width=\"1024\" height=\"683\" srcset=\"https:\/\/cooltivarte.com\/portal\/wp-content\/uploads\/2018\/02\/15-Fiesta-Nacional-del-Mate-San-Jos\u00e9-2018-Fotografia-Mart\u00edn-Pereira.jpg 1024w, https:\/\/cooltivarte.com\/portal\/wp-content\/uploads\/2018\/02\/15-Fiesta-Nacional-del-Mate-San-Jos\u00e9-2018-Fotografia-Mart\u00edn-Pereira-300x200.jpg 300w, https:\/\/cooltivarte.com\/portal\/wp-content\/uploads\/2018\/02\/15-Fiesta-Nacional-del-Mate-San-Jos\u00e9-2018-Fotografia-Mart\u00edn-Pereira-768x512.jpg 768w\" sizes=\"(max-width: 1024px) 100vw, 1024px\" \/><figcaption id=\"caption-attachment-38062\" class=\"wp-caption-text\">15\u00b0Fiesta Nacional del Mate San Jos\u00e9 2018 Fotografia Mart\u00edn Pereira<\/figcaption><\/figure>\n<p>&nbsp;<\/p>\n<p>La<strong> 15a Fiesta Nacional del Mate<\/strong> y del <strong>24\u00b0 D\u00eda del Gaucho<\/strong> se celebr\u00f3 los d\u00edas 16, 17 y 18 de febrero 2018 en San Jos\u00e9 de Mayo, y volvi\u00f3 a encontrar diversas actividades criollas y espect\u00e1culos de reconocidos artistas nacionales e internacionales.<\/p>\n<p>&nbsp;<\/p>\n<p>VIERNES 16<br \/>\n<strong>Actividades en Ruedo \u201cH\u00e9ctor Umpi\u00e9rrez\u201d:<\/strong><\/p>\n<p><strong>Tiro de lazo a caballo y concurso de pialadas.<\/strong><br \/>\n<strong> Cinchadas.<\/strong><br \/>\n<strong> Elecci\u00f3n de la Flor del Pago.<\/strong><br \/>\n<strong> Jineteadas de vacunos.<\/strong><br \/>\n<strong> Concurso de comida (aparcer\u00edas).<\/strong><\/p>\n<p><strong>Actividades en Escenario Wenceslao Varela:<\/strong><\/p>\n<p><strong>Ballet Folcl\u00f3rico Departamental,<\/strong><br \/>\n<strong> Leg\u00fceros,<\/strong><br \/>\n<strong> \u201cCanario\u201d Mart\u00ednez,<\/strong><br \/>\n<strong>Pepe Guerra y Copla Alta,<\/strong><br \/>\n<strong> VI-EM,<\/strong><br \/>\n<strong> Mala Tuya.<\/strong><\/p>\n<p><strong>Escenario de Aparcer\u00edas:<\/strong><\/p>\n<p><strong>Desde la ma\u00f1ana, Concurso Nacional de Folclore de menores y adultos en seis categor\u00edas: solistas, d\u00faos, recitadores, payadores, conjuntos y danzas folcl\u00f3ricas.<\/strong><\/p>\n<p>S\u00c1BADO 17<\/p>\n<p><strong>Actividades en Ruedo \u201cH\u00e9ctor Umpi\u00e9rrez\u201d:<\/strong><\/p>\n<p><strong>Juego de la silla.<\/strong><br \/>\n<strong> Prueba de rienda. Categor\u00edas menores y mayores. Con aparcer\u00edas.<\/strong><br \/>\n<strong> Carrera del cuero.<\/strong><br \/>\n<strong> Campeonato Nacional y Departamental de jineteadas, basto, pelo y gurupa.<\/strong><\/p>\n<p><strong>Actividades en Escenario Wenceslao Varela:<\/strong><\/p>\n<p><strong>Payadores Juan Carlos L\u00f3pez y Gabriel Luceno,<\/strong><br \/>\n<strong> Sebasti\u00e1n D\u00edaz y su banda,<\/strong><br \/>\n<strong> Carlos Malo y la Polker\u00eda, invitado especial Efra\u00edn Colombo,<\/strong><br \/>\n<strong> Julio V\u00edctor Gonz\u00e1lez \u201cEl Zucar\u00e1\u201d,<\/strong><br \/>\n<strong> Washington Mateu,<\/strong><br \/>\n<strong> Los Nocheros.<\/strong><\/p>\n<p><strong>Escenario de Aparcer\u00edas:<\/strong><\/p>\n<p><strong>Desde la ma\u00f1ana, Concurso Nacional de Folclore de menores y adultos en seis categor\u00edas: solistas, d\u00faos, recitadores, payadores, conjuntos y danzas folcl\u00f3ricas.<\/strong><\/p>\n<p>DOMINGO 18<\/p>\n<p><strong>Concentraci\u00f3n de caballer\u00eda gaucha en Plazoleta Juana De Ibarbourou.<\/strong><br \/>\n<strong> Parque Rod\u00f3. Monumento al Mate. Misa Criolla a cargo de Mons. Arturo Fajardo.<\/strong><br \/>\n<strong> Desfile Caballer\u00eda Gaucha recorriendo la ciudad de San Jos\u00e9 de Mayo.<\/strong><br \/>\n<strong> Concentraci\u00f3n en Parque Jos\u00e9 E. Rodo, Ruta N\u00ba3, Boulevar Aparicio Saravia, Herrera, 25 de Mayo, Asamblea, Artigas, 18 de Julio, 25 de Mayo, Batlle y&nbsp;Ordo\u00f1ez, Oribe, Asamblea, Lavalleja, Manuel D. Rodr\u00edguez, Carlos Larriera, Sociedad&nbsp;Criolla Capit\u00e1n Manuel Artigas.<\/strong><\/p>\n<p><strong>Predio Sociedad Criolla Capit\u00e1n Manuel Artigas:<\/strong><\/p>\n<p><strong>Almuerzo Criollo.<\/strong><\/p>\n<p><strong>Actividades en Ruedo \u201cH\u00e9ctor Umpi\u00e9rrez\u201d:<\/strong><\/p>\n<p><strong>Campeonato Nacional de jineteadas, basto y pelo.<\/strong><br \/>\n<strong> Entrega de premios.<\/strong><\/p>\n<p>&nbsp;<\/p>\n<p>Fuente texto: <a href=\"http:\/\/www.sanjose.gub.uy\/evento\/15a-fiesta-nacional-del-mate-2018-2\/\" target=\"_blank\" rel=\"noopener\">sanjose.gub.uy<\/a><\/p>\n<p>&nbsp;<br \/>\n&nbsp;<\/p>\n<h3>&nbsp;<a href=\"https:\/\/www.facebook.com\/media\/set\/?set=a.1618438638203043&amp;type=3\" target=\"_blank\" rel=\"noopener\">Ir a la fotogaler\u00eda<\/a><\/h3>\n<p><iframe style=\"border: none; overflow: hidden;\" src=\"https:\/\/www.facebook.com\/plugins\/post.php?href=https%3A%2F%2Fwww.facebook.com%2Fmedia%2Fset%2F%3Fset%3Da.1618438638203043%26type%3D3&amp;width=100%\" width=\"100%\" height=\"669\" frameborder=\"0\" scrolling=\"no\"><\/iframe><br \/>\n&nbsp;<br \/>\n&nbsp;<\/p>\n","protected":false},"excerpt":{"rendered":"<p>VIERNES 16<br \/>\nActividades en Ruedo \u201cH\u00e9ctor Umpi\u00e9rrez\u201d:<\/p>\n<p>Tiro de lazo a caballo y concurso de pialadas.<br \/>\nCinchadas.<br \/>\nElecci\u00f3n de la Flor del Pago.<br \/>\nJineteadas de vacunos.<br \/>\nConcurso de comida (aparcer\u00edas).<\/p>\n<p>Actividades en Escenario Wenceslao Varela:<\/p>\n<p>Ballet Folcl\u00f3rico Departamental,<br \/>\nLeg\u00fceros,<br \/>\n\u201cCanario\u201d Mart\u00ednez,<br \/>\nPepe Guerra y Copla Alta,<br \/>\nVI-EM,<br \/>\nMala Tuya.<\/p>\n<p>Escenario de Aparcer\u00edas:<\/p>\n<p>Desde la ma\u00f1ana, Concurso Nacional de Folclore de menores y adultos en seis categor\u00edas: solistas, d\u00faos, recitadores, payadores, conjuntos y danzas folcl\u00f3ricas.<\/p>\n<p>S\u00c1BADO 17<\/p>\n<p>Actividades en Ruedo \u201cH\u00e9ctor Umpi\u00e9rrez\u201d:<\/p>\n<p>Juego de la silla.<br \/>\nPrueba de rienda. Categor\u00edas menores y mayores. Con aparcer\u00edas.<br \/>\nCarrera del cuero.<br \/>\nCampeonato Nacional y Departamental de jineteadas, basto, pelo y gurupa.<\/p>\n<p>Actividades en Escenario Wenceslao Varela:<\/p>\n<p>Payadores Juan Carlos L\u00f3pez y Gabriel Luceno,<br \/>\nSebasti\u00e1n D\u00edaz y su banda,<br \/>\nCarlos Malo y la Polker\u00eda, invitado especial Efra\u00edn Colombo,<br \/>\nJulio V\u00edctor Gonz\u00e1lez \u201cEl Zucar\u00e1\u201d,<br \/>\nWashington Mateu,<br \/>\nLos Nocheros.<\/p>\n<p>Escenario de Aparcer\u00edas:<\/p>\n<p>Desde la ma\u00f1ana, Concurso Nacional de Folclore de menores y adultos en seis categor\u00edas: solistas, d\u00faos, recitadores, payadores, conjuntos y danzas folcl\u00f3ricas.<\/p>\n<p>DOMINGO 18<\/p>\n<p>Concentraci\u00f3n de caballer\u00eda gaucha en Plazoleta Juana De Ibarbourou.<br \/>\nParque Rod\u00f3. Monumento al Mate. Misa Criolla a cargo de Mons. Arturo Fajardo.<br \/>\nDesfile Caballer\u00eda Gaucha recorriendo la ciudad de San Jos\u00e9 de Mayo.<br \/>\nConcentraci\u00f3n en Parque Jos\u00e9 E. Rodo, Ruta N\u00ba3, Boulevar Aparicio Saravia, Herrera, 25 de Mayo, Asamblea, Artigas, 18 de Julio, 25 de Mayo, Batlle y\u00a0Ordo\u00f1ez, Oribe, Asamblea, Lavalleja, Manuel D. Rodr\u00edguez, Carlos Larriera, Sociedad\u00a0Criolla Capit\u00e1n Manuel Artigas.<\/p>\n<p>Predio Sociedad Criolla Capit\u00e1n Manuel Artigas:<\/p>\n<p>Almuerzo Criollo.<\/p>\n<p>Actividades en Ruedo \u201cH\u00e9ctor Umpi\u00e9rrez\u201d:<\/p>\n<p>Campeonato Nacional de jineteadas, basto y pelo.<\/p>\n","protected":false},"author":72,"featured_media":38062,"comment_status":"closed","ping_status":"closed","sticky":false,"template":"","format":"standard","meta":{"om_disable_all_campaigns":false,"ngg_post_thumbnail":0,"jnews-multi-image_gallery":[],"jnews_single_post":{"subtitle":"24\u00b0 D\u00eda del Gaucho","format":"standard","video":"","gallery":"","source_name":"","source_url":"","via_name":"","via_url":"","override_template":"0","override":[{"template":"4","single_blog_custom":"","parallax":"1","fullscreen":"0","layout":"right-sidebar","sidebar":"default-sidebar","second_sidebar":"default-sidebar","sticky_sidebar":"1","share_position":"bottom","share_float_style":"share-monocrhome","show_share_counter":"1","show_view_counter":"1","show_featured":"1","show_post_meta":"1","show_post_author":"1","show_post_author_image":"1","show_post_date":"1","post_date_format":"default","post_date_format_custom":"Y\/m\/d","show_post_category":"1","show_post_reading_time":"0","post_reading_time_wpm":"300","show_zoom_button":"0","zoom_button_out_step":"2","zoom_button_in_step":"3","show_post_tag":"1","show_prev_next_post":"1","show_popup_post":"1","number_popup_post":"1","show_author_box":"1","show_post_related":"0","show_inline_post_related":"0"}],"override_image_size":"0","image_override":[{"single_post_thumbnail_size":"no-crop","single_post_gallery_size":"crop-500"}],"trending_post":"0","trending_post_position":"meta","trending_post_label":"Trending","sponsored_post":"0","sponsored_post_label":"Sponsored by","sponsored_post_name":"","sponsored_post_url":"","sponsored_post_logo_enable":"0","sponsored_post_logo":"","sponsored_post_desc":"","disable_ad":"0"},"jnews_primary_category":{"id":"","hide":""},"jnews_social_meta":{"fb_title":"","fb_description":"","fb_image":"","twitter_title":"","twitter_description":"","twitter_image":""},"jnews_override_counter":{"override_view_counter":"0","view_counter_number":"0","override_share_counter":"0","share_counter_number":"0","override_like_counter":"0","like_counter_number":"0","override_dislike_counter":"0","dislike_counter_number":"0"},"footnotes":""},"categories":[50],"tags":[5824,2335,5823,3650,3806],"class_list":["post-38061","post","type-post","status-publish","format-standard","has-post-thumbnail","hentry","category-coberturas","tag-criollas","tag-dia-del-gaucho","tag-fiesta-nacional-del-mate","tag-pepe-guerra","tag-san-jose-de-mayo"],"yoast_head":"<!-- This site is optimized with the Yoast SEO plugin v27.5 - https:\/\/yoast.com\/product\/yoast-seo-wordpress\/ -->\n<title>15\u00b0 Fiesta Nacional del Mate San Jos\u00e9 - Cooltivarte Portal<\/title>\n<meta name=\"description\" content=\"La 15a Fiesta Nacional del Mate y del 24\u00b0 D\u00eda del Gaucho se celebr\u00f3 los d\u00edas 16, 17 y 18 de febrero en San Jos\u00e9 de Mayo, y volvi\u00f3 a encontrar diversas actividades criollas y espect\u00e1culos de reconocidos artistas nacionales e internacionales.\" \/>\n<meta name=\"robots\" content=\"index, follow, max-snippet:-1, max-image-preview:large, max-video-preview:-1\" \/>\n<link rel=\"canonical\" href=\"https:\/\/cooltivarte.com\/portal\/15fiesta-nacional-del-mate-san-jose\/\" \/>\n<meta property=\"og:locale\" content=\"es_ES\" \/>\n<meta property=\"og:type\" content=\"article\" \/>\n<meta property=\"og:title\" content=\"15\u00b0 Fiesta Nacional del Mate San Jos\u00e9 - Cooltivarte Portal\" \/>\n<meta property=\"og:description\" content=\"La 15a Fiesta Nacional del Mate y del 24\u00b0 D\u00eda del Gaucho se celebr\u00f3 los d\u00edas 16, 17 y 18 de febrero en San Jos\u00e9 de Mayo, y volvi\u00f3 a encontrar diversas actividades criollas y espect\u00e1culos de reconocidos artistas nacionales e internacionales.\" \/>\n<meta property=\"og:url\" content=\"https:\/\/cooltivarte.com\/portal\/15fiesta-nacional-del-mate-san-jose\/\" \/>\n<meta property=\"og:site_name\" content=\"Cooltivarte Portal\" \/>\n<meta property=\"article:publisher\" content=\"https:\/\/www.facebook.com\/cooltivartecom\/\" \/>\n<meta property=\"article:author\" content=\"https:\/\/www.facebook.com\/photobookuruguay\" \/>\n<meta property=\"article:published_time\" content=\"2018-02-21T14:48:20+00:00\" \/>\n<meta property=\"article:modified_time\" content=\"2024-06-14T11:02:22+00:00\" \/>\n<meta property=\"og:image\" content=\"https:\/\/cooltivarte.com\/portal\/wp-content\/uploads\/2018\/02\/15-Fiesta-Nacional-del-Mate-San-Jos\u00e9-2018-Fotografia-Mart\u00edn-Pereira.jpg\" \/>\n\t<meta property=\"og:image:width\" content=\"1024\" \/>\n\t<meta property=\"og:image:height\" content=\"683\" \/>\n\t<meta property=\"og:image:type\" content=\"image\/jpeg\" \/>\n<meta name=\"author\" content=\"Martin Pereira\" \/>\n<meta name=\"twitter:card\" content=\"summary_large_image\" \/>\n<meta name=\"twitter:creator\" content=\"@https:\/\/x.com\/Photobookuy\" \/>\n<meta name=\"twitter:site\" content=\"@obolocultural\" \/>\n<meta name=\"twitter:label1\" content=\"Escrito por\" \/>\n\t<meta name=\"twitter:data1\" content=\"Martin Pereira\" \/>\n\t<meta name=\"twitter:label2\" content=\"Tiempo de lectura\" \/>\n\t<meta name=\"twitter:data2\" content=\"2 minutos\" \/>\n<!-- \/ Yoast SEO plugin. -->","yoast_head_json":{"title":"15\u00b0 Fiesta Nacional del Mate San Jos\u00e9 - Cooltivarte Portal","description":"La 15a Fiesta Nacional del Mate y del 24\u00b0 D\u00eda del Gaucho se celebr\u00f3 los d\u00edas 16, 17 y 18 de febrero en San Jos\u00e9 de Mayo, y volvi\u00f3 a encontrar diversas actividades criollas y espect\u00e1culos de reconocidos artistas nacionales e internacionales.","robots":{"index":"index","follow":"follow","max-snippet":"max-snippet:-1","max-image-preview":"max-image-preview:large","max-video-preview":"max-video-preview:-1"},"canonical":"https:\/\/cooltivarte.com\/portal\/15fiesta-nacional-del-mate-san-jose\/","og_locale":"es_ES","og_type":"article","og_title":"15\u00b0 Fiesta Nacional del Mate San Jos\u00e9 - Cooltivarte Portal","og_description":"La 15a Fiesta Nacional del Mate y del 24\u00b0 D\u00eda del Gaucho se celebr\u00f3 los d\u00edas 16, 17 y 18 de febrero en San Jos\u00e9 de Mayo, y volvi\u00f3 a encontrar diversas actividades criollas y espect\u00e1culos de reconocidos artistas nacionales e internacionales.","og_url":"https:\/\/cooltivarte.com\/portal\/15fiesta-nacional-del-mate-san-jose\/","og_site_name":"Cooltivarte Portal","article_publisher":"https:\/\/www.facebook.com\/cooltivartecom\/","article_author":"https:\/\/www.facebook.com\/photobookuruguay","article_published_time":"2018-02-21T14:48:20+00:00","article_modified_time":"2024-06-14T11:02:22+00:00","og_image":[{"width":1024,"height":683,"url":"https:\/\/cooltivarte.com\/portal\/wp-content\/uploads\/2018\/02\/15-Fiesta-Nacional-del-Mate-San-Jos\u00e9-2018-Fotografia-Mart\u00edn-Pereira.jpg","type":"image\/jpeg"}],"author":"Martin Pereira","twitter_card":"summary_large_image","twitter_creator":"@https:\/\/x.com\/Photobookuy","twitter_site":"@obolocultural","twitter_misc":{"Escrito por":"Martin Pereira","Tiempo de lectura":"2 minutos"},"schema":{"@context":"https:\/\/schema.org","@graph":[{"@type":"NewsArticle","@id":"https:\/\/cooltivarte.com\/portal\/15fiesta-nacional-del-mate-san-jose\/#article","isPartOf":{"@id":"https:\/\/cooltivarte.com\/portal\/15fiesta-nacional-del-mate-san-jose\/"},"author":{"name":"Martin Pereira","@id":"https:\/\/cooltivarte.com\/portal\/#\/schema\/person\/b2e4c065e3904d17917cfdfd0e18ce0c"},"headline":"15\u00b0 Fiesta Nacional del Mate San Jos\u00e9","datePublished":"2018-02-21T14:48:20+00:00","dateModified":"2024-06-14T11:02:22+00:00","mainEntityOfPage":{"@id":"https:\/\/cooltivarte.com\/portal\/15fiesta-nacional-del-mate-san-jose\/"},"wordCount":381,"publisher":{"@id":"https:\/\/cooltivarte.com\/portal\/#organization"},"image":{"@id":"https:\/\/cooltivarte.com\/portal\/15fiesta-nacional-del-mate-san-jose\/#primaryimage"},"thumbnailUrl":"https:\/\/cooltivarte.com\/portal\/wp-content\/uploads\/2018\/02\/15-Fiesta-Nacional-del-Mate-San-Jos\u00e9-2018-Fotografia-Mart\u00edn-Pereira.jpg","keywords":["criollas","D\u00eda del Gaucho","Fiesta Nacional del Mate","Pepe Guerra","San Jose de Mayo"],"articleSection":["Coberturas"],"inLanguage":"es-AR"},{"@type":"WebPage","@id":"https:\/\/cooltivarte.com\/portal\/15fiesta-nacional-del-mate-san-jose\/","url":"https:\/\/cooltivarte.com\/portal\/15fiesta-nacional-del-mate-san-jose\/","name":"15\u00b0 Fiesta Nacional del Mate San Jos\u00e9 - Cooltivarte Portal","isPartOf":{"@id":"https:\/\/cooltivarte.com\/portal\/#website"},"primaryImageOfPage":{"@id":"https:\/\/cooltivarte.com\/portal\/15fiesta-nacional-del-mate-san-jose\/#primaryimage"},"image":{"@id":"https:\/\/cooltivarte.com\/portal\/15fiesta-nacional-del-mate-san-jose\/#primaryimage"},"thumbnailUrl":"https:\/\/cooltivarte.com\/portal\/wp-content\/uploads\/2018\/02\/15-Fiesta-Nacional-del-Mate-San-Jos\u00e9-2018-Fotografia-Mart\u00edn-Pereira.jpg","datePublished":"2018-02-21T14:48:20+00:00","dateModified":"2024-06-14T11:02:22+00:00","description":"La 15a Fiesta Nacional del Mate y del 24\u00b0 D\u00eda del Gaucho se celebr\u00f3 los d\u00edas 16, 17 y 18 de febrero en San Jos\u00e9 de Mayo, y volvi\u00f3 a encontrar diversas actividades criollas y espect\u00e1culos de reconocidos artistas nacionales e internacionales.","breadcrumb":{"@id":"https:\/\/cooltivarte.com\/portal\/15fiesta-nacional-del-mate-san-jose\/#breadcrumb"},"inLanguage":"es-AR","potentialAction":[{"@type":"ReadAction","target":["https:\/\/cooltivarte.com\/portal\/15fiesta-nacional-del-mate-san-jose\/"]}]},{"@type":"ImageObject","inLanguage":"es-AR","@id":"https:\/\/cooltivarte.com\/portal\/15fiesta-nacional-del-mate-san-jose\/#primaryimage","url":"https:\/\/cooltivarte.com\/portal\/wp-content\/uploads\/2018\/02\/15-Fiesta-Nacional-del-Mate-San-Jos\u00e9-2018-Fotografia-Mart\u00edn-Pereira.jpg","contentUrl":"https:\/\/cooltivarte.com\/portal\/wp-content\/uploads\/2018\/02\/15-Fiesta-Nacional-del-Mate-San-Jos\u00e9-2018-Fotografia-Mart\u00edn-Pereira.jpg","width":1024,"height":683,"caption":"15\u00b0Fiesta Nacional del Mate San Jos\u00e9 2018 Fotografia Mart\u00edn Pereira"},{"@type":"BreadcrumbList","@id":"https:\/\/cooltivarte.com\/portal\/15fiesta-nacional-del-mate-san-jose\/#breadcrumb","itemListElement":[{"@type":"ListItem","position":1,"name":"Portada","item":"https:\/\/cooltivarte.com\/portal\/"},{"@type":"ListItem","position":2,"name":"15\u00b0 Fiesta Nacional del Mate San Jos\u00e9"}]},{"@type":"WebSite","@id":"https:\/\/cooltivarte.com\/portal\/#website","url":"https:\/\/cooltivarte.com\/portal\/","name":"Cooltivarte Portal","description":"Arte, cultura y turismo para el mundo ...","publisher":{"@id":"https:\/\/cooltivarte.com\/portal\/#organization"},"potentialAction":[{"@type":"SearchAction","target":{"@type":"EntryPoint","urlTemplate":"https:\/\/cooltivarte.com\/portal\/?s={search_term_string}"},"query-input":{"@type":"PropertyValueSpecification","valueRequired":true,"valueName":"search_term_string"}}],"inLanguage":"es-AR"},{"@type":"Organization","@id":"https:\/\/cooltivarte.com\/portal\/#organization","name":"cooltivarte","url":"https:\/\/cooltivarte.com\/portal\/","logo":{"@type":"ImageObject","inLanguage":"es-AR","@id":"https:\/\/cooltivarte.com\/portal\/#\/schema\/logo\/image\/","url":"https:\/\/cooltivarte.com\/portal\/wp-content\/uploads\/2020\/04\/logo-cooltivarte-v2.png","contentUrl":"https:\/\/cooltivarte.com\/portal\/wp-content\/uploads\/2020\/04\/logo-cooltivarte-v2.png","width":851,"height":243,"caption":"cooltivarte"},"image":{"@id":"https:\/\/cooltivarte.com\/portal\/#\/schema\/logo\/image\/"},"sameAs":["https:\/\/www.facebook.com\/cooltivartecom\/","https:\/\/x.com\/obolocultural","https:\/\/www.instagram.com\/_cooltivarte_\/","https:\/\/www.linkedin.com\/company\/-bolocultural?reportsuccess=8zaNG1HwhPbAR9iQhZ5rfGeqz_vQFftHun0ZWU0Wy9vNemRJ8vtcKdJvzQfW8XagyOJSKg0XvfJ1dp","https:\/\/www.pinterest.com\/cooltivarte\/","https:\/\/cooltivarte.tumblr.com\/","https:\/\/www.tiktok.com\/@cooltivarte","https:\/\/www.youtube.com\/@PrensaCooltivarte"]},{"@type":"Person","@id":"https:\/\/cooltivarte.com\/portal\/#\/schema\/person\/b2e4c065e3904d17917cfdfd0e18ce0c","name":"Martin Pereira","image":{"@type":"ImageObject","inLanguage":"es-AR","@id":"https:\/\/cooltivarte.com\/portal\/wp-content\/uploads\/2015\/09\/Martin-Pereira.jpg","url":"https:\/\/cooltivarte.com\/portal\/wp-content\/uploads\/2015\/09\/Martin-Pereira.jpg","contentUrl":"https:\/\/cooltivarte.com\/portal\/wp-content\/uploads\/2015\/09\/Martin-Pereira.jpg","caption":"Martin Pereira"},"description":"Nace en los setentas en una c\u00e1rcel como muchos amigos. Con el peso de la dictadura, padres presos celdas peque\u00f1as con ausencia de sol Algo parecido a una caja negra Capas por ah\u00ed, luego de muchos a\u00f1os de trabajar con sonido y Backline en escenarios de todo el pa\u00eds, la fotograf\u00eda surge como algo l\u00f3gico consejos de amigos, internet y luego el gran Taller Aquelarre con Lilian Castro, Annabella Balduvino y Adrian Marquis ayudan a su formaci\u00f3n. Hoy hace unos cuantos a\u00f1os que se dedica a la doble tarea de sonido Backline fotograf\u00eda. Trabaja con fotograf\u00eda en su estudio. Realizo muestras fotogr\u00e1ficas en Montevideo e interior del pa\u00eds. Sus Fotograf\u00eda se publican en medios nacionales e internacionales. Habiendo trabajado en la mayor\u00eda de shows internacionales y con casi la totalidad de m\u00fasicos nacionales hoy lleva consigo un mill\u00f3n de im\u00e1genes para compartir. EL estar en ambos lados del escenario tal vez es parte de su mirada. Actualmente dirige La Zapada empresa que fund\u00f3 hace m\u00e1s de 20 a\u00f1os. Funciona como una escuela de sonido, estudio de grabaci\u00f3n, Backline y Salas de ensayo. Y comienza a trabajar con proyectos audiovisuales con bandas nacionales. A podido trabajar con todos sus \u00eddolos menos Sting, pero ya ya se va a dar. Se incorpora a cooltivarte en 2015.","sameAs":["http:\/\/ims.com.uy\/","https:\/\/www.facebook.com\/photobookuruguay","https:\/\/www.instagram.com\/_cooltivarte_\/","https:\/\/www.linkedin.com\/company\/-bolocultural","https:\/\/www.pinterest.com\/cooltivarte","https:\/\/x.com\/https:\/\/x.com\/Photobookuy","https:\/\/www.youtube.com\/@PrensaCooltivarte","https:\/\/www.tumblr.com\/blog\/cooltivarte"],"url":"https:\/\/cooltivarte.com\/portal\/author\/martin-pereira\/"}]}},"_links":{"self":[{"href":"https:\/\/cooltivarte.com\/portal\/wp-json\/wp\/v2\/posts\/38061","targetHints":{"allow":["GET"]}}],"collection":[{"href":"https:\/\/cooltivarte.com\/portal\/wp-json\/wp\/v2\/posts"}],"about":[{"href":"https:\/\/cooltivarte.com\/portal\/wp-json\/wp\/v2\/types\/post"}],"author":[{"embeddable":true,"href":"https:\/\/cooltivarte.com\/portal\/wp-json\/wp\/v2\/users\/72"}],"replies":[{"embeddable":true,"href":"https:\/\/cooltivarte.com\/portal\/wp-json\/wp\/v2\/comments?post=38061"}],"version-history":[{"count":6,"href":"https:\/\/cooltivarte.com\/portal\/wp-json\/wp\/v2\/posts\/38061\/revisions"}],"predecessor-version":[{"id":103802,"href":"https:\/\/cooltivarte.com\/portal\/wp-json\/wp\/v2\/posts\/38061\/revisions\/103802"}],"wp:featuredmedia":[{"embeddable":true,"href":"https:\/\/cooltivarte.com\/portal\/wp-json\/wp\/v2\/media\/38062"}],"wp:attachment":[{"href":"https:\/\/cooltivarte.com\/portal\/wp-json\/wp\/v2\/media?parent=38061"}],"wp:term":[{"taxonomy":"category","embeddable":true,"href":"https:\/\/cooltivarte.com\/portal\/wp-json\/wp\/v2\/categories?post=38061"},{"taxonomy":"post_tag","embeddable":true,"href":"https:\/\/cooltivarte.com\/portal\/wp-json\/wp\/v2\/tags?post=38061"}],"curies":[{"name":"wp","href":"https:\/\/api.w.org\/{rel}","templated":true}]}}