{"id":37663,"date":"2018-01-29T23:12:43","date_gmt":"2018-01-30T02:12:43","guid":{"rendered":"http:\/\/cooltivarte.com\/portal\/?p=37663"},"modified":"2026-01-30T23:18:51","modified_gmt":"2026-01-31T02:18:51","slug":"secretaria-de-cultura-de-la-im-respondio-sobre-carta-abierta-de-varios-fotografos-para-concurso-de-carnaval-en-el-teatro-de-verano","status":"publish","type":"post","link":"https:\/\/cooltivarte.com\/portal\/secretaria-de-cultura-de-la-im-respondio-sobre-carta-abierta-de-varios-fotografos-para-concurso-de-carnaval-en-el-teatro-de-verano\/","title":{"rendered":"Secretaria de Cultura de la #IM respondi\u00f3 sobre Carta abierta de varios fot\u00f3grafos para Concurso de Carnaval en el Teatro de Verano"},"content":{"rendered":"<figure id=\"attachment_37665\" aria-describedby=\"caption-attachment-37665\" style=\"width: 1024px\" class=\"wp-caption aligncenter\"><img fetchpriority=\"high\" decoding=\"async\" class=\"wp-image-37665 size-large\" title=\"carnaval-uruguay-2018-foto-carlos-lebrato\" src=\"https:\/\/cooltivarte.com\/portal\/wp-content\/uploads\/2018\/01\/carnaval-uruguay-2018-foto-carlos-lebrato-1024x684.jpg\" alt=\"carnaval-uruguay-2018-foto-carlos-lebrato\" width=\"1024\" height=\"684\" srcset=\"https:\/\/cooltivarte.com\/portal\/wp-content\/uploads\/2018\/01\/carnaval-uruguay-2018-foto-carlos-lebrato-1024x684.jpg 1024w, https:\/\/cooltivarte.com\/portal\/wp-content\/uploads\/2018\/01\/carnaval-uruguay-2018-foto-carlos-lebrato-300x200.jpg 300w, https:\/\/cooltivarte.com\/portal\/wp-content\/uploads\/2018\/01\/carnaval-uruguay-2018-foto-carlos-lebrato-768x513.jpg 768w, https:\/\/cooltivarte.com\/portal\/wp-content\/uploads\/2018\/01\/carnaval-uruguay-2018-foto-carlos-lebrato.jpg 1200w\" sizes=\"(max-width: 1024px) 100vw, 1024px\" \/><figcaption id=\"caption-attachment-37665\" class=\"wp-caption-text\">carnaval-uruguay-2018-foto-carlos-lebrato<\/figcaption><\/figure>\n<p>&nbsp;<\/p>\n<p>Luego de un a\u00f1o de nuestra petici\u00f3n sobre acreditaci\u00f3n para que los fotoperiodistas independientes y de los medios de prensa nacionales y las agencias internacionales puedan fotografiar el <strong>concurso oficial de #carnaval<\/strong> en el <strong>#TeatroDeVerano<\/strong> no tenemos certezas.<\/p>\n<p>Nos reunimos (<strong><a href=\"https:\/\/cooltivarte.com\/portal\/?s=Javier+Calvelo\">Javier Calvelo<\/a><\/strong>, <strong><a href=\"https:\/\/cooltivarte.com\/portal\/?s=Lara+Robledo\">Lara Robledo<\/a><\/strong> y <strong>Pablo Porc\u00eduncula<\/strong>) con la <strong>secretaria de cultura de la IM<\/strong> (<strong>Mariana Percovich<\/strong> y <strong>Ramiro Pallares<\/strong>) para presentar nuestra <a href=\"https:\/\/www.change.org\/p\/mariana-percovich-direcci%C3%B3n-cultura-im-fotografiar-en-el-teatro-de-verano-de-montevideo?recruiter=40771647&amp;utm_source=share_petition&amp;utm_medium=facebook&amp;utm_campaign=autopublish&amp;utm_term=des-lg-share_petition-no_msg\" target=\"_blank\" rel=\"noopener\">petici\u00f3n (de 443 fot\u00f3grafos y comunicadores en general)<\/a> el 21 de marzo de 2017 por \u00fanica vez y luego la comunicaci\u00f3n se limit\u00f3 a el correo electr\u00f3nico.<\/p>\n<p>&nbsp;<\/p>\n<p><strong>Secretaria de Cultura de la #IM respondi\u00f3:<\/strong><\/p>\n<p>1) Cada conjunto podr\u00e1 tener su propio fot\u00f3grafo autorizado para el registro de su espect\u00e1culo en el Teatro de Verano. Los fot\u00f3grafos y fot\u00f3grafas ser\u00e1n incorporados a la planilla t\u00e9cnica del conjunto, y ser\u00e1n registrados en la Intendencia como un t\u00e9cnico m\u00e1s del mismo. Eso los habilitar\u00e1 al ingreso con el conjunto, y al registro gr\u00e1fico de su actuaci\u00f3n. Es importante que los y las fot\u00f3grafas que trabajan con conjuntos, pidan a los directores responsables que los incorporen en la planilla t\u00e9cnica a presentar a la Intendencia.<\/p>\n<p>2) Con relaci\u00f3n a los medios de prensa escrita acreditados, podr\u00e1n realizar el registro gr\u00e1fico para ilustrar las notas de prensa (con la explicitaci\u00f3n del no uso comercial de las mismas).<\/p>\n<p>Hasta aqu\u00ed hubo acuerdo. El criterio de cu\u00e1les medios acreditar y cu\u00e1les no, sigue en manos de <a href=\"http:\/\/daecpu.org.uy\" target=\"_blank\" rel=\"noopener\"><strong>Daecpu<\/strong><\/a> como organizador del espect\u00e1culo.<\/p>\n<p>&nbsp;<\/p>\n<p><strong>Nuestra respuesta fue:<\/strong><\/p>\n<p>En nuestra petici\u00f3n el reclamo se basa en la <strong>libertad de prensa<\/strong> como norma superior a cualquier otra y en el entendido de que es un espect\u00e1culo coorganizado por un privado y una instituci\u00f3n del Estado.<\/p>\n<p>Entendemos entonces que la Intendencia puede pedir, exigir, y asegurar como una de sus contrapartidas el acceso a la prensa y con ello permitir la documentaci\u00f3n hist\u00f3rica y el difundir en forma ecu\u00e1nime uno de los eventos culturales m\u00e1s importantes, patrimonio de exportaci\u00f3n de la ciudad. Para el hoy y para la historia, adem\u00e1s de un inter\u00e9s cultural es una forma de promoci\u00f3n de la ciudad en el mundo.<\/p>\n<p>Entendemos al igual que ustedes (seg\u00fan lo manifestado en reuni\u00f3n) que ello, m\u00e1s que un problema entre privados, debe ser una preocupaci\u00f3n de la comuna.<\/p>\n<p>Es alentador que exista el compromiso de que los conjuntos pueden acreditar a sus fot\u00f3grafos y estos podr\u00e1n trabajar adecuadamente, y fundamentalmente que el registro ser\u00e1 a trav\u00e9s de la Intendencia como un rubro t\u00e9cnico m\u00e1s.<\/p>\n<p><strong>Pero es insuficiente.<\/strong><\/p>\n<p>Nos preocupa mucho que en relaci\u00f3n a los medios de prensa no exista compromiso y avance concreto pues el punto 2 deja las cosas como hasta ahora pues de no existir un mecanismo transparente y accesible para que los medios puedan acreditarse cada uno, seg\u00fan quien sea o seg\u00fan el medio que represente deber\u00e1 someterse a la discrecionalidad de un funcionario de DAECPU que por s\u00ed y ante s\u00ed decidir\u00e1 qui\u00e9n puede ingresar a hacer el registro. <strong>Todas las solicitudes en estos \u00faltimos 10 a\u00f1os han sido sometidos a un opaco proceder<\/strong>.<\/p>\n<p>Pensamos que ser\u00eda un gran avance lograr asegurar esa ecuanimidad. Todav\u00eda podemos hacer que exista un mecanismo (como el que existe para los desfiles, que funciona muy bien) donde los medios no deban someterse a la discrecionalidad de DAECPU o incluso solicitando la acreditaci\u00f3n ante DAECPU que la comuna asegure mediante un procedimiento claro y transparente la posibilidad de hacer su registro gr\u00e1fico period\u00edstico no comercial.<\/p>\n<p>Ello seguramente lleve a establecer cupos y un orden reglamentado dentro del teatro para no entorpecer el funcionamiento y no molestar a los espectadores. Pero eso no nos preocupa pues la gran mayor\u00eda de los fot\u00f3grafos que trabajamos con medios de comunicaci\u00f3n estamos acostumbrados a esas pautas en las decenas de espect\u00e1culos organizados por privados en salas p\u00fablicas.<\/p>\n<p>Muchas gracias por el trabajo y la comunicaci\u00f3n.<br \/>\nReiteramos nuestra total disposici\u00f3n para ayudar a avanzar en este otro sentido.<br \/>\nSaludos Cordiales.<\/p>\n<p>&nbsp;<\/p>\n<p>Imagen portada Ilustrativa: Desfile de carnaval 2018 &#8211; Foto \u00a9 Carlos Lebrato<\/p>\n<p>&nbsp;<\/p>\n<p><a class=\"zem_rp_thumbnail\" href=\"https:\/\/cooltivarte.com\/portal\/carta-abierta-de-varios-fotografos-a-la-direccion-de-cultura-de-la-im\/\"><img decoding=\"async\" class=\"alignleft\" src=\"https:\/\/cooltivarte.com\/portal\/wp-content\/uploads\/2017\/01\/carnaval-2017-foto-Javier-Fuentes-150x150.jpg\" alt=\"Carta abierta de varios fot\u00f3grafos a la direcci\u00f3n de cultura de la IM\" width=\"150\" height=\"150\"\/><\/a><\/p>\n<h2><strong><a class=\"zem_rp_title\" href=\"https:\/\/cooltivarte.com\/portal\/carta-abierta-de-varios-fotografos-a-la-direccion-de-cultura-de-la-im\/\">Carta abierta de varios fot\u00f3grafos a la direcci\u00f3n de cultura de la IM<\/a><\/strong><\/h2>\n<p>&nbsp;<\/p>\n<p>&nbsp;<\/p>\n<p>&nbsp;<\/p>\n<p>&nbsp;<\/p>\n<p>&nbsp;<\/p>\n<p>&nbsp;<\/p>\n<p>&nbsp;<\/p>\n<p><script async=\"\" src=\"https:\/\/pagead2.googlesyndication.com\/pagead\/js\/adsbygoogle.js?client=ca-pub-1258162831753121\" crossorigin=\"anonymous\"><\/script><br \/>\n<ins class=\"adsbygoogle\" style=\"display: block; text-align: center;\" data-ad-layout=\"in-article\" data-ad-format=\"fluid\" data-ad-client=\"ca-pub-1258162831753121\" data-ad-slot=\"9254952921\"><\/ins><br \/>\n<script>\n     (adsbygoogle = window.adsbygoogle || []).push({});\n<\/script><\/p>\n<p>&nbsp;<\/p>\n","protected":false},"excerpt":{"rendered":"<p>Luego de un a\u00f1o de nuestra petici\u00f3n sobre acreditaci\u00f3n para que los fotoperiodistas independientes y de los medios de prensa nacionales y las agencias internacionales puedan fotografiar el concurso oficial de #carnaval en el #TeatroDeVerano no tenemos certezas.<\/p>\n<p>Nos reunimos (Javier Calvelo, Lara Robledo y Pablo Porc\u00eduncula) con la secretaria de cultura de la IM (Mariana Percovich y Ramiro Pallares) para presentar nuestra petici\u00f3n (de 443 fot\u00f3grafos y comunicadores en general) el 21 de marzo de 2017 por \u00fanica vez y luego la comunicaci\u00f3n se limit\u00f3 a el correo electr\u00f3nico.<\/p>\n<p>Secretaria de Cultura de la #IM respondi\u00f3:<\/p>\n<p>1) Cada conjunto podr\u00e1 tener su propio fot\u00f3grafo autorizado para el registro de su espect\u00e1culo en el Teatro de Verano. Los fot\u00f3grafos y fot\u00f3grafas ser\u00e1n incorporados a la planilla t\u00e9cnica del conjunto, y ser\u00e1n registrados en la Intendencia como un t\u00e9cnico m\u00e1s del mismo. Eso los habilitar\u00e1 al ingreso con el conjunto, y al registro gr\u00e1fico de su actuaci\u00f3n. Es importante que los y las fot\u00f3grafas que trabajan con conjuntos, pidan a los directores responsables que los incorporen en la planilla t\u00e9cnica a presentar a la Intendencia.<\/p>\n<p>2) Con relaci\u00f3n a los medios de prensa escrita acreditados, podr\u00e1n realizar el registro gr\u00e1fico para ilustrar las notas de prensa (con la explicitaci\u00f3n del no uso comercial de las mismas).<\/p>\n<p>Hasta aqu\u00ed hubo acuerdo. El criterio de cu\u00e1les medios acreditar y cu\u00e1les no, sigue en manos de Daecpu como organizador del espect\u00e1culo.<\/p>\n","protected":false},"author":8,"featured_media":37665,"comment_status":"closed","ping_status":"closed","sticky":false,"template":"","format":"standard","meta":{"om_disable_all_campaigns":false,"ngg_post_thumbnail":0,"jnews-multi-image_gallery":[],"jnews_single_post":{"format":"standard","override":[{"template":"4","parallax":"1","layout":"right-sidebar","sidebar":"default-sidebar","second_sidebar":"default-sidebar","sticky_sidebar":"1","share_position":"bottom","share_float_style":"share-monocrhome","show_share_counter":"1","show_view_counter":"1","show_featured":"1","show_post_meta":"1","show_post_author":"1","show_post_author_image":"1","show_post_date":"1","post_date_format":"default","post_date_format_custom":"Y\/m\/d","show_post_category":"1","post_reading_time_wpm":"300","post_calculate_word_method":"str_word_count","zoom_button_out_step":"2","zoom_button_in_step":"3","show_post_tag":"1","show_prev_next_post":"1","show_popup_post":"1","show_comment_section":"1","number_popup_post":"1","show_author_box":"1","show_post_related":"0","show_inline_post_related":"0"}],"image_override":[{"single_post_thumbnail_size":"no-crop","single_post_gallery_size":"crop-500"}],"trending_post_position":"meta","trending_post_label":"Trending","sponsored_post_label":"Sponsored by","disable_ad":"0","subtitle":""},"jnews_primary_category":[],"jnews_social_meta":[],"jnews_override_counter":{"view_counter_number":"0","share_counter_number":"0","like_counter_number":"0","dislike_counter_number":"0"},"footnotes":""},"categories":[54],"tags":[2012,5640,4614,5639,5641,4613,5643,5642,1147],"class_list":["post-37663","post","type-post","status-publish","format-standard","has-post-thumbnail","hentry","category-articulos","tag-carnaval-de-uruguay","tag-concurso-oficial-de-carnaval","tag-daecpu","tag-javier-calvelo","tag-lara-robledo","tag-mariana-percovich","tag-ramiro-pallares","tag-secretaria-de-cultura-de-la-im","tag-teatro-de-verano"],"yoast_head":"<!-- This site is optimized with the Yoast SEO plugin v27.5 - https:\/\/yoast.com\/product\/yoast-seo-wordpress\/ -->\n<title>Secretaria de Cultura de la #IM respondi\u00f3 sobre Carta abierta de varios fot\u00f3grafos para Concurso de Carnaval en el Teatro de Verano - Cooltivarte Portal<\/title>\n<meta name=\"description\" content=\"Luego de un a\u00f1o de nuestra petici\u00f3n sobre acreditaci\u00f3n para que los fotoperiodistas independientes y de los medios de prensa nacionales y las agencias internacionales puedan fotografiar el concurso oficial de #carnaval en el #TeatroDeVerano no tenemos certezas.\" \/>\n<meta name=\"robots\" content=\"index, follow, max-snippet:-1, max-image-preview:large, max-video-preview:-1\" \/>\n<link rel=\"canonical\" href=\"https:\/\/cooltivarte.com\/portal\/secretaria-de-cultura-de-la-im-respondio-sobre-carta-abierta-de-varios-fotografos-para-concurso-de-carnaval-en-el-teatro-de-verano\/\" \/>\n<meta property=\"og:locale\" content=\"es_ES\" \/>\n<meta property=\"og:type\" content=\"article\" \/>\n<meta property=\"og:title\" content=\"Secretaria de Cultura de la #IM respondi\u00f3 sobre Carta abierta de varios fot\u00f3grafos para Concurso de Carnaval en el Teatro de Verano - Cooltivarte Portal\" \/>\n<meta property=\"og:description\" content=\"Luego de un a\u00f1o de nuestra petici\u00f3n sobre acreditaci\u00f3n para que los fotoperiodistas independientes y de los medios de prensa nacionales y las agencias internacionales puedan fotografiar el concurso oficial de #carnaval en el #TeatroDeVerano no tenemos certezas.\" \/>\n<meta property=\"og:url\" content=\"https:\/\/cooltivarte.com\/portal\/secretaria-de-cultura-de-la-im-respondio-sobre-carta-abierta-de-varios-fotografos-para-concurso-de-carnaval-en-el-teatro-de-verano\/\" \/>\n<meta property=\"og:site_name\" content=\"Cooltivarte Portal\" \/>\n<meta property=\"article:publisher\" content=\"https:\/\/www.facebook.com\/cooltivartecom\/\" \/>\n<meta property=\"article:author\" content=\"https:\/\/www.facebook.com\/cooltivartecom\" \/>\n<meta property=\"article:published_time\" content=\"2018-01-30T02:12:43+00:00\" \/>\n<meta property=\"article:modified_time\" content=\"2026-01-31T02:18:51+00:00\" \/>\n<meta property=\"og:image\" content=\"https:\/\/cooltivarte.com\/portal\/wp-content\/uploads\/2018\/01\/carnaval-uruguay-2018-foto-carlos-lebrato.jpg\" \/>\n\t<meta property=\"og:image:width\" content=\"1200\" \/>\n\t<meta property=\"og:image:height\" content=\"801\" \/>\n\t<meta property=\"og:image:type\" content=\"image\/jpeg\" \/>\n<meta name=\"author\" content=\"Cooltivarte\" \/>\n<meta name=\"twitter:card\" content=\"summary_large_image\" \/>\n<meta name=\"twitter:creator\" content=\"@https:\/\/x.com\/obolocultural\" \/>\n<meta name=\"twitter:site\" content=\"@obolocultural\" \/>\n<meta name=\"twitter:label1\" content=\"Escrito por\" \/>\n\t<meta name=\"twitter:data1\" content=\"Cooltivarte\" \/>\n\t<meta name=\"twitter:label2\" content=\"Tiempo de lectura\" \/>\n\t<meta name=\"twitter:data2\" content=\"4 minutos\" \/>\n<!-- \/ Yoast SEO plugin. -->","yoast_head_json":{"title":"Secretaria de Cultura de la #IM respondi\u00f3 sobre Carta abierta de varios fot\u00f3grafos para Concurso de Carnaval en el Teatro de Verano - Cooltivarte Portal","description":"Luego de un a\u00f1o de nuestra petici\u00f3n sobre acreditaci\u00f3n para que los fotoperiodistas independientes y de los medios de prensa nacionales y las agencias internacionales puedan fotografiar el concurso oficial de #carnaval en el #TeatroDeVerano no tenemos certezas.","robots":{"index":"index","follow":"follow","max-snippet":"max-snippet:-1","max-image-preview":"max-image-preview:large","max-video-preview":"max-video-preview:-1"},"canonical":"https:\/\/cooltivarte.com\/portal\/secretaria-de-cultura-de-la-im-respondio-sobre-carta-abierta-de-varios-fotografos-para-concurso-de-carnaval-en-el-teatro-de-verano\/","og_locale":"es_ES","og_type":"article","og_title":"Secretaria de Cultura de la #IM respondi\u00f3 sobre Carta abierta de varios fot\u00f3grafos para Concurso de Carnaval en el Teatro de Verano - Cooltivarte Portal","og_description":"Luego de un a\u00f1o de nuestra petici\u00f3n sobre acreditaci\u00f3n para que los fotoperiodistas independientes y de los medios de prensa nacionales y las agencias internacionales puedan fotografiar el concurso oficial de #carnaval en el #TeatroDeVerano no tenemos certezas.","og_url":"https:\/\/cooltivarte.com\/portal\/secretaria-de-cultura-de-la-im-respondio-sobre-carta-abierta-de-varios-fotografos-para-concurso-de-carnaval-en-el-teatro-de-verano\/","og_site_name":"Cooltivarte Portal","article_publisher":"https:\/\/www.facebook.com\/cooltivartecom\/","article_author":"https:\/\/www.facebook.com\/cooltivartecom","article_published_time":"2018-01-30T02:12:43+00:00","article_modified_time":"2026-01-31T02:18:51+00:00","og_image":[{"width":1200,"height":801,"url":"https:\/\/cooltivarte.com\/portal\/wp-content\/uploads\/2018\/01\/carnaval-uruguay-2018-foto-carlos-lebrato.jpg","type":"image\/jpeg"}],"author":"Cooltivarte","twitter_card":"summary_large_image","twitter_creator":"@https:\/\/x.com\/obolocultural","twitter_site":"@obolocultural","twitter_misc":{"Escrito por":"Cooltivarte","Tiempo de lectura":"4 minutos"},"schema":{"@context":"https:\/\/schema.org","@graph":[{"@type":"NewsArticle","@id":"https:\/\/cooltivarte.com\/portal\/secretaria-de-cultura-de-la-im-respondio-sobre-carta-abierta-de-varios-fotografos-para-concurso-de-carnaval-en-el-teatro-de-verano\/#article","isPartOf":{"@id":"https:\/\/cooltivarte.com\/portal\/secretaria-de-cultura-de-la-im-respondio-sobre-carta-abierta-de-varios-fotografos-para-concurso-de-carnaval-en-el-teatro-de-verano\/"},"author":{"name":"Cooltivarte","@id":"https:\/\/cooltivarte.com\/portal\/#\/schema\/person\/ec2a4f4e71b740d0c559c0ab9a157e19"},"headline":"Secretaria de Cultura de la #IM respondi\u00f3 sobre Carta abierta de varios fot\u00f3grafos para Concurso de Carnaval en el Teatro de Verano","datePublished":"2018-01-30T02:12:43+00:00","dateModified":"2026-01-31T02:18:51+00:00","mainEntityOfPage":{"@id":"https:\/\/cooltivarte.com\/portal\/secretaria-de-cultura-de-la-im-respondio-sobre-carta-abierta-de-varios-fotografos-para-concurso-de-carnaval-en-el-teatro-de-verano\/"},"wordCount":775,"publisher":{"@id":"https:\/\/cooltivarte.com\/portal\/#organization"},"image":{"@id":"https:\/\/cooltivarte.com\/portal\/secretaria-de-cultura-de-la-im-respondio-sobre-carta-abierta-de-varios-fotografos-para-concurso-de-carnaval-en-el-teatro-de-verano\/#primaryimage"},"thumbnailUrl":"https:\/\/cooltivarte.com\/portal\/wp-content\/uploads\/2018\/01\/carnaval-uruguay-2018-foto-carlos-lebrato.jpg","keywords":["Carnaval de Uruguay","concurso oficial de carnaval","Daecpu","Javier Calvelo","Lara Robledo","Mariana Percovich","Ramiro Pallares","secretaria de cultura de la IM","Teatro de Verano"],"articleSection":["Art\u00edculos"],"inLanguage":"es-AR"},{"@type":"WebPage","@id":"https:\/\/cooltivarte.com\/portal\/secretaria-de-cultura-de-la-im-respondio-sobre-carta-abierta-de-varios-fotografos-para-concurso-de-carnaval-en-el-teatro-de-verano\/","url":"https:\/\/cooltivarte.com\/portal\/secretaria-de-cultura-de-la-im-respondio-sobre-carta-abierta-de-varios-fotografos-para-concurso-de-carnaval-en-el-teatro-de-verano\/","name":"Secretaria de Cultura de la #IM respondi\u00f3 sobre Carta abierta de varios fot\u00f3grafos para Concurso de Carnaval en el Teatro de Verano - Cooltivarte Portal","isPartOf":{"@id":"https:\/\/cooltivarte.com\/portal\/#website"},"primaryImageOfPage":{"@id":"https:\/\/cooltivarte.com\/portal\/secretaria-de-cultura-de-la-im-respondio-sobre-carta-abierta-de-varios-fotografos-para-concurso-de-carnaval-en-el-teatro-de-verano\/#primaryimage"},"image":{"@id":"https:\/\/cooltivarte.com\/portal\/secretaria-de-cultura-de-la-im-respondio-sobre-carta-abierta-de-varios-fotografos-para-concurso-de-carnaval-en-el-teatro-de-verano\/#primaryimage"},"thumbnailUrl":"https:\/\/cooltivarte.com\/portal\/wp-content\/uploads\/2018\/01\/carnaval-uruguay-2018-foto-carlos-lebrato.jpg","datePublished":"2018-01-30T02:12:43+00:00","dateModified":"2026-01-31T02:18:51+00:00","description":"Luego de un a\u00f1o de nuestra petici\u00f3n sobre acreditaci\u00f3n para que los fotoperiodistas independientes y de los medios de prensa nacionales y las agencias internacionales puedan fotografiar el concurso oficial de #carnaval en el #TeatroDeVerano no tenemos certezas.","breadcrumb":{"@id":"https:\/\/cooltivarte.com\/portal\/secretaria-de-cultura-de-la-im-respondio-sobre-carta-abierta-de-varios-fotografos-para-concurso-de-carnaval-en-el-teatro-de-verano\/#breadcrumb"},"inLanguage":"es-AR","potentialAction":[{"@type":"ReadAction","target":["https:\/\/cooltivarte.com\/portal\/secretaria-de-cultura-de-la-im-respondio-sobre-carta-abierta-de-varios-fotografos-para-concurso-de-carnaval-en-el-teatro-de-verano\/"]}]},{"@type":"ImageObject","inLanguage":"es-AR","@id":"https:\/\/cooltivarte.com\/portal\/secretaria-de-cultura-de-la-im-respondio-sobre-carta-abierta-de-varios-fotografos-para-concurso-de-carnaval-en-el-teatro-de-verano\/#primaryimage","url":"https:\/\/cooltivarte.com\/portal\/wp-content\/uploads\/2018\/01\/carnaval-uruguay-2018-foto-carlos-lebrato.jpg","contentUrl":"https:\/\/cooltivarte.com\/portal\/wp-content\/uploads\/2018\/01\/carnaval-uruguay-2018-foto-carlos-lebrato.jpg","width":1200,"height":801,"caption":"carnaval-uruguay-2018-foto-carlos-lebrato"},{"@type":"BreadcrumbList","@id":"https:\/\/cooltivarte.com\/portal\/secretaria-de-cultura-de-la-im-respondio-sobre-carta-abierta-de-varios-fotografos-para-concurso-de-carnaval-en-el-teatro-de-verano\/#breadcrumb","itemListElement":[{"@type":"ListItem","position":1,"name":"Portada","item":"https:\/\/cooltivarte.com\/portal\/"},{"@type":"ListItem","position":2,"name":"Secretaria de Cultura de la #IM respondi\u00f3 sobre Carta abierta de varios fot\u00f3grafos para Concurso de Carnaval en el Teatro de Verano"}]},{"@type":"WebSite","@id":"https:\/\/cooltivarte.com\/portal\/#website","url":"https:\/\/cooltivarte.com\/portal\/","name":"Cooltivarte Portal","description":"Arte, cultura y turismo para el mundo ...","publisher":{"@id":"https:\/\/cooltivarte.com\/portal\/#organization"},"potentialAction":[{"@type":"SearchAction","target":{"@type":"EntryPoint","urlTemplate":"https:\/\/cooltivarte.com\/portal\/?s={search_term_string}"},"query-input":{"@type":"PropertyValueSpecification","valueRequired":true,"valueName":"search_term_string"}}],"inLanguage":"es-AR"},{"@type":"Organization","@id":"https:\/\/cooltivarte.com\/portal\/#organization","name":"cooltivarte","url":"https:\/\/cooltivarte.com\/portal\/","logo":{"@type":"ImageObject","inLanguage":"es-AR","@id":"https:\/\/cooltivarte.com\/portal\/#\/schema\/logo\/image\/","url":"https:\/\/cooltivarte.com\/portal\/wp-content\/uploads\/2020\/04\/logo-cooltivarte-v2.png","contentUrl":"https:\/\/cooltivarte.com\/portal\/wp-content\/uploads\/2020\/04\/logo-cooltivarte-v2.png","width":851,"height":243,"caption":"cooltivarte"},"image":{"@id":"https:\/\/cooltivarte.com\/portal\/#\/schema\/logo\/image\/"},"sameAs":["https:\/\/www.facebook.com\/cooltivartecom\/","https:\/\/x.com\/obolocultural","https:\/\/www.instagram.com\/_cooltivarte_\/","https:\/\/www.linkedin.com\/company\/-bolocultural?reportsuccess=8zaNG1HwhPbAR9iQhZ5rfGeqz_vQFftHun0ZWU0Wy9vNemRJ8vtcKdJvzQfW8XagyOJSKg0XvfJ1dp","https:\/\/www.pinterest.com\/cooltivarte\/","https:\/\/cooltivarte.tumblr.com\/","https:\/\/www.tiktok.com\/@cooltivarte","https:\/\/www.youtube.com\/@PrensaCooltivarte"]},{"@type":"Person","@id":"https:\/\/cooltivarte.com\/portal\/#\/schema\/person\/ec2a4f4e71b740d0c559c0ab9a157e19","name":"Cooltivarte","image":{"@type":"ImageObject","inLanguage":"es-AR","@id":"https:\/\/cooltivarte.com\/portal\/wp-content\/uploads\/2014\/05\/logo-cooltivarte-120x120.jpg","url":"https:\/\/cooltivarte.com\/portal\/wp-content\/uploads\/2014\/05\/logo-cooltivarte-120x120.jpg","contentUrl":"https:\/\/cooltivarte.com\/portal\/wp-content\/uploads\/2014\/05\/logo-cooltivarte-120x120.jpg","caption":"Cooltivarte"},"description":"Somos COOLTIVARTE.COM. Un portal digital dedicado a difundir el acontecer art\u00edstico y cultural del Uruguay. Estamos en la vuelta desde el a\u00f1o 2003, y como evoluci\u00f3n del bolet\u00edn Obolo Cultural, nos encontramos abocados a apoyar a los artistas nacionales brind\u00e1ndoles un espacio de difusi\u00f3n. Creemos en la idea de utilizar la potencialidad que hoy d\u00eda nos otorga la web, para que la cultura uruguaya y sus creadores dispongan de una din\u00e1mica ventana, que los ponga en contacto entre s\u00ed y con el mundo. Somos COOLTIVARTE.COM y pretendemos configurarnos como un portal din\u00e1mico, entretenido y atento a los nuevos emprendimientos, que busque siempre la interacci\u00f3n con los artistas.","sameAs":["http:\/\/www.cooltivarte.com","https:\/\/www.facebook.com\/cooltivartecom","https:\/\/www.instagram.com\/_cooltivarte_\/","https:\/\/www.linkedin.com\/company\/-bolocultural","https:\/\/www.pinterest.com\/cooltivarte\/","https:\/\/x.com\/https:\/\/x.com\/obolocultural","https:\/\/www.youtube.com\/@PrensaCooltivarte","https:\/\/www.tumblr.com\/blog\/cooltivarte"],"url":"https:\/\/cooltivarte.com\/portal\/author\/cooltivarte\/"}]}},"_links":{"self":[{"href":"https:\/\/cooltivarte.com\/portal\/wp-json\/wp\/v2\/posts\/37663","targetHints":{"allow":["GET"]}}],"collection":[{"href":"https:\/\/cooltivarte.com\/portal\/wp-json\/wp\/v2\/posts"}],"about":[{"href":"https:\/\/cooltivarte.com\/portal\/wp-json\/wp\/v2\/types\/post"}],"author":[{"embeddable":true,"href":"https:\/\/cooltivarte.com\/portal\/wp-json\/wp\/v2\/users\/8"}],"replies":[{"embeddable":true,"href":"https:\/\/cooltivarte.com\/portal\/wp-json\/wp\/v2\/comments?post=37663"}],"version-history":[{"count":6,"href":"https:\/\/cooltivarte.com\/portal\/wp-json\/wp\/v2\/posts\/37663\/revisions"}],"predecessor-version":[{"id":122342,"href":"https:\/\/cooltivarte.com\/portal\/wp-json\/wp\/v2\/posts\/37663\/revisions\/122342"}],"wp:featuredmedia":[{"embeddable":true,"href":"https:\/\/cooltivarte.com\/portal\/wp-json\/wp\/v2\/media\/37665"}],"wp:attachment":[{"href":"https:\/\/cooltivarte.com\/portal\/wp-json\/wp\/v2\/media?parent=37663"}],"wp:term":[{"taxonomy":"category","embeddable":true,"href":"https:\/\/cooltivarte.com\/portal\/wp-json\/wp\/v2\/categories?post=37663"},{"taxonomy":"post_tag","embeddable":true,"href":"https:\/\/cooltivarte.com\/portal\/wp-json\/wp\/v2\/tags?post=37663"}],"curies":[{"name":"wp","href":"https:\/\/api.w.org\/{rel}","templated":true}]}}