{"id":37368,"date":"2017-12-29T11:34:51","date_gmt":"2017-12-29T14:34:51","guid":{"rendered":"http:\/\/cooltivarte.com\/portal\/?p=37368"},"modified":"2017-12-29T11:34:51","modified_gmt":"2017-12-29T14:34:51","slug":"despues-te-explico-navidad-en-las-canteras-2017","status":"publish","type":"post","link":"https:\/\/cooltivarte.com\/portal\/despues-te-explico-navidad-en-las-canteras-2017\/","title":{"rendered":"Despues te Explico &#8211; Navidad en las Canteras 2017"},"content":{"rendered":"<p>Navidad en Las Canteras 24.12 &#8211; mediod\u00eda entre amigos<\/p>\n<p>El 24 de Diciembre en las <strong>Canteras del Parque Rod\u00f3<\/strong> festejaron la Navidad entre amigos!<\/p>\n<p><strong>TURF<\/strong> en vivo!!!<\/p>\n<p>Los de siempre:<\/p>\n<p><strong>&#8211; Reggae Poppins! banda amiga que te hace mover en cada una de nuestras fiestas!<\/strong><br \/>\n<strong> &#8211; warm-up Dj Fafa Rafael Rodriguez Larreta<\/strong><br \/>\n<strong> &#8211; Dj Fatal (Maxi Arrieri) a todo Funk<\/strong><br \/>\n<strong> &#8211; Dj Miguel Pietrafesa (residente de \u00a8Despu\u00e9s te explico\u00a8) para que bailes todo lo que queres escuchar.<\/strong><br \/>\n<strong> &#8211; Cuerda de tambores Cuareim 1080<\/strong><br \/>\n<strong> &#8211; Y faltan un par de BOMBAS que vamos a anunciar esta semana&#8230;<\/strong><\/p>\n<p>Los que se suman:<\/p>\n<p><strong>&#8211; Caro Gloodtdofsky &amp; Felipe Sardina<\/strong><br \/>\n<strong> &#8211; Felipe Baldomir con Always Aloha<\/strong><\/p>\n<p>&nbsp;<\/p>\n<p>[justified_image_grid facebook_id=163210523725869 facebook_album=1566744093372498]<\/p>\n<p>&nbsp;<\/p>\n<p>&nbsp;<\/p>\n","protected":false},"excerpt":{"rendered":"<p>Navidad en Las Canteras 24.12 &#8211; mediod\u00eda entre amigos El 24 de Diciembre en las Canteras del Parque Rod\u00f3 festejaron la Navidad entre amigos! TURF en vivo!!! Los de siempre: &#8211; Reggae Poppins! banda amiga que te hace mover en cada una de nuestras fiestas! &#8211; warm-up Dj Fafa Rafael Rodriguez Larreta &#8211; Dj Fatal [&hellip;]<\/p>\n","protected":false},"author":72,"featured_media":37369,"comment_status":"closed","ping_status":"closed","sticky":false,"template":"","format":"standard","meta":{"om_disable_all_campaigns":false,"ngg_post_thumbnail":0,"jnews-multi-image_gallery":[],"jnews_single_post":[],"jnews_primary_category":[],"jnews_social_meta":[],"jnews_override_counter":[],"footnotes":""},"categories":[50],"tags":[5511,5512,1269],"class_list":["post-37368","post","type-post","status-publish","format-standard","has-post-thumbnail","hentry","category-coberturas","tag-despues-te-explico","tag-navidad-en-las-canteras","tag-parque-rodo"],"yoast_head":"<!-- This site is optimized with the Yoast SEO plugin v27.5 - https:\/\/yoast.com\/product\/yoast-seo-wordpress\/ -->\n<title>Despues te Explico - Navidad en las Canteras 2017 - Cooltivarte Portal<\/title>\n<meta name=\"description\" content=\"COOLTIVARTE.COM es un portal digital colaborativo de actualizaci\u00f3n permanente dedicado a difundir el acontecer art\u00edstico y cultural, entrevista artistas, gestores y productores de las diferentes disciplinas del arte, y publicando art\u00edculos de reflexi\u00f3n de producci\u00f3n propia sobre los elementos culturales.\" \/>\n<meta name=\"robots\" content=\"index, follow, max-snippet:-1, max-image-preview:large, max-video-preview:-1\" \/>\n<link rel=\"canonical\" href=\"https:\/\/cooltivarte.com\/portal\/despues-te-explico-navidad-en-las-canteras-2017\/\" \/>\n<meta property=\"og:locale\" content=\"es_ES\" \/>\n<meta property=\"og:type\" content=\"article\" \/>\n<meta property=\"og:title\" content=\"Despues te Explico - Navidad en las Canteras 2017 - Cooltivarte Portal\" \/>\n<meta property=\"og:description\" content=\"COOLTIVARTE.COM es un portal digital colaborativo de actualizaci\u00f3n permanente dedicado a difundir el acontecer art\u00edstico y cultural, entrevista artistas, gestores y productores de las diferentes disciplinas del arte, y publicando art\u00edculos de reflexi\u00f3n de producci\u00f3n propia sobre los elementos culturales.\" \/>\n<meta property=\"og:url\" content=\"https:\/\/cooltivarte.com\/portal\/despues-te-explico-navidad-en-las-canteras-2017\/\" \/>\n<meta property=\"og:site_name\" content=\"Cooltivarte Portal\" \/>\n<meta property=\"article:publisher\" content=\"https:\/\/www.facebook.com\/cooltivartecom\/\" \/>\n<meta property=\"article:author\" content=\"https:\/\/www.facebook.com\/photobookuruguay\" \/>\n<meta property=\"article:published_time\" content=\"2017-12-29T14:34:51+00:00\" \/>\n<meta property=\"og:image\" content=\"https:\/\/cooltivarte.com\/portal\/wp-content\/uploads\/2017\/12\/Despues-te-Explico-diciembre-2017-Navidad-en-las-Canteras-foto-martin-pereira.jpg\" \/>\n\t<meta property=\"og:image:width\" content=\"1024\" \/>\n\t<meta property=\"og:image:height\" content=\"683\" \/>\n\t<meta property=\"og:image:type\" content=\"image\/jpeg\" \/>\n<meta name=\"author\" content=\"Martin Pereira\" \/>\n<meta name=\"twitter:card\" content=\"summary_large_image\" \/>\n<meta name=\"twitter:creator\" content=\"@https:\/\/x.com\/Photobookuy\" \/>\n<meta name=\"twitter:site\" content=\"@obolocultural\" \/>\n<meta name=\"twitter:label1\" content=\"Escrito por\" \/>\n\t<meta name=\"twitter:data1\" content=\"Martin Pereira\" \/>\n\t<meta name=\"twitter:label2\" content=\"Tiempo de lectura\" \/>\n\t<meta name=\"twitter:data2\" content=\"1 minuto\" \/>\n<!-- \/ Yoast SEO plugin. -->","yoast_head_json":{"title":"Despues te Explico - Navidad en las Canteras 2017 - Cooltivarte Portal","description":"COOLTIVARTE.COM es un portal digital colaborativo de actualizaci\u00f3n permanente dedicado a difundir el acontecer art\u00edstico y cultural, entrevista artistas, gestores y productores de las diferentes disciplinas del arte, y publicando art\u00edculos de reflexi\u00f3n de producci\u00f3n propia sobre los elementos culturales.","robots":{"index":"index","follow":"follow","max-snippet":"max-snippet:-1","max-image-preview":"max-image-preview:large","max-video-preview":"max-video-preview:-1"},"canonical":"https:\/\/cooltivarte.com\/portal\/despues-te-explico-navidad-en-las-canteras-2017\/","og_locale":"es_ES","og_type":"article","og_title":"Despues te Explico - Navidad en las Canteras 2017 - Cooltivarte Portal","og_description":"COOLTIVARTE.COM es un portal digital colaborativo de actualizaci\u00f3n permanente dedicado a difundir el acontecer art\u00edstico y cultural, entrevista artistas, gestores y productores de las diferentes disciplinas del arte, y publicando art\u00edculos de reflexi\u00f3n de producci\u00f3n propia sobre los elementos culturales.","og_url":"https:\/\/cooltivarte.com\/portal\/despues-te-explico-navidad-en-las-canteras-2017\/","og_site_name":"Cooltivarte Portal","article_publisher":"https:\/\/www.facebook.com\/cooltivartecom\/","article_author":"https:\/\/www.facebook.com\/photobookuruguay","article_published_time":"2017-12-29T14:34:51+00:00","og_image":[{"width":1024,"height":683,"url":"https:\/\/cooltivarte.com\/portal\/wp-content\/uploads\/2017\/12\/Despues-te-Explico-diciembre-2017-Navidad-en-las-Canteras-foto-martin-pereira.jpg","type":"image\/jpeg"}],"author":"Martin Pereira","twitter_card":"summary_large_image","twitter_creator":"@https:\/\/x.com\/Photobookuy","twitter_site":"@obolocultural","twitter_misc":{"Escrito por":"Martin Pereira","Tiempo de lectura":"1 minuto"},"schema":{"@context":"https:\/\/schema.org","@graph":[{"@type":"NewsArticle","@id":"https:\/\/cooltivarte.com\/portal\/despues-te-explico-navidad-en-las-canteras-2017\/#article","isPartOf":{"@id":"https:\/\/cooltivarte.com\/portal\/despues-te-explico-navidad-en-las-canteras-2017\/"},"author":{"name":"Martin Pereira","@id":"https:\/\/cooltivarte.com\/portal\/#\/schema\/person\/b2e4c065e3904d17917cfdfd0e18ce0c"},"headline":"Despues te Explico &#8211; Navidad en las Canteras 2017","datePublished":"2017-12-29T14:34:51+00:00","mainEntityOfPage":{"@id":"https:\/\/cooltivarte.com\/portal\/despues-te-explico-navidad-en-las-canteras-2017\/"},"wordCount":129,"publisher":{"@id":"https:\/\/cooltivarte.com\/portal\/#organization"},"image":{"@id":"https:\/\/cooltivarte.com\/portal\/despues-te-explico-navidad-en-las-canteras-2017\/#primaryimage"},"thumbnailUrl":"https:\/\/cooltivarte.com\/portal\/wp-content\/uploads\/2017\/12\/Despues-te-Explico-diciembre-2017-Navidad-en-las-Canteras-foto-martin-pereira.jpg","keywords":["Despues te Explico","Navidad en las Canteras","Parque Rod\u00f3"],"articleSection":["Coberturas"],"inLanguage":"es-AR"},{"@type":"WebPage","@id":"https:\/\/cooltivarte.com\/portal\/despues-te-explico-navidad-en-las-canteras-2017\/","url":"https:\/\/cooltivarte.com\/portal\/despues-te-explico-navidad-en-las-canteras-2017\/","name":"Despues te Explico - Navidad en las Canteras 2017 - Cooltivarte Portal","isPartOf":{"@id":"https:\/\/cooltivarte.com\/portal\/#website"},"primaryImageOfPage":{"@id":"https:\/\/cooltivarte.com\/portal\/despues-te-explico-navidad-en-las-canteras-2017\/#primaryimage"},"image":{"@id":"https:\/\/cooltivarte.com\/portal\/despues-te-explico-navidad-en-las-canteras-2017\/#primaryimage"},"thumbnailUrl":"https:\/\/cooltivarte.com\/portal\/wp-content\/uploads\/2017\/12\/Despues-te-Explico-diciembre-2017-Navidad-en-las-Canteras-foto-martin-pereira.jpg","datePublished":"2017-12-29T14:34:51+00:00","description":"COOLTIVARTE.COM es un portal digital colaborativo de actualizaci\u00f3n permanente dedicado a difundir el acontecer art\u00edstico y cultural, entrevista artistas, gestores y productores de las diferentes disciplinas del arte, y publicando art\u00edculos de reflexi\u00f3n de producci\u00f3n propia sobre los elementos culturales.","breadcrumb":{"@id":"https:\/\/cooltivarte.com\/portal\/despues-te-explico-navidad-en-las-canteras-2017\/#breadcrumb"},"inLanguage":"es-AR","potentialAction":[{"@type":"ReadAction","target":["https:\/\/cooltivarte.com\/portal\/despues-te-explico-navidad-en-las-canteras-2017\/"]}]},{"@type":"ImageObject","inLanguage":"es-AR","@id":"https:\/\/cooltivarte.com\/portal\/despues-te-explico-navidad-en-las-canteras-2017\/#primaryimage","url":"https:\/\/cooltivarte.com\/portal\/wp-content\/uploads\/2017\/12\/Despues-te-Explico-diciembre-2017-Navidad-en-las-Canteras-foto-martin-pereira.jpg","contentUrl":"https:\/\/cooltivarte.com\/portal\/wp-content\/uploads\/2017\/12\/Despues-te-Explico-diciembre-2017-Navidad-en-las-Canteras-foto-martin-pereira.jpg","width":1024,"height":683,"caption":"Despues te Explico 2017 - Navidad en las Canteras Turf Caro Gloodtdofsky Felipe Baldomir Foto \u00a9 Martin Pereira"},{"@type":"BreadcrumbList","@id":"https:\/\/cooltivarte.com\/portal\/despues-te-explico-navidad-en-las-canteras-2017\/#breadcrumb","itemListElement":[{"@type":"ListItem","position":1,"name":"Portada","item":"https:\/\/cooltivarte.com\/portal\/"},{"@type":"ListItem","position":2,"name":"Despues te Explico &#8211; Navidad en las Canteras 2017"}]},{"@type":"WebSite","@id":"https:\/\/cooltivarte.com\/portal\/#website","url":"https:\/\/cooltivarte.com\/portal\/","name":"Cooltivarte Portal","description":"Arte, cultura y turismo para el mundo ...","publisher":{"@id":"https:\/\/cooltivarte.com\/portal\/#organization"},"potentialAction":[{"@type":"SearchAction","target":{"@type":"EntryPoint","urlTemplate":"https:\/\/cooltivarte.com\/portal\/?s={search_term_string}"},"query-input":{"@type":"PropertyValueSpecification","valueRequired":true,"valueName":"search_term_string"}}],"inLanguage":"es-AR"},{"@type":"Organization","@id":"https:\/\/cooltivarte.com\/portal\/#organization","name":"cooltivarte","url":"https:\/\/cooltivarte.com\/portal\/","logo":{"@type":"ImageObject","inLanguage":"es-AR","@id":"https:\/\/cooltivarte.com\/portal\/#\/schema\/logo\/image\/","url":"https:\/\/cooltivarte.com\/portal\/wp-content\/uploads\/2020\/04\/logo-cooltivarte-v2.png","contentUrl":"https:\/\/cooltivarte.com\/portal\/wp-content\/uploads\/2020\/04\/logo-cooltivarte-v2.png","width":851,"height":243,"caption":"cooltivarte"},"image":{"@id":"https:\/\/cooltivarte.com\/portal\/#\/schema\/logo\/image\/"},"sameAs":["https:\/\/www.facebook.com\/cooltivartecom\/","https:\/\/x.com\/obolocultural","https:\/\/www.instagram.com\/_cooltivarte_\/","https:\/\/www.linkedin.com\/company\/-bolocultural?reportsuccess=8zaNG1HwhPbAR9iQhZ5rfGeqz_vQFftHun0ZWU0Wy9vNemRJ8vtcKdJvzQfW8XagyOJSKg0XvfJ1dp","https:\/\/www.pinterest.com\/cooltivarte\/","https:\/\/cooltivarte.tumblr.com\/","https:\/\/www.tiktok.com\/@cooltivarte","https:\/\/www.youtube.com\/@PrensaCooltivarte"]},{"@type":"Person","@id":"https:\/\/cooltivarte.com\/portal\/#\/schema\/person\/b2e4c065e3904d17917cfdfd0e18ce0c","name":"Martin Pereira","image":{"@type":"ImageObject","inLanguage":"es-AR","@id":"https:\/\/cooltivarte.com\/portal\/wp-content\/uploads\/2015\/09\/Martin-Pereira.jpg","url":"https:\/\/cooltivarte.com\/portal\/wp-content\/uploads\/2015\/09\/Martin-Pereira.jpg","contentUrl":"https:\/\/cooltivarte.com\/portal\/wp-content\/uploads\/2015\/09\/Martin-Pereira.jpg","caption":"Martin Pereira"},"description":"Nace en los setentas en una c\u00e1rcel como muchos amigos. Con el peso de la dictadura, padres presos celdas peque\u00f1as con ausencia de sol Algo parecido a una caja negra Capas por ah\u00ed, luego de muchos a\u00f1os de trabajar con sonido y Backline en escenarios de todo el pa\u00eds, la fotograf\u00eda surge como algo l\u00f3gico consejos de amigos, internet y luego el gran Taller Aquelarre con Lilian Castro, Annabella Balduvino y Adrian Marquis ayudan a su formaci\u00f3n. Hoy hace unos cuantos a\u00f1os que se dedica a la doble tarea de sonido Backline fotograf\u00eda. Trabaja con fotograf\u00eda en su estudio. Realizo muestras fotogr\u00e1ficas en Montevideo e interior del pa\u00eds. Sus Fotograf\u00eda se publican en medios nacionales e internacionales. Habiendo trabajado en la mayor\u00eda de shows internacionales y con casi la totalidad de m\u00fasicos nacionales hoy lleva consigo un mill\u00f3n de im\u00e1genes para compartir. EL estar en ambos lados del escenario tal vez es parte de su mirada. Actualmente dirige La Zapada empresa que fund\u00f3 hace m\u00e1s de 20 a\u00f1os. Funciona como una escuela de sonido, estudio de grabaci\u00f3n, Backline y Salas de ensayo. Y comienza a trabajar con proyectos audiovisuales con bandas nacionales. A podido trabajar con todos sus \u00eddolos menos Sting, pero ya ya se va a dar. Se incorpora a cooltivarte en 2015.","sameAs":["http:\/\/ims.com.uy\/","https:\/\/www.facebook.com\/photobookuruguay","https:\/\/www.instagram.com\/_cooltivarte_\/","https:\/\/www.linkedin.com\/company\/-bolocultural","https:\/\/www.pinterest.com\/cooltivarte","https:\/\/x.com\/https:\/\/x.com\/Photobookuy","https:\/\/www.youtube.com\/@PrensaCooltivarte","https:\/\/www.tumblr.com\/blog\/cooltivarte"],"url":"https:\/\/cooltivarte.com\/portal\/author\/martin-pereira\/"}]}},"_links":{"self":[{"href":"https:\/\/cooltivarte.com\/portal\/wp-json\/wp\/v2\/posts\/37368","targetHints":{"allow":["GET"]}}],"collection":[{"href":"https:\/\/cooltivarte.com\/portal\/wp-json\/wp\/v2\/posts"}],"about":[{"href":"https:\/\/cooltivarte.com\/portal\/wp-json\/wp\/v2\/types\/post"}],"author":[{"embeddable":true,"href":"https:\/\/cooltivarte.com\/portal\/wp-json\/wp\/v2\/users\/72"}],"replies":[{"embeddable":true,"href":"https:\/\/cooltivarte.com\/portal\/wp-json\/wp\/v2\/comments?post=37368"}],"version-history":[{"count":1,"href":"https:\/\/cooltivarte.com\/portal\/wp-json\/wp\/v2\/posts\/37368\/revisions"}],"predecessor-version":[{"id":37370,"href":"https:\/\/cooltivarte.com\/portal\/wp-json\/wp\/v2\/posts\/37368\/revisions\/37370"}],"wp:featuredmedia":[{"embeddable":true,"href":"https:\/\/cooltivarte.com\/portal\/wp-json\/wp\/v2\/media\/37369"}],"wp:attachment":[{"href":"https:\/\/cooltivarte.com\/portal\/wp-json\/wp\/v2\/media?parent=37368"}],"wp:term":[{"taxonomy":"category","embeddable":true,"href":"https:\/\/cooltivarte.com\/portal\/wp-json\/wp\/v2\/categories?post=37368"},{"taxonomy":"post_tag","embeddable":true,"href":"https:\/\/cooltivarte.com\/portal\/wp-json\/wp\/v2\/tags?post=37368"}],"curies":[{"name":"wp","href":"https:\/\/api.w.org\/{rel}","templated":true}]}}