{"id":3698,"date":"2013-01-25T11:37:24","date_gmt":"2013-01-25T11:37:24","guid":{"rendered":"http:\/\/cooltivarte.com\/portal\/?p=3698"},"modified":"2024-03-09T20:23:09","modified_gmt":"2024-03-09T23:23:09","slug":"subjetividades-entrevista-a-laura-alonso","status":"publish","type":"post","link":"https:\/\/cooltivarte.com\/portal\/subjetividades-entrevista-a-laura-alonso\/","title":{"rendered":"Subjetividades, entrevista a Laura Alonso"},"content":{"rendered":"<figure id=\"attachment_58477\" aria-describedby=\"caption-attachment-58477\" style=\"width: 1024px\" class=\"wp-caption aligncenter\"><img fetchpriority=\"high\" decoding=\"async\" class=\"wp-image-58477 size-full\" title=\"Fotorreportaje a Laura Alonso- Mayo 2016 - Fotos Paola Scagliotti\" src=\"https:\/\/cooltivarte.com\/portal\/wp-content\/uploads\/2013\/01\/Laura-Alonso-foto-Paola-Scagliotti-www-cooltivarte-com.jpg\" alt=\"Fotorreportaje a Laura Alonso- Mayo 2016 - Fotos Paola Scagliotti www cooltivarte com\" width=\"1024\" height=\"678\" srcset=\"https:\/\/cooltivarte.com\/portal\/wp-content\/uploads\/2013\/01\/Laura-Alonso-foto-Paola-Scagliotti-www-cooltivarte-com.jpg 1024w, https:\/\/cooltivarte.com\/portal\/wp-content\/uploads\/2013\/01\/Laura-Alonso-foto-Paola-Scagliotti-www-cooltivarte-com-300x199.jpg 300w, https:\/\/cooltivarte.com\/portal\/wp-content\/uploads\/2013\/01\/Laura-Alonso-foto-Paola-Scagliotti-www-cooltivarte-com-768x509.jpg 768w\" sizes=\"(max-width: 1024px) 100vw, 1024px\" \/><figcaption id=\"caption-attachment-58477\" class=\"wp-caption-text\">Fotorreportaje a Laura Alonso- Mayo 2016 &#8211; Fotos Paola Scagliotti<\/figcaption><\/figure>\n<p>&nbsp;<\/p>\n<p>Enero 2013<\/p>\n<p style=\"text-align: justify;\">Hace ya un tiempo, desde este mismo portal, hab\u00edamos entrevistado brevemente a <strong><a href=\"https:\/\/cooltivarte.com\/portal\/?s=Laura+Alonso\" target=\"_blank\" rel=\"noopener\">Laura Alonso<\/a><\/strong>. Con la idea de profundizar m\u00e1s en lo que nos pueda contar la poeta, es que la buscamos nuevamente. Qu\u00e9 la motiva a escribir, qu\u00e9 es para ella la poes\u00eda hoy, si se siente parte de una generaci\u00f3n de poetas; son s\u00f3lo algunas de las cuestiones que le proponemos a Laura para que nos responda. Perspicaz, obsesiva, y consciente de que la poes\u00eda es su lugar en el mundo, ella se incorpora a nuestro Quinto Desvelo, confesando y pregunt\u00e1ndose sin verg\u00fcenzas.<\/p>\n<h2 style=\"text-align: justify;\">\u201cCreo que puedo pasar raya en una letra de Arjona y decir que no es poes\u00eda pero siempre desde un universo de est\u00edmulos, tesoros e imaginarios acotados pero en despensa, en m\u00ed. Y sin embargo, tengo que poner el o\u00eddo en eso: \u00bfpor qu\u00e9 funciona?, \u00bfqu\u00e9 cosa hay ah\u00ed que alguien \u2013muchos- buscan y necesitan?\u201d<\/h2>\n<p style=\"text-align: justify;\"><strong>-\u00bfC\u00f3mo es editar poes\u00eda hoy en Uruguay?<\/strong><\/p>\n<p style=\"text-align: justify;\">-Un asunto perverso: un mecanismo circular: un consumo acotado, demanda peque\u00f1a (as\u00ed, todo en t\u00e9rminos de mercado fr\u00edo y duro), una apuesta que casi siempre depende del bolsillo entero de los poetas (que desbalancea cualquier forma de valoraci\u00f3n est\u00e9tica; o la desequilibra), o de la afortunada gracia de un concurso con edici\u00f3n incluida en el premio y un jurado que no pretenda perpetuar su propia vida literaria a trav\u00e9s de lo que refrenda (una puja vac\u00eda de cr\u00edtica activa se torna mera pelea de poder; \u201cel pedacito que hay es m\u00edo y de los que cierran de alg\u00fan modo mi propuesta\u201d) , una frustraci\u00f3n casi segura en t\u00e9rminos de recepci\u00f3n (salvo por el circuito que lo rodea a uno \u2013que tambi\u00e9n pervierte perceptivamente-)<br \/>\nSiempre hay excepciones pero en t\u00e9rminos generales, esa es la cancha de publicar poes\u00eda. Cruda como la de un parado. Uno que golpea puertas intentando dar con quien vea valor en tu libro y monte un mecanismo m\u00e1s o menos serio para no vivir de vos. Y tambi\u00e9n esto trastorna la capacidad de valoraci\u00f3n. O es producto, justo, de la mayor complejidad del valor de la poes\u00eda: cuando va al objeto libro es una mercanc\u00eda igual a un sill\u00f3n Barcelona o a una cafetera (estoy suponiendo que hablamos de esa forma de edici\u00f3n)<br \/>\nDespu\u00e9s y por ahora, tenemos Internet. Gratis. O las fotocopias, baratas. F\u00e1ciles de hacer. Y subirse a un bus.<\/p>\n<p style=\"text-align: justify;\"><strong>-\u00bfCu\u00e1l es tu motivaci\u00f3n a la hora de escribir?<\/strong><\/p>\n<p style=\"text-align: justify;\">-Ya no tengo idea. Una necesidad desesperada de zanjarme en una Otredad desconocida e imposible de dilucidar. Una especie de clarividencia sobre cosas que me pasan por encima. Una disconformidad con los hechos. El grito \u00fanico que puedo dar en la marea informe (o el balbuceo).<\/p>\n<p style=\"text-align: justify;\"><strong>\u00bfTe encuentras \u201cbloqueada\u201d en alg\u00fan momento?<\/strong><\/p>\n<p style=\"text-align: justify;\">Ya no pienso en el bloqueo. La escritura sucede m\u00e1s all\u00e1 del deseo. Sucede (o no) Cuando estoy en ese estado s\u00edmil a lo que se llama bloqueo escribo sandeces. Mi producci\u00f3n de sandeces es mayor que cualquier esbozo de brillantez literaria que haya tenido (si tuve) Sobrevivo mejor sin preocuparme por ello.<\/p>\n<p style=\"text-align: justify;\"><strong>-\u00bfCu\u00e1l crees que es el perfil del lector de poes\u00eda?<\/strong><\/p>\n<p style=\"text-align: justify;\">-\u00bfCu\u00e1l poes\u00eda?, \u00bfa qu\u00e9 llamamos poes\u00eda HOY? La verdad, UN PERFIL, ni idea. Me he asombrado de gente que no lee lo que as\u00ed denominamos culta y culturosamente, POES\u00cdA. De su agudeza, de su percepci\u00f3n. De su construcci\u00f3n est\u00e9tica (que parece una mala palabra entre algunos poetas; como si estuviera reservada a las cl\u00ednicas de recauchutaje corporal) Hasta para poner un mantel. Creo que puedo pasar raya en una letra de Arjona y decir que no es poes\u00eda pero siempre desde un universo de est\u00edmulos, tesoros e imaginarios acotados pero en despensa, en m\u00ed. Y sin embargo, tengo que poner el o\u00eddo en eso: \u00bfpor qu\u00e9 funciona?, \u00bfqu\u00e9 cosa hay ah\u00ed que alguien \u2013muchos- buscan y necesitan?<br \/>\nM\u00e1s que perfil (que es m\u00e1s un t\u00e9rmino de marketing) me preguntar\u00eda que subjetividades se cuelgan en ciertos asuntos y porqu\u00e9. No para reproducirlo sino para atender humanamente como se manifiestan las alegr\u00edas y tristezas y las esperanzas de los otros a trav\u00e9s de su recepci\u00f3n. Para escuchar algo que se manifiesta tambi\u00e9n en sus elecciones est\u00e9ticas y que habla de la tripa de algo.<\/p>\n<p style=\"text-align: justify;\">\u201c\u00bfY para qu\u00e9 poetas en tiempos de penuria?\u201d dec\u00eda H\u00f6lderlin. Pues tambi\u00e9n para eso: cajas de resonancia. Siempre sabiendo que ninguna poes\u00eda cambiar\u00e1 las cosas de forma radical. Un poeta deber\u00eda ser amo para sacudir y esclavo para volver a su silencio, para escuchar e intentar as\u00ed suspender justo, esa relaci\u00f3n. Dar o\u00eddo, nunca pretencioso (estamos hasta el cuello de la pretensi\u00f3n)<\/p>\n<p style=\"text-align: justify;\">Para m\u00ed hay tantos perfiles como manifestaciones de lo humano. Y es por eso que no lo s\u00e9 y creo que ni siquiera quiero saberlo, as\u00ed, de forma \u201ccientificista\u201d: perfil.<\/p>\n<p style=\"text-align: justify;\"><strong>-En los concursos de poes\u00edas \u00bfQu\u00e9 tan subjetiva es la elecci\u00f3n de un poema para que unos sean publicados en un libro y otros queden afuera?<\/strong><\/p>\n<p style=\"text-align: justify;\">-El problema es creer que hay una especie de tabla de Dios por la cual los hombres se juegan a un juicio est\u00e9tico como cumpliendo tips: acierta o no acierta. Eso no existe. O, mejor dicho, existe pero no flota: es la tradici\u00f3n o lo ya instituido, y de ah\u00ed la capacidad de salirse del esquema ya fundado en quien selecciona. El reconocimiento de la conmoci\u00f3n en algo que no podemos a\u00fan fundamentar. Por ah\u00ed Blanchot habla del error. De la capacidad de ver el acierto en algo \u201cerrado\u201d y asentar sobre ello un discurso que lo justifique.<\/p>\n<p style=\"text-align: justify;\">Pero tampoco existe la subjetividad salvaje, sin moldes y sin codificaci\u00f3n. No hay un estado netamante instintivo en una experiencia est\u00e9tica a trav\u00e9s de lectura. Y la lectura es una experiencia de ese tipo en alguien que adem\u00e1s, ha sido valorado por otro para ser justamente JUEZ (ya sea el organizador o los participantes) Con todas las cosmovisiones conscientes o no que lleve encima, no hay \u201cbuen salvaje\u201d en ese asunto. No se le pide al barrendero ser jurado (que tambi\u00e9n vive experiencias est\u00e9ticas pero desde otro lugar o de manera \u201cinocente\u201d \u2013por decirle de alg\u00fan modo, no muy justo-)<\/p>\n<p style=\"text-align: justify;\">Depender\u00e1 de muchas m\u00e1s cosas. Incluso del grado de mezquindad para reconocer algo extra\u00f1o a sus terrenos de producci\u00f3n, en el caso de que el jurado tambi\u00e9n sea poeta. Del grado de mezquindad para reconocerse maravillado por algo que le es ajeno. Y s\u00ed, en \u00faltimo t\u00e9rmino hay una subjetividad. Pero no es una subjetividad plena y pura, especie de entidad reci\u00e9n nacida como de la nada.<\/p>\n<p style=\"text-align: justify;\"><strong>-\u00bfQu\u00e9 significa para ti la Poes\u00eda?<\/strong><\/p>\n<p style=\"text-align: justify;\">-\u00bfLa poes\u00eda c\u00f3mo? \u00bfC\u00f3mo g\u00e9nero literario, c\u00f3mo actividad, como fen\u00f3meno?<\/p>\n<p style=\"text-align: justify;\">Para m\u00ed, de forma vital, la poes\u00eda es un lugar en el mundo. El mejor que pude y que encontr\u00e9. No tengo verg\u00fcenza en declararlo. El mejor donde expresar m\u00ed Otredad sobre la gran marea.<br \/>\nY todo lo dem\u00e1s: misterio, palabra de presagio, estado de protesta y fundaci\u00f3n de un mundo (o su posibilidad) Tambi\u00e9n significa todo eso.<\/p>\n<p style=\"text-align: justify;\"><strong>-\u00bfC\u00f3mo es tu proceso creativo? \u00bfC\u00f3mo trabajas hasta concretar un poema?<\/strong><\/p>\n<p style=\"text-align: justify;\">-No escribo poemas. Cada vez menos. Un d\u00eda me levanto con una obsesi\u00f3n (soy obsesiva) y escribo hasta decir basta un libro entero; y me lo saco de encima para bien o mal. Y esa obsesi\u00f3n, temo, es m\u00e1s o menos la misma siempre. Y cuando creo que estoy alcanzando el famoso cierre me doy cuenta que all\u00e1, en la segunda hoja escrita \u2013en el segundo movimiento- estaba la clave de todo el proceso (o me hago ese relato para largarlo)<\/p>\n<p style=\"text-align: justify;\">Y este asunto de la unidad del libro se lo doy a leer a algunas personas. Quiero saber si funciona por fuera de m\u00ed en la serie de fragmentaciones que despliego. Trabajo todo el tiempo sobre inventos al punto de no saber mucho como decirme llegu\u00e9 (lo cual me demuestra como una obsesiva con un grado de coherencia hasta la destrucci\u00f3n \u2013he jodido libros por esto-). Pero ese tiempo me resulta edificante mientras dura.<\/p>\n<p style=\"text-align: justify;\"><strong>-\u00bfC\u00f3mo es tu relaci\u00f3n con el lenguaje, con las palabras? \u00bflas buscas, las persigues o ellas llegan?<\/strong><\/p>\n<p style=\"text-align: justify;\">-Llegan y no llegan como palabras. Es raro. De todas maneras, estoy atenta a los aparentes fallos que producen las palabras. Quiz\u00e1s no en la primera tirada. Pero si una segunda o tercera vez de lo que considero una especie de trance imago-musical (suena muy rimbombante pero no tengo mejor forma de decirlo \u2013eso tambi\u00e9n me hace poeta: intentar lo indecible-)<\/p>\n<p style=\"text-align: justify;\"><strong>-\u00bfC\u00f3mo ves la poes\u00eda actual en Uruguay? \u00bfY en ella a tu generaci\u00f3n con respecto a las anteriores?<\/strong><\/p>\n<p style=\"text-align: justify;\">-Como fen\u00f3meno social-cultural es muy activo aunque algo endog\u00e1mico (un poco por la escala) Como producto art\u00edstico (o arte literario, bah) hay una inmensa gama de formulaciones. En general suelen ser m\u00e1s atendidas aquellas cercanas a la tradici\u00f3n. Creo que los poetas de distintas generaciones, en su gran mayor\u00eda, no se leen entre s\u00ed. No se conocen ni se escuchan. En una direcci\u00f3n y la otra, es un fen\u00f3meno que nace, la m\u00e1s de las veces, desde el prejuicio.<\/p>\n<p style=\"text-align: justify;\">Embromo con que soy guacha. Quiero decir: ni idea tengo a que generaci\u00f3n pertenezco. O al menos, en t\u00e9rminos m\u00e1s complejos de los que se suele marcar una generaci\u00f3n, soy una escritora llena de cruces. Me parece que los que ten\u00edamos 14 a\u00f1os a la salida de la dictadura vivimos de m\u00faltiples est\u00edmulos que est\u00e1n ah\u00ed a borbotones. Y que respond\u00edan a contextos y \u00e9pocas distintas. Tampoco me preocupa posicionarme en alguna rama del gran \u00e1rbol. Y me da pereza hacerlo por modo propio. Hay gente que es feliz creando esos aparatos. Yo prefiero escribir y pensar sobre otras cosas (aunque a veces tiente t\u00edmidos esquemas, en charlas de boliche \u2013o facebook-)<\/p>\n<p style=\"text-align: justify;\"><strong>-\u00bfQu\u00e9 te gener\u00f3 o dej\u00f3 la generaci\u00f3n del 45\u2019?<\/strong><\/p>\n<p style=\"text-align: justify;\">-Algunos escritores may\u00fasculos y un rigor intelectual que escasea en la actualidad como elaboraci\u00f3n de pensamiento (que es para m\u00ed el fin de toda cr\u00edtica: pensar de alguna manera el mundo) Tambi\u00e9n es otro Uruguay, \u00bfno?<\/p>\n<p style=\"text-align: justify;\">Nos marc\u00f3 a fuego hasta hoy. Todav\u00eda nos sacudimos la herencia del 45, al punto que en este cuestionario hay una pregunta espec\u00edfica sobre dicha generaci\u00f3n.<\/p>\n<p style=\"text-align: justify;\"><strong>-\u00bfQu\u00e9 libros nunca has podido terminar de leer y por qu\u00e9?<\/strong><\/p>\n<p style=\"text-align: justify;\">-Aunque me cueste un a\u00f1o (o m\u00e1s) cualquier libro que abra, es terminado. Y mal (obviamente) No es una haza\u00f1a. Es una conducta culp\u00f3gena como del que recibi\u00f3 un rezongo por no comer toda la comida del plato. Y no s\u00e9 de d\u00f3nde cuernos sali\u00f3 porque no recuerdo haber sido amonestada jam\u00e1s por un motivo relacionado al asunto.<\/p>\n<p style=\"text-align: justify;\"><strong>-\u00bfQu\u00e9 opinas de los ciclos cl\u00e1sicos de nuestro medio, ejemplo Caramelos y pimientos, Ronda de poetas, etc.?<\/strong><\/p>\n<p style=\"text-align: justify;\">-Para los poetas, todo espacio de difusi\u00f3n (y de encuentro) es vital. De todas maneras, habr\u00eda que buscar la manera de que no estuvieran girando sobre s\u00ed mismos. La endogamia da hijos bobos.<\/p>\n<p style=\"text-align: justify;\"><strong>-\u00bfQu\u00e9 palabras le dir\u00edas a alguien que est\u00e1 comenzando en esto de la poes\u00eda, alguien que ha decidido ser poeta?<\/strong><\/p>\n<p style=\"text-align: justify;\">-Cada vez doy menos \u201cconsejos\u201d. Pero la lectura es fundamental. Que lea y abundante. Y que guarde mucho del abismo a su lado. Sin riesgo no hay poes\u00eda.<\/p>\n<p style=\"text-align: justify;\"><strong>-\u00bfCu\u00e1les son los 10 libros que recomiendas leer?<\/strong><\/p>\n<p style=\"text-align: justify;\">-Imposible reducir a 10. Digo tres autores que yo leo y vuelvo a leer (y que ya he mencionado en otras entrevistas):<\/p>\n<p style=\"text-align: justify;\">Vallejo &#8211; Celan &#8211; Jab\u00e8s.<\/p>\n<p style=\"text-align: justify;\"><a href=\"https:\/\/cooltivarte.com\/portal\/?s=Laura+Alonso\" target=\"_blank\" rel=\"noopener\"><strong>Laura Alonso<\/strong><\/a> naci\u00f3 en 1970 en Montevideo. Es docente de Arquitectura y poeta. Incursion\u00f3 en narrativa, siendo premiada en el concurso de cuentos \u201cEr\u00f3ticamente\u201d organizado por el semanario \u201cLa Rep\u00fablica de las Mujeres\u201d (diario \u201cLa Rep\u00fablica\u201d) y public\u00f3 los relatos \u201cTres Tristes Trinidades\u201d (editorial Artefato). Desde el a\u00f1o 2008 ha recibido varios premios por su obra, destac\u00e1ndose una Menci\u00f3n en el concurso de cuentos \u201cPaco Esp\u00ednola\u201d, el Segundo Premio en el \u201cPremio Anual de Literatura\u201d \u2013ed.2008- del Ministerio de Educaci\u00f3n y Cultura con su libro de poemas \u201cTratado sobre huecos\u201d (editorial Estuario-2009) y la Primera Menci\u00f3n con su obra \u201cPoes\u00eda rota\u201d (in\u00e9dita) en el \u201cConcurso Literario Municipal\u201d \u2013ed.2009- de la Intendencia de Montevideo. Edit\u00f3 a fines de 2010 la plaqueta \u201cpero todo volvi\u00f3 de golpe y no pude sino escupir sobre estas calles\u201d -\u00f3: di\u00e1spora la lengua-\u201d (ed. Yaugur\u00fa), desprendida de la \u201ctrama\u201d de \u201cEspejismo en reiteraci\u00f3n real\u201d (ed. Par\u00e9ntesis- abril 2011). Algunos de sus poemas ya forman parte de recopilaciones y selecciones de poes\u00eda joven femenina.<\/p>\n<p>&nbsp;<br \/>\n&nbsp;<\/p>\n<p style=\"text-align: justify;\">&nbsp;<\/p>\n<p>&nbsp;<\/p>\n<p>&nbsp;<br \/>\n&nbsp;<\/p>\n","protected":false},"excerpt":{"rendered":"<p>Hace ya un tiempo, desde este mismo portal, hab\u00edamos entrevistado brevemente a Laura Alonso. Con la idea de profundizar m\u00e1s en lo que nos pueda contar la poeta, es que la buscamos nuevamente. Qu\u00e9 la motiva a escribir, qu\u00e9 es para ella la poes\u00eda hoy, si se siente parte de una generaci\u00f3n de poetas; son s\u00f3lo algunas de las cuestiones que le proponemos a Laura para que nos responda.<\/p>\n","protected":false},"author":8,"featured_media":58477,"comment_status":"closed","ping_status":"closed","sticky":false,"template":"","format":"standard","meta":{"om_disable_all_campaigns":false,"ngg_post_thumbnail":0,"jnews-multi-image_gallery":[],"jnews_single_post":{"subtitle":"poeta","format":"standard","video":"","gallery":"","source_name":"","source_url":"","via_name":"","via_url":"","override_template":"0","override":[{"template":"4","single_blog_custom":"","parallax":"1","fullscreen":"0","layout":"right-sidebar","sidebar":"default-sidebar","second_sidebar":"default-sidebar","sticky_sidebar":"1","share_position":"bottom","share_float_style":"share-monocrhome","show_share_counter":"1","show_view_counter":"1","show_featured":"1","show_post_meta":"1","show_post_author":"1","show_post_author_image":"1","show_post_date":"1","post_date_format":"default","post_date_format_custom":"Y\/m\/d","show_post_category":"1","show_post_reading_time":"0","post_reading_time_wpm":"300","show_zoom_button":"0","zoom_button_out_step":"2","zoom_button_in_step":"3","show_post_tag":"1","show_prev_next_post":"1","show_popup_post":"1","number_popup_post":"1","show_author_box":"1","show_post_related":"0","show_inline_post_related":"0"}],"override_image_size":"0","image_override":[{"single_post_thumbnail_size":"no-crop","single_post_gallery_size":"crop-500"}],"trending_post":"0","trending_post_position":"meta","trending_post_label":"Trending","sponsored_post":"0","sponsored_post_label":"Sponsored by","sponsored_post_name":"","sponsored_post_url":"","sponsored_post_logo_enable":"0","sponsored_post_logo":"","sponsored_post_desc":"","disable_ad":"0"},"jnews_primary_category":{"id":"","hide":""},"jnews_social_meta":{"fb_title":"","fb_description":"","fb_image":"","twitter_title":"","twitter_description":"","twitter_image":""},"jnews_override_counter":{"override_view_counter":"0","view_counter_number":"0","override_share_counter":"0","share_counter_number":"0","override_like_counter":"0","like_counter_number":"0","override_dislike_counter":"0","dislike_counter_number":"0"},"footnotes":""},"categories":[55],"tags":[21256,10999,10998,6143,4366,10997,197,914],"class_list":["post-3698","post","type-post","status-publish","format-standard","has-post-thumbnail","hentry","category-poesia","tag-arjona","tag-cuentos","tag-docente-de-arquitectura","tag-generacion-del-45","tag-laura-alonso","tag-lector-de-poesia","tag-poesia-2","tag-poeta"],"yoast_head":"<!-- This site is optimized with the Yoast SEO plugin v27.5 - https:\/\/yoast.com\/product\/yoast-seo-wordpress\/ -->\n<title>Subjetividades, entrevista a Laura Alonso - Cooltivarte Portal<\/title>\n<meta name=\"description\" content=\"Hace ya un tiempo, desde este mismo portal, hab\u00edamos entrevistado brevemente a Laura Alonso. Con la idea de profundizar m\u00e1s en lo que nos pueda contar la poeta, es que la buscamos nuevamente. Qu\u00e9 la motiva a escribir, qu\u00e9 es para ella la poes\u00eda hoy, si se siente parte de una generaci\u00f3n de poetas; son s\u00f3lo algunas de las cuestiones que le proponemos a Laura para que nos responda.\" \/>\n<meta name=\"robots\" content=\"index, follow, max-snippet:-1, max-image-preview:large, max-video-preview:-1\" \/>\n<link rel=\"canonical\" href=\"https:\/\/cooltivarte.com\/portal\/subjetividades-entrevista-a-laura-alonso\/\" \/>\n<meta property=\"og:locale\" content=\"es_ES\" \/>\n<meta property=\"og:type\" content=\"article\" \/>\n<meta property=\"og:title\" content=\"Subjetividades, entrevista a Laura Alonso - Cooltivarte Portal\" \/>\n<meta property=\"og:description\" content=\"Hace ya un tiempo, desde este mismo portal, hab\u00edamos entrevistado brevemente a Laura Alonso. Con la idea de profundizar m\u00e1s en lo que nos pueda contar la poeta, es que la buscamos nuevamente. Qu\u00e9 la motiva a escribir, qu\u00e9 es para ella la poes\u00eda hoy, si se siente parte de una generaci\u00f3n de poetas; son s\u00f3lo algunas de las cuestiones que le proponemos a Laura para que nos responda.\" \/>\n<meta property=\"og:url\" content=\"https:\/\/cooltivarte.com\/portal\/subjetividades-entrevista-a-laura-alonso\/\" \/>\n<meta property=\"og:site_name\" content=\"Cooltivarte Portal\" \/>\n<meta property=\"article:publisher\" content=\"https:\/\/www.facebook.com\/cooltivartecom\/\" \/>\n<meta property=\"article:author\" content=\"https:\/\/www.facebook.com\/cooltivartecom\" \/>\n<meta property=\"article:published_time\" content=\"2013-01-25T11:37:24+00:00\" \/>\n<meta property=\"article:modified_time\" content=\"2024-03-09T23:23:09+00:00\" \/>\n<meta property=\"og:image\" content=\"https:\/\/cooltivarte.com\/portal\/wp-content\/uploads\/2013\/01\/Laura-Alonso-foto-Paola-Scagliotti-www-cooltivarte-com.jpg\" \/>\n\t<meta property=\"og:image:width\" content=\"1024\" \/>\n\t<meta property=\"og:image:height\" content=\"678\" \/>\n\t<meta property=\"og:image:type\" content=\"image\/jpeg\" \/>\n<meta name=\"author\" content=\"Cooltivarte\" \/>\n<meta name=\"twitter:card\" content=\"summary_large_image\" \/>\n<meta name=\"twitter:creator\" content=\"@https:\/\/x.com\/obolocultural\" \/>\n<meta name=\"twitter:site\" content=\"@obolocultural\" \/>\n<meta name=\"twitter:label1\" content=\"Escrito por\" \/>\n\t<meta name=\"twitter:data1\" content=\"Cooltivarte\" \/>\n\t<meta name=\"twitter:label2\" content=\"Tiempo de lectura\" \/>\n\t<meta name=\"twitter:data2\" content=\"10 minutos\" \/>\n<!-- \/ Yoast SEO plugin. -->","yoast_head_json":{"title":"Subjetividades, entrevista a Laura Alonso - Cooltivarte Portal","description":"Hace ya un tiempo, desde este mismo portal, hab\u00edamos entrevistado brevemente a Laura Alonso. Con la idea de profundizar m\u00e1s en lo que nos pueda contar la poeta, es que la buscamos nuevamente. Qu\u00e9 la motiva a escribir, qu\u00e9 es para ella la poes\u00eda hoy, si se siente parte de una generaci\u00f3n de poetas; son s\u00f3lo algunas de las cuestiones que le proponemos a Laura para que nos responda.","robots":{"index":"index","follow":"follow","max-snippet":"max-snippet:-1","max-image-preview":"max-image-preview:large","max-video-preview":"max-video-preview:-1"},"canonical":"https:\/\/cooltivarte.com\/portal\/subjetividades-entrevista-a-laura-alonso\/","og_locale":"es_ES","og_type":"article","og_title":"Subjetividades, entrevista a Laura Alonso - Cooltivarte Portal","og_description":"Hace ya un tiempo, desde este mismo portal, hab\u00edamos entrevistado brevemente a Laura Alonso. Con la idea de profundizar m\u00e1s en lo que nos pueda contar la poeta, es que la buscamos nuevamente. Qu\u00e9 la motiva a escribir, qu\u00e9 es para ella la poes\u00eda hoy, si se siente parte de una generaci\u00f3n de poetas; son s\u00f3lo algunas de las cuestiones que le proponemos a Laura para que nos responda.","og_url":"https:\/\/cooltivarte.com\/portal\/subjetividades-entrevista-a-laura-alonso\/","og_site_name":"Cooltivarte Portal","article_publisher":"https:\/\/www.facebook.com\/cooltivartecom\/","article_author":"https:\/\/www.facebook.com\/cooltivartecom","article_published_time":"2013-01-25T11:37:24+00:00","article_modified_time":"2024-03-09T23:23:09+00:00","og_image":[{"width":1024,"height":678,"url":"https:\/\/cooltivarte.com\/portal\/wp-content\/uploads\/2013\/01\/Laura-Alonso-foto-Paola-Scagliotti-www-cooltivarte-com.jpg","type":"image\/jpeg"}],"author":"Cooltivarte","twitter_card":"summary_large_image","twitter_creator":"@https:\/\/x.com\/obolocultural","twitter_site":"@obolocultural","twitter_misc":{"Escrito por":"Cooltivarte","Tiempo de lectura":"10 minutos"},"schema":{"@context":"https:\/\/schema.org","@graph":[{"@type":"NewsArticle","@id":"https:\/\/cooltivarte.com\/portal\/subjetividades-entrevista-a-laura-alonso\/#article","isPartOf":{"@id":"https:\/\/cooltivarte.com\/portal\/subjetividades-entrevista-a-laura-alonso\/"},"author":{"name":"Cooltivarte","@id":"https:\/\/cooltivarte.com\/portal\/#\/schema\/person\/ec2a4f4e71b740d0c559c0ab9a157e19"},"headline":"Subjetividades, entrevista a Laura Alonso","datePublished":"2013-01-25T11:37:24+00:00","dateModified":"2024-03-09T23:23:09+00:00","mainEntityOfPage":{"@id":"https:\/\/cooltivarte.com\/portal\/subjetividades-entrevista-a-laura-alonso\/"},"wordCount":2260,"publisher":{"@id":"https:\/\/cooltivarte.com\/portal\/#organization"},"image":{"@id":"https:\/\/cooltivarte.com\/portal\/subjetividades-entrevista-a-laura-alonso\/#primaryimage"},"thumbnailUrl":"https:\/\/cooltivarte.com\/portal\/wp-content\/uploads\/2013\/01\/Laura-Alonso-foto-Paola-Scagliotti-www-cooltivarte-com.jpg","keywords":["Arjona","cuentos","docente de Arquitectura","Generaci\u00f3n del 45","Laura Alonso","lector de poes\u00eda","Poes\u00eda","Poeta"],"articleSection":["Poetas"],"inLanguage":"es-AR"},{"@type":"WebPage","@id":"https:\/\/cooltivarte.com\/portal\/subjetividades-entrevista-a-laura-alonso\/","url":"https:\/\/cooltivarte.com\/portal\/subjetividades-entrevista-a-laura-alonso\/","name":"Subjetividades, entrevista a Laura Alonso - Cooltivarte Portal","isPartOf":{"@id":"https:\/\/cooltivarte.com\/portal\/#website"},"primaryImageOfPage":{"@id":"https:\/\/cooltivarte.com\/portal\/subjetividades-entrevista-a-laura-alonso\/#primaryimage"},"image":{"@id":"https:\/\/cooltivarte.com\/portal\/subjetividades-entrevista-a-laura-alonso\/#primaryimage"},"thumbnailUrl":"https:\/\/cooltivarte.com\/portal\/wp-content\/uploads\/2013\/01\/Laura-Alonso-foto-Paola-Scagliotti-www-cooltivarte-com.jpg","datePublished":"2013-01-25T11:37:24+00:00","dateModified":"2024-03-09T23:23:09+00:00","description":"Hace ya un tiempo, desde este mismo portal, hab\u00edamos entrevistado brevemente a Laura Alonso. Con la idea de profundizar m\u00e1s en lo que nos pueda contar la poeta, es que la buscamos nuevamente. Qu\u00e9 la motiva a escribir, qu\u00e9 es para ella la poes\u00eda hoy, si se siente parte de una generaci\u00f3n de poetas; son s\u00f3lo algunas de las cuestiones que le proponemos a Laura para que nos responda.","breadcrumb":{"@id":"https:\/\/cooltivarte.com\/portal\/subjetividades-entrevista-a-laura-alonso\/#breadcrumb"},"inLanguage":"es-AR","potentialAction":[{"@type":"ReadAction","target":["https:\/\/cooltivarte.com\/portal\/subjetividades-entrevista-a-laura-alonso\/"]}]},{"@type":"ImageObject","inLanguage":"es-AR","@id":"https:\/\/cooltivarte.com\/portal\/subjetividades-entrevista-a-laura-alonso\/#primaryimage","url":"https:\/\/cooltivarte.com\/portal\/wp-content\/uploads\/2013\/01\/Laura-Alonso-foto-Paola-Scagliotti-www-cooltivarte-com.jpg","contentUrl":"https:\/\/cooltivarte.com\/portal\/wp-content\/uploads\/2013\/01\/Laura-Alonso-foto-Paola-Scagliotti-www-cooltivarte-com.jpg","width":1024,"height":678,"caption":"Fotorreportaje a Laura Alonso- Mayo 2016 - Fotos Paola Scagliotti www cooltivarte com"},{"@type":"BreadcrumbList","@id":"https:\/\/cooltivarte.com\/portal\/subjetividades-entrevista-a-laura-alonso\/#breadcrumb","itemListElement":[{"@type":"ListItem","position":1,"name":"Portada","item":"https:\/\/cooltivarte.com\/portal\/"},{"@type":"ListItem","position":2,"name":"Subjetividades, entrevista a Laura Alonso"}]},{"@type":"WebSite","@id":"https:\/\/cooltivarte.com\/portal\/#website","url":"https:\/\/cooltivarte.com\/portal\/","name":"Cooltivarte Portal","description":"Arte, cultura y turismo para el mundo ...","publisher":{"@id":"https:\/\/cooltivarte.com\/portal\/#organization"},"potentialAction":[{"@type":"SearchAction","target":{"@type":"EntryPoint","urlTemplate":"https:\/\/cooltivarte.com\/portal\/?s={search_term_string}"},"query-input":{"@type":"PropertyValueSpecification","valueRequired":true,"valueName":"search_term_string"}}],"inLanguage":"es-AR"},{"@type":"Organization","@id":"https:\/\/cooltivarte.com\/portal\/#organization","name":"cooltivarte","url":"https:\/\/cooltivarte.com\/portal\/","logo":{"@type":"ImageObject","inLanguage":"es-AR","@id":"https:\/\/cooltivarte.com\/portal\/#\/schema\/logo\/image\/","url":"https:\/\/cooltivarte.com\/portal\/wp-content\/uploads\/2020\/04\/logo-cooltivarte-v2.png","contentUrl":"https:\/\/cooltivarte.com\/portal\/wp-content\/uploads\/2020\/04\/logo-cooltivarte-v2.png","width":851,"height":243,"caption":"cooltivarte"},"image":{"@id":"https:\/\/cooltivarte.com\/portal\/#\/schema\/logo\/image\/"},"sameAs":["https:\/\/www.facebook.com\/cooltivartecom\/","https:\/\/x.com\/obolocultural","https:\/\/www.instagram.com\/_cooltivarte_\/","https:\/\/www.linkedin.com\/company\/-bolocultural?reportsuccess=8zaNG1HwhPbAR9iQhZ5rfGeqz_vQFftHun0ZWU0Wy9vNemRJ8vtcKdJvzQfW8XagyOJSKg0XvfJ1dp","https:\/\/www.pinterest.com\/cooltivarte\/","https:\/\/cooltivarte.tumblr.com\/","https:\/\/www.tiktok.com\/@cooltivarte","https:\/\/www.youtube.com\/@PrensaCooltivarte"]},{"@type":"Person","@id":"https:\/\/cooltivarte.com\/portal\/#\/schema\/person\/ec2a4f4e71b740d0c559c0ab9a157e19","name":"Cooltivarte","image":{"@type":"ImageObject","inLanguage":"es-AR","@id":"https:\/\/cooltivarte.com\/portal\/wp-content\/uploads\/2014\/05\/logo-cooltivarte-120x120.jpg","url":"https:\/\/cooltivarte.com\/portal\/wp-content\/uploads\/2014\/05\/logo-cooltivarte-120x120.jpg","contentUrl":"https:\/\/cooltivarte.com\/portal\/wp-content\/uploads\/2014\/05\/logo-cooltivarte-120x120.jpg","caption":"Cooltivarte"},"description":"Somos COOLTIVARTE.COM. Un portal digital dedicado a difundir el acontecer art\u00edstico y cultural del Uruguay. Estamos en la vuelta desde el a\u00f1o 2003, y como evoluci\u00f3n del bolet\u00edn Obolo Cultural, nos encontramos abocados a apoyar a los artistas nacionales brind\u00e1ndoles un espacio de difusi\u00f3n. Creemos en la idea de utilizar la potencialidad que hoy d\u00eda nos otorga la web, para que la cultura uruguaya y sus creadores dispongan de una din\u00e1mica ventana, que los ponga en contacto entre s\u00ed y con el mundo. Somos COOLTIVARTE.COM y pretendemos configurarnos como un portal din\u00e1mico, entretenido y atento a los nuevos emprendimientos, que busque siempre la interacci\u00f3n con los artistas.","sameAs":["http:\/\/www.cooltivarte.com","https:\/\/www.facebook.com\/cooltivartecom","https:\/\/www.instagram.com\/_cooltivarte_\/","https:\/\/www.linkedin.com\/company\/-bolocultural","https:\/\/www.pinterest.com\/cooltivarte\/","https:\/\/x.com\/https:\/\/x.com\/obolocultural","https:\/\/www.youtube.com\/@PrensaCooltivarte","https:\/\/www.tumblr.com\/blog\/cooltivarte"],"url":"https:\/\/cooltivarte.com\/portal\/author\/cooltivarte\/"}]}},"_links":{"self":[{"href":"https:\/\/cooltivarte.com\/portal\/wp-json\/wp\/v2\/posts\/3698","targetHints":{"allow":["GET"]}}],"collection":[{"href":"https:\/\/cooltivarte.com\/portal\/wp-json\/wp\/v2\/posts"}],"about":[{"href":"https:\/\/cooltivarte.com\/portal\/wp-json\/wp\/v2\/types\/post"}],"author":[{"embeddable":true,"href":"https:\/\/cooltivarte.com\/portal\/wp-json\/wp\/v2\/users\/8"}],"replies":[{"embeddable":true,"href":"https:\/\/cooltivarte.com\/portal\/wp-json\/wp\/v2\/comments?post=3698"}],"version-history":[{"count":7,"href":"https:\/\/cooltivarte.com\/portal\/wp-json\/wp\/v2\/posts\/3698\/revisions"}],"predecessor-version":[{"id":100459,"href":"https:\/\/cooltivarte.com\/portal\/wp-json\/wp\/v2\/posts\/3698\/revisions\/100459"}],"wp:featuredmedia":[{"embeddable":true,"href":"https:\/\/cooltivarte.com\/portal\/wp-json\/wp\/v2\/media\/58477"}],"wp:attachment":[{"href":"https:\/\/cooltivarte.com\/portal\/wp-json\/wp\/v2\/media?parent=3698"}],"wp:term":[{"taxonomy":"category","embeddable":true,"href":"https:\/\/cooltivarte.com\/portal\/wp-json\/wp\/v2\/categories?post=3698"},{"taxonomy":"post_tag","embeddable":true,"href":"https:\/\/cooltivarte.com\/portal\/wp-json\/wp\/v2\/tags?post=3698"}],"curies":[{"name":"wp","href":"https:\/\/api.w.org\/{rel}","templated":true}]}}