{"id":35368,"date":"2017-11-25T14:16:00","date_gmt":"2017-11-25T17:16:00","guid":{"rendered":"http:\/\/cooltivarte.com\/portal\/?p=35368"},"modified":"2019-07-13T14:54:27","modified_gmt":"2019-07-13T17:54:27","slug":"luciano-pereyra-presenta-su-nuevo-album-de-estudio-la-vida-al-viento","status":"publish","type":"post","link":"https:\/\/cooltivarte.com\/portal\/luciano-pereyra-presenta-su-nuevo-album-de-estudio-la-vida-al-viento\/","title":{"rendered":"Luciano Pereyra presenta su nuevo \u00e1lbum de estudio \u201cLa vida al viento\u201d"},"content":{"rendered":"<p>El consagrado cantante y compositor <a href=\"https:\/\/cooltivarte.com\/portal\/?s=Luciano+Pereyra\"><strong>Luciano Pereyra<\/strong><\/a> presenta su nuevo \u00e1lbum de estudio \u201c<strong>La vida al viento<\/strong>\u201d. Este nuevo trabajo del popular artista, contiene 10 nuevas canciones originales compuestas por \u00e9l. El \u00e1lbum fue grabado este a\u00f1o en estudios de Miami, Los \u00c1ngeles, M\u00e9xico DF y C\u00f3rdoba, con la participaci\u00f3n de m\u00fasicos internacionales y la producci\u00f3n de <strong>Andr\u00e9s Castro<\/strong>.<\/p>\n<p>\u201c<em>La vida al viento<\/em>\u201d es sin duda un disco que sorprender\u00e1 por la calidad de los nuevos temas y la renovaci\u00f3n sonora que tienen, con la inclusi\u00f3n de ritmos urbanos sin perder la esencia folcl\u00f3rica del artista.<\/p>\n<p>Como adelanto de la edici\u00f3n de \u201c<em>La vida al viento<\/em>\u201d, ya se conocieron los singles y videos \u201c<em>Como t\u00fa<\/em>\u201d y \u201c<em>Es mi culpa<\/em>\u201d. Este \u00faltimo tema se escucha en la exitosa telenovela \u201cLas estrellas\u201d que emite en nuestro pa\u00eds Teledoce.<\/p>\n<p>La gira de presentaci\u00f3n de La Vida al Viento arranc\u00f3 en el Gran Rex el 29 de setiembre, y continu\u00f3 por Corrientes, Rosario, C\u00f3rdoba, Salta, Tucum\u00e1n y en los pr\u00f3ximos d\u00edas est\u00e1 llegando a<\/p>\n<p><strong>24\/NOV TEATRO DE VERANO \/ MONTEVIDEO<\/strong><br \/>\n01\/DIC CLUB ATENAS \/ LA PLATA<br \/>\n02\/DIC DON BOSCO TEATRO \/ BAHIA BLANCA<br \/>\n03\/DIC GIMNASIO MUNICIPAL \/ NEUQUEN<br \/>\n09\/DIC RADIO CITY \/ MAR DEL PLATA<br \/>\n15\/DIC ARENA MAIP\u00da \/ MENDOZA<\/p>\n<p>&nbsp;<\/p>\n<p>Banda invitada:&nbsp;<strong><a href=\"https:\/\/cooltivarte.com\/portal\/?s=SENDA+7\">SENDA 7<\/a><\/strong><\/p>\n<p><strong>Senda 7<\/strong> es una banda que surge en el a\u00f1o 2013 entre amigos &#8211; hermanos que elijen compartir canciones de su autor\u00eda. A fines del 2016 editan su primer disco &#8220;<strong>Parte del camino<\/strong>&#8221; con el sello Bizarro.<\/p>\n<p>En setiembre de este a\u00f1o cumplieron el objetivo de realizar su primer Trastienda de Montevideo presentando asi su nuevo show &#8220;Un paso mas&#8221; que incluye nuevas canciones, ya proyect\u00e1ndose a su segundo disco.<\/p>\n<p>Es una banda que aspira recorrer el mundo con su m\u00fasica y sumar a su camino cada vez mas seguidores, fusionando g\u00e9neros como Rock, Funk, Pop, Reggae y Regget\u00f3n.<\/p>\n<p>&nbsp;<\/p>\n<p>&nbsp;<\/p>\n<h3><a href=\"https:\/\/www.facebook.com\/pg\/cooltivartecom\/photos\/?tab=album&amp;album_id=1534321196614788\" target=\"_blank\" rel=\"noopener\">Ver fotogaler\u00eda<\/a><\/h3>\n<p>&nbsp;<\/p>\n<p><iframe style=\"border: none; overflow: hidden;\" src=\"https:\/\/www.facebook.com\/plugins\/post.php?href=https%3A%2F%2Fwww.facebook.com%2Fmedia%2Fset%2F%3Fset%3Da.1534321196614788%26type%3D3&amp;width=500\" width=\"500\" height=\"669\" frameborder=\"0\" scrolling=\"no\"><\/iframe><br \/>\n&nbsp;<\/p>\n<p>&nbsp;<\/p>\n<p>&nbsp;<\/p>\n","protected":false},"excerpt":{"rendered":"<p>El consagrado cantante y compositor Luciano Pereyra presenta su nuevo \u00e1lbum de estudio \u201cLa vida al viento\u201d. Este nuevo trabajo del popular artista, contiene 10 nuevas canciones originales compuestas por \u00e9l. El \u00e1lbum fue grabado este a\u00f1o en estudios de Miami, Los \u00c1ngeles, M\u00e9xico DF y C\u00f3rdoba, con la participaci\u00f3n de m\u00fasicos internacionales y la [&hellip;]<\/p>\n","protected":false},"author":65,"featured_media":35369,"comment_status":"closed","ping_status":"closed","sticky":false,"template":"","format":"standard","meta":{"om_disable_all_campaigns":false,"ngg_post_thumbnail":0,"jnews-multi-image_gallery":[],"jnews_single_post":[],"jnews_primary_category":[],"jnews_social_meta":[],"jnews_override_counter":[],"footnotes":""},"categories":[50],"tags":[5153,4394,5152,3342],"class_list":["post-35368","post","type-post","status-publish","format-standard","has-post-thumbnail","hentry","category-coberturas","tag-la-vida-al-viento","tag-luciano-pereyra","tag-parte-del-camino","tag-senda-7"],"yoast_head":"<!-- This site is optimized with the Yoast SEO plugin v27.5 - https:\/\/yoast.com\/product\/yoast-seo-wordpress\/ -->\n<title>Luciano Pereyra presenta su nuevo \u00e1lbum de estudio \u201cLa vida al viento\u201d - Cooltivarte Portal<\/title>\n<meta name=\"description\" content=\"COOLTIVARTE.COM es un portal digital colaborativo de actualizaci\u00f3n permanente dedicado a difundir el acontecer art\u00edstico y cultural, entrevista artistas, gestores y productores de las diferentes disciplinas del arte, y publicando art\u00edculos de reflexi\u00f3n de producci\u00f3n propia sobre los elementos culturales.\" \/>\n<meta name=\"robots\" content=\"index, follow, max-snippet:-1, max-image-preview:large, max-video-preview:-1\" \/>\n<link rel=\"canonical\" href=\"https:\/\/cooltivarte.com\/portal\/luciano-pereyra-presenta-su-nuevo-album-de-estudio-la-vida-al-viento\/\" \/>\n<meta property=\"og:locale\" content=\"es_ES\" \/>\n<meta property=\"og:type\" content=\"article\" \/>\n<meta property=\"og:title\" content=\"Luciano Pereyra presenta su nuevo \u00e1lbum de estudio \u201cLa vida al viento\u201d - Cooltivarte Portal\" \/>\n<meta property=\"og:description\" content=\"COOLTIVARTE.COM es un portal digital colaborativo de actualizaci\u00f3n permanente dedicado a difundir el acontecer art\u00edstico y cultural, entrevista artistas, gestores y productores de las diferentes disciplinas del arte, y publicando art\u00edculos de reflexi\u00f3n de producci\u00f3n propia sobre los elementos culturales.\" \/>\n<meta property=\"og:url\" content=\"https:\/\/cooltivarte.com\/portal\/luciano-pereyra-presenta-su-nuevo-album-de-estudio-la-vida-al-viento\/\" \/>\n<meta property=\"og:site_name\" content=\"Cooltivarte Portal\" \/>\n<meta property=\"article:publisher\" content=\"https:\/\/www.facebook.com\/cooltivartecom\/\" \/>\n<meta property=\"article:author\" content=\"https:\/\/www.facebook.com\/viritaprado?fref=ts\" \/>\n<meta property=\"article:published_time\" content=\"2017-11-25T17:16:00+00:00\" \/>\n<meta property=\"article:modified_time\" content=\"2019-07-13T17:54:27+00:00\" \/>\n<meta property=\"og:image\" content=\"https:\/\/cooltivarte.com\/portal\/wp-content\/uploads\/2017\/11\/Luciano-Pereyra-presentando-La-Vida-al-Viento-Teatro-de-Verano-24-de-Noviembre-2017-Fotos-Virginia-Prado.jpg\" \/>\n\t<meta property=\"og:image:width\" content=\"1024\" \/>\n\t<meta property=\"og:image:height\" content=\"717\" \/>\n\t<meta property=\"og:image:type\" content=\"image\/jpeg\" \/>\n<meta name=\"author\" content=\"Virginia Prado\" \/>\n<meta name=\"twitter:card\" content=\"summary_large_image\" \/>\n<meta name=\"twitter:creator\" content=\"@https:\/\/x.com\/viripradoouteda\" \/>\n<meta name=\"twitter:site\" content=\"@obolocultural\" \/>\n<meta name=\"twitter:label1\" content=\"Escrito por\" \/>\n\t<meta name=\"twitter:data1\" content=\"Virginia Prado\" \/>\n\t<meta name=\"twitter:label2\" content=\"Tiempo de lectura\" \/>\n\t<meta name=\"twitter:data2\" content=\"2 minutos\" \/>\n<!-- \/ Yoast SEO plugin. -->","yoast_head_json":{"title":"Luciano Pereyra presenta su nuevo \u00e1lbum de estudio \u201cLa vida al viento\u201d - Cooltivarte Portal","description":"COOLTIVARTE.COM es un portal digital colaborativo de actualizaci\u00f3n permanente dedicado a difundir el acontecer art\u00edstico y cultural, entrevista artistas, gestores y productores de las diferentes disciplinas del arte, y publicando art\u00edculos de reflexi\u00f3n de producci\u00f3n propia sobre los elementos culturales.","robots":{"index":"index","follow":"follow","max-snippet":"max-snippet:-1","max-image-preview":"max-image-preview:large","max-video-preview":"max-video-preview:-1"},"canonical":"https:\/\/cooltivarte.com\/portal\/luciano-pereyra-presenta-su-nuevo-album-de-estudio-la-vida-al-viento\/","og_locale":"es_ES","og_type":"article","og_title":"Luciano Pereyra presenta su nuevo \u00e1lbum de estudio \u201cLa vida al viento\u201d - Cooltivarte Portal","og_description":"COOLTIVARTE.COM es un portal digital colaborativo de actualizaci\u00f3n permanente dedicado a difundir el acontecer art\u00edstico y cultural, entrevista artistas, gestores y productores de las diferentes disciplinas del arte, y publicando art\u00edculos de reflexi\u00f3n de producci\u00f3n propia sobre los elementos culturales.","og_url":"https:\/\/cooltivarte.com\/portal\/luciano-pereyra-presenta-su-nuevo-album-de-estudio-la-vida-al-viento\/","og_site_name":"Cooltivarte Portal","article_publisher":"https:\/\/www.facebook.com\/cooltivartecom\/","article_author":"https:\/\/www.facebook.com\/viritaprado?fref=ts","article_published_time":"2017-11-25T17:16:00+00:00","article_modified_time":"2019-07-13T17:54:27+00:00","og_image":[{"width":1024,"height":717,"url":"https:\/\/cooltivarte.com\/portal\/wp-content\/uploads\/2017\/11\/Luciano-Pereyra-presentando-La-Vida-al-Viento-Teatro-de-Verano-24-de-Noviembre-2017-Fotos-Virginia-Prado.jpg","type":"image\/jpeg"}],"author":"Virginia Prado","twitter_card":"summary_large_image","twitter_creator":"@https:\/\/x.com\/viripradoouteda","twitter_site":"@obolocultural","twitter_misc":{"Escrito por":"Virginia Prado","Tiempo de lectura":"2 minutos"},"schema":{"@context":"https:\/\/schema.org","@graph":[{"@type":"NewsArticle","@id":"https:\/\/cooltivarte.com\/portal\/luciano-pereyra-presenta-su-nuevo-album-de-estudio-la-vida-al-viento\/#article","isPartOf":{"@id":"https:\/\/cooltivarte.com\/portal\/luciano-pereyra-presenta-su-nuevo-album-de-estudio-la-vida-al-viento\/"},"author":{"name":"Virginia Prado","@id":"https:\/\/cooltivarte.com\/portal\/#\/schema\/person\/f3fb4795d294783e096468497e60949b"},"headline":"Luciano Pereyra presenta su nuevo \u00e1lbum de estudio \u201cLa vida al viento\u201d","datePublished":"2017-11-25T17:16:00+00:00","dateModified":"2019-07-13T17:54:27+00:00","mainEntityOfPage":{"@id":"https:\/\/cooltivarte.com\/portal\/luciano-pereyra-presenta-su-nuevo-album-de-estudio-la-vida-al-viento\/"},"wordCount":344,"publisher":{"@id":"https:\/\/cooltivarte.com\/portal\/#organization"},"image":{"@id":"https:\/\/cooltivarte.com\/portal\/luciano-pereyra-presenta-su-nuevo-album-de-estudio-la-vida-al-viento\/#primaryimage"},"thumbnailUrl":"https:\/\/cooltivarte.com\/portal\/wp-content\/uploads\/2017\/11\/Luciano-Pereyra-presentando-La-Vida-al-Viento-Teatro-de-Verano-24-de-Noviembre-2017-Fotos-Virginia-Prado.jpg","keywords":["La vida al viento","Luciano Pereyra","Parte del camino","Senda 7"],"articleSection":["Coberturas"],"inLanguage":"es-AR"},{"@type":"WebPage","@id":"https:\/\/cooltivarte.com\/portal\/luciano-pereyra-presenta-su-nuevo-album-de-estudio-la-vida-al-viento\/","url":"https:\/\/cooltivarte.com\/portal\/luciano-pereyra-presenta-su-nuevo-album-de-estudio-la-vida-al-viento\/","name":"Luciano Pereyra presenta su nuevo \u00e1lbum de estudio \u201cLa vida al viento\u201d - Cooltivarte Portal","isPartOf":{"@id":"https:\/\/cooltivarte.com\/portal\/#website"},"primaryImageOfPage":{"@id":"https:\/\/cooltivarte.com\/portal\/luciano-pereyra-presenta-su-nuevo-album-de-estudio-la-vida-al-viento\/#primaryimage"},"image":{"@id":"https:\/\/cooltivarte.com\/portal\/luciano-pereyra-presenta-su-nuevo-album-de-estudio-la-vida-al-viento\/#primaryimage"},"thumbnailUrl":"https:\/\/cooltivarte.com\/portal\/wp-content\/uploads\/2017\/11\/Luciano-Pereyra-presentando-La-Vida-al-Viento-Teatro-de-Verano-24-de-Noviembre-2017-Fotos-Virginia-Prado.jpg","datePublished":"2017-11-25T17:16:00+00:00","dateModified":"2019-07-13T17:54:27+00:00","description":"COOLTIVARTE.COM es un portal digital colaborativo de actualizaci\u00f3n permanente dedicado a difundir el acontecer art\u00edstico y cultural, entrevista artistas, gestores y productores de las diferentes disciplinas del arte, y publicando art\u00edculos de reflexi\u00f3n de producci\u00f3n propia sobre los elementos culturales.","breadcrumb":{"@id":"https:\/\/cooltivarte.com\/portal\/luciano-pereyra-presenta-su-nuevo-album-de-estudio-la-vida-al-viento\/#breadcrumb"},"inLanguage":"es-AR","potentialAction":[{"@type":"ReadAction","target":["https:\/\/cooltivarte.com\/portal\/luciano-pereyra-presenta-su-nuevo-album-de-estudio-la-vida-al-viento\/"]}]},{"@type":"ImageObject","inLanguage":"es-AR","@id":"https:\/\/cooltivarte.com\/portal\/luciano-pereyra-presenta-su-nuevo-album-de-estudio-la-vida-al-viento\/#primaryimage","url":"https:\/\/cooltivarte.com\/portal\/wp-content\/uploads\/2017\/11\/Luciano-Pereyra-presentando-La-Vida-al-Viento-Teatro-de-Verano-24-de-Noviembre-2017-Fotos-Virginia-Prado.jpg","contentUrl":"https:\/\/cooltivarte.com\/portal\/wp-content\/uploads\/2017\/11\/Luciano-Pereyra-presentando-La-Vida-al-Viento-Teatro-de-Verano-24-de-Noviembre-2017-Fotos-Virginia-Prado.jpg","width":1024,"height":717,"caption":"Luciano Pereyra presentando \u00a8La Vida al Viento\u00a8 Teatro de Verano 24 de Noviembre 2017 Fotos: Virginia Prado"},{"@type":"BreadcrumbList","@id":"https:\/\/cooltivarte.com\/portal\/luciano-pereyra-presenta-su-nuevo-album-de-estudio-la-vida-al-viento\/#breadcrumb","itemListElement":[{"@type":"ListItem","position":1,"name":"Portada","item":"https:\/\/cooltivarte.com\/portal\/"},{"@type":"ListItem","position":2,"name":"Luciano Pereyra presenta su nuevo \u00e1lbum de estudio \u201cLa vida al viento\u201d"}]},{"@type":"WebSite","@id":"https:\/\/cooltivarte.com\/portal\/#website","url":"https:\/\/cooltivarte.com\/portal\/","name":"Cooltivarte Portal","description":"Arte, cultura y turismo para el mundo ...","publisher":{"@id":"https:\/\/cooltivarte.com\/portal\/#organization"},"potentialAction":[{"@type":"SearchAction","target":{"@type":"EntryPoint","urlTemplate":"https:\/\/cooltivarte.com\/portal\/?s={search_term_string}"},"query-input":{"@type":"PropertyValueSpecification","valueRequired":true,"valueName":"search_term_string"}}],"inLanguage":"es-AR"},{"@type":"Organization","@id":"https:\/\/cooltivarte.com\/portal\/#organization","name":"cooltivarte","url":"https:\/\/cooltivarte.com\/portal\/","logo":{"@type":"ImageObject","inLanguage":"es-AR","@id":"https:\/\/cooltivarte.com\/portal\/#\/schema\/logo\/image\/","url":"https:\/\/cooltivarte.com\/portal\/wp-content\/uploads\/2020\/04\/logo-cooltivarte-v2.png","contentUrl":"https:\/\/cooltivarte.com\/portal\/wp-content\/uploads\/2020\/04\/logo-cooltivarte-v2.png","width":851,"height":243,"caption":"cooltivarte"},"image":{"@id":"https:\/\/cooltivarte.com\/portal\/#\/schema\/logo\/image\/"},"sameAs":["https:\/\/www.facebook.com\/cooltivartecom\/","https:\/\/x.com\/obolocultural","https:\/\/www.instagram.com\/_cooltivarte_\/","https:\/\/www.linkedin.com\/company\/-bolocultural?reportsuccess=8zaNG1HwhPbAR9iQhZ5rfGeqz_vQFftHun0ZWU0Wy9vNemRJ8vtcKdJvzQfW8XagyOJSKg0XvfJ1dp","https:\/\/www.pinterest.com\/cooltivarte\/","https:\/\/cooltivarte.tumblr.com\/","https:\/\/www.tiktok.com\/@cooltivarte","https:\/\/www.youtube.com\/@PrensaCooltivarte"]},{"@type":"Person","@id":"https:\/\/cooltivarte.com\/portal\/#\/schema\/person\/f3fb4795d294783e096468497e60949b","name":"Virginia Prado","image":{"@type":"ImageObject","inLanguage":"es-AR","@id":"https:\/\/cooltivarte.com\/portal\/wp-content\/uploads\/2015\/06\/virginia.jpg","url":"https:\/\/cooltivarte.com\/portal\/wp-content\/uploads\/2015\/06\/virginia.jpg","contentUrl":"https:\/\/cooltivarte.com\/portal\/wp-content\/uploads\/2015\/06\/virginia.jpg","caption":"Virginia Prado"},"description":"Naci\u00f3 el 9 de febrero de 1984, estudiante de psicolog\u00eda en la UdelaR. Proviene de una familia de comunicadores radiales, gr\u00e1ficos, etc, con una gran influencia por la misma desde chica. Comenz\u00f3 con la fotograf\u00eda en el 2011 de modo profesional, pero desde peque\u00f1a con la influencia de su padre y hermano (los dos fot\u00f3grafos aficionados) . Actualmente trabaja en el \u00e1rea de psicolog\u00eda laboral y por otro lado en fotograf\u00eda freelance y dependiente de Sodio Uruguay, en fotograf\u00eda publicitaria y de productos. Se incorpora a cooltivarte en 2015","sameAs":["https:\/\/www.facebook.com\/viritaprado?fref=ts","https:\/\/www.instagram.com\/_cooltivarte_\/","https:\/\/www.linkedin.com\/company\/-bolocultural","https:\/\/www.pinterest.com\/cooltivarte","https:\/\/x.com\/https:\/\/x.com\/viripradoouteda","https:\/\/www.youtube.com\/@PrensaCooltivarte","https:\/\/www.tumblr.com\/blog\/cooltivarte"],"url":"https:\/\/cooltivarte.com\/portal\/author\/virginia-prado\/"}]}},"_links":{"self":[{"href":"https:\/\/cooltivarte.com\/portal\/wp-json\/wp\/v2\/posts\/35368","targetHints":{"allow":["GET"]}}],"collection":[{"href":"https:\/\/cooltivarte.com\/portal\/wp-json\/wp\/v2\/posts"}],"about":[{"href":"https:\/\/cooltivarte.com\/portal\/wp-json\/wp\/v2\/types\/post"}],"author":[{"embeddable":true,"href":"https:\/\/cooltivarte.com\/portal\/wp-json\/wp\/v2\/users\/65"}],"replies":[{"embeddable":true,"href":"https:\/\/cooltivarte.com\/portal\/wp-json\/wp\/v2\/comments?post=35368"}],"version-history":[{"count":3,"href":"https:\/\/cooltivarte.com\/portal\/wp-json\/wp\/v2\/posts\/35368\/revisions"}],"predecessor-version":[{"id":51267,"href":"https:\/\/cooltivarte.com\/portal\/wp-json\/wp\/v2\/posts\/35368\/revisions\/51267"}],"wp:featuredmedia":[{"embeddable":true,"href":"https:\/\/cooltivarte.com\/portal\/wp-json\/wp\/v2\/media\/35369"}],"wp:attachment":[{"href":"https:\/\/cooltivarte.com\/portal\/wp-json\/wp\/v2\/media?parent=35368"}],"wp:term":[{"taxonomy":"category","embeddable":true,"href":"https:\/\/cooltivarte.com\/portal\/wp-json\/wp\/v2\/categories?post=35368"},{"taxonomy":"post_tag","embeddable":true,"href":"https:\/\/cooltivarte.com\/portal\/wp-json\/wp\/v2\/tags?post=35368"}],"curies":[{"name":"wp","href":"https:\/\/api.w.org\/{rel}","templated":true}]}}