{"id":34727,"date":"2017-11-06T22:28:02","date_gmt":"2017-11-07T01:28:02","guid":{"rendered":"http:\/\/cooltivarte.com\/portal\/?p=34727"},"modified":"2025-10-17T15:21:42","modified_gmt":"2025-10-17T18:21:42","slug":"casos-en-el-micons-felipe-polleri-juan-fielitz","status":"publish","type":"post","link":"https:\/\/cooltivarte.com\/portal\/casos-en-el-micons-felipe-polleri-juan-fielitz\/","title":{"rendered":"CASOS EN EL MICONS &#8211; Felipe Polleri + Juan Fielitz"},"content":{"rendered":"<figure id=\"attachment_34728\" aria-describedby=\"caption-attachment-34728\" style=\"width: 1024px\" class=\"wp-caption aligncenter\"><img fetchpriority=\"high\" decoding=\"async\" class=\"wp-image-34728 size-large\" title=\"CASOS EN EL MICONS - 3 de Nov 2017. - Bar Micons - Foto \u00a9 Camila Caballero\" src=\"https:\/\/cooltivarte.com\/portal\/wp-content\/uploads\/2017\/11\/CASOS-EN-EL-MICONS-3-de-Nov-2017.-Bar-Micons-Foto-Camila-Caballero-1024x683.jpg\" alt=\"CASOS EN EL MICONS - 3 de Nov 2017. - Bar Micons - Foto \u00a9 Camila Caballero\" width=\"1024\" height=\"683\" srcset=\"https:\/\/cooltivarte.com\/portal\/wp-content\/uploads\/2017\/11\/CASOS-EN-EL-MICONS-3-de-Nov-2017.-Bar-Micons-Foto-Camila-Caballero-1024x683.jpg 1024w, https:\/\/cooltivarte.com\/portal\/wp-content\/uploads\/2017\/11\/CASOS-EN-EL-MICONS-3-de-Nov-2017.-Bar-Micons-Foto-Camila-Caballero-300x200.jpg 300w, https:\/\/cooltivarte.com\/portal\/wp-content\/uploads\/2017\/11\/CASOS-EN-EL-MICONS-3-de-Nov-2017.-Bar-Micons-Foto-Camila-Caballero-768x512.jpg 768w, https:\/\/cooltivarte.com\/portal\/wp-content\/uploads\/2017\/11\/CASOS-EN-EL-MICONS-3-de-Nov-2017.-Bar-Micons-Foto-Camila-Caballero.jpg 1050w\" sizes=\"(max-width: 1024px) 100vw, 1024px\" \/><figcaption id=\"caption-attachment-34728\" class=\"wp-caption-text\">CASOS EN EL MICONS &#8211; 3 de Nov 2017. &#8211; Bar Micons &#8211; Foto \u00a9 Camila Caballero<\/figcaption><\/figure>\n<p>&nbsp;<\/p>\n<p>Una experiencia en la que un escritor y un artista visual diferentes, se sirven cada quince d\u00edas, del bar como dispositivo para generar obra y compartirla.<\/p>\n<p><strong>CASO 005 \/ \u00c1FRICA <\/strong><\/p>\n<p><a href=\"https:\/\/cooltivarte.com\/portal\/?s=Felipe+Polleri\"><strong>Felipe Polleri<\/strong><\/a> + <a href=\"https:\/\/cooltivarte.com\/portal\/?s=Juan+Fielitz\"><strong>Juan Fielitz <\/strong><\/a><\/p>\n<p>3 de Nov. &#8211; <strong>Bar Micons<\/strong> (Miguelete y Constituci\u00f3n)<\/p>\n<p>Fb: <a href=\"https:\/\/www.facebook.com\/Casos-en-el-Micons-885918818222816\/?ref=br_rs\" target=\"_blank\" rel=\"noopener\"><strong>Casos en el Micons <\/strong><\/a><\/p>\n<p><a href=\"https:\/\/cooltivarte.com\/portal\/?s=Claudia+Campos\"><strong>Claudia Campos<\/strong><\/a> &#8211; <strong><a href=\"https:\/\/cooltivarte.com\/portal\/?s=Claudio+Burguez\">Claudio Burguez <\/a><\/strong><\/p>\n<p>[Este es el registro del \u00faltimo encuentro de una serie de 5]<\/p>\n<p>&nbsp;<br \/>\n&nbsp;<\/p>\n<h3>&nbsp;<a href=\"https:\/\/www.facebook.com\/media\/set\/?set=a.1517454234968151&amp;type=3\" target=\"_blank\" rel=\"noopener\">Ir a la fotogaler\u00eda<\/a><\/h3>\n<p><iframe style=\"border: none; overflow: hidden;\" src=\"https:\/\/www.facebook.com\/plugins\/post.php?href=https%3A%2F%2Fwww.facebook.com%2Fmedia%2Fset%2F%3Fset%3Da.1517454234968151%26type%3D3&amp;width=100%\" width=\"100%\" height=\"669\" frameborder=\"0\" scrolling=\"no\"><\/iframe><br \/>\n&nbsp;<br \/>\n&nbsp;<\/p>\n","protected":false},"excerpt":{"rendered":"<p>Una experiencia en la que un escritor y un artista visual diferentes, se sirven cada quince d\u00edas, del bar como dispositivo para generar obra y compartirla.<\/p>\n<p>CASO 005 \/ \u00c1FRICA<\/p>\n<p>Felipe Polleri + Juan Fielitz<\/p>\n<p>3 de Nov. &#8211; Bar Micons (Miguelete y Constituci\u00f3n)<\/p>\n<p>Fb: Casos en el Micons<\/p>\n<p>Claudia Campos &#8211; Claudio Burguez<\/p>\n<p>[Este es el registro del \u00faltimo encuentro de una serie de 5]<\/p>\n","protected":false},"author":121,"featured_media":34728,"comment_status":"closed","ping_status":"closed","sticky":false,"template":"","format":"standard","meta":{"om_disable_all_campaigns":false,"ngg_post_thumbnail":0,"jnews-multi-image_gallery":[],"jnews_single_post":{"format":"standard","override":[{"template":"4","parallax":"1","layout":"right-sidebar","sidebar":"default-sidebar","second_sidebar":"default-sidebar","sticky_sidebar":"1","share_position":"bottom","share_float_style":"share-monocrhome","show_share_counter":"1","show_view_counter":"1","show_featured":"1","show_post_meta":"1","show_post_author":"1","show_post_author_image":"1","show_post_date":"1","post_date_format":"default","post_date_format_custom":"Y\/m\/d","show_post_category":"1","post_reading_time_wpm":"300","post_calculate_word_method":"str_word_count","zoom_button_out_step":"2","zoom_button_in_step":"3","show_post_tag":"1","show_prev_next_post":"1","show_popup_post":"1","number_popup_post":"1","show_author_box":"1","show_post_related":"0","show_inline_post_related":"0"}],"image_override":[{"single_post_thumbnail_size":"no-crop","single_post_gallery_size":"crop-500"}],"trending_post_position":"meta","trending_post_label":"Trending","sponsored_post_label":"Sponsored by","disable_ad":"0","subtitle":"3 de Nov 2017. - Bar Micons"},"jnews_primary_category":[],"jnews_social_meta":[],"jnews_override_counter":{"view_counter_number":"0","share_counter_number":"0","like_counter_number":"0","dislike_counter_number":"0"},"footnotes":""},"categories":[55],"tags":[8512,8503,2839,1680],"class_list":["post-34727","post","type-post","status-publish","format-standard","has-post-thumbnail","hentry","category-poesia","tag-claudia-campos","tag-claudio-burguez","tag-felipe-polleri","tag-juan-fielitz"],"yoast_head":"<!-- This site is optimized with the Yoast SEO plugin v27.5 - https:\/\/yoast.com\/product\/yoast-seo-wordpress\/ -->\n<title>CASOS EN EL MICONS - Felipe Polleri + Juan Fielitz - Cooltivarte Portal<\/title>\n<meta name=\"description\" content=\"Una experiencia en la que un escritor y un artista visual diferentes, se sirven cada quince d\u00edas, del bar como dispositivo para generar obra y compartirla.\" \/>\n<meta name=\"robots\" content=\"index, follow, max-snippet:-1, max-image-preview:large, max-video-preview:-1\" \/>\n<link rel=\"canonical\" href=\"https:\/\/cooltivarte.com\/portal\/casos-en-el-micons-felipe-polleri-juan-fielitz\/\" \/>\n<meta property=\"og:locale\" content=\"es_ES\" \/>\n<meta property=\"og:type\" content=\"article\" \/>\n<meta property=\"og:title\" content=\"CASOS EN EL MICONS - Felipe Polleri + Juan Fielitz - Cooltivarte Portal\" \/>\n<meta property=\"og:description\" content=\"Una experiencia en la que un escritor y un artista visual diferentes, se sirven cada quince d\u00edas, del bar como dispositivo para generar obra y compartirla.\" \/>\n<meta property=\"og:url\" content=\"https:\/\/cooltivarte.com\/portal\/casos-en-el-micons-felipe-polleri-juan-fielitz\/\" \/>\n<meta property=\"og:site_name\" content=\"Cooltivarte Portal\" \/>\n<meta property=\"article:publisher\" content=\"https:\/\/www.facebook.com\/cooltivartecom\/\" \/>\n<meta property=\"article:author\" content=\"https:\/\/www.facebook.com\/camila.caballero.984\" \/>\n<meta property=\"article:published_time\" content=\"2017-11-07T01:28:02+00:00\" \/>\n<meta property=\"article:modified_time\" content=\"2025-10-17T18:21:42+00:00\" \/>\n<meta property=\"og:image\" content=\"https:\/\/cooltivarte.com\/portal\/wp-content\/uploads\/2017\/11\/CASOS-EN-EL-MICONS-3-de-Nov-2017.-Bar-Micons-Foto-Camila-Caballero.jpg\" \/>\n\t<meta property=\"og:image:width\" content=\"1050\" \/>\n\t<meta property=\"og:image:height\" content=\"700\" \/>\n\t<meta property=\"og:image:type\" content=\"image\/jpeg\" \/>\n<meta name=\"author\" content=\"Camila Caballero\" \/>\n<meta name=\"twitter:card\" content=\"summary_large_image\" \/>\n<meta name=\"twitter:description\" content=\"Una experiencia en la que un escritor y un artista visual diferentes, se sirven cada quince d\u00edas, del bar como dispositivo para generar obra y compartirla.\" \/>\n<meta name=\"twitter:creator\" content=\"@https:\/\/x.com\/obolocultural\" \/>\n<meta name=\"twitter:site\" content=\"@obolocultural\" \/>\n<meta name=\"twitter:label1\" content=\"Escrito por\" \/>\n\t<meta name=\"twitter:data1\" content=\"Camila Caballero\" \/>\n\t<meta name=\"twitter:label2\" content=\"Tiempo de lectura\" \/>\n\t<meta name=\"twitter:data2\" content=\"1 minuto\" \/>\n<!-- \/ Yoast SEO plugin. -->","yoast_head_json":{"title":"CASOS EN EL MICONS - Felipe Polleri + Juan Fielitz - Cooltivarte Portal","description":"Una experiencia en la que un escritor y un artista visual diferentes, se sirven cada quince d\u00edas, del bar como dispositivo para generar obra y compartirla.","robots":{"index":"index","follow":"follow","max-snippet":"max-snippet:-1","max-image-preview":"max-image-preview:large","max-video-preview":"max-video-preview:-1"},"canonical":"https:\/\/cooltivarte.com\/portal\/casos-en-el-micons-felipe-polleri-juan-fielitz\/","og_locale":"es_ES","og_type":"article","og_title":"CASOS EN EL MICONS - Felipe Polleri + Juan Fielitz - Cooltivarte Portal","og_description":"Una experiencia en la que un escritor y un artista visual diferentes, se sirven cada quince d\u00edas, del bar como dispositivo para generar obra y compartirla.","og_url":"https:\/\/cooltivarte.com\/portal\/casos-en-el-micons-felipe-polleri-juan-fielitz\/","og_site_name":"Cooltivarte Portal","article_publisher":"https:\/\/www.facebook.com\/cooltivartecom\/","article_author":"https:\/\/www.facebook.com\/camila.caballero.984","article_published_time":"2017-11-07T01:28:02+00:00","article_modified_time":"2025-10-17T18:21:42+00:00","og_image":[{"width":1050,"height":700,"url":"https:\/\/cooltivarte.com\/portal\/wp-content\/uploads\/2017\/11\/CASOS-EN-EL-MICONS-3-de-Nov-2017.-Bar-Micons-Foto-Camila-Caballero.jpg","type":"image\/jpeg"}],"author":"Camila Caballero","twitter_card":"summary_large_image","twitter_description":"Una experiencia en la que un escritor y un artista visual diferentes, se sirven cada quince d\u00edas, del bar como dispositivo para generar obra y compartirla.","twitter_creator":"@https:\/\/x.com\/obolocultural","twitter_site":"@obolocultural","twitter_misc":{"Escrito por":"Camila Caballero","Tiempo de lectura":"1 minuto"},"schema":{"@context":"https:\/\/schema.org","@graph":[{"@type":"NewsArticle","@id":"https:\/\/cooltivarte.com\/portal\/casos-en-el-micons-felipe-polleri-juan-fielitz\/#article","isPartOf":{"@id":"https:\/\/cooltivarte.com\/portal\/casos-en-el-micons-felipe-polleri-juan-fielitz\/"},"author":{"name":"Camila Caballero","@id":"https:\/\/cooltivarte.com\/portal\/#\/schema\/person\/0f4f23cc16776df1c8bc32a970d44161"},"headline":"CASOS EN EL MICONS &#8211; Felipe Polleri + Juan Fielitz","datePublished":"2017-11-07T01:28:02+00:00","dateModified":"2025-10-17T18:21:42+00:00","mainEntityOfPage":{"@id":"https:\/\/cooltivarte.com\/portal\/casos-en-el-micons-felipe-polleri-juan-fielitz\/"},"wordCount":104,"publisher":{"@id":"https:\/\/cooltivarte.com\/portal\/#organization"},"image":{"@id":"https:\/\/cooltivarte.com\/portal\/casos-en-el-micons-felipe-polleri-juan-fielitz\/#primaryimage"},"thumbnailUrl":"https:\/\/cooltivarte.com\/portal\/wp-content\/uploads\/2017\/11\/CASOS-EN-EL-MICONS-3-de-Nov-2017.-Bar-Micons-Foto-Camila-Caballero.jpg","keywords":["CLAUDIA CAMPOS","CLAUDIO BURGUEZ","Felipe Polleri","JUAN FIELITZ"],"articleSection":["Poetas"],"inLanguage":"es-AR"},{"@type":"WebPage","@id":"https:\/\/cooltivarte.com\/portal\/casos-en-el-micons-felipe-polleri-juan-fielitz\/","url":"https:\/\/cooltivarte.com\/portal\/casos-en-el-micons-felipe-polleri-juan-fielitz\/","name":"CASOS EN EL MICONS - Felipe Polleri + Juan Fielitz - Cooltivarte Portal","isPartOf":{"@id":"https:\/\/cooltivarte.com\/portal\/#website"},"primaryImageOfPage":{"@id":"https:\/\/cooltivarte.com\/portal\/casos-en-el-micons-felipe-polleri-juan-fielitz\/#primaryimage"},"image":{"@id":"https:\/\/cooltivarte.com\/portal\/casos-en-el-micons-felipe-polleri-juan-fielitz\/#primaryimage"},"thumbnailUrl":"https:\/\/cooltivarte.com\/portal\/wp-content\/uploads\/2017\/11\/CASOS-EN-EL-MICONS-3-de-Nov-2017.-Bar-Micons-Foto-Camila-Caballero.jpg","datePublished":"2017-11-07T01:28:02+00:00","dateModified":"2025-10-17T18:21:42+00:00","description":"Una experiencia en la que un escritor y un artista visual diferentes, se sirven cada quince d\u00edas, del bar como dispositivo para generar obra y compartirla.","breadcrumb":{"@id":"https:\/\/cooltivarte.com\/portal\/casos-en-el-micons-felipe-polleri-juan-fielitz\/#breadcrumb"},"inLanguage":"es-AR","potentialAction":[{"@type":"ReadAction","target":["https:\/\/cooltivarte.com\/portal\/casos-en-el-micons-felipe-polleri-juan-fielitz\/"]}]},{"@type":"ImageObject","inLanguage":"es-AR","@id":"https:\/\/cooltivarte.com\/portal\/casos-en-el-micons-felipe-polleri-juan-fielitz\/#primaryimage","url":"https:\/\/cooltivarte.com\/portal\/wp-content\/uploads\/2017\/11\/CASOS-EN-EL-MICONS-3-de-Nov-2017.-Bar-Micons-Foto-Camila-Caballero.jpg","contentUrl":"https:\/\/cooltivarte.com\/portal\/wp-content\/uploads\/2017\/11\/CASOS-EN-EL-MICONS-3-de-Nov-2017.-Bar-Micons-Foto-Camila-Caballero.jpg","width":1050,"height":700,"caption":"CASOS EN EL MICONS - 3 de Nov 2017. - Bar Micons - Foto \u00a9 Camila Caballero"},{"@type":"BreadcrumbList","@id":"https:\/\/cooltivarte.com\/portal\/casos-en-el-micons-felipe-polleri-juan-fielitz\/#breadcrumb","itemListElement":[{"@type":"ListItem","position":1,"name":"Portada","item":"https:\/\/cooltivarte.com\/portal\/"},{"@type":"ListItem","position":2,"name":"CASOS EN EL MICONS &#8211; Felipe Polleri + Juan Fielitz"}]},{"@type":"WebSite","@id":"https:\/\/cooltivarte.com\/portal\/#website","url":"https:\/\/cooltivarte.com\/portal\/","name":"Cooltivarte Portal","description":"Arte, cultura y turismo para el mundo ...","publisher":{"@id":"https:\/\/cooltivarte.com\/portal\/#organization"},"potentialAction":[{"@type":"SearchAction","target":{"@type":"EntryPoint","urlTemplate":"https:\/\/cooltivarte.com\/portal\/?s={search_term_string}"},"query-input":{"@type":"PropertyValueSpecification","valueRequired":true,"valueName":"search_term_string"}}],"inLanguage":"es-AR"},{"@type":"Organization","@id":"https:\/\/cooltivarte.com\/portal\/#organization","name":"cooltivarte","url":"https:\/\/cooltivarte.com\/portal\/","logo":{"@type":"ImageObject","inLanguage":"es-AR","@id":"https:\/\/cooltivarte.com\/portal\/#\/schema\/logo\/image\/","url":"https:\/\/cooltivarte.com\/portal\/wp-content\/uploads\/2020\/04\/logo-cooltivarte-v2.png","contentUrl":"https:\/\/cooltivarte.com\/portal\/wp-content\/uploads\/2020\/04\/logo-cooltivarte-v2.png","width":851,"height":243,"caption":"cooltivarte"},"image":{"@id":"https:\/\/cooltivarte.com\/portal\/#\/schema\/logo\/image\/"},"sameAs":["https:\/\/www.facebook.com\/cooltivartecom\/","https:\/\/x.com\/obolocultural","https:\/\/www.instagram.com\/_cooltivarte_\/","https:\/\/www.linkedin.com\/company\/-bolocultural?reportsuccess=8zaNG1HwhPbAR9iQhZ5rfGeqz_vQFftHun0ZWU0Wy9vNemRJ8vtcKdJvzQfW8XagyOJSKg0XvfJ1dp","https:\/\/www.pinterest.com\/cooltivarte\/","https:\/\/cooltivarte.tumblr.com\/","https:\/\/www.tiktok.com\/@cooltivarte","https:\/\/www.youtube.com\/@PrensaCooltivarte"]},{"@type":"Person","@id":"https:\/\/cooltivarte.com\/portal\/#\/schema\/person\/0f4f23cc16776df1c8bc32a970d44161","name":"Camila Caballero","image":{"@type":"ImageObject","inLanguage":"es-AR","@id":"https:\/\/cooltivarte.com\/portal\/wp-content\/uploads\/2017\/11\/Camila-Caballero-120x120.jpg","url":"https:\/\/cooltivarte.com\/portal\/wp-content\/uploads\/2017\/11\/Camila-Caballero-120x120.jpg","contentUrl":"https:\/\/cooltivarte.com\/portal\/wp-content\/uploads\/2017\/11\/Camila-Caballero-120x120.jpg","caption":"Camila Caballero"},"description":"Camila Caballero nace en Buenos Aires, Argentina en el a\u00f1o 1986 y vive en Montevideo, Uruguay desde el a\u00f1o 1997. Investiga en distintas t\u00e9cnicas, soportes y materiales.\u200b Actualmente desarrolla trabajos en artes visuales vinculando lenguajes como fotograf\u00eda y poes\u00eda. Egresada de IENBA por la licenciatura en \u201cArtes Pl\u00e1sticas y Visuales\u201d de UdelaR y en \"Fotograf\u00eda\" en la misma instituci\u00f3n, tambi\u00e9n form\u00e1ndose t\u00e9cnicamente en procedimientos especiales (laboratorio anal\u00f3gico), as\u00ed como en t\u00e9cnicas gr\u00e1ficas hist\u00f3ricas y otros lenguajes complementarios. Realiza distintos trabajos en fotograf\u00eda documental sobre todo en la cobertura de espect\u00e1culos culturales de manera independiente. Es invitada a colaborar con Cooltivarte en 2017.","sameAs":["https:\/\/caballerocamila.wixsite.com\/camilacaballero","https:\/\/www.facebook.com\/camila.caballero.984","https:\/\/www.instagram.com\/camicaba.ph\/","https:\/\/www.linkedin.com\/company\/-bolocultural","https:\/\/www.pinterest.com\/cooltivarte","https:\/\/x.com\/https:\/\/x.com\/obolocultural","https:\/\/www.youtube.com\/@PrensaCooltivarte","https:\/\/www.tumblr.com\/blog\/cooltivarte"],"url":"https:\/\/cooltivarte.com\/portal\/author\/camila-caballero\/"}]}},"_links":{"self":[{"href":"https:\/\/cooltivarte.com\/portal\/wp-json\/wp\/v2\/posts\/34727","targetHints":{"allow":["GET"]}}],"collection":[{"href":"https:\/\/cooltivarte.com\/portal\/wp-json\/wp\/v2\/posts"}],"about":[{"href":"https:\/\/cooltivarte.com\/portal\/wp-json\/wp\/v2\/types\/post"}],"author":[{"embeddable":true,"href":"https:\/\/cooltivarte.com\/portal\/wp-json\/wp\/v2\/users\/121"}],"replies":[{"embeddable":true,"href":"https:\/\/cooltivarte.com\/portal\/wp-json\/wp\/v2\/comments?post=34727"}],"version-history":[{"count":4,"href":"https:\/\/cooltivarte.com\/portal\/wp-json\/wp\/v2\/posts\/34727\/revisions"}],"predecessor-version":[{"id":118365,"href":"https:\/\/cooltivarte.com\/portal\/wp-json\/wp\/v2\/posts\/34727\/revisions\/118365"}],"wp:featuredmedia":[{"embeddable":true,"href":"https:\/\/cooltivarte.com\/portal\/wp-json\/wp\/v2\/media\/34728"}],"wp:attachment":[{"href":"https:\/\/cooltivarte.com\/portal\/wp-json\/wp\/v2\/media?parent=34727"}],"wp:term":[{"taxonomy":"category","embeddable":true,"href":"https:\/\/cooltivarte.com\/portal\/wp-json\/wp\/v2\/categories?post=34727"},{"taxonomy":"post_tag","embeddable":true,"href":"https:\/\/cooltivarte.com\/portal\/wp-json\/wp\/v2\/tags?post=34727"}],"curies":[{"name":"wp","href":"https:\/\/api.w.org\/{rel}","templated":true}]}}