{"id":34320,"date":"2017-10-20T23:34:12","date_gmt":"2017-10-21T02:34:12","guid":{"rendered":"http:\/\/cooltivarte.com\/portal\/?p=34320"},"modified":"2024-08-31T13:11:39","modified_gmt":"2024-08-31T16:11:39","slug":"semana-de-lavalleja-y-noche-de-los-fogones","status":"publish","type":"post","link":"https:\/\/cooltivarte.com\/portal\/semana-de-lavalleja-y-noche-de-los-fogones\/","title":{"rendered":"Semana de Lavalleja y noche de los fogones 2017"},"content":{"rendered":"<figure id=\"attachment_34321\" aria-describedby=\"caption-attachment-34321\" style=\"width: 1024px\" class=\"wp-caption aligncenter\"><img fetchpriority=\"high\" decoding=\"async\" class=\"wp-image-34321 size-full\" title=\"Semana de Lavalleja y Noche de los Fogones - octubre 2017 - Foto \u00a9 Tatiana Tornaria\" src=\"https:\/\/cooltivarte.com\/portal\/wp-content\/uploads\/2017\/10\/Semana-de-Lavalleja-y-Noche-de-los-Fogones-octubre-2017-Foto-Tatiana-Tornaria-1.jpg\" alt=\"Semana de Lavalleja y Noche de los Fogones - octubre 2017 - Foto \u00a9 Tatiana Tornaria\" width=\"1024\" height=\"683\" srcset=\"https:\/\/cooltivarte.com\/portal\/wp-content\/uploads\/2017\/10\/Semana-de-Lavalleja-y-Noche-de-los-Fogones-octubre-2017-Foto-Tatiana-Tornaria-1.jpg 1024w, https:\/\/cooltivarte.com\/portal\/wp-content\/uploads\/2017\/10\/Semana-de-Lavalleja-y-Noche-de-los-Fogones-octubre-2017-Foto-Tatiana-Tornaria-1-300x200.jpg 300w, https:\/\/cooltivarte.com\/portal\/wp-content\/uploads\/2017\/10\/Semana-de-Lavalleja-y-Noche-de-los-Fogones-octubre-2017-Foto-Tatiana-Tornaria-1-768x512.jpg 768w\" sizes=\"(max-width: 1024px) 100vw, 1024px\" \/><figcaption id=\"caption-attachment-34321\" class=\"wp-caption-text\">Semana de Lavalleja y Noche de los Fogones &#8211; octubre 2017 &#8211; Foto \u00a9 Tatiana Tornaria<\/figcaption><\/figure>\n<p>Octubre 2017<\/p>\n<p>La <strong>Semana de Lavalleja<\/strong> es una de las fiestas populares de mayor convocatoria del interior del pa\u00eds.<\/p>\n<p>Este a\u00f1o lleg\u00f3 con su edici\u00f3n n\u00famero 46\u00b0, montando el escenario principal en el <strong>Parque Rod\u00f3<\/strong> de la ciudad de <strong>Minas<\/strong> y el cierre&nbsp;se realiz\u00f3 el S\u00e1bado 14\/10 con la cl\u00e1sica celebraci\u00f3n nocturna de la <strong>Noche de los Fogones<\/strong>, en el <strong>Cerro Artigas<\/strong>.<\/p>\n<p>Las celebraciones de la Noche de los Fogones comenzaron en la tarde con muchos puestos de comida, bebida y de venta de art\u00edculos t\u00edpicos.<\/p>\n<p>Como es una jornada de homenaje a <strong>Jos\u00e9 Artigas<\/strong>, luego de varios espect\u00e1culos musicales de diversos estilos,&nbsp; se cerr\u00f3 la jornada, al igual que&nbsp; todos los a\u00f1os, a las 00:00 hs con fuegos artificiales y un canto a coro del p\u00fablico de la canci\u00f3n &#8220;A don Jos\u00e9&#8221;, interpretada en el escenario por <strong>Carlos Paravis<\/strong>.<\/p>\n<p>Es un espect\u00e1culo realmente pintoresco, donde el vino con frutilla es la bebida estrella y donde grandes, medianos y chicos disfrutan a la par tanto de <strong>La Trampa<\/strong> como de Valeria Lynch.<\/p>\n<p>El Domingo se realiz\u00f3 por la Av Varela, el tradicional desfile de los ni\u00f1os de las distintas escuelas de Minas, liceos, de distintas agrupaciones del ej\u00e9rcito, tanques, maquinaria pesada y caballos. Otro lindo espect\u00e1culo que tanto los minuanos como los visitantes compartieron aplaudiendo desde las veredas.<\/p>\n<p>&nbsp;<\/p>\n<h3>&nbsp;<a href=\"https:\/\/www.facebook.com\/media\/set\/?set=a.1502090506504524&amp;type=3\" target=\"_blank\" rel=\"noopener\">Ir a la fotogaler\u00eda<\/a><\/h3>\n<p><iframe style=\"border: none; overflow: hidden;\" src=\"https:\/\/www.facebook.com\/plugins\/post.php?href=https%3A%2F%2Fwww.facebook.com%2Fmedia%2Fset%2F%3Fset%3Da.1502090506504524%26type%3D3&amp;width=100%\" width=\"100%\" height=\"669\" frameborder=\"0\" scrolling=\"no\"><\/iframe><br \/>\n&nbsp;<\/p>\n","protected":false},"excerpt":{"rendered":"<p>Octubre 2017 La Semana de Lavalleja es una de las fiestas populares de mayor convocatoria del interior del pa\u00eds. Este a\u00f1o lleg\u00f3 con su edici\u00f3n n\u00famero 46\u00b0, montando el escenario principal en el Parque Rod\u00f3 de la ciudad de Minas y el cierre&nbsp;se realiz\u00f3 el S\u00e1bado 14\/10 con la cl\u00e1sica celebraci\u00f3n nocturna de la Noche [&hellip;]<\/p>\n","protected":false},"author":116,"featured_media":34321,"comment_status":"closed","ping_status":"closed","sticky":false,"template":"","format":"standard","meta":{"om_disable_all_campaigns":false,"ngg_post_thumbnail":0,"jnews-multi-image_gallery":[],"jnews_single_post":{"subtitle":"","format":"standard","video":"","gallery":"","source_name":"","source_url":"","via_name":"","via_url":"","override_template":"0","override":[{"template":"1","single_blog_custom":"","parallax":"1","fullscreen":"1","layout":"right-sidebar","sidebar":"default-sidebar","second_sidebar":"default-sidebar","sticky_sidebar":"1","share_position":"top","share_float_style":"share-monocrhome","show_share_counter":"1","show_view_counter":"1","show_featured":"1","show_post_meta":"1","show_post_author":"1","show_post_author_image":"1","show_post_date":"1","post_date_format":"default","post_date_format_custom":"Y\/m\/d","show_post_category":"1","show_post_reading_time":"0","post_reading_time_wpm":"300","show_zoom_button":"0","zoom_button_out_step":"2","zoom_button_in_step":"3","show_post_tag":"1","show_prev_next_post":"1","show_popup_post":"1","number_popup_post":"1","show_author_box":"0","show_post_related":"0","show_inline_post_related":"0"}],"override_image_size":"0","image_override":[{"single_post_thumbnail_size":"crop-500","single_post_gallery_size":"crop-500"}],"trending_post":"0","trending_post_position":"meta","trending_post_label":"Trending","sponsored_post":"0","sponsored_post_label":"Sponsored by","sponsored_post_name":"","sponsored_post_url":"","sponsored_post_logo_enable":"0","sponsored_post_logo":"","sponsored_post_desc":"","disable_ad":"0"},"jnews_primary_category":{"id":"","hide":""},"jnews_social_meta":{"fb_title":"","fb_description":"","fb_image":"","twitter_title":"","twitter_description":"","twitter_image":""},"jnews_override_counter":{"override_view_counter":"0","view_counter_number":"0","override_share_counter":"0","share_counter_number":"0","override_like_counter":"0","like_counter_number":"0","override_dislike_counter":"0","dislike_counter_number":"0"},"footnotes":""},"categories":[3872],"tags":[17762,6188,3613,1269,3614],"class_list":["post-34320","post","type-post","status-publish","format-standard","has-post-thumbnail","hentry","category-uruguay","tag-cerro-artigas","tag-ciudad-de-minas","tag-noche-de-los-fogones","tag-parque-rodo","tag-semana-de-lavalleja"],"yoast_head":"<!-- This site is optimized with the Yoast SEO plugin v27.5 - https:\/\/yoast.com\/product\/yoast-seo-wordpress\/ -->\n<title>Semana de Lavalleja y noche de los fogones 2017 - Cooltivarte Portal<\/title>\n<meta name=\"description\" content=\"Este a\u00f1o lleg\u00f3 con su edici\u00f3n n\u00famero 46\u00b0, montando el escenario principal en el Parque Rod\u00f3 de la ciudad de Minas y el cierre\u00a0se realiz\u00f3 el S\u00e1bado 14\/10 con la cl\u00e1sica celebraci\u00f3n nocturna de la Noche de los Fogones, en el Cerro Artigas.\" \/>\n<meta name=\"robots\" content=\"index, follow, max-snippet:-1, max-image-preview:large, max-video-preview:-1\" \/>\n<link rel=\"canonical\" href=\"https:\/\/cooltivarte.com\/portal\/semana-de-lavalleja-y-noche-de-los-fogones\/\" \/>\n<meta property=\"og:locale\" content=\"es_ES\" \/>\n<meta property=\"og:type\" content=\"article\" \/>\n<meta property=\"og:title\" content=\"La Semana de Lavalleja es una de las fiestas populares de mayor convocatoria del interior del pa\u00eds.\" \/>\n<meta property=\"og:description\" content=\"Este a\u00f1o lleg\u00f3 con su edici\u00f3n n\u00famero 46\u00b0, montando el escenario principal en el Parque Rod\u00f3 de la ciudad de Minas y el cierre\u00a0se realiz\u00f3 el S\u00e1bado 14\/10 con la cl\u00e1sica celebraci\u00f3n nocturna de la Noche de los Fogones, en el Cerro Artigas.\" \/>\n<meta property=\"og:url\" content=\"https:\/\/cooltivarte.com\/portal\/semana-de-lavalleja-y-noche-de-los-fogones\/\" \/>\n<meta property=\"og:site_name\" content=\"Cooltivarte Portal\" \/>\n<meta property=\"article:publisher\" content=\"https:\/\/www.facebook.com\/cooltivartecom\/\" \/>\n<meta property=\"article:author\" content=\"https:\/\/www.facebook.com\/tatiana.tornaria\" \/>\n<meta property=\"article:published_time\" content=\"2017-10-21T02:34:12+00:00\" \/>\n<meta property=\"article:modified_time\" content=\"2024-08-31T16:11:39+00:00\" \/>\n<meta property=\"og:image\" content=\"https:\/\/cooltivarte.com\/portal\/wp-content\/uploads\/2017\/10\/Semana-de-Lavalleja-y-Noche-de-los-Fogones-octubre-2017-Foto-Tatiana-Tornaria-1.jpg\" \/>\n\t<meta property=\"og:image:width\" content=\"1024\" \/>\n\t<meta property=\"og:image:height\" content=\"683\" \/>\n\t<meta property=\"og:image:type\" content=\"image\/jpeg\" \/>\n<meta name=\"author\" content=\"Tatiana Tornaria\" \/>\n<meta name=\"twitter:card\" content=\"summary_large_image\" \/>\n<meta name=\"twitter:title\" content=\"La Semana de Lavalleja es una de las fiestas populares de mayor convocatoria del interior del pa\u00eds.\" \/>\n<meta name=\"twitter:description\" content=\"Este a\u00f1o lleg\u00f3 con su edici\u00f3n n\u00famero 46\u00b0, montando el escenario principal en el Parque Rod\u00f3 de la ciudad de Minas y el cierre\u00a0se realiz\u00f3 el S\u00e1bado 14\/10 con la cl\u00e1sica celebraci\u00f3n nocturna de la Noche de los Fogones, en el Cerro Artigas.\" \/>\n<meta name=\"twitter:image\" content=\"https:\/\/cooltivarte.com\/portal\/wp-content\/uploads\/2017\/10\/Semana-de-Lavalleja-y-Noche-de-los-Fogones-octubre-2017-Foto-Tatiana-Tornaria-1.jpg\" \/>\n<meta name=\"twitter:creator\" content=\"@https:\/\/x.com\/obolocultural\" \/>\n<meta name=\"twitter:site\" content=\"@obolocultural\" \/>\n<meta name=\"twitter:label1\" content=\"Escrito por\" \/>\n\t<meta name=\"twitter:data1\" content=\"Tatiana Tornaria\" \/>\n\t<meta name=\"twitter:label2\" content=\"Tiempo de lectura\" \/>\n\t<meta name=\"twitter:data2\" content=\"2 minutos\" \/>\n<!-- \/ Yoast SEO plugin. -->","yoast_head_json":{"title":"Semana de Lavalleja y noche de los fogones 2017 - Cooltivarte Portal","description":"Este a\u00f1o lleg\u00f3 con su edici\u00f3n n\u00famero 46\u00b0, montando el escenario principal en el Parque Rod\u00f3 de la ciudad de Minas y el cierre\u00a0se realiz\u00f3 el S\u00e1bado 14\/10 con la cl\u00e1sica celebraci\u00f3n nocturna de la Noche de los Fogones, en el Cerro Artigas.","robots":{"index":"index","follow":"follow","max-snippet":"max-snippet:-1","max-image-preview":"max-image-preview:large","max-video-preview":"max-video-preview:-1"},"canonical":"https:\/\/cooltivarte.com\/portal\/semana-de-lavalleja-y-noche-de-los-fogones\/","og_locale":"es_ES","og_type":"article","og_title":"La Semana de Lavalleja es una de las fiestas populares de mayor convocatoria del interior del pa\u00eds.","og_description":"Este a\u00f1o lleg\u00f3 con su edici\u00f3n n\u00famero 46\u00b0, montando el escenario principal en el Parque Rod\u00f3 de la ciudad de Minas y el cierre\u00a0se realiz\u00f3 el S\u00e1bado 14\/10 con la cl\u00e1sica celebraci\u00f3n nocturna de la Noche de los Fogones, en el Cerro Artigas.","og_url":"https:\/\/cooltivarte.com\/portal\/semana-de-lavalleja-y-noche-de-los-fogones\/","og_site_name":"Cooltivarte Portal","article_publisher":"https:\/\/www.facebook.com\/cooltivartecom\/","article_author":"https:\/\/www.facebook.com\/tatiana.tornaria","article_published_time":"2017-10-21T02:34:12+00:00","article_modified_time":"2024-08-31T16:11:39+00:00","og_image":[{"width":1024,"height":683,"url":"https:\/\/cooltivarte.com\/portal\/wp-content\/uploads\/2017\/10\/Semana-de-Lavalleja-y-Noche-de-los-Fogones-octubre-2017-Foto-Tatiana-Tornaria-1.jpg","type":"image\/jpeg"}],"author":"Tatiana Tornaria","twitter_card":"summary_large_image","twitter_title":"La Semana de Lavalleja es una de las fiestas populares de mayor convocatoria del interior del pa\u00eds.","twitter_description":"Este a\u00f1o lleg\u00f3 con su edici\u00f3n n\u00famero 46\u00b0, montando el escenario principal en el Parque Rod\u00f3 de la ciudad de Minas y el cierre\u00a0se realiz\u00f3 el S\u00e1bado 14\/10 con la cl\u00e1sica celebraci\u00f3n nocturna de la Noche de los Fogones, en el Cerro Artigas.","twitter_image":"https:\/\/cooltivarte.com\/portal\/wp-content\/uploads\/2017\/10\/Semana-de-Lavalleja-y-Noche-de-los-Fogones-octubre-2017-Foto-Tatiana-Tornaria-1.jpg","twitter_creator":"@https:\/\/x.com\/obolocultural","twitter_site":"@obolocultural","twitter_misc":{"Escrito por":"Tatiana Tornaria","Tiempo de lectura":"2 minutos"},"schema":{"@context":"https:\/\/schema.org","@graph":[{"@type":"NewsArticle","@id":"https:\/\/cooltivarte.com\/portal\/semana-de-lavalleja-y-noche-de-los-fogones\/#article","isPartOf":{"@id":"https:\/\/cooltivarte.com\/portal\/semana-de-lavalleja-y-noche-de-los-fogones\/"},"author":{"name":"Tatiana Tornaria","@id":"https:\/\/cooltivarte.com\/portal\/#\/schema\/person\/414d01319e3b3581d0b00f25f33d7bb6"},"headline":"Semana de Lavalleja y noche de los fogones 2017","datePublished":"2017-10-21T02:34:12+00:00","dateModified":"2024-08-31T16:11:39+00:00","mainEntityOfPage":{"@id":"https:\/\/cooltivarte.com\/portal\/semana-de-lavalleja-y-noche-de-los-fogones\/"},"wordCount":272,"publisher":{"@id":"https:\/\/cooltivarte.com\/portal\/#organization"},"image":{"@id":"https:\/\/cooltivarte.com\/portal\/semana-de-lavalleja-y-noche-de-los-fogones\/#primaryimage"},"thumbnailUrl":"https:\/\/cooltivarte.com\/portal\/wp-content\/uploads\/2017\/10\/Semana-de-Lavalleja-y-Noche-de-los-Fogones-octubre-2017-Foto-Tatiana-Tornaria-1.jpg","keywords":["Cerro Artigas","ciudad de Minas","Noche de los Fogones","Parque Rod\u00f3","Semana de Lavalleja"],"articleSection":["Turismo"],"inLanguage":"es-AR"},{"@type":"WebPage","@id":"https:\/\/cooltivarte.com\/portal\/semana-de-lavalleja-y-noche-de-los-fogones\/","url":"https:\/\/cooltivarte.com\/portal\/semana-de-lavalleja-y-noche-de-los-fogones\/","name":"Semana de Lavalleja y noche de los fogones 2017 - Cooltivarte Portal","isPartOf":{"@id":"https:\/\/cooltivarte.com\/portal\/#website"},"primaryImageOfPage":{"@id":"https:\/\/cooltivarte.com\/portal\/semana-de-lavalleja-y-noche-de-los-fogones\/#primaryimage"},"image":{"@id":"https:\/\/cooltivarte.com\/portal\/semana-de-lavalleja-y-noche-de-los-fogones\/#primaryimage"},"thumbnailUrl":"https:\/\/cooltivarte.com\/portal\/wp-content\/uploads\/2017\/10\/Semana-de-Lavalleja-y-Noche-de-los-Fogones-octubre-2017-Foto-Tatiana-Tornaria-1.jpg","datePublished":"2017-10-21T02:34:12+00:00","dateModified":"2024-08-31T16:11:39+00:00","description":"Este a\u00f1o lleg\u00f3 con su edici\u00f3n n\u00famero 46\u00b0, montando el escenario principal en el Parque Rod\u00f3 de la ciudad de Minas y el cierre\u00a0se realiz\u00f3 el S\u00e1bado 14\/10 con la cl\u00e1sica celebraci\u00f3n nocturna de la Noche de los Fogones, en el Cerro Artigas.","breadcrumb":{"@id":"https:\/\/cooltivarte.com\/portal\/semana-de-lavalleja-y-noche-de-los-fogones\/#breadcrumb"},"inLanguage":"es-AR","potentialAction":[{"@type":"ReadAction","target":["https:\/\/cooltivarte.com\/portal\/semana-de-lavalleja-y-noche-de-los-fogones\/"]}]},{"@type":"ImageObject","inLanguage":"es-AR","@id":"https:\/\/cooltivarte.com\/portal\/semana-de-lavalleja-y-noche-de-los-fogones\/#primaryimage","url":"https:\/\/cooltivarte.com\/portal\/wp-content\/uploads\/2017\/10\/Semana-de-Lavalleja-y-Noche-de-los-Fogones-octubre-2017-Foto-Tatiana-Tornaria-1.jpg","contentUrl":"https:\/\/cooltivarte.com\/portal\/wp-content\/uploads\/2017\/10\/Semana-de-Lavalleja-y-Noche-de-los-Fogones-octubre-2017-Foto-Tatiana-Tornaria-1.jpg","width":1024,"height":683,"caption":"Semana-de-Lavalleja-y-Noche-de-los-Fogones---octubre-2017---Foto-Tatiana-Tornaria"},{"@type":"BreadcrumbList","@id":"https:\/\/cooltivarte.com\/portal\/semana-de-lavalleja-y-noche-de-los-fogones\/#breadcrumb","itemListElement":[{"@type":"ListItem","position":1,"name":"Portada","item":"https:\/\/cooltivarte.com\/portal\/"},{"@type":"ListItem","position":2,"name":"Semana de Lavalleja y noche de los fogones 2017"}]},{"@type":"WebSite","@id":"https:\/\/cooltivarte.com\/portal\/#website","url":"https:\/\/cooltivarte.com\/portal\/","name":"Cooltivarte Portal","description":"Arte, cultura y turismo para el mundo ...","publisher":{"@id":"https:\/\/cooltivarte.com\/portal\/#organization"},"potentialAction":[{"@type":"SearchAction","target":{"@type":"EntryPoint","urlTemplate":"https:\/\/cooltivarte.com\/portal\/?s={search_term_string}"},"query-input":{"@type":"PropertyValueSpecification","valueRequired":true,"valueName":"search_term_string"}}],"inLanguage":"es-AR"},{"@type":"Organization","@id":"https:\/\/cooltivarte.com\/portal\/#organization","name":"cooltivarte","url":"https:\/\/cooltivarte.com\/portal\/","logo":{"@type":"ImageObject","inLanguage":"es-AR","@id":"https:\/\/cooltivarte.com\/portal\/#\/schema\/logo\/image\/","url":"https:\/\/cooltivarte.com\/portal\/wp-content\/uploads\/2020\/04\/logo-cooltivarte-v2.png","contentUrl":"https:\/\/cooltivarte.com\/portal\/wp-content\/uploads\/2020\/04\/logo-cooltivarte-v2.png","width":851,"height":243,"caption":"cooltivarte"},"image":{"@id":"https:\/\/cooltivarte.com\/portal\/#\/schema\/logo\/image\/"},"sameAs":["https:\/\/www.facebook.com\/cooltivartecom\/","https:\/\/x.com\/obolocultural","https:\/\/www.instagram.com\/_cooltivarte_\/","https:\/\/www.linkedin.com\/company\/-bolocultural?reportsuccess=8zaNG1HwhPbAR9iQhZ5rfGeqz_vQFftHun0ZWU0Wy9vNemRJ8vtcKdJvzQfW8XagyOJSKg0XvfJ1dp","https:\/\/www.pinterest.com\/cooltivarte\/","https:\/\/cooltivarte.tumblr.com\/","https:\/\/www.tiktok.com\/@cooltivarte","https:\/\/www.youtube.com\/@PrensaCooltivarte"]},{"@type":"Person","@id":"https:\/\/cooltivarte.com\/portal\/#\/schema\/person\/414d01319e3b3581d0b00f25f33d7bb6","name":"Tatiana Tornaria","image":{"@type":"ImageObject","inLanguage":"es-AR","@id":"https:\/\/cooltivarte.com\/portal\/wp-content\/uploads\/2017\/10\/Tatiana-Tornaria-1.jpg","url":"https:\/\/cooltivarte.com\/portal\/wp-content\/uploads\/2017\/10\/Tatiana-Tornaria-1.jpg","contentUrl":"https:\/\/cooltivarte.com\/portal\/wp-content\/uploads\/2017\/10\/Tatiana-Tornaria-1.jpg","caption":"Tatiana Tornaria"},"description":"Luego de a\u00f1os de estudiar y ejercer una carrera para nada art\u00edstica, se me despert\u00f3 el bichito de la curiosidad fotogr\u00e1fica, me anim\u00e9 a hacer un curso y a comprarme una c\u00e1mara \"de verdad\". Como viajar es una de mis grandes pasiones, el objetivo primario fue poder sacar mejores fotos, de manera de posteriormente poder revivir mas fielmente los lugares, colores y culturas de los distintos pa\u00edses. Despu\u00e9s me di cuenta que tambi\u00e9n me gustaba otro tipo de fotograf\u00eda y a\u00fan sigo buscando cual va a ser \"mi \u00e1rea\", mientras contin\u00fao estudiando. Tuve la suerte de participar de una exposici\u00f3n colectiva realizada por Fotoarte, a beneficio de la Peluffo Giguens y de la muestra multidisciplinaria \"Manos a la Obra\" contra el maltrato infantil, a realizarse en el Teatro Solis. Siento que estoy emprendiendo un camino que no s\u00e9 a donde me va a llevar pero que realmente estoy disfrutando mucho!","sameAs":["https:\/\/www.facebook.com\/tatiana.tornaria","https:\/\/www.instagram.com\/_cooltivarte_\/","https:\/\/www.linkedin.com\/company\/-bolocultural","https:\/\/www.pinterest.com\/cooltivarte","https:\/\/x.com\/https:\/\/x.com\/obolocultural","https:\/\/www.youtube.com\/@PrensaCooltivarte","https:\/\/www.tumblr.com\/blog\/cooltivarte"],"url":"https:\/\/cooltivarte.com\/portal\/author\/tatiana-tornaria\/"}]}},"_links":{"self":[{"href":"https:\/\/cooltivarte.com\/portal\/wp-json\/wp\/v2\/posts\/34320","targetHints":{"allow":["GET"]}}],"collection":[{"href":"https:\/\/cooltivarte.com\/portal\/wp-json\/wp\/v2\/posts"}],"about":[{"href":"https:\/\/cooltivarte.com\/portal\/wp-json\/wp\/v2\/types\/post"}],"author":[{"embeddable":true,"href":"https:\/\/cooltivarte.com\/portal\/wp-json\/wp\/v2\/users\/116"}],"replies":[{"embeddable":true,"href":"https:\/\/cooltivarte.com\/portal\/wp-json\/wp\/v2\/comments?post=34320"}],"version-history":[{"count":7,"href":"https:\/\/cooltivarte.com\/portal\/wp-json\/wp\/v2\/posts\/34320\/revisions"}],"predecessor-version":[{"id":106021,"href":"https:\/\/cooltivarte.com\/portal\/wp-json\/wp\/v2\/posts\/34320\/revisions\/106021"}],"wp:featuredmedia":[{"embeddable":true,"href":"https:\/\/cooltivarte.com\/portal\/wp-json\/wp\/v2\/media\/34321"}],"wp:attachment":[{"href":"https:\/\/cooltivarte.com\/portal\/wp-json\/wp\/v2\/media?parent=34320"}],"wp:term":[{"taxonomy":"category","embeddable":true,"href":"https:\/\/cooltivarte.com\/portal\/wp-json\/wp\/v2\/categories?post=34320"},{"taxonomy":"post_tag","embeddable":true,"href":"https:\/\/cooltivarte.com\/portal\/wp-json\/wp\/v2\/tags?post=34320"}],"curies":[{"name":"wp","href":"https:\/\/api.w.org\/{rel}","templated":true}]}}