{"id":34203,"date":"2017-10-18T20:16:13","date_gmt":"2017-10-18T23:16:13","guid":{"rendered":"http:\/\/cooltivarte.com\/portal\/?p=34203"},"modified":"2024-08-31T13:22:02","modified_gmt":"2024-08-31T16:22:02","slug":"la-trampa-en-semana-de-lavalleja","status":"publish","type":"post","link":"https:\/\/cooltivarte.com\/portal\/la-trampa-en-semana-de-lavalleja\/","title":{"rendered":"LA TRAMPA en Semana de Lavalleja 2017"},"content":{"rendered":"<figure id=\"attachment_34204\" aria-describedby=\"caption-attachment-34204\" style=\"width: 1024px\" class=\"wp-caption aligncenter\"><img fetchpriority=\"high\" decoding=\"async\" class=\"wp-image-34204 size-full\" src=\"https:\/\/cooltivarte.com\/portal\/wp-content\/uploads\/2017\/10\/la-trampa-46-Semana-de-Lavalleja-octubre12017-foto-karina-soria.jpg\" alt=\"la-trampa---46-Semana-de-Lavalleja-octubre12017-foto-karina-soria\" width=\"1024\" height=\"683\" srcset=\"https:\/\/cooltivarte.com\/portal\/wp-content\/uploads\/2017\/10\/la-trampa-46-Semana-de-Lavalleja-octubre12017-foto-karina-soria.jpg 1024w, https:\/\/cooltivarte.com\/portal\/wp-content\/uploads\/2017\/10\/la-trampa-46-Semana-de-Lavalleja-octubre12017-foto-karina-soria-300x200.jpg 300w, https:\/\/cooltivarte.com\/portal\/wp-content\/uploads\/2017\/10\/la-trampa-46-Semana-de-Lavalleja-octubre12017-foto-karina-soria-768x512.jpg 768w\" sizes=\"(max-width: 1024px) 100vw, 1024px\" \/><figcaption id=\"caption-attachment-34204\" class=\"wp-caption-text\">la-trampa&#8212;46-Semana-de-Lavalleja-octubre2017-foto-karina-soria<\/figcaption><\/figure>\n<p>Escenario en <strong>Parque Rod\u00f3&nbsp;&#8211; Lavalleja &#8211; <\/strong>Octubre 2017<\/p>\n<p><strong><a href=\"https:\/\/cooltivarte.com\/portal\/?s=LA+TRAMPA\" target=\"_blank\" rel=\"noopener\">LA TRAMPA<\/a><\/strong><\/p>\n<p>&nbsp;<br \/>\n&nbsp;<\/p>\n<h3>&nbsp;<a href=\"https:\/\/www.facebook.com\/media\/set\/?set=a.1500188163361425&amp;type=3\" target=\"_blank\" rel=\"noopener\">Ir a la fotogaler\u00eda<\/a><\/h3>\n<p><iframe style=\"border: none; overflow: hidden;\" src=\"https:\/\/www.facebook.com\/plugins\/post.php?href=https%3A%2F%2Fwww.facebook.com%2Fmedia%2Fset%2F%3Fset%3Da.1500188163361425%26type%3D3&amp;width=100%\" width=\"100%\" height=\"669\" frameborder=\"0\" scrolling=\"no\"><\/iframe><br \/>\n&nbsp;<\/p>\n","protected":false},"excerpt":{"rendered":"<p>Escenario en Parque Rod\u00f3\u00a0&#8211; Lavalleja &#8211; Octubre 2017<\/p>\n<p>LA TRAMPA<\/p>\n","protected":false},"author":113,"featured_media":34204,"comment_status":"closed","ping_status":"closed","sticky":false,"template":"","format":"standard","meta":{"om_disable_all_campaigns":false,"ngg_post_thumbnail":0,"jnews-multi-image_gallery":[],"jnews_single_post":{"subtitle":"","format":"standard","video":"","gallery":"","source_name":"","source_url":"","via_name":"","via_url":"","override_template":"0","override":[{"template":"4","single_blog_custom":"","parallax":"1","fullscreen":"0","layout":"right-sidebar","sidebar":"default-sidebar","second_sidebar":"default-sidebar","sticky_sidebar":"1","share_position":"bottom","share_float_style":"share-monocrhome","show_share_counter":"1","show_view_counter":"1","show_featured":"1","show_post_meta":"1","show_post_author":"1","show_post_author_image":"1","show_post_date":"1","post_date_format":"default","post_date_format_custom":"Y\/m\/d","show_post_category":"1","show_post_reading_time":"0","post_reading_time_wpm":"300","show_zoom_button":"0","zoom_button_out_step":"2","zoom_button_in_step":"3","show_post_tag":"1","show_prev_next_post":"1","show_popup_post":"1","number_popup_post":"1","show_author_box":"1","show_post_related":"0","show_inline_post_related":"0"}],"override_image_size":"0","image_override":[{"single_post_thumbnail_size":"no-crop","single_post_gallery_size":"crop-500"}],"trending_post":"0","trending_post_position":"meta","trending_post_label":"Trending","sponsored_post":"0","sponsored_post_label":"Sponsored by","sponsored_post_name":"","sponsored_post_url":"","sponsored_post_logo_enable":"0","sponsored_post_logo":"","sponsored_post_desc":"","disable_ad":"0"},"jnews_primary_category":{"id":"","hide":""},"jnews_social_meta":{"fb_title":"","fb_description":"","fb_image":"","twitter_title":"","twitter_description":"","twitter_image":""},"jnews_override_counter":{"override_view_counter":"0","view_counter_number":"0","override_share_counter":"0","share_counter_number":"0","override_like_counter":"0","like_counter_number":"0","override_dislike_counter":"0","dislike_counter_number":"0"},"footnotes":""},"categories":[50],"tags":[68,3614],"class_list":["post-34203","post","type-post","status-publish","format-standard","has-post-thumbnail","hentry","category-coberturas","tag-la-trampa","tag-semana-de-lavalleja"],"yoast_head":"<!-- This site is optimized with the Yoast SEO plugin v27.5 - https:\/\/yoast.com\/product\/yoast-seo-wordpress\/ -->\n<title>LA TRAMPA en Semana de Lavalleja 2017 - Cooltivarte Portal<\/title>\n<meta name=\"description\" content=\"Escenario en Parque Rod\u00f3\u00a0- Lavalleja - Octubre 2017 LA TRAMPA\" \/>\n<meta name=\"robots\" content=\"index, follow, max-snippet:-1, max-image-preview:large, max-video-preview:-1\" \/>\n<link rel=\"canonical\" href=\"https:\/\/cooltivarte.com\/portal\/la-trampa-en-semana-de-lavalleja\/\" \/>\n<meta property=\"og:locale\" content=\"es_ES\" \/>\n<meta property=\"og:type\" content=\"article\" \/>\n<meta property=\"og:title\" content=\"LA TRAMPA en Semana de Lavalleja 2017 - Cooltivarte Portal\" \/>\n<meta property=\"og:description\" content=\"Escenario en Parque Rod\u00f3\u00a0- Lavalleja - Octubre 2017 LA TRAMPA\" \/>\n<meta property=\"og:url\" content=\"https:\/\/cooltivarte.com\/portal\/la-trampa-en-semana-de-lavalleja\/\" \/>\n<meta property=\"og:site_name\" content=\"Cooltivarte Portal\" \/>\n<meta property=\"article:publisher\" content=\"https:\/\/www.facebook.com\/cooltivartecom\/\" \/>\n<meta property=\"article:author\" content=\"https:\/\/www.facebook.com\/kjsm1973\" \/>\n<meta property=\"article:published_time\" content=\"2017-10-18T23:16:13+00:00\" \/>\n<meta property=\"article:modified_time\" content=\"2024-08-31T16:22:02+00:00\" \/>\n<meta property=\"og:image\" content=\"https:\/\/cooltivarte.com\/portal\/wp-content\/uploads\/2017\/10\/la-trampa-46-Semana-de-Lavalleja-octubre12017-foto-karina-soria.jpg\" \/>\n\t<meta property=\"og:image:width\" content=\"1024\" \/>\n\t<meta property=\"og:image:height\" content=\"683\" \/>\n\t<meta property=\"og:image:type\" content=\"image\/jpeg\" \/>\n<meta name=\"author\" content=\"Karina Soria\" \/>\n<meta name=\"twitter:card\" content=\"summary_large_image\" \/>\n<meta name=\"twitter:creator\" content=\"@https:\/\/x.com\/Kjsm1973_0903\" \/>\n<meta name=\"twitter:site\" content=\"@obolocultural\" \/>\n<meta name=\"twitter:label1\" content=\"Escrito por\" \/>\n\t<meta name=\"twitter:data1\" content=\"Karina Soria\" \/>\n\t<meta name=\"twitter:label2\" content=\"Tiempo de lectura\" \/>\n\t<meta name=\"twitter:data2\" content=\"1 minuto\" \/>\n<!-- \/ Yoast SEO plugin. -->","yoast_head_json":{"title":"LA TRAMPA en Semana de Lavalleja 2017 - Cooltivarte Portal","description":"Escenario en Parque Rod\u00f3\u00a0- Lavalleja - Octubre 2017 LA TRAMPA","robots":{"index":"index","follow":"follow","max-snippet":"max-snippet:-1","max-image-preview":"max-image-preview:large","max-video-preview":"max-video-preview:-1"},"canonical":"https:\/\/cooltivarte.com\/portal\/la-trampa-en-semana-de-lavalleja\/","og_locale":"es_ES","og_type":"article","og_title":"LA TRAMPA en Semana de Lavalleja 2017 - Cooltivarte Portal","og_description":"Escenario en Parque Rod\u00f3\u00a0- Lavalleja - Octubre 2017 LA TRAMPA","og_url":"https:\/\/cooltivarte.com\/portal\/la-trampa-en-semana-de-lavalleja\/","og_site_name":"Cooltivarte Portal","article_publisher":"https:\/\/www.facebook.com\/cooltivartecom\/","article_author":"https:\/\/www.facebook.com\/kjsm1973","article_published_time":"2017-10-18T23:16:13+00:00","article_modified_time":"2024-08-31T16:22:02+00:00","og_image":[{"width":1024,"height":683,"url":"https:\/\/cooltivarte.com\/portal\/wp-content\/uploads\/2017\/10\/la-trampa-46-Semana-de-Lavalleja-octubre12017-foto-karina-soria.jpg","type":"image\/jpeg"}],"author":"Karina Soria","twitter_card":"summary_large_image","twitter_creator":"@https:\/\/x.com\/Kjsm1973_0903","twitter_site":"@obolocultural","twitter_misc":{"Escrito por":"Karina Soria","Tiempo de lectura":"1 minuto"},"schema":{"@context":"https:\/\/schema.org","@graph":[{"@type":"NewsArticle","@id":"https:\/\/cooltivarte.com\/portal\/la-trampa-en-semana-de-lavalleja\/#article","isPartOf":{"@id":"https:\/\/cooltivarte.com\/portal\/la-trampa-en-semana-de-lavalleja\/"},"author":{"name":"Karina Soria","@id":"https:\/\/cooltivarte.com\/portal\/#\/schema\/person\/330e564317abdb119a8a1d2d89ef99b9"},"headline":"LA TRAMPA en Semana de Lavalleja 2017","datePublished":"2017-10-18T23:16:13+00:00","dateModified":"2024-08-31T16:22:02+00:00","mainEntityOfPage":{"@id":"https:\/\/cooltivarte.com\/portal\/la-trampa-en-semana-de-lavalleja\/"},"wordCount":36,"publisher":{"@id":"https:\/\/cooltivarte.com\/portal\/#organization"},"image":{"@id":"https:\/\/cooltivarte.com\/portal\/la-trampa-en-semana-de-lavalleja\/#primaryimage"},"thumbnailUrl":"https:\/\/cooltivarte.com\/portal\/wp-content\/uploads\/2017\/10\/la-trampa-46-Semana-de-Lavalleja-octubre12017-foto-karina-soria.jpg","keywords":["La Trampa","Semana de Lavalleja"],"articleSection":["Coberturas"],"inLanguage":"es-AR"},{"@type":"WebPage","@id":"https:\/\/cooltivarte.com\/portal\/la-trampa-en-semana-de-lavalleja\/","url":"https:\/\/cooltivarte.com\/portal\/la-trampa-en-semana-de-lavalleja\/","name":"LA TRAMPA en Semana de Lavalleja 2017 - Cooltivarte Portal","isPartOf":{"@id":"https:\/\/cooltivarte.com\/portal\/#website"},"primaryImageOfPage":{"@id":"https:\/\/cooltivarte.com\/portal\/la-trampa-en-semana-de-lavalleja\/#primaryimage"},"image":{"@id":"https:\/\/cooltivarte.com\/portal\/la-trampa-en-semana-de-lavalleja\/#primaryimage"},"thumbnailUrl":"https:\/\/cooltivarte.com\/portal\/wp-content\/uploads\/2017\/10\/la-trampa-46-Semana-de-Lavalleja-octubre12017-foto-karina-soria.jpg","datePublished":"2017-10-18T23:16:13+00:00","dateModified":"2024-08-31T16:22:02+00:00","description":"Escenario en Parque Rod\u00f3\u00a0- Lavalleja - Octubre 2017 LA TRAMPA","breadcrumb":{"@id":"https:\/\/cooltivarte.com\/portal\/la-trampa-en-semana-de-lavalleja\/#breadcrumb"},"inLanguage":"es-AR","potentialAction":[{"@type":"ReadAction","target":["https:\/\/cooltivarte.com\/portal\/la-trampa-en-semana-de-lavalleja\/"]}]},{"@type":"ImageObject","inLanguage":"es-AR","@id":"https:\/\/cooltivarte.com\/portal\/la-trampa-en-semana-de-lavalleja\/#primaryimage","url":"https:\/\/cooltivarte.com\/portal\/wp-content\/uploads\/2017\/10\/la-trampa-46-Semana-de-Lavalleja-octubre12017-foto-karina-soria.jpg","contentUrl":"https:\/\/cooltivarte.com\/portal\/wp-content\/uploads\/2017\/10\/la-trampa-46-Semana-de-Lavalleja-octubre12017-foto-karina-soria.jpg","width":1024,"height":683,"caption":"la-trampa---46-Semana-de-Lavalleja-octubre2017-foto-karina-soria"},{"@type":"BreadcrumbList","@id":"https:\/\/cooltivarte.com\/portal\/la-trampa-en-semana-de-lavalleja\/#breadcrumb","itemListElement":[{"@type":"ListItem","position":1,"name":"Portada","item":"https:\/\/cooltivarte.com\/portal\/"},{"@type":"ListItem","position":2,"name":"LA TRAMPA en Semana de Lavalleja 2017"}]},{"@type":"WebSite","@id":"https:\/\/cooltivarte.com\/portal\/#website","url":"https:\/\/cooltivarte.com\/portal\/","name":"Cooltivarte Portal","description":"Arte, cultura y turismo para el mundo ...","publisher":{"@id":"https:\/\/cooltivarte.com\/portal\/#organization"},"potentialAction":[{"@type":"SearchAction","target":{"@type":"EntryPoint","urlTemplate":"https:\/\/cooltivarte.com\/portal\/?s={search_term_string}"},"query-input":{"@type":"PropertyValueSpecification","valueRequired":true,"valueName":"search_term_string"}}],"inLanguage":"es-AR"},{"@type":"Organization","@id":"https:\/\/cooltivarte.com\/portal\/#organization","name":"cooltivarte","url":"https:\/\/cooltivarte.com\/portal\/","logo":{"@type":"ImageObject","inLanguage":"es-AR","@id":"https:\/\/cooltivarte.com\/portal\/#\/schema\/logo\/image\/","url":"https:\/\/cooltivarte.com\/portal\/wp-content\/uploads\/2020\/04\/logo-cooltivarte-v2.png","contentUrl":"https:\/\/cooltivarte.com\/portal\/wp-content\/uploads\/2020\/04\/logo-cooltivarte-v2.png","width":851,"height":243,"caption":"cooltivarte"},"image":{"@id":"https:\/\/cooltivarte.com\/portal\/#\/schema\/logo\/image\/"},"sameAs":["https:\/\/www.facebook.com\/cooltivartecom\/","https:\/\/x.com\/obolocultural","https:\/\/www.instagram.com\/_cooltivarte_\/","https:\/\/www.linkedin.com\/company\/-bolocultural?reportsuccess=8zaNG1HwhPbAR9iQhZ5rfGeqz_vQFftHun0ZWU0Wy9vNemRJ8vtcKdJvzQfW8XagyOJSKg0XvfJ1dp","https:\/\/www.pinterest.com\/cooltivarte\/","https:\/\/cooltivarte.tumblr.com\/","https:\/\/www.tiktok.com\/@cooltivarte","https:\/\/www.youtube.com\/@PrensaCooltivarte"]},{"@type":"Person","@id":"https:\/\/cooltivarte.com\/portal\/#\/schema\/person\/330e564317abdb119a8a1d2d89ef99b9","name":"Karina Soria","image":{"@type":"ImageObject","inLanguage":"es-AR","@id":"https:\/\/cooltivarte.com\/portal\/wp-content\/uploads\/2017\/10\/karina-soria-120x120.jpg","url":"https:\/\/cooltivarte.com\/portal\/wp-content\/uploads\/2017\/10\/karina-soria-120x120.jpg","contentUrl":"https:\/\/cooltivarte.com\/portal\/wp-content\/uploads\/2017\/10\/karina-soria-120x120.jpg","caption":"Karina Soria"},"description":"Karina Soria Muniz nacida en la ciudad de Minas Lavalleja el 9 de marzo de 1973. Apicultora y fot\u00f3grafa aficionada, hace cuatro a\u00f1os comenc\u00e9 a incursionar en la fotograf\u00eda, realizando algunas capacitaciones en mi ciudad y capital. En el 2016 me presento al llamado a Sala Aurelio Gonzalez Taller Aquelarre ganando con \"Una mirada interior\", exposici\u00f3n que se realiza este a\u00f1o. Cada vez me sumerjo mas en el placer de seguir descubriendo el arte de dibujar con luz.","sameAs":["https:\/\/www.facebook.com\/kjsm1973","https:\/\/www.instagram.com\/_cooltivarte_\/","https:\/\/www.linkedin.com\/company\/-bolocultural","https:\/\/www.pinterest.com\/cooltivarte","https:\/\/x.com\/https:\/\/x.com\/Kjsm1973_0903","https:\/\/www.youtube.com\/@PrensaCooltivarte","https:\/\/www.tumblr.com\/blog\/cooltivarte"],"url":"https:\/\/cooltivarte.com\/portal\/author\/karina-soria\/"}]}},"_links":{"self":[{"href":"https:\/\/cooltivarte.com\/portal\/wp-json\/wp\/v2\/posts\/34203","targetHints":{"allow":["GET"]}}],"collection":[{"href":"https:\/\/cooltivarte.com\/portal\/wp-json\/wp\/v2\/posts"}],"about":[{"href":"https:\/\/cooltivarte.com\/portal\/wp-json\/wp\/v2\/types\/post"}],"author":[{"embeddable":true,"href":"https:\/\/cooltivarte.com\/portal\/wp-json\/wp\/v2\/users\/113"}],"replies":[{"embeddable":true,"href":"https:\/\/cooltivarte.com\/portal\/wp-json\/wp\/v2\/comments?post=34203"}],"version-history":[{"count":7,"href":"https:\/\/cooltivarte.com\/portal\/wp-json\/wp\/v2\/posts\/34203\/revisions"}],"predecessor-version":[{"id":106028,"href":"https:\/\/cooltivarte.com\/portal\/wp-json\/wp\/v2\/posts\/34203\/revisions\/106028"}],"wp:featuredmedia":[{"embeddable":true,"href":"https:\/\/cooltivarte.com\/portal\/wp-json\/wp\/v2\/media\/34204"}],"wp:attachment":[{"href":"https:\/\/cooltivarte.com\/portal\/wp-json\/wp\/v2\/media?parent=34203"}],"wp:term":[{"taxonomy":"category","embeddable":true,"href":"https:\/\/cooltivarte.com\/portal\/wp-json\/wp\/v2\/categories?post=34203"},{"taxonomy":"post_tag","embeddable":true,"href":"https:\/\/cooltivarte.com\/portal\/wp-json\/wp\/v2\/tags?post=34203"}],"curies":[{"name":"wp","href":"https:\/\/api.w.org\/{rel}","templated":true}]}}