{"id":33755,"date":"2017-10-08T18:48:05","date_gmt":"2017-10-08T21:48:05","guid":{"rendered":"http:\/\/cooltivarte.com\/portal\/?p=33755"},"modified":"2017-10-10T12:53:52","modified_gmt":"2017-10-10T15:53:52","slug":"exposicion-fotografica-si-supieras","status":"publish","type":"post","link":"https:\/\/cooltivarte.com\/portal\/exposicion-fotografica-si-supieras\/","title":{"rendered":"EXPOSICI\u00d3N FOTOGR\u00c1FICA: Si Supieras\u2026"},"content":{"rendered":"<p>Exposici\u00f3n Fotogr\u00e1fica del <strong>taller Mirada Personal<\/strong>, dictado por <a href=\"https:\/\/cooltivarte.com\/portal\/?s=Diana+Mines\"><strong>Diana Mines<\/strong><\/a>.<\/p>\n<p>Fecha: del 04 al 27 de Octubre 2017.<br \/>\nLugar: <strong>IMPO<\/strong> 18 de Julio 1373<\/p>\n<p>Fot\u00f3grafos: <strong>Mariela Ben\u00edtez, Fernanda Guill\u00e9n, Elo\u00edsa Larrosa, Diana Mines, Graciela Ottonelli, Mar\u00eda Emilia Parola Langhani, N\u00e9stor Pereira, Marina Pose y Nancy Urrotia.<\/strong><\/p>\n<p>&nbsp;<\/p>\n<p>El mi\u00e9rcoles 04 de octubre de 2017 se inaugur\u00f3 en el espacio IMPO la muestra fotogr\u00e1fica <strong>Si Supieras\u2026<\/strong> Es una muestra colectiva conformada por fotograf\u00edas de los 9 integrantes del \u00faltimo taller Mirada Personal dictado por Diana Mines.<\/p>\n<p>Si Supieras\u2026 aprovecha la celebraci\u00f3n de los 100 a\u00f1os de La Cumparsita para resumir en im\u00e1genes la reflexi\u00f3n e investigaci\u00f3n personal de cada participante en torno al significado del tango en la cultura y memoria uruguaya.<\/p>\n<p>Diana Mines, conocida fot\u00f3grafa, docente y curadora ha dictado el taller Mirada Personal desde el 2015, teniendo como resultado exposiciones colectivas, esta vez en la ciudad de Montevideo.<\/p>\n<p>Si Supieras\u2026 <strong>puede visitarse hasta el 27 de octubre en el espacio IMPO, 18 de Julio 1373, entre 9:30 y 16:00 hs.<\/strong><\/p>\n<p>&nbsp;<\/p>\n<p>[justified_image_grid facebook_id=163210523725869 facebook_album=1491973067516268]<\/p>\n<p>&nbsp;<\/p>\n<p>&nbsp;<\/p>\n","protected":false},"excerpt":{"rendered":"<p>Exposici\u00f3n Fotogr\u00e1fica del taller Mirada Personal, dictado por Diana Mines. Fecha: del 04 al 27 de Octubre 2017. Lugar: IMPO 18 de Julio 1373 Fot\u00f3grafos: Mariela Ben\u00edtez, Fernanda Guill\u00e9n, Elo\u00edsa Larrosa, Diana Mines, Graciela Ottonelli, Mar\u00eda Emilia Parola Langhani, N\u00e9stor Pereira, Marina Pose y Nancy Urrotia. &nbsp; El mi\u00e9rcoles 04 de octubre de 2017 se [&hellip;]<\/p>\n","protected":false},"author":104,"featured_media":33756,"comment_status":"closed","ping_status":"closed","sticky":false,"template":"","format":"standard","meta":{"om_disable_all_campaigns":false,"ngg_post_thumbnail":0,"jnews-multi-image_gallery":[],"jnews_single_post":[],"jnews_primary_category":[],"jnews_social_meta":[],"jnews_override_counter":[],"footnotes":""},"categories":[4573],"tags":[],"class_list":["post-33755","post","type-post","status-publish","format-standard","has-post-thumbnail","hentry","category-cobertura-sensible"],"yoast_head":"<!-- This site is optimized with the Yoast SEO plugin v27.5 - https:\/\/yoast.com\/product\/yoast-seo-wordpress\/ -->\n<title>EXPOSICI\u00d3N FOTOGR\u00c1FICA: Si Supieras\u2026 - Cooltivarte Portal<\/title>\n<meta name=\"description\" content=\"COOLTIVARTE.COM es un portal digital colaborativo de actualizaci\u00f3n permanente dedicado a difundir el acontecer art\u00edstico y cultural, entrevista artistas, gestores y productores de las diferentes disciplinas del arte, y publicando art\u00edculos de reflexi\u00f3n de producci\u00f3n propia sobre los elementos culturales.\" \/>\n<meta name=\"robots\" content=\"index, follow, max-snippet:-1, max-image-preview:large, max-video-preview:-1\" \/>\n<link rel=\"canonical\" href=\"https:\/\/cooltivarte.com\/portal\/exposicion-fotografica-si-supieras\/\" \/>\n<meta property=\"og:locale\" content=\"es_ES\" \/>\n<meta property=\"og:type\" content=\"article\" \/>\n<meta property=\"og:title\" content=\"EXPOSICI\u00d3N FOTOGR\u00c1FICA: Si Supieras\u2026 - Cooltivarte Portal\" \/>\n<meta property=\"og:description\" content=\"COOLTIVARTE.COM es un portal digital colaborativo de actualizaci\u00f3n permanente dedicado a difundir el acontecer art\u00edstico y cultural, entrevista artistas, gestores y productores de las diferentes disciplinas del arte, y publicando art\u00edculos de reflexi\u00f3n de producci\u00f3n propia sobre los elementos culturales.\" \/>\n<meta property=\"og:url\" content=\"https:\/\/cooltivarte.com\/portal\/exposicion-fotografica-si-supieras\/\" \/>\n<meta property=\"og:site_name\" content=\"Cooltivarte Portal\" \/>\n<meta property=\"article:publisher\" content=\"https:\/\/www.facebook.com\/cooltivartecom\/\" \/>\n<meta property=\"article:author\" content=\"https:\/\/www.facebook.com\/meryariasautora\" \/>\n<meta property=\"article:published_time\" content=\"2017-10-08T21:48:05+00:00\" \/>\n<meta property=\"article:modified_time\" content=\"2017-10-10T15:53:52+00:00\" \/>\n<meta property=\"og:image\" content=\"https:\/\/cooltivarte.com\/portal\/wp-content\/uploads\/2017\/10\/Exposici\u00f3n-Fotogr\u00e1fica-del-taller-Mirada-Personal-dictado-por-Diana-Mines.-octubre-2017-Mery-Arias.jpg\" \/>\n\t<meta property=\"og:image:width\" content=\"1024\" \/>\n\t<meta property=\"og:image:height\" content=\"684\" \/>\n\t<meta property=\"og:image:type\" content=\"image\/jpeg\" \/>\n<meta name=\"author\" content=\"Mery Arias\" \/>\n<meta name=\"twitter:card\" content=\"summary_large_image\" \/>\n<meta name=\"twitter:creator\" content=\"@https:\/\/x.com\/obolocultural\" \/>\n<meta name=\"twitter:site\" content=\"@obolocultural\" \/>\n<meta name=\"twitter:label1\" content=\"Escrito por\" \/>\n\t<meta name=\"twitter:data1\" content=\"Mery Arias\" \/>\n\t<meta name=\"twitter:label2\" content=\"Tiempo de lectura\" \/>\n\t<meta name=\"twitter:data2\" content=\"1 minuto\" \/>\n<!-- \/ Yoast SEO plugin. -->","yoast_head_json":{"title":"EXPOSICI\u00d3N FOTOGR\u00c1FICA: Si Supieras\u2026 - Cooltivarte Portal","description":"COOLTIVARTE.COM es un portal digital colaborativo de actualizaci\u00f3n permanente dedicado a difundir el acontecer art\u00edstico y cultural, entrevista artistas, gestores y productores de las diferentes disciplinas del arte, y publicando art\u00edculos de reflexi\u00f3n de producci\u00f3n propia sobre los elementos culturales.","robots":{"index":"index","follow":"follow","max-snippet":"max-snippet:-1","max-image-preview":"max-image-preview:large","max-video-preview":"max-video-preview:-1"},"canonical":"https:\/\/cooltivarte.com\/portal\/exposicion-fotografica-si-supieras\/","og_locale":"es_ES","og_type":"article","og_title":"EXPOSICI\u00d3N FOTOGR\u00c1FICA: Si Supieras\u2026 - Cooltivarte Portal","og_description":"COOLTIVARTE.COM es un portal digital colaborativo de actualizaci\u00f3n permanente dedicado a difundir el acontecer art\u00edstico y cultural, entrevista artistas, gestores y productores de las diferentes disciplinas del arte, y publicando art\u00edculos de reflexi\u00f3n de producci\u00f3n propia sobre los elementos culturales.","og_url":"https:\/\/cooltivarte.com\/portal\/exposicion-fotografica-si-supieras\/","og_site_name":"Cooltivarte Portal","article_publisher":"https:\/\/www.facebook.com\/cooltivartecom\/","article_author":"https:\/\/www.facebook.com\/meryariasautora","article_published_time":"2017-10-08T21:48:05+00:00","article_modified_time":"2017-10-10T15:53:52+00:00","og_image":[{"width":1024,"height":684,"url":"https:\/\/cooltivarte.com\/portal\/wp-content\/uploads\/2017\/10\/Exposici\u00f3n-Fotogr\u00e1fica-del-taller-Mirada-Personal-dictado-por-Diana-Mines.-octubre-2017-Mery-Arias.jpg","type":"image\/jpeg"}],"author":"Mery Arias","twitter_card":"summary_large_image","twitter_creator":"@https:\/\/x.com\/obolocultural","twitter_site":"@obolocultural","twitter_misc":{"Escrito por":"Mery Arias","Tiempo de lectura":"1 minuto"},"schema":{"@context":"https:\/\/schema.org","@graph":[{"@type":"NewsArticle","@id":"https:\/\/cooltivarte.com\/portal\/exposicion-fotografica-si-supieras\/#article","isPartOf":{"@id":"https:\/\/cooltivarte.com\/portal\/exposicion-fotografica-si-supieras\/"},"author":{"name":"Mery Arias","@id":"https:\/\/cooltivarte.com\/portal\/#\/schema\/person\/334e1bef0c49846bf1e1d03b90801910"},"headline":"EXPOSICI\u00d3N FOTOGR\u00c1FICA: Si Supieras\u2026","datePublished":"2017-10-08T21:48:05+00:00","dateModified":"2017-10-10T15:53:52+00:00","mainEntityOfPage":{"@id":"https:\/\/cooltivarte.com\/portal\/exposicion-fotografica-si-supieras\/"},"wordCount":189,"publisher":{"@id":"https:\/\/cooltivarte.com\/portal\/#organization"},"image":{"@id":"https:\/\/cooltivarte.com\/portal\/exposicion-fotografica-si-supieras\/#primaryimage"},"thumbnailUrl":"https:\/\/cooltivarte.com\/portal\/wp-content\/uploads\/2017\/10\/Exposici\u00f3n-Fotogr\u00e1fica-del-taller-Mirada-Personal-dictado-por-Diana-Mines.-octubre-2017-Mery-Arias.jpg","articleSection":["Muestra Sensible"],"inLanguage":"es-AR"},{"@type":"WebPage","@id":"https:\/\/cooltivarte.com\/portal\/exposicion-fotografica-si-supieras\/","url":"https:\/\/cooltivarte.com\/portal\/exposicion-fotografica-si-supieras\/","name":"EXPOSICI\u00d3N FOTOGR\u00c1FICA: Si Supieras\u2026 - Cooltivarte Portal","isPartOf":{"@id":"https:\/\/cooltivarte.com\/portal\/#website"},"primaryImageOfPage":{"@id":"https:\/\/cooltivarte.com\/portal\/exposicion-fotografica-si-supieras\/#primaryimage"},"image":{"@id":"https:\/\/cooltivarte.com\/portal\/exposicion-fotografica-si-supieras\/#primaryimage"},"thumbnailUrl":"https:\/\/cooltivarte.com\/portal\/wp-content\/uploads\/2017\/10\/Exposici\u00f3n-Fotogr\u00e1fica-del-taller-Mirada-Personal-dictado-por-Diana-Mines.-octubre-2017-Mery-Arias.jpg","datePublished":"2017-10-08T21:48:05+00:00","dateModified":"2017-10-10T15:53:52+00:00","description":"COOLTIVARTE.COM es un portal digital colaborativo de actualizaci\u00f3n permanente dedicado a difundir el acontecer art\u00edstico y cultural, entrevista artistas, gestores y productores de las diferentes disciplinas del arte, y publicando art\u00edculos de reflexi\u00f3n de producci\u00f3n propia sobre los elementos culturales.","breadcrumb":{"@id":"https:\/\/cooltivarte.com\/portal\/exposicion-fotografica-si-supieras\/#breadcrumb"},"inLanguage":"es-AR","potentialAction":[{"@type":"ReadAction","target":["https:\/\/cooltivarte.com\/portal\/exposicion-fotografica-si-supieras\/"]}]},{"@type":"ImageObject","inLanguage":"es-AR","@id":"https:\/\/cooltivarte.com\/portal\/exposicion-fotografica-si-supieras\/#primaryimage","url":"https:\/\/cooltivarte.com\/portal\/wp-content\/uploads\/2017\/10\/Exposici\u00f3n-Fotogr\u00e1fica-del-taller-Mirada-Personal-dictado-por-Diana-Mines.-octubre-2017-Mery-Arias.jpg","contentUrl":"https:\/\/cooltivarte.com\/portal\/wp-content\/uploads\/2017\/10\/Exposici\u00f3n-Fotogr\u00e1fica-del-taller-Mirada-Personal-dictado-por-Diana-Mines.-octubre-2017-Mery-Arias.jpg","width":1024,"height":684,"caption":"Exposici\u00f3n Fotogr\u00e1fica del taller Mirada Personal, dictado por Diana Mines. octubre 2017 foto - Mery-Arias"},{"@type":"BreadcrumbList","@id":"https:\/\/cooltivarte.com\/portal\/exposicion-fotografica-si-supieras\/#breadcrumb","itemListElement":[{"@type":"ListItem","position":1,"name":"Portada","item":"https:\/\/cooltivarte.com\/portal\/"},{"@type":"ListItem","position":2,"name":"EXPOSICI\u00d3N FOTOGR\u00c1FICA: Si Supieras\u2026"}]},{"@type":"WebSite","@id":"https:\/\/cooltivarte.com\/portal\/#website","url":"https:\/\/cooltivarte.com\/portal\/","name":"Cooltivarte Portal","description":"Arte, cultura y turismo para el mundo ...","publisher":{"@id":"https:\/\/cooltivarte.com\/portal\/#organization"},"potentialAction":[{"@type":"SearchAction","target":{"@type":"EntryPoint","urlTemplate":"https:\/\/cooltivarte.com\/portal\/?s={search_term_string}"},"query-input":{"@type":"PropertyValueSpecification","valueRequired":true,"valueName":"search_term_string"}}],"inLanguage":"es-AR"},{"@type":"Organization","@id":"https:\/\/cooltivarte.com\/portal\/#organization","name":"cooltivarte","url":"https:\/\/cooltivarte.com\/portal\/","logo":{"@type":"ImageObject","inLanguage":"es-AR","@id":"https:\/\/cooltivarte.com\/portal\/#\/schema\/logo\/image\/","url":"https:\/\/cooltivarte.com\/portal\/wp-content\/uploads\/2020\/04\/logo-cooltivarte-v2.png","contentUrl":"https:\/\/cooltivarte.com\/portal\/wp-content\/uploads\/2020\/04\/logo-cooltivarte-v2.png","width":851,"height":243,"caption":"cooltivarte"},"image":{"@id":"https:\/\/cooltivarte.com\/portal\/#\/schema\/logo\/image\/"},"sameAs":["https:\/\/www.facebook.com\/cooltivartecom\/","https:\/\/x.com\/obolocultural","https:\/\/www.instagram.com\/_cooltivarte_\/","https:\/\/www.linkedin.com\/company\/-bolocultural?reportsuccess=8zaNG1HwhPbAR9iQhZ5rfGeqz_vQFftHun0ZWU0Wy9vNemRJ8vtcKdJvzQfW8XagyOJSKg0XvfJ1dp","https:\/\/www.pinterest.com\/cooltivarte\/","https:\/\/cooltivarte.tumblr.com\/","https:\/\/www.tiktok.com\/@cooltivarte","https:\/\/www.youtube.com\/@PrensaCooltivarte"]},{"@type":"Person","@id":"https:\/\/cooltivarte.com\/portal\/#\/schema\/person\/334e1bef0c49846bf1e1d03b90801910","name":"Mery Arias","image":{"@type":"ImageObject","inLanguage":"es-AR","@id":"https:\/\/cooltivarte.com\/portal\/wp-content\/uploads\/2017\/10\/Mery-Arias_MeryArias_1-120x120.jpg","url":"https:\/\/cooltivarte.com\/portal\/wp-content\/uploads\/2017\/10\/Mery-Arias_MeryArias_1-120x120.jpg","contentUrl":"https:\/\/cooltivarte.com\/portal\/wp-content\/uploads\/2017\/10\/Mery-Arias_MeryArias_1-120x120.jpg","caption":"Mery Arias"},"description":"Mery Arias venezolana residente en Montevideo desde el a\u00f1o 2011. Realiz\u00f3 el curso b\u00e1sico de fotograf\u00eda y An\u00e1lisis de la Imagen en el Foto Club Uruguayo. Se dedica exclusivamente a la creaci\u00f3n de proyectos fotogr\u00e1ficos personales y actividades colaborativas como el portal CoolTivarte.","sameAs":["http:\/\/www.meryarias.com","https:\/\/www.facebook.com\/meryariasautora","https:\/\/www.instagram.com\/_cooltivarte_\/","https:\/\/www.linkedin.com\/company\/-bolocultural","https:\/\/www.pinterest.com\/cooltivarte","https:\/\/x.com\/https:\/\/x.com\/obolocultural","https:\/\/www.youtube.com\/@PrensaCooltivarte","https:\/\/www.tumblr.com\/blog\/cooltivarte"],"url":"https:\/\/cooltivarte.com\/portal\/author\/mery-arias\/"}]}},"_links":{"self":[{"href":"https:\/\/cooltivarte.com\/portal\/wp-json\/wp\/v2\/posts\/33755","targetHints":{"allow":["GET"]}}],"collection":[{"href":"https:\/\/cooltivarte.com\/portal\/wp-json\/wp\/v2\/posts"}],"about":[{"href":"https:\/\/cooltivarte.com\/portal\/wp-json\/wp\/v2\/types\/post"}],"author":[{"embeddable":true,"href":"https:\/\/cooltivarte.com\/portal\/wp-json\/wp\/v2\/users\/104"}],"replies":[{"embeddable":true,"href":"https:\/\/cooltivarte.com\/portal\/wp-json\/wp\/v2\/comments?post=33755"}],"version-history":[{"count":2,"href":"https:\/\/cooltivarte.com\/portal\/wp-json\/wp\/v2\/posts\/33755\/revisions"}],"predecessor-version":[{"id":33758,"href":"https:\/\/cooltivarte.com\/portal\/wp-json\/wp\/v2\/posts\/33755\/revisions\/33758"}],"wp:featuredmedia":[{"embeddable":true,"href":"https:\/\/cooltivarte.com\/portal\/wp-json\/wp\/v2\/media\/33756"}],"wp:attachment":[{"href":"https:\/\/cooltivarte.com\/portal\/wp-json\/wp\/v2\/media?parent=33755"}],"wp:term":[{"taxonomy":"category","embeddable":true,"href":"https:\/\/cooltivarte.com\/portal\/wp-json\/wp\/v2\/categories?post=33755"},{"taxonomy":"post_tag","embeddable":true,"href":"https:\/\/cooltivarte.com\/portal\/wp-json\/wp\/v2\/tags?post=33755"}],"curies":[{"name":"wp","href":"https:\/\/api.w.org\/{rel}","templated":true}]}}