{"id":33382,"date":"2017-09-23T22:42:18","date_gmt":"2017-09-24T01:42:18","guid":{"rendered":"http:\/\/cooltivarte.com\/portal\/?p=33382"},"modified":"2020-04-11T12:42:06","modified_gmt":"2020-04-11T15:42:06","slug":"mundial-poetico-de-montevideo-2017","status":"publish","type":"post","link":"https:\/\/cooltivarte.com\/portal\/mundial-poetico-de-montevideo-2017\/","title":{"rendered":"Mundial Po\u00e9tico de Montevideo 2017"},"content":{"rendered":"<p>Poetas, amigos y p\u00fablico en general: les anuncio a exactamente un mes de su comienzo, que el <a href=\"https:\/\/cooltivarte.com\/portal\/?s=Mundial+Po%C3%A9tico+de+Montevideo\"><strong>Mundial Po\u00e9tico de Montevideo<\/strong><\/a> 2017 ser\u00e1 realizado del <strong>23 al 28 de octubre 2017<\/strong>. En esta tercera edici\u00f3n nos visitar\u00e1n <strong>22 poetas de Europa y las tres Am\u00e9ricas,<\/strong> y adem\u00e1s por supuesto participar\u00e1n, 46 poetas y propuestas locales (orientales del Uruguay).<\/p>\n<p>La mascota- monstruo de esta tercera edici\u00f3n de nuestro festival, es una creaci\u00f3n del street-artista llamado <strong><a href=\"https:\/\/cooltivarte.com\/portal\/?s=Alfalfa\">Alfalfa<\/a><\/strong>.<\/p>\n<p>Saluden pues al hombre de las aguas, los pozos y la humedad!<\/p>\n<p>Saluden al Mundial Po\u00e9tico 2017!<\/p>\n<p>(en breve: quienes son nuestros invitados internacionales y locales, quienes nos apoyan, y, d\u00f3nde ser\u00e1n las jornadas del <strong>Mundial Po\u00e9tico de Montevideo<\/strong>)<br \/>\nDise\u00f1o gr\u00e1fico de Estudio Blende<\/p>\n<p>M\u00e1s informaci\u00f3n:&nbsp;<a href=\"https:\/\/www.facebook.com\/MundialPoeticoDeMontevideo\/?hc_ref=ARSsD9HMqyJiRm1TO-QaeLSqvS9oaz4r_KCmVCdlNPAn-VPUiRZdOT-wB7VaOGatAsw\" target=\"_blank\" rel=\"noopener\">Mundial Po\u00e9tico de Montevideo<\/a><\/p>\n<p>&nbsp;<\/p>\n<p>&nbsp;<\/p>\n<p>&nbsp;<\/p>\n<p>&nbsp;<\/p>\n<p>&nbsp;<\/p>\n<p><script async=\"\" src=\"\/\/pagead2.googlesyndication.com\/pagead\/js\/adsbygoogle.js\"><\/script><br \/>\n<script>\n  (adsbygoogle = window.adsbygoogle || []).push({\n    google_ad_client: \"ca-pub-1258162831753121\",\n    enable_page_level_ads: true\n  });\n<\/script><\/p>\n<p>&nbsp;<\/p>\n<p>&nbsp;<\/p>\n<p>&nbsp;<\/p>\n","protected":false},"excerpt":{"rendered":"<p>Poetas, amigos y p\u00fablico en general: les anuncio a exactamente un mes de su comienzo, que el Mundial Po\u00e9tico de Montevideo 2017 ser\u00e1 realizado del 23 al 28 de octubre 2017. En esta tercera edici\u00f3n nos visitar\u00e1n 22 poetas de Europa y las tres Am\u00e9ricas, y adem\u00e1s por supuesto participar\u00e1n, 46 poetas y propuestas locales [&hellip;]<\/p>\n","protected":false},"author":8,"featured_media":33384,"comment_status":"closed","ping_status":"closed","sticky":false,"template":"","format":"standard","meta":{"om_disable_all_campaigns":false,"ngg_post_thumbnail":0,"jnews-multi-image_gallery":[],"jnews_single_post":[],"jnews_primary_category":[],"jnews_social_meta":[],"jnews_override_counter":[],"footnotes":""},"categories":[55],"tags":[],"class_list":["post-33382","post","type-post","status-publish","format-standard","has-post-thumbnail","hentry","category-poesia"],"yoast_head":"<!-- This site is optimized with the Yoast SEO plugin v27.5 - https:\/\/yoast.com\/product\/yoast-seo-wordpress\/ -->\n<title>Mundial Po\u00e9tico de Montevideo 2017 - Cooltivarte Portal<\/title>\n<meta name=\"description\" content=\"COOLTIVARTE.COM es un portal digital colaborativo de actualizaci\u00f3n permanente dedicado a difundir el acontecer art\u00edstico y cultural, entrevista artistas, gestores y productores de las diferentes disciplinas del arte, y publicando art\u00edculos de reflexi\u00f3n de producci\u00f3n propia sobre los elementos culturales.\" \/>\n<meta name=\"robots\" content=\"index, follow, max-snippet:-1, max-image-preview:large, max-video-preview:-1\" \/>\n<link rel=\"canonical\" href=\"https:\/\/cooltivarte.com\/portal\/mundial-poetico-de-montevideo-2017\/\" \/>\n<meta property=\"og:locale\" content=\"es_ES\" \/>\n<meta property=\"og:type\" content=\"article\" \/>\n<meta property=\"og:title\" content=\"Mundial Po\u00e9tico de Montevideo 2017 - Cooltivarte Portal\" \/>\n<meta property=\"og:description\" content=\"COOLTIVARTE.COM es un portal digital colaborativo de actualizaci\u00f3n permanente dedicado a difundir el acontecer art\u00edstico y cultural, entrevista artistas, gestores y productores de las diferentes disciplinas del arte, y publicando art\u00edculos de reflexi\u00f3n de producci\u00f3n propia sobre los elementos culturales.\" \/>\n<meta property=\"og:url\" content=\"https:\/\/cooltivarte.com\/portal\/mundial-poetico-de-montevideo-2017\/\" \/>\n<meta property=\"og:site_name\" content=\"Cooltivarte Portal\" \/>\n<meta property=\"article:publisher\" content=\"https:\/\/www.facebook.com\/cooltivartecom\/\" \/>\n<meta property=\"article:author\" content=\"https:\/\/www.facebook.com\/cooltivartecom\" \/>\n<meta property=\"article:published_time\" content=\"2017-09-24T01:42:18+00:00\" \/>\n<meta property=\"article:modified_time\" content=\"2020-04-11T15:42:06+00:00\" \/>\n<meta property=\"og:image\" content=\"https:\/\/cooltivarte.com\/portal\/wp-content\/uploads\/2017\/09\/Mundial-Po\u00e9tico-de-Montevideo-2017.jpg\" \/>\n\t<meta property=\"og:image:width\" content=\"679\" \/>\n\t<meta property=\"og:image:height\" content=\"960\" \/>\n\t<meta property=\"og:image:type\" content=\"image\/jpeg\" \/>\n<meta name=\"author\" content=\"Cooltivarte\" \/>\n<meta name=\"twitter:card\" content=\"summary_large_image\" \/>\n<meta name=\"twitter:creator\" content=\"@https:\/\/x.com\/obolocultural\" \/>\n<meta name=\"twitter:site\" content=\"@obolocultural\" \/>\n<meta name=\"twitter:label1\" content=\"Escrito por\" \/>\n\t<meta name=\"twitter:data1\" content=\"Cooltivarte\" \/>\n\t<meta name=\"twitter:label2\" content=\"Tiempo de lectura\" \/>\n\t<meta name=\"twitter:data2\" content=\"1 minuto\" \/>\n<!-- \/ Yoast SEO plugin. -->","yoast_head_json":{"title":"Mundial Po\u00e9tico de Montevideo 2017 - Cooltivarte Portal","description":"COOLTIVARTE.COM es un portal digital colaborativo de actualizaci\u00f3n permanente dedicado a difundir el acontecer art\u00edstico y cultural, entrevista artistas, gestores y productores de las diferentes disciplinas del arte, y publicando art\u00edculos de reflexi\u00f3n de producci\u00f3n propia sobre los elementos culturales.","robots":{"index":"index","follow":"follow","max-snippet":"max-snippet:-1","max-image-preview":"max-image-preview:large","max-video-preview":"max-video-preview:-1"},"canonical":"https:\/\/cooltivarte.com\/portal\/mundial-poetico-de-montevideo-2017\/","og_locale":"es_ES","og_type":"article","og_title":"Mundial Po\u00e9tico de Montevideo 2017 - Cooltivarte Portal","og_description":"COOLTIVARTE.COM es un portal digital colaborativo de actualizaci\u00f3n permanente dedicado a difundir el acontecer art\u00edstico y cultural, entrevista artistas, gestores y productores de las diferentes disciplinas del arte, y publicando art\u00edculos de reflexi\u00f3n de producci\u00f3n propia sobre los elementos culturales.","og_url":"https:\/\/cooltivarte.com\/portal\/mundial-poetico-de-montevideo-2017\/","og_site_name":"Cooltivarte Portal","article_publisher":"https:\/\/www.facebook.com\/cooltivartecom\/","article_author":"https:\/\/www.facebook.com\/cooltivartecom","article_published_time":"2017-09-24T01:42:18+00:00","article_modified_time":"2020-04-11T15:42:06+00:00","og_image":[{"width":679,"height":960,"url":"https:\/\/cooltivarte.com\/portal\/wp-content\/uploads\/2017\/09\/Mundial-Po\u00e9tico-de-Montevideo-2017.jpg","type":"image\/jpeg"}],"author":"Cooltivarte","twitter_card":"summary_large_image","twitter_creator":"@https:\/\/x.com\/obolocultural","twitter_site":"@obolocultural","twitter_misc":{"Escrito por":"Cooltivarte","Tiempo de lectura":"1 minuto"},"schema":{"@context":"https:\/\/schema.org","@graph":[{"@type":"NewsArticle","@id":"https:\/\/cooltivarte.com\/portal\/mundial-poetico-de-montevideo-2017\/#article","isPartOf":{"@id":"https:\/\/cooltivarte.com\/portal\/mundial-poetico-de-montevideo-2017\/"},"author":{"name":"Cooltivarte","@id":"https:\/\/cooltivarte.com\/portal\/#\/schema\/person\/ec2a4f4e71b740d0c559c0ab9a157e19"},"headline":"Mundial Po\u00e9tico de Montevideo 2017","datePublished":"2017-09-24T01:42:18+00:00","dateModified":"2020-04-11T15:42:06+00:00","mainEntityOfPage":{"@id":"https:\/\/cooltivarte.com\/portal\/mundial-poetico-de-montevideo-2017\/"},"wordCount":150,"publisher":{"@id":"https:\/\/cooltivarte.com\/portal\/#organization"},"image":{"@id":"https:\/\/cooltivarte.com\/portal\/mundial-poetico-de-montevideo-2017\/#primaryimage"},"thumbnailUrl":"https:\/\/cooltivarte.com\/portal\/wp-content\/uploads\/2017\/09\/Mundial-Po\u00e9tico-de-Montevideo-2017.jpg","articleSection":["Poetas"],"inLanguage":"es-AR"},{"@type":"WebPage","@id":"https:\/\/cooltivarte.com\/portal\/mundial-poetico-de-montevideo-2017\/","url":"https:\/\/cooltivarte.com\/portal\/mundial-poetico-de-montevideo-2017\/","name":"Mundial Po\u00e9tico de Montevideo 2017 - Cooltivarte Portal","isPartOf":{"@id":"https:\/\/cooltivarte.com\/portal\/#website"},"primaryImageOfPage":{"@id":"https:\/\/cooltivarte.com\/portal\/mundial-poetico-de-montevideo-2017\/#primaryimage"},"image":{"@id":"https:\/\/cooltivarte.com\/portal\/mundial-poetico-de-montevideo-2017\/#primaryimage"},"thumbnailUrl":"https:\/\/cooltivarte.com\/portal\/wp-content\/uploads\/2017\/09\/Mundial-Po\u00e9tico-de-Montevideo-2017.jpg","datePublished":"2017-09-24T01:42:18+00:00","dateModified":"2020-04-11T15:42:06+00:00","description":"COOLTIVARTE.COM es un portal digital colaborativo de actualizaci\u00f3n permanente dedicado a difundir el acontecer art\u00edstico y cultural, entrevista artistas, gestores y productores de las diferentes disciplinas del arte, y publicando art\u00edculos de reflexi\u00f3n de producci\u00f3n propia sobre los elementos culturales.","breadcrumb":{"@id":"https:\/\/cooltivarte.com\/portal\/mundial-poetico-de-montevideo-2017\/#breadcrumb"},"inLanguage":"es-AR","potentialAction":[{"@type":"ReadAction","target":["https:\/\/cooltivarte.com\/portal\/mundial-poetico-de-montevideo-2017\/"]}]},{"@type":"ImageObject","inLanguage":"es-AR","@id":"https:\/\/cooltivarte.com\/portal\/mundial-poetico-de-montevideo-2017\/#primaryimage","url":"https:\/\/cooltivarte.com\/portal\/wp-content\/uploads\/2017\/09\/Mundial-Po\u00e9tico-de-Montevideo-2017.jpg","contentUrl":"https:\/\/cooltivarte.com\/portal\/wp-content\/uploads\/2017\/09\/Mundial-Po\u00e9tico-de-Montevideo-2017.jpg","width":679,"height":960,"caption":"Mundial Po\u00e9tico de Montevideo 2017 ser\u00e1 realizado del 23 al 28 de octubre 2017"},{"@type":"BreadcrumbList","@id":"https:\/\/cooltivarte.com\/portal\/mundial-poetico-de-montevideo-2017\/#breadcrumb","itemListElement":[{"@type":"ListItem","position":1,"name":"Portada","item":"https:\/\/cooltivarte.com\/portal\/"},{"@type":"ListItem","position":2,"name":"Mundial Po\u00e9tico de Montevideo 2017"}]},{"@type":"WebSite","@id":"https:\/\/cooltivarte.com\/portal\/#website","url":"https:\/\/cooltivarte.com\/portal\/","name":"Cooltivarte Portal","description":"Arte, cultura y turismo para el mundo ...","publisher":{"@id":"https:\/\/cooltivarte.com\/portal\/#organization"},"potentialAction":[{"@type":"SearchAction","target":{"@type":"EntryPoint","urlTemplate":"https:\/\/cooltivarte.com\/portal\/?s={search_term_string}"},"query-input":{"@type":"PropertyValueSpecification","valueRequired":true,"valueName":"search_term_string"}}],"inLanguage":"es-AR"},{"@type":"Organization","@id":"https:\/\/cooltivarte.com\/portal\/#organization","name":"cooltivarte","url":"https:\/\/cooltivarte.com\/portal\/","logo":{"@type":"ImageObject","inLanguage":"es-AR","@id":"https:\/\/cooltivarte.com\/portal\/#\/schema\/logo\/image\/","url":"https:\/\/cooltivarte.com\/portal\/wp-content\/uploads\/2020\/04\/logo-cooltivarte-v2.png","contentUrl":"https:\/\/cooltivarte.com\/portal\/wp-content\/uploads\/2020\/04\/logo-cooltivarte-v2.png","width":851,"height":243,"caption":"cooltivarte"},"image":{"@id":"https:\/\/cooltivarte.com\/portal\/#\/schema\/logo\/image\/"},"sameAs":["https:\/\/www.facebook.com\/cooltivartecom\/","https:\/\/x.com\/obolocultural","https:\/\/www.instagram.com\/_cooltivarte_\/","https:\/\/www.linkedin.com\/company\/-bolocultural?reportsuccess=8zaNG1HwhPbAR9iQhZ5rfGeqz_vQFftHun0ZWU0Wy9vNemRJ8vtcKdJvzQfW8XagyOJSKg0XvfJ1dp","https:\/\/www.pinterest.com\/cooltivarte\/","https:\/\/cooltivarte.tumblr.com\/","https:\/\/www.tiktok.com\/@cooltivarte","https:\/\/www.youtube.com\/@PrensaCooltivarte"]},{"@type":"Person","@id":"https:\/\/cooltivarte.com\/portal\/#\/schema\/person\/ec2a4f4e71b740d0c559c0ab9a157e19","name":"Cooltivarte","image":{"@type":"ImageObject","inLanguage":"es-AR","@id":"https:\/\/cooltivarte.com\/portal\/wp-content\/uploads\/2014\/05\/logo-cooltivarte-120x120.jpg","url":"https:\/\/cooltivarte.com\/portal\/wp-content\/uploads\/2014\/05\/logo-cooltivarte-120x120.jpg","contentUrl":"https:\/\/cooltivarte.com\/portal\/wp-content\/uploads\/2014\/05\/logo-cooltivarte-120x120.jpg","caption":"Cooltivarte"},"description":"Somos COOLTIVARTE.COM. Un portal digital dedicado a difundir el acontecer art\u00edstico y cultural del Uruguay. Estamos en la vuelta desde el a\u00f1o 2003, y como evoluci\u00f3n del bolet\u00edn Obolo Cultural, nos encontramos abocados a apoyar a los artistas nacionales brind\u00e1ndoles un espacio de difusi\u00f3n. Creemos en la idea de utilizar la potencialidad que hoy d\u00eda nos otorga la web, para que la cultura uruguaya y sus creadores dispongan de una din\u00e1mica ventana, que los ponga en contacto entre s\u00ed y con el mundo. Somos COOLTIVARTE.COM y pretendemos configurarnos como un portal din\u00e1mico, entretenido y atento a los nuevos emprendimientos, que busque siempre la interacci\u00f3n con los artistas.","sameAs":["http:\/\/www.cooltivarte.com","https:\/\/www.facebook.com\/cooltivartecom","https:\/\/www.instagram.com\/_cooltivarte_\/","https:\/\/www.linkedin.com\/company\/-bolocultural","https:\/\/www.pinterest.com\/cooltivarte\/","https:\/\/x.com\/https:\/\/x.com\/obolocultural","https:\/\/www.youtube.com\/@PrensaCooltivarte","https:\/\/www.tumblr.com\/blog\/cooltivarte"],"url":"https:\/\/cooltivarte.com\/portal\/author\/cooltivarte\/"}]}},"_links":{"self":[{"href":"https:\/\/cooltivarte.com\/portal\/wp-json\/wp\/v2\/posts\/33382","targetHints":{"allow":["GET"]}}],"collection":[{"href":"https:\/\/cooltivarte.com\/portal\/wp-json\/wp\/v2\/posts"}],"about":[{"href":"https:\/\/cooltivarte.com\/portal\/wp-json\/wp\/v2\/types\/post"}],"author":[{"embeddable":true,"href":"https:\/\/cooltivarte.com\/portal\/wp-json\/wp\/v2\/users\/8"}],"replies":[{"embeddable":true,"href":"https:\/\/cooltivarte.com\/portal\/wp-json\/wp\/v2\/comments?post=33382"}],"version-history":[{"count":7,"href":"https:\/\/cooltivarte.com\/portal\/wp-json\/wp\/v2\/posts\/33382\/revisions"}],"predecessor-version":[{"id":59516,"href":"https:\/\/cooltivarte.com\/portal\/wp-json\/wp\/v2\/posts\/33382\/revisions\/59516"}],"wp:featuredmedia":[{"embeddable":true,"href":"https:\/\/cooltivarte.com\/portal\/wp-json\/wp\/v2\/media\/33384"}],"wp:attachment":[{"href":"https:\/\/cooltivarte.com\/portal\/wp-json\/wp\/v2\/media?parent=33382"}],"wp:term":[{"taxonomy":"category","embeddable":true,"href":"https:\/\/cooltivarte.com\/portal\/wp-json\/wp\/v2\/categories?post=33382"},{"taxonomy":"post_tag","embeddable":true,"href":"https:\/\/cooltivarte.com\/portal\/wp-json\/wp\/v2\/tags?post=33382"}],"curies":[{"name":"wp","href":"https:\/\/api.w.org\/{rel}","templated":true}]}}