{"id":33311,"date":"2017-09-19T15:48:29","date_gmt":"2017-09-19T18:48:29","guid":{"rendered":"http:\/\/cooltivarte.com\/portal\/?p=33311"},"modified":"2017-10-05T22:47:10","modified_gmt":"2017-10-06T01:47:10","slug":"billy-the-krill-la-leyenda-de-la-antartida","status":"publish","type":"post","link":"https:\/\/cooltivarte.com\/portal\/billy-the-krill-la-leyenda-de-la-antartida\/","title":{"rendered":"BILLY THE KRILL, LA LEYENDA DE LA ANT\u00c1RTIDA"},"content":{"rendered":"<div style=\"text-align: left;\">\n<p>\u00bfPuede un krill, el animal que ocupa el pen\u00faltimo lugar de la red tr\u00f3fica ant\u00e1rtica tomar conciencia del lugar injusto que le han reservado en la naturaleza?<br \/>\n\u00bfPuede aceptar ser el bocado preferido de un sin n\u00famero de especies y para colmo el objeto de investigaci\u00f3n de un diminuto pa\u00eds del mundo que se interesa por su aporte de omega 3?<\/p>\n<p>Tenemos el agrado de invitarlos a la presentaci\u00f3n de\u00a0<strong>BILLY THE KRILL, LA LEYENDA DE LA ANT\u00c1RTIDA<\/strong>, una mini serie animada de humor, producida por\u00a0Coyote Sociedad Animada, dirigida\u00a0por\u00a0<strong>Ricardo Pisano<\/strong> (Sanopi), con textos de <strong>Fernando Schmidt<\/strong> y <strong>Ricardo Pisano<\/strong>.<\/p>\n<p><strong>Billy the Krill<\/strong> ha sido\u00a0premiada por DINATEL en 2013 como contenido audiovisual de uso educativo multiplataforma, y ganadora de los fondos Montevideo Filma y Montevideo Socio Audiovisual de Locaciones Montevideanas.\u00a0Fue seleccionada en 2008 y 2010 para integrar la agenda de proyectos de series animadas en desarrollo de Cartoon Conexion en Bs Aires y M\u00e9xico respectivamente para un formato de 26 episodios para las cadenas major de la animaci\u00f3n europea.<\/p>\n<p>Esta primera etapa que ser\u00e1 emitida a partir del 25 de setiembre por TNU comprende 4 episodios de 5 a 7 minutos cada uno, m\u00e1s 10 trivias televisivas de 1 minuto, cada una para jugar en torno a los temas educativos impl\u00edcitos en la trama de las historias.<\/p>\n<p>&nbsp;<\/p>\n<p><span style=\"color: #000000;\">\u00a0<\/span><\/p>\n<\/div>\n<div><iframe src=\"https:\/\/www.youtube.com\/embed\/7xZal_lGV8A\" width=\"560\" height=\"315\" frameborder=\"0\" allowfullscreen=\"allowfullscreen\"><\/iframe><\/div>\n<div style=\"text-align: center;\"><b><span style=\"color: #000000;\"><br \/>\n<\/span><\/b><\/div>\n<div><\/div>\n<div style=\"text-align: left;\"><strong><span style=\"color: #000000;\">Martes 26 de setiembre &#8211; 19.30 hs.<br \/>\nSala Zitarrosa<br \/>\nEntrada libre<\/span><\/strong><\/div>\n<p>&nbsp;<\/p>\n","protected":false},"excerpt":{"rendered":"<p>\u00bfPuede un krill, el animal que ocupa el pen\u00faltimo lugar de la red tr\u00f3fica ant\u00e1rtica tomar conciencia del lugar injusto que le han reservado en la naturaleza? \u00bfPuede aceptar ser el bocado preferido de un sin n\u00famero de especies y para colmo el objeto de investigaci\u00f3n de un diminuto pa\u00eds del mundo que se interesa [&hellip;]<\/p>\n","protected":false},"author":8,"featured_media":33322,"comment_status":"closed","ping_status":"closed","sticky":false,"template":"","format":"standard","meta":{"om_disable_all_campaigns":false,"ngg_post_thumbnail":0,"jnews-multi-image_gallery":[],"jnews_single_post":[],"jnews_primary_category":[],"jnews_social_meta":[],"jnews_override_counter":[],"footnotes":""},"categories":[3394],"tags":[],"class_list":["post-33311","post","type-post","status-publish","format-standard","has-post-thumbnail","hentry","category-eventos"],"yoast_head":"<!-- This site is optimized with the Yoast SEO plugin v27.5 - https:\/\/yoast.com\/product\/yoast-seo-wordpress\/ -->\n<title>BILLY THE KRILL, LA LEYENDA DE LA ANT\u00c1RTIDA - Cooltivarte Portal<\/title>\n<meta name=\"description\" content=\"COOLTIVARTE.COM es un portal digital colaborativo de actualizaci\u00f3n permanente dedicado a difundir el acontecer art\u00edstico y cultural, entrevista artistas, gestores y productores de las diferentes disciplinas del arte, y publicando art\u00edculos de reflexi\u00f3n de producci\u00f3n propia sobre los elementos culturales.\" \/>\n<meta name=\"robots\" content=\"index, follow, max-snippet:-1, max-image-preview:large, max-video-preview:-1\" \/>\n<link rel=\"canonical\" href=\"https:\/\/cooltivarte.com\/portal\/billy-the-krill-la-leyenda-de-la-antartida\/\" \/>\n<meta property=\"og:locale\" content=\"es_ES\" \/>\n<meta property=\"og:type\" content=\"article\" \/>\n<meta property=\"og:title\" content=\"BILLY THE KRILL, LA LEYENDA DE LA ANT\u00c1RTIDA - Cooltivarte Portal\" \/>\n<meta property=\"og:description\" content=\"COOLTIVARTE.COM es un portal digital colaborativo de actualizaci\u00f3n permanente dedicado a difundir el acontecer art\u00edstico y cultural, entrevista artistas, gestores y productores de las diferentes disciplinas del arte, y publicando art\u00edculos de reflexi\u00f3n de producci\u00f3n propia sobre los elementos culturales.\" \/>\n<meta property=\"og:url\" content=\"https:\/\/cooltivarte.com\/portal\/billy-the-krill-la-leyenda-de-la-antartida\/\" \/>\n<meta property=\"og:site_name\" content=\"Cooltivarte Portal\" \/>\n<meta property=\"article:publisher\" content=\"https:\/\/www.facebook.com\/cooltivartecom\/\" \/>\n<meta property=\"article:author\" content=\"https:\/\/www.facebook.com\/cooltivartecom\" \/>\n<meta property=\"article:published_time\" content=\"2017-09-19T18:48:29+00:00\" \/>\n<meta property=\"article:modified_time\" content=\"2017-10-06T01:47:10+00:00\" \/>\n<meta property=\"og:image\" content=\"https:\/\/cooltivarte.com\/portal\/wp-content\/uploads\/2017\/09\/INVITACION-BILLY-1024x740-1.jpg\" \/>\n\t<meta property=\"og:image:width\" content=\"850\" \/>\n\t<meta property=\"og:image:height\" content=\"614\" \/>\n\t<meta property=\"og:image:type\" content=\"image\/jpeg\" \/>\n<meta name=\"author\" content=\"Cooltivarte\" \/>\n<meta name=\"twitter:card\" content=\"summary_large_image\" \/>\n<meta name=\"twitter:creator\" content=\"@https:\/\/x.com\/obolocultural\" \/>\n<meta name=\"twitter:site\" content=\"@obolocultural\" \/>\n<meta name=\"twitter:label1\" content=\"Escrito por\" \/>\n\t<meta name=\"twitter:data1\" content=\"Cooltivarte\" \/>\n\t<meta name=\"twitter:label2\" content=\"Tiempo de lectura\" \/>\n\t<meta name=\"twitter:data2\" content=\"1 minuto\" \/>\n<!-- \/ Yoast SEO plugin. -->","yoast_head_json":{"title":"BILLY THE KRILL, LA LEYENDA DE LA ANT\u00c1RTIDA - Cooltivarte Portal","description":"COOLTIVARTE.COM es un portal digital colaborativo de actualizaci\u00f3n permanente dedicado a difundir el acontecer art\u00edstico y cultural, entrevista artistas, gestores y productores de las diferentes disciplinas del arte, y publicando art\u00edculos de reflexi\u00f3n de producci\u00f3n propia sobre los elementos culturales.","robots":{"index":"index","follow":"follow","max-snippet":"max-snippet:-1","max-image-preview":"max-image-preview:large","max-video-preview":"max-video-preview:-1"},"canonical":"https:\/\/cooltivarte.com\/portal\/billy-the-krill-la-leyenda-de-la-antartida\/","og_locale":"es_ES","og_type":"article","og_title":"BILLY THE KRILL, LA LEYENDA DE LA ANT\u00c1RTIDA - Cooltivarte Portal","og_description":"COOLTIVARTE.COM es un portal digital colaborativo de actualizaci\u00f3n permanente dedicado a difundir el acontecer art\u00edstico y cultural, entrevista artistas, gestores y productores de las diferentes disciplinas del arte, y publicando art\u00edculos de reflexi\u00f3n de producci\u00f3n propia sobre los elementos culturales.","og_url":"https:\/\/cooltivarte.com\/portal\/billy-the-krill-la-leyenda-de-la-antartida\/","og_site_name":"Cooltivarte Portal","article_publisher":"https:\/\/www.facebook.com\/cooltivartecom\/","article_author":"https:\/\/www.facebook.com\/cooltivartecom","article_published_time":"2017-09-19T18:48:29+00:00","article_modified_time":"2017-10-06T01:47:10+00:00","og_image":[{"width":850,"height":614,"url":"https:\/\/cooltivarte.com\/portal\/wp-content\/uploads\/2017\/09\/INVITACION-BILLY-1024x740-1.jpg","type":"image\/jpeg"}],"author":"Cooltivarte","twitter_card":"summary_large_image","twitter_creator":"@https:\/\/x.com\/obolocultural","twitter_site":"@obolocultural","twitter_misc":{"Escrito por":"Cooltivarte","Tiempo de lectura":"1 minuto"},"schema":{"@context":"https:\/\/schema.org","@graph":[{"@type":"NewsArticle","@id":"https:\/\/cooltivarte.com\/portal\/billy-the-krill-la-leyenda-de-la-antartida\/#article","isPartOf":{"@id":"https:\/\/cooltivarte.com\/portal\/billy-the-krill-la-leyenda-de-la-antartida\/"},"author":{"name":"Cooltivarte","@id":"https:\/\/cooltivarte.com\/portal\/#\/schema\/person\/ec2a4f4e71b740d0c559c0ab9a157e19"},"headline":"BILLY THE KRILL, LA LEYENDA DE LA ANT\u00c1RTIDA","datePublished":"2017-09-19T18:48:29+00:00","dateModified":"2017-10-06T01:47:10+00:00","mainEntityOfPage":{"@id":"https:\/\/cooltivarte.com\/portal\/billy-the-krill-la-leyenda-de-la-antartida\/"},"wordCount":242,"publisher":{"@id":"https:\/\/cooltivarte.com\/portal\/#organization"},"image":{"@id":"https:\/\/cooltivarte.com\/portal\/billy-the-krill-la-leyenda-de-la-antartida\/#primaryimage"},"thumbnailUrl":"https:\/\/cooltivarte.com\/portal\/wp-content\/uploads\/2017\/09\/INVITACION-BILLY-1024x740-1.jpg","articleSection":["Eventos"],"inLanguage":"es-AR"},{"@type":"WebPage","@id":"https:\/\/cooltivarte.com\/portal\/billy-the-krill-la-leyenda-de-la-antartida\/","url":"https:\/\/cooltivarte.com\/portal\/billy-the-krill-la-leyenda-de-la-antartida\/","name":"BILLY THE KRILL, LA LEYENDA DE LA ANT\u00c1RTIDA - Cooltivarte Portal","isPartOf":{"@id":"https:\/\/cooltivarte.com\/portal\/#website"},"primaryImageOfPage":{"@id":"https:\/\/cooltivarte.com\/portal\/billy-the-krill-la-leyenda-de-la-antartida\/#primaryimage"},"image":{"@id":"https:\/\/cooltivarte.com\/portal\/billy-the-krill-la-leyenda-de-la-antartida\/#primaryimage"},"thumbnailUrl":"https:\/\/cooltivarte.com\/portal\/wp-content\/uploads\/2017\/09\/INVITACION-BILLY-1024x740-1.jpg","datePublished":"2017-09-19T18:48:29+00:00","dateModified":"2017-10-06T01:47:10+00:00","description":"COOLTIVARTE.COM es un portal digital colaborativo de actualizaci\u00f3n permanente dedicado a difundir el acontecer art\u00edstico y cultural, entrevista artistas, gestores y productores de las diferentes disciplinas del arte, y publicando art\u00edculos de reflexi\u00f3n de producci\u00f3n propia sobre los elementos culturales.","breadcrumb":{"@id":"https:\/\/cooltivarte.com\/portal\/billy-the-krill-la-leyenda-de-la-antartida\/#breadcrumb"},"inLanguage":"es-AR","potentialAction":[{"@type":"ReadAction","target":["https:\/\/cooltivarte.com\/portal\/billy-the-krill-la-leyenda-de-la-antartida\/"]}]},{"@type":"ImageObject","inLanguage":"es-AR","@id":"https:\/\/cooltivarte.com\/portal\/billy-the-krill-la-leyenda-de-la-antartida\/#primaryimage","url":"https:\/\/cooltivarte.com\/portal\/wp-content\/uploads\/2017\/09\/INVITACION-BILLY-1024x740-1.jpg","contentUrl":"https:\/\/cooltivarte.com\/portal\/wp-content\/uploads\/2017\/09\/INVITACION-BILLY-1024x740-1.jpg","width":850,"height":614,"caption":"INVITACION BILLY"},{"@type":"BreadcrumbList","@id":"https:\/\/cooltivarte.com\/portal\/billy-the-krill-la-leyenda-de-la-antartida\/#breadcrumb","itemListElement":[{"@type":"ListItem","position":1,"name":"Portada","item":"https:\/\/cooltivarte.com\/portal\/"},{"@type":"ListItem","position":2,"name":"BILLY THE KRILL, LA LEYENDA DE LA ANT\u00c1RTIDA"}]},{"@type":"WebSite","@id":"https:\/\/cooltivarte.com\/portal\/#website","url":"https:\/\/cooltivarte.com\/portal\/","name":"Cooltivarte Portal","description":"Arte, cultura y turismo para el mundo ...","publisher":{"@id":"https:\/\/cooltivarte.com\/portal\/#organization"},"potentialAction":[{"@type":"SearchAction","target":{"@type":"EntryPoint","urlTemplate":"https:\/\/cooltivarte.com\/portal\/?s={search_term_string}"},"query-input":{"@type":"PropertyValueSpecification","valueRequired":true,"valueName":"search_term_string"}}],"inLanguage":"es-AR"},{"@type":"Organization","@id":"https:\/\/cooltivarte.com\/portal\/#organization","name":"cooltivarte","url":"https:\/\/cooltivarte.com\/portal\/","logo":{"@type":"ImageObject","inLanguage":"es-AR","@id":"https:\/\/cooltivarte.com\/portal\/#\/schema\/logo\/image\/","url":"https:\/\/cooltivarte.com\/portal\/wp-content\/uploads\/2020\/04\/logo-cooltivarte-v2.png","contentUrl":"https:\/\/cooltivarte.com\/portal\/wp-content\/uploads\/2020\/04\/logo-cooltivarte-v2.png","width":851,"height":243,"caption":"cooltivarte"},"image":{"@id":"https:\/\/cooltivarte.com\/portal\/#\/schema\/logo\/image\/"},"sameAs":["https:\/\/www.facebook.com\/cooltivartecom\/","https:\/\/x.com\/obolocultural","https:\/\/www.instagram.com\/_cooltivarte_\/","https:\/\/www.linkedin.com\/company\/-bolocultural?reportsuccess=8zaNG1HwhPbAR9iQhZ5rfGeqz_vQFftHun0ZWU0Wy9vNemRJ8vtcKdJvzQfW8XagyOJSKg0XvfJ1dp","https:\/\/www.pinterest.com\/cooltivarte\/","https:\/\/cooltivarte.tumblr.com\/","https:\/\/www.tiktok.com\/@cooltivarte","https:\/\/www.youtube.com\/@PrensaCooltivarte"]},{"@type":"Person","@id":"https:\/\/cooltivarte.com\/portal\/#\/schema\/person\/ec2a4f4e71b740d0c559c0ab9a157e19","name":"Cooltivarte","image":{"@type":"ImageObject","inLanguage":"es-AR","@id":"https:\/\/cooltivarte.com\/portal\/wp-content\/uploads\/2014\/05\/logo-cooltivarte-120x120.jpg","url":"https:\/\/cooltivarte.com\/portal\/wp-content\/uploads\/2014\/05\/logo-cooltivarte-120x120.jpg","contentUrl":"https:\/\/cooltivarte.com\/portal\/wp-content\/uploads\/2014\/05\/logo-cooltivarte-120x120.jpg","caption":"Cooltivarte"},"description":"Somos COOLTIVARTE.COM. Un portal digital dedicado a difundir el acontecer art\u00edstico y cultural del Uruguay. Estamos en la vuelta desde el a\u00f1o 2003, y como evoluci\u00f3n del bolet\u00edn Obolo Cultural, nos encontramos abocados a apoyar a los artistas nacionales brind\u00e1ndoles un espacio de difusi\u00f3n. Creemos en la idea de utilizar la potencialidad que hoy d\u00eda nos otorga la web, para que la cultura uruguaya y sus creadores dispongan de una din\u00e1mica ventana, que los ponga en contacto entre s\u00ed y con el mundo. Somos COOLTIVARTE.COM y pretendemos configurarnos como un portal din\u00e1mico, entretenido y atento a los nuevos emprendimientos, que busque siempre la interacci\u00f3n con los artistas.","sameAs":["http:\/\/www.cooltivarte.com","https:\/\/www.facebook.com\/cooltivartecom","https:\/\/www.instagram.com\/_cooltivarte_\/","https:\/\/www.linkedin.com\/company\/-bolocultural","https:\/\/www.pinterest.com\/cooltivarte\/","https:\/\/x.com\/https:\/\/x.com\/obolocultural","https:\/\/www.youtube.com\/@PrensaCooltivarte","https:\/\/www.tumblr.com\/blog\/cooltivarte"],"url":"https:\/\/cooltivarte.com\/portal\/author\/cooltivarte\/"}]}},"_links":{"self":[{"href":"https:\/\/cooltivarte.com\/portal\/wp-json\/wp\/v2\/posts\/33311","targetHints":{"allow":["GET"]}}],"collection":[{"href":"https:\/\/cooltivarte.com\/portal\/wp-json\/wp\/v2\/posts"}],"about":[{"href":"https:\/\/cooltivarte.com\/portal\/wp-json\/wp\/v2\/types\/post"}],"author":[{"embeddable":true,"href":"https:\/\/cooltivarte.com\/portal\/wp-json\/wp\/v2\/users\/8"}],"replies":[{"embeddable":true,"href":"https:\/\/cooltivarte.com\/portal\/wp-json\/wp\/v2\/comments?post=33311"}],"version-history":[{"count":4,"href":"https:\/\/cooltivarte.com\/portal\/wp-json\/wp\/v2\/posts\/33311\/revisions"}],"predecessor-version":[{"id":33324,"href":"https:\/\/cooltivarte.com\/portal\/wp-json\/wp\/v2\/posts\/33311\/revisions\/33324"}],"wp:featuredmedia":[{"embeddable":true,"href":"https:\/\/cooltivarte.com\/portal\/wp-json\/wp\/v2\/media\/33322"}],"wp:attachment":[{"href":"https:\/\/cooltivarte.com\/portal\/wp-json\/wp\/v2\/media?parent=33311"}],"wp:term":[{"taxonomy":"category","embeddable":true,"href":"https:\/\/cooltivarte.com\/portal\/wp-json\/wp\/v2\/categories?post=33311"},{"taxonomy":"post_tag","embeddable":true,"href":"https:\/\/cooltivarte.com\/portal\/wp-json\/wp\/v2\/tags?post=33311"}],"curies":[{"name":"wp","href":"https:\/\/api.w.org\/{rel}","templated":true}]}}