{"id":33267,"date":"2017-09-18T10:36:05","date_gmt":"2017-09-18T13:36:05","guid":{"rendered":"http:\/\/cooltivarte.com\/portal\/?p=33267"},"modified":"2024-04-30T10:22:14","modified_gmt":"2024-04-30T13:22:14","slug":"jose-mujica-ante-mision-no-oficial","status":"publish","type":"post","link":"https:\/\/cooltivarte.com\/portal\/jose-mujica-ante-mision-no-oficial\/","title":{"rendered":"JOS\u00c9 MUJICA ANTE \u201cMISI\u00d3N NO OFICIAL\u201d"},"content":{"rendered":"<p><iframe title=\"YouTube video player\" src=\"https:\/\/www.youtube.com\/embed\/iedI5PrjGfA?si=o3fs6nufmPiAARYV\" width=\"100%\" height=\"515\" frameborder=\"0\" allowfullscreen=\"allowfullscreen\"><span style=\"display: inline-block; width: 0px; overflow: hidden; line-height: 0;\" data-mce-type=\"bookmark\" class=\"mce_SELRES_start\">\ufeff<\/span><\/iframe><\/p>\n<p>&nbsp;<\/p>\n<p><strong>\u201cDEMASIADA JODA PARA UN TEMA TAN SERIO\u201d<\/strong><\/p>\n<p>El ex presidente <a href=\"https:\/\/cooltivarte.com\/portal\/?s=Jos%C3%A9+Mujica\" target=\"_blank\" rel=\"noopener\"><strong>Jos\u00e9 Mujica<\/strong><\/a> fue uno de los primeros espectadores que tuvo la pel\u00edcula \u201c<strong>Misi\u00f3n No Oficial<\/strong>\u201d. Lo hizo en una funci\u00f3n muy especial, reservada para \u00e9l y su esposa <a href=\"https:\/\/cooltivarte.com\/portal\/?s=Luc%C3%ADa+Topolanski\" target=\"_blank\" rel=\"noopener\"><strong>Luc\u00eda Topolanski<\/strong><\/a>, porque los tres directores del film lo hab\u00edan implicado en una trama que \u00e9l desconoc\u00eda por completo. Al terminar la proyecci\u00f3n, Mujica se limit\u00f3 a expresar un juicio breve: \u201c<em>Demasiada joda para un tema tan serio<\/em>\u201d, dijo, mientras su esposa segu\u00eda ri\u00e9ndose de las bromas que la pel\u00edcula le destina al ex presidente. Aquella afirmaci\u00f3n tampoco son\u00f3 a reproche, sino a aceptaci\u00f3n impl\u00edcita de lo que <strong>Denny Brechner<\/strong>, <strong>Alfonso Guerrero<\/strong> y <strong>Marcos Hecht<\/strong> hab\u00edan articulado, coloc\u00e1ndolo como jefe de tres agentes especiales que van a EE.UU. a buscar la marihuana que Uruguay necesitaba tras la aprobaci\u00f3n de la ley de 2013.<\/p>\n<p>Los que no se rieron mucho en aquella funci\u00f3n, hasta escuchar a Mujica, fueron los directores. \u201c<em>Fue una de esas situaciones en las que se mezclan los nervios con el entusiasmo<\/em>\u201d, asegura Guerrero. \u201c<em>Para nosotros sin duda era la mirada m\u00e1s esperada de la pel\u00edcula. Siempre estuvo claro que no quer\u00edamos ofender al presidente y era muy importante contar con su simpat\u00eda. Mujica en oportunidades anteriores hab\u00eda sabido tomarse a bien el humor de las murgas con su figura. Pero estaba claro que el entreverarlo en una comedia tan depositante y con temas tan sensibles, lo est\u00e1bamos exponiendo a algo que va m\u00e1s all\u00e1 de nuestras intenciones (\u2026) Por todo eso es que en el momento en que vio la pel\u00edcula, en nosotros se conjugaban las ganas de que la viera con los nervios de cu\u00e1l ser\u00eda su experiencia y, en lo personal, lo viv\u00ed con cierta tensi\u00f3n. No estoy seguro de que a \u00e9l le haya causado mucha gracia<\/em>\u201d.<\/p>\n<p>Brechner es tajante al recordar lo que sinti\u00f3 en aquella funci\u00f3n. \u201c<em>Miedo<\/em>\u201d, responde. Y Hecht se instala en una l\u00ednea media entre sus compa\u00f1eros de aventura: \u201c<em>fue una tortura. Por dentro me doli\u00f3 cada chiste y a la vez fue una de las veces que siento que me puse m\u00e1s en los zapatos de otra persona<\/em>\u201d.<\/p>\n<p>Las interferencias que la ficci\u00f3n realiza sobre la realidad son los pilares sobre los que est\u00e1 asentada \u201cMisi\u00f3n No Oficial\u201d y en esa bisagra se produce el encuentro de las dos dimensiones, haciendo tabla rasa con todo lo que se cruza en la historia. Desde las autoridades estadounidenses que impulsaron la legalizaci\u00f3n de la marihuana en tres Estados hasta el embajador uruguayo Pita y el propio Mujica son los destinatarios de un humor implacable que obviamente nace y contagia a los tres personajes centrales de la historia.<\/p>\n<p>Por eso Guerrero aclara que \u201c<em>Mujica en la pel\u00edcula es muy importante, pero desde la construcci\u00f3n del humor y no desde un rol pol\u00edtico. La pel\u00edcula es una aventura sin l\u00edmites hacia el absurdo\u201d. Y no tiene dudas de que \u201clas posibilidades de esta pel\u00edcula hubieran sido otras, mucho m\u00e1s limitadas si el presidente no hubiera sido \u00e9l<\/em>\u201d.<br \/>\n&nbsp;<\/p>\n<p><script async=\"\" src=\"\/\/pagead2.googlesyndication.com\/pagead\/js\/adsbygoogle.js\"><\/script><br \/>\n<script>\n  (adsbygoogle = window.adsbygoogle || []).push({\n    google_ad_client: \"ca-pub-1258162831753121\",\n    enable_page_level_ads: true\n  });\n<\/script><\/p>\n<p>&nbsp;<br \/>\n&nbsp;<\/p>\n","protected":false},"excerpt":{"rendered":"<p>El ex presidente Jos\u00e9 Mujica fue uno de los primeros espectadores que tuvo la pel\u00edcula \u201cMisi\u00f3n No Oficial\u201d. Lo hizo en una funci\u00f3n muy especial, reservada para \u00e9l y su esposa Luc\u00eda Topolanski, porque los tres directores del film lo hab\u00edan implicado en una trama que \u00e9l desconoc\u00eda por completo. Al terminar la proyecci\u00f3n, Mujica se limit\u00f3 a expresar un juicio breve: \u201cDemasiada joda para un tema tan serio\u201d, dijo, mientras su esposa segu\u00eda ri\u00e9ndose de las bromas que la pel\u00edcula le destina al ex presidente. Aquella afirmaci\u00f3n tampoco son\u00f3 a reproche, sino a aceptaci\u00f3n impl\u00edcita de lo que Denny Brechner, Alfonso Guerrero y Marcos Hecht hab\u00edan articulado, coloc\u00e1ndolo como jefe de tres agentes especiales que van a EE.UU. a buscar la marihuana que Uruguay necesitaba tras la aprobaci\u00f3n de la ley de 2013.<\/p>\n","protected":false},"author":8,"featured_media":33269,"comment_status":"closed","ping_status":"closed","sticky":false,"template":"","format":"standard","meta":{"om_disable_all_campaigns":false,"ngg_post_thumbnail":0,"jnews-multi-image_gallery":[],"jnews_single_post":{"subtitle":"","format":"standard","video":"","gallery":"","source_name":"","source_url":"","via_name":"","via_url":"","override_template":"0","override":[{"template":"4","single_blog_custom":"","parallax":"1","fullscreen":"0","layout":"right-sidebar","sidebar":"default-sidebar","second_sidebar":"default-sidebar","sticky_sidebar":"1","share_position":"bottom","share_float_style":"share-monocrhome","show_share_counter":"1","show_view_counter":"1","show_featured":"1","show_post_meta":"1","show_post_author":"1","show_post_author_image":"1","show_post_date":"1","post_date_format":"default","post_date_format_custom":"Y\/m\/d","show_post_category":"1","show_post_reading_time":"0","post_reading_time_wpm":"300","show_zoom_button":"0","zoom_button_out_step":"2","zoom_button_in_step":"3","show_post_tag":"1","show_prev_next_post":"1","show_popup_post":"1","number_popup_post":"1","show_author_box":"1","show_post_related":"0","show_inline_post_related":"0"}],"override_image_size":"0","image_override":[{"single_post_thumbnail_size":"no-crop","single_post_gallery_size":"crop-500"}],"trending_post":"0","trending_post_position":"meta","trending_post_label":"Trending","sponsored_post":"0","sponsored_post_label":"Sponsored by","sponsored_post_name":"","sponsored_post_url":"","sponsored_post_logo_enable":"0","sponsored_post_logo":"","sponsored_post_desc":"","disable_ad":"0"},"jnews_primary_category":{"id":"","hide":""},"jnews_social_meta":{"fb_title":"","fb_description":"","fb_image":"","twitter_title":"","twitter_description":"","twitter_image":""},"jnews_override_counter":{"override_view_counter":"0","view_counter_number":"0","override_share_counter":"0","share_counter_number":"0","override_like_counter":"0","like_counter_number":"0","override_dislike_counter":"0","dislike_counter_number":"0"},"footnotes":""},"categories":[72],"tags":[2465,22305,22304],"class_list":["post-33267","post","type-post","status-publish","format-standard","has-post-thumbnail","hentry","category-cine","tag-jose-mujica","tag-lucia-topolanski","tag-mision-no-oficial"],"yoast_head":"<!-- This site is optimized with the Yoast SEO plugin v27.5 - https:\/\/yoast.com\/product\/yoast-seo-wordpress\/ -->\n<title>JOS\u00c9 MUJICA ANTE \u201cMISI\u00d3N NO OFICIAL\u201d - Cooltivarte Portal<\/title>\n<meta name=\"description\" content=\"El ex presidente Jos\u00e9 Mujica fue uno de los primeros espectadores que tuvo la pel\u00edcula \u201cMisi\u00f3n No Oficial\u201d. Lo hizo en una funci\u00f3n muy especial, reservada para \u00e9l y su esposa Luc\u00eda Topolanski, porque los tres directores del film lo hab\u00edan implicado en una trama que \u00e9l desconoc\u00eda por completo.\" \/>\n<meta name=\"robots\" content=\"index, follow, max-snippet:-1, max-image-preview:large, max-video-preview:-1\" \/>\n<link rel=\"canonical\" href=\"https:\/\/cooltivarte.com\/portal\/jose-mujica-ante-mision-no-oficial\/\" \/>\n<meta property=\"og:locale\" content=\"es_ES\" \/>\n<meta property=\"og:type\" content=\"article\" \/>\n<meta property=\"og:title\" content=\"JOS\u00c9 MUJICA ANTE \u201cMISI\u00d3N NO OFICIAL\u201d - Cooltivarte Portal\" \/>\n<meta property=\"og:description\" content=\"El ex presidente Jos\u00e9 Mujica fue uno de los primeros espectadores que tuvo la pel\u00edcula \u201cMisi\u00f3n No Oficial\u201d. Lo hizo en una funci\u00f3n muy especial, reservada para \u00e9l y su esposa Luc\u00eda Topolanski, porque los tres directores del film lo hab\u00edan implicado en una trama que \u00e9l desconoc\u00eda por completo.\" \/>\n<meta property=\"og:url\" content=\"https:\/\/cooltivarte.com\/portal\/jose-mujica-ante-mision-no-oficial\/\" \/>\n<meta property=\"og:site_name\" content=\"Cooltivarte Portal\" \/>\n<meta property=\"article:publisher\" content=\"https:\/\/www.facebook.com\/cooltivartecom\/\" \/>\n<meta property=\"article:author\" content=\"https:\/\/www.facebook.com\/cooltivartecom\" \/>\n<meta property=\"article:published_time\" content=\"2017-09-18T13:36:05+00:00\" \/>\n<meta property=\"article:modified_time\" content=\"2024-04-30T13:22:14+00:00\" \/>\n<meta property=\"og:image\" content=\"https:\/\/cooltivarte.com\/portal\/wp-content\/uploads\/2017\/09\/hqdefault-56.jpg\" \/>\n\t<meta property=\"og:image:width\" content=\"480\" \/>\n\t<meta property=\"og:image:height\" content=\"360\" \/>\n\t<meta property=\"og:image:type\" content=\"image\/jpeg\" \/>\n<meta name=\"author\" content=\"Cooltivarte\" \/>\n<meta name=\"twitter:card\" content=\"summary_large_image\" \/>\n<meta name=\"twitter:creator\" content=\"@https:\/\/x.com\/obolocultural\" \/>\n<meta name=\"twitter:site\" content=\"@obolocultural\" \/>\n<meta name=\"twitter:label1\" content=\"Escrito por\" \/>\n\t<meta name=\"twitter:data1\" content=\"Cooltivarte\" \/>\n\t<meta name=\"twitter:label2\" content=\"Tiempo de lectura\" \/>\n\t<meta name=\"twitter:data2\" content=\"3 minutos\" \/>\n<!-- \/ Yoast SEO plugin. -->","yoast_head_json":{"title":"JOS\u00c9 MUJICA ANTE \u201cMISI\u00d3N NO OFICIAL\u201d - Cooltivarte Portal","description":"El ex presidente Jos\u00e9 Mujica fue uno de los primeros espectadores que tuvo la pel\u00edcula \u201cMisi\u00f3n No Oficial\u201d. Lo hizo en una funci\u00f3n muy especial, reservada para \u00e9l y su esposa Luc\u00eda Topolanski, porque los tres directores del film lo hab\u00edan implicado en una trama que \u00e9l desconoc\u00eda por completo.","robots":{"index":"index","follow":"follow","max-snippet":"max-snippet:-1","max-image-preview":"max-image-preview:large","max-video-preview":"max-video-preview:-1"},"canonical":"https:\/\/cooltivarte.com\/portal\/jose-mujica-ante-mision-no-oficial\/","og_locale":"es_ES","og_type":"article","og_title":"JOS\u00c9 MUJICA ANTE \u201cMISI\u00d3N NO OFICIAL\u201d - Cooltivarte Portal","og_description":"El ex presidente Jos\u00e9 Mujica fue uno de los primeros espectadores que tuvo la pel\u00edcula \u201cMisi\u00f3n No Oficial\u201d. Lo hizo en una funci\u00f3n muy especial, reservada para \u00e9l y su esposa Luc\u00eda Topolanski, porque los tres directores del film lo hab\u00edan implicado en una trama que \u00e9l desconoc\u00eda por completo.","og_url":"https:\/\/cooltivarte.com\/portal\/jose-mujica-ante-mision-no-oficial\/","og_site_name":"Cooltivarte Portal","article_publisher":"https:\/\/www.facebook.com\/cooltivartecom\/","article_author":"https:\/\/www.facebook.com\/cooltivartecom","article_published_time":"2017-09-18T13:36:05+00:00","article_modified_time":"2024-04-30T13:22:14+00:00","og_image":[{"width":480,"height":360,"url":"https:\/\/cooltivarte.com\/portal\/wp-content\/uploads\/2017\/09\/hqdefault-56.jpg","type":"image\/jpeg"}],"author":"Cooltivarte","twitter_card":"summary_large_image","twitter_creator":"@https:\/\/x.com\/obolocultural","twitter_site":"@obolocultural","twitter_misc":{"Escrito por":"Cooltivarte","Tiempo de lectura":"3 minutos"},"schema":{"@context":"https:\/\/schema.org","@graph":[{"@type":"NewsArticle","@id":"https:\/\/cooltivarte.com\/portal\/jose-mujica-ante-mision-no-oficial\/#article","isPartOf":{"@id":"https:\/\/cooltivarte.com\/portal\/jose-mujica-ante-mision-no-oficial\/"},"author":{"name":"Cooltivarte","@id":"https:\/\/cooltivarte.com\/portal\/#\/schema\/person\/ec2a4f4e71b740d0c559c0ab9a157e19"},"headline":"JOS\u00c9 MUJICA ANTE \u201cMISI\u00d3N NO OFICIAL\u201d","datePublished":"2017-09-18T13:36:05+00:00","dateModified":"2024-04-30T13:22:14+00:00","mainEntityOfPage":{"@id":"https:\/\/cooltivarte.com\/portal\/jose-mujica-ante-mision-no-oficial\/"},"wordCount":554,"publisher":{"@id":"https:\/\/cooltivarte.com\/portal\/#organization"},"image":{"@id":"https:\/\/cooltivarte.com\/portal\/jose-mujica-ante-mision-no-oficial\/#primaryimage"},"thumbnailUrl":"https:\/\/cooltivarte.com\/portal\/wp-content\/uploads\/2017\/09\/hqdefault-56.jpg","keywords":["Jos\u00e9 Mujica","Luc\u00eda Topolanski","Misi\u00f3n No Oficial"],"articleSection":["Cine y TV"],"inLanguage":"es-AR"},{"@type":"WebPage","@id":"https:\/\/cooltivarte.com\/portal\/jose-mujica-ante-mision-no-oficial\/","url":"https:\/\/cooltivarte.com\/portal\/jose-mujica-ante-mision-no-oficial\/","name":"JOS\u00c9 MUJICA ANTE \u201cMISI\u00d3N NO OFICIAL\u201d - Cooltivarte Portal","isPartOf":{"@id":"https:\/\/cooltivarte.com\/portal\/#website"},"primaryImageOfPage":{"@id":"https:\/\/cooltivarte.com\/portal\/jose-mujica-ante-mision-no-oficial\/#primaryimage"},"image":{"@id":"https:\/\/cooltivarte.com\/portal\/jose-mujica-ante-mision-no-oficial\/#primaryimage"},"thumbnailUrl":"https:\/\/cooltivarte.com\/portal\/wp-content\/uploads\/2017\/09\/hqdefault-56.jpg","datePublished":"2017-09-18T13:36:05+00:00","dateModified":"2024-04-30T13:22:14+00:00","description":"El ex presidente Jos\u00e9 Mujica fue uno de los primeros espectadores que tuvo la pel\u00edcula \u201cMisi\u00f3n No Oficial\u201d. Lo hizo en una funci\u00f3n muy especial, reservada para \u00e9l y su esposa Luc\u00eda Topolanski, porque los tres directores del film lo hab\u00edan implicado en una trama que \u00e9l desconoc\u00eda por completo.","breadcrumb":{"@id":"https:\/\/cooltivarte.com\/portal\/jose-mujica-ante-mision-no-oficial\/#breadcrumb"},"inLanguage":"es-AR","potentialAction":[{"@type":"ReadAction","target":["https:\/\/cooltivarte.com\/portal\/jose-mujica-ante-mision-no-oficial\/"]}]},{"@type":"ImageObject","inLanguage":"es-AR","@id":"https:\/\/cooltivarte.com\/portal\/jose-mujica-ante-mision-no-oficial\/#primaryimage","url":"https:\/\/cooltivarte.com\/portal\/wp-content\/uploads\/2017\/09\/hqdefault-56.jpg","contentUrl":"https:\/\/cooltivarte.com\/portal\/wp-content\/uploads\/2017\/09\/hqdefault-56.jpg","width":480,"height":360},{"@type":"BreadcrumbList","@id":"https:\/\/cooltivarte.com\/portal\/jose-mujica-ante-mision-no-oficial\/#breadcrumb","itemListElement":[{"@type":"ListItem","position":1,"name":"Portada","item":"https:\/\/cooltivarte.com\/portal\/"},{"@type":"ListItem","position":2,"name":"JOS\u00c9 MUJICA ANTE \u201cMISI\u00d3N NO OFICIAL\u201d"}]},{"@type":"WebSite","@id":"https:\/\/cooltivarte.com\/portal\/#website","url":"https:\/\/cooltivarte.com\/portal\/","name":"Cooltivarte Portal","description":"Arte, cultura y turismo para el mundo ...","publisher":{"@id":"https:\/\/cooltivarte.com\/portal\/#organization"},"potentialAction":[{"@type":"SearchAction","target":{"@type":"EntryPoint","urlTemplate":"https:\/\/cooltivarte.com\/portal\/?s={search_term_string}"},"query-input":{"@type":"PropertyValueSpecification","valueRequired":true,"valueName":"search_term_string"}}],"inLanguage":"es-AR"},{"@type":"Organization","@id":"https:\/\/cooltivarte.com\/portal\/#organization","name":"cooltivarte","url":"https:\/\/cooltivarte.com\/portal\/","logo":{"@type":"ImageObject","inLanguage":"es-AR","@id":"https:\/\/cooltivarte.com\/portal\/#\/schema\/logo\/image\/","url":"https:\/\/cooltivarte.com\/portal\/wp-content\/uploads\/2020\/04\/logo-cooltivarte-v2.png","contentUrl":"https:\/\/cooltivarte.com\/portal\/wp-content\/uploads\/2020\/04\/logo-cooltivarte-v2.png","width":851,"height":243,"caption":"cooltivarte"},"image":{"@id":"https:\/\/cooltivarte.com\/portal\/#\/schema\/logo\/image\/"},"sameAs":["https:\/\/www.facebook.com\/cooltivartecom\/","https:\/\/x.com\/obolocultural","https:\/\/www.instagram.com\/_cooltivarte_\/","https:\/\/www.linkedin.com\/company\/-bolocultural?reportsuccess=8zaNG1HwhPbAR9iQhZ5rfGeqz_vQFftHun0ZWU0Wy9vNemRJ8vtcKdJvzQfW8XagyOJSKg0XvfJ1dp","https:\/\/www.pinterest.com\/cooltivarte\/","https:\/\/cooltivarte.tumblr.com\/","https:\/\/www.tiktok.com\/@cooltivarte","https:\/\/www.youtube.com\/@PrensaCooltivarte"]},{"@type":"Person","@id":"https:\/\/cooltivarte.com\/portal\/#\/schema\/person\/ec2a4f4e71b740d0c559c0ab9a157e19","name":"Cooltivarte","image":{"@type":"ImageObject","inLanguage":"es-AR","@id":"https:\/\/cooltivarte.com\/portal\/wp-content\/uploads\/2014\/05\/logo-cooltivarte-120x120.jpg","url":"https:\/\/cooltivarte.com\/portal\/wp-content\/uploads\/2014\/05\/logo-cooltivarte-120x120.jpg","contentUrl":"https:\/\/cooltivarte.com\/portal\/wp-content\/uploads\/2014\/05\/logo-cooltivarte-120x120.jpg","caption":"Cooltivarte"},"description":"Somos COOLTIVARTE.COM. Un portal digital dedicado a difundir el acontecer art\u00edstico y cultural del Uruguay. Estamos en la vuelta desde el a\u00f1o 2003, y como evoluci\u00f3n del bolet\u00edn Obolo Cultural, nos encontramos abocados a apoyar a los artistas nacionales brind\u00e1ndoles un espacio de difusi\u00f3n. Creemos en la idea de utilizar la potencialidad que hoy d\u00eda nos otorga la web, para que la cultura uruguaya y sus creadores dispongan de una din\u00e1mica ventana, que los ponga en contacto entre s\u00ed y con el mundo. Somos COOLTIVARTE.COM y pretendemos configurarnos como un portal din\u00e1mico, entretenido y atento a los nuevos emprendimientos, que busque siempre la interacci\u00f3n con los artistas.","sameAs":["http:\/\/www.cooltivarte.com","https:\/\/www.facebook.com\/cooltivartecom","https:\/\/www.instagram.com\/_cooltivarte_\/","https:\/\/www.linkedin.com\/company\/-bolocultural","https:\/\/www.pinterest.com\/cooltivarte\/","https:\/\/x.com\/https:\/\/x.com\/obolocultural","https:\/\/www.youtube.com\/@PrensaCooltivarte","https:\/\/www.tumblr.com\/blog\/cooltivarte"],"url":"https:\/\/cooltivarte.com\/portal\/author\/cooltivarte\/"}]}},"_links":{"self":[{"href":"https:\/\/cooltivarte.com\/portal\/wp-json\/wp\/v2\/posts\/33267","targetHints":{"allow":["GET"]}}],"collection":[{"href":"https:\/\/cooltivarte.com\/portal\/wp-json\/wp\/v2\/posts"}],"about":[{"href":"https:\/\/cooltivarte.com\/portal\/wp-json\/wp\/v2\/types\/post"}],"author":[{"embeddable":true,"href":"https:\/\/cooltivarte.com\/portal\/wp-json\/wp\/v2\/users\/8"}],"replies":[{"embeddable":true,"href":"https:\/\/cooltivarte.com\/portal\/wp-json\/wp\/v2\/comments?post=33267"}],"version-history":[{"count":4,"href":"https:\/\/cooltivarte.com\/portal\/wp-json\/wp\/v2\/posts\/33267\/revisions"}],"predecessor-version":[{"id":101258,"href":"https:\/\/cooltivarte.com\/portal\/wp-json\/wp\/v2\/posts\/33267\/revisions\/101258"}],"wp:featuredmedia":[{"embeddable":true,"href":"https:\/\/cooltivarte.com\/portal\/wp-json\/wp\/v2\/media\/33269"}],"wp:attachment":[{"href":"https:\/\/cooltivarte.com\/portal\/wp-json\/wp\/v2\/media?parent=33267"}],"wp:term":[{"taxonomy":"category","embeddable":true,"href":"https:\/\/cooltivarte.com\/portal\/wp-json\/wp\/v2\/categories?post=33267"},{"taxonomy":"post_tag","embeddable":true,"href":"https:\/\/cooltivarte.com\/portal\/wp-json\/wp\/v2\/tags?post=33267"}],"curies":[{"name":"wp","href":"https:\/\/api.w.org\/{rel}","templated":true}]}}