{"id":33263,"date":"2017-09-18T01:12:39","date_gmt":"2017-09-18T04:12:39","guid":{"rendered":"http:\/\/cooltivarte.com\/portal\/?p=33263"},"modified":"2024-04-23T09:54:22","modified_gmt":"2024-04-23T12:54:22","slug":"mentira-la-verdad-el-arte","status":"publish","type":"post","link":"https:\/\/cooltivarte.com\/portal\/mentira-la-verdad-el-arte\/","title":{"rendered":"Mentira la verdad &#8211; El Arte"},"content":{"rendered":"<p><iframe title=\"YouTube video player\" src=\"https:\/\/www.youtube.com\/embed\/9AaWV2ken8Y?si=BjnGm1lpWtY2csMZ\" width=\"100%\" height=\"515\" frameborder=\"0\" allowfullscreen=\"allowfullscreen\"><span style=\"display: inline-block; width: 0px; overflow: hidden; line-height: 0;\" data-mce-type=\"bookmark\" class=\"mce_SELRES_start\">\ufeff<\/span><\/iframe><\/p>\n<p>&nbsp;<\/p>\n<p>Estamos acostumbrados a tener una particular&nbsp;mirada sobre el mundo y, en ocasiones, nuestra&nbsp;forma de pensar nos parece inobjetable. Sin&nbsp;embargo, <strong>\u00bfqu\u00e9 sustenta nuestras ideas?<\/strong> <strong>\u00bfHay&nbsp;una sola forma de pensar la realidad?<\/strong><\/p>\n<p>Con el discurso filos\u00f3fico como aliado, <a href=\"https:\/\/cooltivarte.com\/portal\/?s=Dar%C3%ADo+Sztajnszrajber\"><strong>Dar\u00edo Sztajnszrajber<\/strong><\/a>&nbsp;desaf\u00eda el sentido com\u00fan y pone&nbsp;en tensi\u00f3n diferentes supuestos en torno a la&nbsp;pol\u00edtica, la angustia, lo religioso, entre muchas&nbsp;otras problem\u00e1ticas filos\u00f3ficas m\u00e1s.<\/p>\n<p><strong>\u00bfC\u00f3mo definir el arte en tiempos en que la est\u00e9tica configura el modo en que se manifiestan todas las cosas?<\/strong><\/p>\n<p><strong>\u00bfC\u00f3mo pensar el arte en un per\u00edodo en que la mercanc\u00eda&nbsp;misma \u2013es decir, aquello que consumimos\u2013 pretende atribuirse los rasgos que tradicionalmente&nbsp;identific\u00e1bamos con una obra de arte como, por ejemplo, la belleza? <\/strong><\/p>\n<p><strong>\u00bfY&nbsp;c\u00f3mo distinguir la producci\u00f3n art\u00edstica en contextos donde las publicidades se apropian&nbsp;de las t\u00e9cnicas que eran propias del arte de vanguardia?<\/strong><\/p>\n<p>Tras las reconstrucci\u00f3n de las distintas perspectivas filos\u00f3ficas y art\u00edsticas que de-finieron el arte como m\u00edmesis, como expresi\u00f3n, como producci\u00f3n de belleza o como&nbsp;ruptura, este cap\u00edtulo retoma estas preguntas y reflexiona acerca de las condiciones&nbsp;de posibilidad del arte en las sociedades contempor\u00e1neas, bajo la hip\u00f3tesis de que&nbsp;el arte, en la medida en que no sea exclusivamente identificado con la experiencia&nbsp;est\u00e9tica, puede conservar su potencialidad cr\u00edtica en contextos donde el reinado de&nbsp;la mercanc\u00eda hace creer que lo \u00fanico que \u201cvale\u201d es aquello que es considerado \u201c\u00fatil\u201d.<\/p>\n<p>Arte y experiencia est\u00e9tica: una identifi caci\u00f3n problem\u00e1tica. La estetizaci\u00f3n&nbsp;de la existencia como rasgo caracter\u00edstico de las sociedades&nbsp;posmodernas. Alcances y l\u00edmites de las distintas definiciones hist\u00f3ricas&nbsp;del arte: el arte como m\u00edmesis, el arte como expresi\u00f3n, el arte como&nbsp;producci\u00f3n de belleza y el arte como ruptura. Dilemas del proyecto vanguardista:&nbsp;entre la conciliaci\u00f3n del arte y la vida, y la marginalidad o la&nbsp;refuncionalizaci\u00f3n mercantilista del arte. Danto y la definici\u00f3n \u201ccontextualista\u201d&nbsp;del arte. La tesis del \u201cfin del arte\u201d y sus potenciales consecuencias&nbsp;cr\u00edticas.<\/p>\n<p><a href=\"https:\/\/cooltivarte.com\/portal\/wp-content\/uploads\/2017\/09\/Mentira_la_verdad_III_-_Cap_5.pdf\" target=\"_blank\" rel=\"noopener\"><strong>Descargar texto completo<\/strong><\/a><\/p>\n<p>&nbsp;<\/p>\n<p>&nbsp;<\/p>\n<p>&nbsp;<\/p>\n<p>Fuente Texto:&nbsp;<a href=\"http:\/\/encuentro.gob.ar\/enelaula\/34\" target=\"_blank\" rel=\"noopener\">encuentro.gob.ar<\/a><\/p>\n<p>Canal:&nbsp;<a class=\"yt-simple-endpoint style-scope yt-formatted-string\" href=\"https:\/\/www.youtube.com\/channel\/UCbHkUJTsTYa58YEYCi2S-ig\" target=\"_blank\" rel=\"noopener\">Mentira la verdad<\/a><\/p>\n<p>&nbsp;<br \/>\n&nbsp;<\/p>\n","protected":false},"excerpt":{"rendered":"<p>Estamos acostumbrados a tener una particular\u00a0mirada sobre el mundo y, en ocasiones, nuestra\u00a0forma de pensar nos parece inobjetable. Sin\u00a0embargo, \u00bfqu\u00e9 sustenta nuestras ideas? \u00bfHay\u00a0una sola forma de pensar la realidad?<\/p>\n<p>Con el discurso filos\u00f3fico como aliado, Dar\u00edo Sztajnszrajber\u00a0desaf\u00eda el sentido com\u00fan y pone\u00a0en tensi\u00f3n diferentes supuestos en torno a la\u00a0pol\u00edtica, la angustia, lo religioso, entre muchas\u00a0otras problem\u00e1ticas filos\u00f3ficas m\u00e1s.<\/p>\n","protected":false},"author":8,"featured_media":33266,"comment_status":"closed","ping_status":"closed","sticky":false,"template":"","format":"standard","meta":{"om_disable_all_campaigns":false,"ngg_post_thumbnail":0,"jnews-multi-image_gallery":[],"jnews_single_post":{"subtitle":"qu\u00e9 sustenta nuestras ideas? \u00bfHay\u00a0una sola forma de pensar la realidad?","format":"standard","video":"https:\/\/youtu.be\/9AaWV2ken8Y","gallery":"","source_name":"","source_url":"","via_name":"","via_url":"","override_template":"0","override":[{"template":"1","single_blog_custom":"","parallax":"1","fullscreen":"1","layout":"right-sidebar","sidebar":"default-sidebar","second_sidebar":"default-sidebar","sticky_sidebar":"1","share_position":"top","share_float_style":"share-monocrhome","show_share_counter":"1","show_view_counter":"1","show_featured":"1","show_post_meta":"1","show_post_author":"1","show_post_author_image":"1","show_post_date":"1","post_date_format":"default","post_date_format_custom":"Y\/m\/d","show_post_category":"1","show_post_reading_time":"0","post_reading_time_wpm":"300","show_zoom_button":"0","zoom_button_out_step":"2","zoom_button_in_step":"3","show_post_tag":"1","show_prev_next_post":"1","show_popup_post":"1","number_popup_post":"1","show_author_box":"0","show_post_related":"0","show_inline_post_related":"0"}],"override_image_size":"0","image_override":[{"single_post_thumbnail_size":"crop-500","single_post_gallery_size":"crop-500"}],"trending_post":"0","trending_post_position":"meta","trending_post_label":"Trending","sponsored_post":"0","sponsored_post_label":"Sponsored by","sponsored_post_name":"","sponsored_post_url":"","sponsored_post_logo_enable":"0","sponsored_post_logo":"","sponsored_post_desc":"","disable_ad":"0"},"jnews_primary_category":{"id":"","hide":""},"jnews_social_meta":{"fb_title":"","fb_description":"","fb_image":"","twitter_title":"","twitter_description":"","twitter_image":""},"jnews_override_counter":{"override_view_counter":"0","view_counter_number":"0","override_share_counter":"0","share_counter_number":"0","override_like_counter":"0","like_counter_number":"0","override_dislike_counter":"0","dislike_counter_number":"0"},"footnotes":""},"categories":[58],"tags":[84,12449,12446,12445,12450,12448,12447],"class_list":["post-33263","post","type-post","status-publish","format-standard","has-post-thumbnail","hentry","category-miscelanea","tag-arte","tag-arte-de-vanguardia","tag-como-definir-el-arte","tag-como-pensar-el-arte","tag-que-es-el-arte","tag-hay-una-sola-forma-de-pensar-la-realidad","tag-que-sustenta-nuestras-ideas"],"yoast_head":"<!-- This site is optimized with the Yoast SEO plugin v27.5 - https:\/\/yoast.com\/product\/yoast-seo-wordpress\/ -->\n<title>Mentira la verdad - El Arte - Cooltivarte Portal<\/title>\n<meta name=\"description\" content=\"\u00bfC\u00f3mo definir el arte en tiempos en que la est\u00e9tica configura el modo en que se manifiestan todas las cosas? \u00bfC\u00f3mo pensar el arte en un per\u00edodo en que la mercanc\u00eda misma \u2013 es decir, aquello que consumimos \u2013\" \/>\n<meta name=\"robots\" content=\"index, follow, max-snippet:-1, max-image-preview:large, max-video-preview:-1\" \/>\n<link rel=\"canonical\" href=\"https:\/\/cooltivarte.com\/portal\/mentira-la-verdad-el-arte\/\" \/>\n<meta property=\"og:locale\" content=\"es_ES\" \/>\n<meta property=\"og:type\" content=\"article\" \/>\n<meta property=\"og:title\" content=\"Mentira la verdad - El Arte\" \/>\n<meta property=\"og:description\" content=\"\u00bfC\u00f3mo definir el arte en tiempos en que la est\u00e9tica configura el modo en que se manifiestan todas las cosas? \u00bfC\u00f3mo pensar el arte en un per\u00edodo en que la mercanc\u00eda misma \u2013 es decir, aquello que consumimos \u2013 pretende atribuirse los rasgos que tradicionalmente identific\u00e1bamos con una obra de arte como, por ejemplo, la belleza? \u00bfY c\u00f3mo distinguir la producci\u00f3n art\u00edstica en contextos donde las publicidades se apropian de las t\u00e9cnicas que eran propias del arte de vanguardia?\" \/>\n<meta property=\"og:url\" content=\"https:\/\/cooltivarte.com\/portal\/mentira-la-verdad-el-arte\/\" \/>\n<meta property=\"og:site_name\" content=\"Cooltivarte Portal\" \/>\n<meta property=\"article:publisher\" content=\"https:\/\/www.facebook.com\/cooltivartecom\/\" \/>\n<meta property=\"article:author\" content=\"https:\/\/www.facebook.com\/cooltivartecom\" \/>\n<meta property=\"article:published_time\" content=\"2017-09-18T04:12:39+00:00\" \/>\n<meta property=\"article:modified_time\" content=\"2024-04-23T12:54:22+00:00\" \/>\n<meta property=\"og:image\" content=\"https:\/\/cooltivarte.com\/portal\/wp-content\/uploads\/2017\/09\/hqdefault-55.jpg\" \/>\n\t<meta property=\"og:image:width\" content=\"480\" \/>\n\t<meta property=\"og:image:height\" content=\"360\" \/>\n\t<meta property=\"og:image:type\" content=\"image\/jpeg\" \/>\n<meta name=\"author\" content=\"Cooltivarte\" \/>\n<meta name=\"twitter:card\" content=\"summary_large_image\" \/>\n<meta name=\"twitter:title\" content=\"Mentira la verdad - El Arte\" \/>\n<meta name=\"twitter:description\" content=\"\u00bfC\u00f3mo definir el arte en tiempos en que la est\u00e9tica configura el modo en que se manifiestan todas las cosas? \u00bfC\u00f3mo pensar el arte en un per\u00edodo en que la mercanc\u00eda misma \u2013 es decir, aquello que consumimos \u2013 pretende atribuirse los rasgos que tradicionalmente identific\u00e1bamos con una obra de arte como, por ejemplo, la belleza? \u00bfY c\u00f3mo distinguir la producci\u00f3n art\u00edstica en contextos donde las publicidades se apropian de las t\u00e9cnicas que eran propias del arte de vanguardia?\" \/>\n<meta name=\"twitter:image\" content=\"https:\/\/cooltivarte.com\/portal\/wp-content\/uploads\/2017\/09\/hqdefault-55.jpg\" \/>\n<meta name=\"twitter:creator\" content=\"@https:\/\/x.com\/obolocultural\" \/>\n<meta name=\"twitter:site\" content=\"@obolocultural\" \/>\n<meta name=\"twitter:label1\" content=\"Escrito por\" \/>\n\t<meta name=\"twitter:data1\" content=\"Cooltivarte\" \/>\n\t<meta name=\"twitter:label2\" content=\"Tiempo de lectura\" \/>\n\t<meta name=\"twitter:data2\" content=\"2 minutos\" \/>\n<!-- \/ Yoast SEO plugin. -->","yoast_head_json":{"title":"Mentira la verdad - El Arte - Cooltivarte Portal","description":"\u00bfC\u00f3mo definir el arte en tiempos en que la est\u00e9tica configura el modo en que se manifiestan todas las cosas? \u00bfC\u00f3mo pensar el arte en un per\u00edodo en que la mercanc\u00eda misma \u2013 es decir, aquello que consumimos \u2013","robots":{"index":"index","follow":"follow","max-snippet":"max-snippet:-1","max-image-preview":"max-image-preview:large","max-video-preview":"max-video-preview:-1"},"canonical":"https:\/\/cooltivarte.com\/portal\/mentira-la-verdad-el-arte\/","og_locale":"es_ES","og_type":"article","og_title":"Mentira la verdad - El Arte","og_description":"\u00bfC\u00f3mo definir el arte en tiempos en que la est\u00e9tica configura el modo en que se manifiestan todas las cosas? \u00bfC\u00f3mo pensar el arte en un per\u00edodo en que la mercanc\u00eda misma \u2013 es decir, aquello que consumimos \u2013 pretende atribuirse los rasgos que tradicionalmente identific\u00e1bamos con una obra de arte como, por ejemplo, la belleza? \u00bfY c\u00f3mo distinguir la producci\u00f3n art\u00edstica en contextos donde las publicidades se apropian de las t\u00e9cnicas que eran propias del arte de vanguardia?","og_url":"https:\/\/cooltivarte.com\/portal\/mentira-la-verdad-el-arte\/","og_site_name":"Cooltivarte Portal","article_publisher":"https:\/\/www.facebook.com\/cooltivartecom\/","article_author":"https:\/\/www.facebook.com\/cooltivartecom","article_published_time":"2017-09-18T04:12:39+00:00","article_modified_time":"2024-04-23T12:54:22+00:00","og_image":[{"width":480,"height":360,"url":"https:\/\/cooltivarte.com\/portal\/wp-content\/uploads\/2017\/09\/hqdefault-55.jpg","type":"image\/jpeg"}],"author":"Cooltivarte","twitter_card":"summary_large_image","twitter_title":"Mentira la verdad - El Arte","twitter_description":"\u00bfC\u00f3mo definir el arte en tiempos en que la est\u00e9tica configura el modo en que se manifiestan todas las cosas? \u00bfC\u00f3mo pensar el arte en un per\u00edodo en que la mercanc\u00eda misma \u2013 es decir, aquello que consumimos \u2013 pretende atribuirse los rasgos que tradicionalmente identific\u00e1bamos con una obra de arte como, por ejemplo, la belleza? \u00bfY c\u00f3mo distinguir la producci\u00f3n art\u00edstica en contextos donde las publicidades se apropian de las t\u00e9cnicas que eran propias del arte de vanguardia?","twitter_image":"https:\/\/cooltivarte.com\/portal\/wp-content\/uploads\/2017\/09\/hqdefault-55.jpg","twitter_creator":"@https:\/\/x.com\/obolocultural","twitter_site":"@obolocultural","twitter_misc":{"Escrito por":"Cooltivarte","Tiempo de lectura":"2 minutos"},"schema":{"@context":"https:\/\/schema.org","@graph":[{"@type":"NewsArticle","@id":"https:\/\/cooltivarte.com\/portal\/mentira-la-verdad-el-arte\/#article","isPartOf":{"@id":"https:\/\/cooltivarte.com\/portal\/mentira-la-verdad-el-arte\/"},"author":{"name":"Cooltivarte","@id":"https:\/\/cooltivarte.com\/portal\/#\/schema\/person\/ec2a4f4e71b740d0c559c0ab9a157e19"},"headline":"Mentira la verdad &#8211; El Arte","datePublished":"2017-09-18T04:12:39+00:00","dateModified":"2024-04-23T12:54:22+00:00","mainEntityOfPage":{"@id":"https:\/\/cooltivarte.com\/portal\/mentira-la-verdad-el-arte\/"},"wordCount":418,"publisher":{"@id":"https:\/\/cooltivarte.com\/portal\/#organization"},"image":{"@id":"https:\/\/cooltivarte.com\/portal\/mentira-la-verdad-el-arte\/#primaryimage"},"thumbnailUrl":"https:\/\/cooltivarte.com\/portal\/wp-content\/uploads\/2017\/09\/hqdefault-55.jpg","keywords":["Arte","arte de vanguardia","C\u00f3mo definir el arte","C\u00f3mo pensar el arte","qu\u00e9 es el arte","\u00bfHay una sola forma de pensar la realidad?","\u00bfqu\u00e9 sustenta nuestras ideas?"],"articleSection":["Miscel\u00e1nea"],"inLanguage":"es-AR"},{"@type":"WebPage","@id":"https:\/\/cooltivarte.com\/portal\/mentira-la-verdad-el-arte\/","url":"https:\/\/cooltivarte.com\/portal\/mentira-la-verdad-el-arte\/","name":"Mentira la verdad - El Arte - Cooltivarte Portal","isPartOf":{"@id":"https:\/\/cooltivarte.com\/portal\/#website"},"primaryImageOfPage":{"@id":"https:\/\/cooltivarte.com\/portal\/mentira-la-verdad-el-arte\/#primaryimage"},"image":{"@id":"https:\/\/cooltivarte.com\/portal\/mentira-la-verdad-el-arte\/#primaryimage"},"thumbnailUrl":"https:\/\/cooltivarte.com\/portal\/wp-content\/uploads\/2017\/09\/hqdefault-55.jpg","datePublished":"2017-09-18T04:12:39+00:00","dateModified":"2024-04-23T12:54:22+00:00","description":"\u00bfC\u00f3mo definir el arte en tiempos en que la est\u00e9tica configura el modo en que se manifiestan todas las cosas? \u00bfC\u00f3mo pensar el arte en un per\u00edodo en que la mercanc\u00eda misma \u2013 es decir, aquello que consumimos \u2013","breadcrumb":{"@id":"https:\/\/cooltivarte.com\/portal\/mentira-la-verdad-el-arte\/#breadcrumb"},"inLanguage":"es-AR","potentialAction":[{"@type":"ReadAction","target":["https:\/\/cooltivarte.com\/portal\/mentira-la-verdad-el-arte\/"]}]},{"@type":"ImageObject","inLanguage":"es-AR","@id":"https:\/\/cooltivarte.com\/portal\/mentira-la-verdad-el-arte\/#primaryimage","url":"https:\/\/cooltivarte.com\/portal\/wp-content\/uploads\/2017\/09\/hqdefault-55.jpg","contentUrl":"https:\/\/cooltivarte.com\/portal\/wp-content\/uploads\/2017\/09\/hqdefault-55.jpg","width":480,"height":360,"caption":"El Arte - Mentira la verdad"},{"@type":"BreadcrumbList","@id":"https:\/\/cooltivarte.com\/portal\/mentira-la-verdad-el-arte\/#breadcrumb","itemListElement":[{"@type":"ListItem","position":1,"name":"Portada","item":"https:\/\/cooltivarte.com\/portal\/"},{"@type":"ListItem","position":2,"name":"Mentira la verdad &#8211; El Arte"}]},{"@type":"WebSite","@id":"https:\/\/cooltivarte.com\/portal\/#website","url":"https:\/\/cooltivarte.com\/portal\/","name":"Cooltivarte Portal","description":"Arte, cultura y turismo para el mundo ...","publisher":{"@id":"https:\/\/cooltivarte.com\/portal\/#organization"},"potentialAction":[{"@type":"SearchAction","target":{"@type":"EntryPoint","urlTemplate":"https:\/\/cooltivarte.com\/portal\/?s={search_term_string}"},"query-input":{"@type":"PropertyValueSpecification","valueRequired":true,"valueName":"search_term_string"}}],"inLanguage":"es-AR"},{"@type":"Organization","@id":"https:\/\/cooltivarte.com\/portal\/#organization","name":"cooltivarte","url":"https:\/\/cooltivarte.com\/portal\/","logo":{"@type":"ImageObject","inLanguage":"es-AR","@id":"https:\/\/cooltivarte.com\/portal\/#\/schema\/logo\/image\/","url":"https:\/\/cooltivarte.com\/portal\/wp-content\/uploads\/2020\/04\/logo-cooltivarte-v2.png","contentUrl":"https:\/\/cooltivarte.com\/portal\/wp-content\/uploads\/2020\/04\/logo-cooltivarte-v2.png","width":851,"height":243,"caption":"cooltivarte"},"image":{"@id":"https:\/\/cooltivarte.com\/portal\/#\/schema\/logo\/image\/"},"sameAs":["https:\/\/www.facebook.com\/cooltivartecom\/","https:\/\/x.com\/obolocultural","https:\/\/www.instagram.com\/_cooltivarte_\/","https:\/\/www.linkedin.com\/company\/-bolocultural?reportsuccess=8zaNG1HwhPbAR9iQhZ5rfGeqz_vQFftHun0ZWU0Wy9vNemRJ8vtcKdJvzQfW8XagyOJSKg0XvfJ1dp","https:\/\/www.pinterest.com\/cooltivarte\/","https:\/\/cooltivarte.tumblr.com\/","https:\/\/www.tiktok.com\/@cooltivarte","https:\/\/www.youtube.com\/@PrensaCooltivarte"]},{"@type":"Person","@id":"https:\/\/cooltivarte.com\/portal\/#\/schema\/person\/ec2a4f4e71b740d0c559c0ab9a157e19","name":"Cooltivarte","image":{"@type":"ImageObject","inLanguage":"es-AR","@id":"https:\/\/cooltivarte.com\/portal\/wp-content\/uploads\/2014\/05\/logo-cooltivarte-120x120.jpg","url":"https:\/\/cooltivarte.com\/portal\/wp-content\/uploads\/2014\/05\/logo-cooltivarte-120x120.jpg","contentUrl":"https:\/\/cooltivarte.com\/portal\/wp-content\/uploads\/2014\/05\/logo-cooltivarte-120x120.jpg","caption":"Cooltivarte"},"description":"Somos COOLTIVARTE.COM. Un portal digital dedicado a difundir el acontecer art\u00edstico y cultural del Uruguay. Estamos en la vuelta desde el a\u00f1o 2003, y como evoluci\u00f3n del bolet\u00edn Obolo Cultural, nos encontramos abocados a apoyar a los artistas nacionales brind\u00e1ndoles un espacio de difusi\u00f3n. Creemos en la idea de utilizar la potencialidad que hoy d\u00eda nos otorga la web, para que la cultura uruguaya y sus creadores dispongan de una din\u00e1mica ventana, que los ponga en contacto entre s\u00ed y con el mundo. Somos COOLTIVARTE.COM y pretendemos configurarnos como un portal din\u00e1mico, entretenido y atento a los nuevos emprendimientos, que busque siempre la interacci\u00f3n con los artistas.","sameAs":["http:\/\/www.cooltivarte.com","https:\/\/www.facebook.com\/cooltivartecom","https:\/\/www.instagram.com\/_cooltivarte_\/","https:\/\/www.linkedin.com\/company\/-bolocultural","https:\/\/www.pinterest.com\/cooltivarte\/","https:\/\/x.com\/https:\/\/x.com\/obolocultural","https:\/\/www.youtube.com\/@PrensaCooltivarte","https:\/\/www.tumblr.com\/blog\/cooltivarte"],"url":"https:\/\/cooltivarte.com\/portal\/author\/cooltivarte\/"}]}},"_links":{"self":[{"href":"https:\/\/cooltivarte.com\/portal\/wp-json\/wp\/v2\/posts\/33263","targetHints":{"allow":["GET"]}}],"collection":[{"href":"https:\/\/cooltivarte.com\/portal\/wp-json\/wp\/v2\/posts"}],"about":[{"href":"https:\/\/cooltivarte.com\/portal\/wp-json\/wp\/v2\/types\/post"}],"author":[{"embeddable":true,"href":"https:\/\/cooltivarte.com\/portal\/wp-json\/wp\/v2\/users\/8"}],"replies":[{"embeddable":true,"href":"https:\/\/cooltivarte.com\/portal\/wp-json\/wp\/v2\/comments?post=33263"}],"version-history":[{"count":11,"href":"https:\/\/cooltivarte.com\/portal\/wp-json\/wp\/v2\/posts\/33263\/revisions"}],"predecessor-version":[{"id":100936,"href":"https:\/\/cooltivarte.com\/portal\/wp-json\/wp\/v2\/posts\/33263\/revisions\/100936"}],"wp:featuredmedia":[{"embeddable":true,"href":"https:\/\/cooltivarte.com\/portal\/wp-json\/wp\/v2\/media\/33266"}],"wp:attachment":[{"href":"https:\/\/cooltivarte.com\/portal\/wp-json\/wp\/v2\/media?parent=33263"}],"wp:term":[{"taxonomy":"category","embeddable":true,"href":"https:\/\/cooltivarte.com\/portal\/wp-json\/wp\/v2\/categories?post=33263"},{"taxonomy":"post_tag","embeddable":true,"href":"https:\/\/cooltivarte.com\/portal\/wp-json\/wp\/v2\/tags?post=33263"}],"curies":[{"name":"wp","href":"https:\/\/api.w.org\/{rel}","templated":true}]}}