{"id":3264,"date":"2014-04-15T01:34:03","date_gmt":"2014-04-15T01:34:03","guid":{"rendered":"http:\/\/cooltivarte.com\/portal\/?p=3264"},"modified":"2015-11-11T22:51:03","modified_gmt":"2015-11-11T22:51:03","slug":"llevar-el-rock-en-los-huesos-entrevista-a-ariel-rot-ex-guitarrista-de-los-rodriguez-y-tequila","status":"publish","type":"post","link":"https:\/\/cooltivarte.com\/portal\/llevar-el-rock-en-los-huesos-entrevista-a-ariel-rot-ex-guitarrista-de-los-rodriguez-y-tequila\/","title":{"rendered":"Llevar el rock en los huesos, entrevista a Ariel Rot (ex guitarrista de Los Rodr\u00edguez y Tequila)"},"content":{"rendered":"<p style=\"text-align: justify;\">Ariel Rot es una destacada figura del rock hispanoamericano. Nacido en Argentina, y emigrado en la adolescencia a Espa\u00f1a, Rot ha formado parte como guitarrista de dos grupos fundamentales del rock espa\u00f1ol como los son Tequila y Los Rodr\u00edguez. Tanto en la primera, en la cual particip\u00f3 siendo adolescente junto a Juli\u00e1n Infante (quien a\u00f1os m\u00e1s tarde integrar\u00eda Los Rodr\u00edguez), como en la segunda, tambi\u00e9n junto con Andr\u00e9s Calamaro un par de d\u00e9cadas m\u00e1s tarde, Rot ha sabido adem\u00e1s llevar adelante una muy interesante carrera solista, habi\u00e9ndose dedicado por otro lado a la comunicaci\u00f3n a trav\u00e9s de un programa radial junto con nada menos que Jaime Urrutia. El a\u00f1o pasado, edit\u00f3 su \u00faltimo disco solista, llamado \u201cLa Huesuda\u201d. Rot brindar\u00e1 un recital en La Trastienda Club Montevideo el pr\u00f3ximo 24 de abril, y esta es la entrevista que nos concedi\u00f3.<\/p>\n<p style=\"text-align: justify;\">\n<h2 style=\"text-align: justify;\">\u201cHoy en d\u00eda es m\u00e1s f\u00e1cil formar parte de algo, que marcar una diferencia individual\u201d<\/h2>\n<p>&nbsp;<\/p>\n<p style=\"text-align: justify;\"><strong>-Contanos acerca de este \u00faltimo disco solista tuyo \u201cLa Huesuda\u201d, editado el a\u00f1o pasado\u2026<\/strong><\/p>\n<p style=\"text-align: justify;\">-Es curioso, porque tengo la sensaci\u00f3n que en Uruguay, desde que integraba Los Rodr\u00edguez, hago como un salto a \u201cLa Huesuda\u201d, y en el medio hubo muchos discos, y pasaron muchas cosas, en alg\u00fan modo siento como que he estado en forma intermitente en Uruguay. Justamente \u00e9ste es un disco en cierto modo at\u00edpico, no s\u00e9 c\u00f3mo ser\u00e1 el siguiente, pero en todo caso es un disco que se aleja de ciertos estereotipos m\u00edos y del rock m\u00e1s ortodoxo. Siempre jugu\u00e9 con otros g\u00e9neros, siempre hubo alg\u00fan material digamos m\u00e1s sensible dentro de mis discos, y en \u00e9ste decid\u00ed cerrar m\u00e1s el marco y solamente incluir \u00e9se tipo de material. \u201cLa Huesuda\u201d es un disco m\u00e1s \u00edntimo, m\u00e1s reflexivo, donde no est\u00e1n tan presentes los instrumentos cl\u00e1sicos del rock, hay cuerdas, hay vientos, es otro tipo de instrumentaci\u00f3n. Es un disco que fui componiendo a lo largo de una gira de dos a\u00f1os por toda Espa\u00f1a, y que pr\u00e1cticamente se defiende con una guitarra y una voz, o un piano y una voz. Ocurre que tambi\u00e9n me \u201cengolosin\u00e9\u201d, y en el estudio lo fui \u201cadornando\u201d, agreg\u00e1ndole otras cosas, pero son todos temas que perfectamente los puedo tocar en un formato de show como los que estoy haciendo ahora.<\/p>\n<p style=\"text-align: justify;\"><strong>-\u00bfC\u00f3mo va a ser tu show en La Trastienda el pr\u00f3ximo 24 de abril?, \u00bfser\u00e1 en un plan presentaci\u00f3n de este disco, o m\u00e1s bien ser\u00e1 un repaso musical de toda tu carrera?<\/strong><\/p>\n<p style=\"text-align: justify;\">-En realidad voy a intentar ponerme al d\u00eda con los temas que mejor adapt\u00e9 a este formato, que es un show como m\u00e1s atemporal. El show est\u00e1 dividido en tres partes, una es con un set el\u00e9ctrico, con guitaras, amplificaci\u00f3n, distorsi\u00f3n, efectos; luego hay una parte que es con piano, y otra con guitarra ac\u00fastica. Dir\u00eda que ser\u00e1 b\u00e1sicamente un repaso de mi etapa en solitario, con algunos temas m\u00edos que grabamos con Los Rodr\u00edguez.<\/p>\n<p style=\"text-align: justify;\"><strong>-Yendo a tu pasado en Los Rodr\u00edguez, hablanos acerca de esa experiencia, \u00bfte resulta inc\u00f3modo que te pregunten sobre eso, teniendo tu carrera solista?\u00bfqu\u00e9 cosas record\u00e1s como las mejores de compartir esa banda con Andr\u00e9s Calamaro y Juli\u00e1n Infante? Estuvieron en Uruguay hace unos cuantos a\u00f1os\u2026<\/strong><\/p>\n<p style=\"text-align: justify;\">-No me importa en absoluto que me hablen o me pregunten sobre Los Rodr\u00edguez, pero me gusta que conozcan mis canciones solistas tambi\u00e9n -risas-. S\u00ed, estuvimos en Uruguay hace much\u00edsimo, creo por la \u00e9poca del disco \u201cSin Documentos\u201d, pero recuerdo que no hab\u00eda mucha gente ese d\u00eda, no se que habr\u00eda pasado, si no se difundi\u00f3 bien o qu\u00e9. Pienso que pasa en todas las bandas, lo mejor es que musical y art\u00edsticamente pasan cosas muy intensas, Los Rodr\u00edguez era un grupo con un alt\u00edsimo voltaje emocional arriba del escenario, y cada uno de nosotros ten\u00eda mucho que decir tambi\u00e9n. Fue un gran aprendizaje, y seguimos recordando \u00e9sa \u00e9poca y esos conciertos como algo especial que nos ocurri\u00f3. Lo peor puede ser que la convivencia de una banda tambi\u00e9n es muy intensa, entonces se generan conflictos y degaste, que a veces empa\u00f1an todo lo otro tan bueno, como el poder crear en compa\u00f1\u00eda, y esa especie de feedback y ping pong creativo que se genera en todas las bandas. Adem\u00e1s nunca me plante\u00e9 hacer una banda si no era porque \u00e9ramos amigos, las dos bandas que tuve surgieron de esa manera. Despu\u00e9s hubo que completarlas con otros integrantes, pero la base digamos estaba en la amistad que yo ten\u00eda con quienes ten\u00edamos la idea de armar una banda, siempre surgi\u00f3 antes desde la amistad que desde lo profesional y desde la planificaci\u00f3n.<\/p>\n<p style=\"text-align: justify;\"><strong>-\u00bfQu\u00e9 v\u00ednculo manten\u00e9s al d\u00eda de hoy con Andr\u00e9s (Calamaro)? \u00bfse siguen viendo cada tanto?<\/strong><\/p>\n<p style=\"text-align: justify;\">-Mantenemos el contacto s\u00ed. Hace unos a\u00f1os, por el 2005 y 2006 hicimos una gira juntos con el nombre de \u201cDos Rodr\u00edguez\u201d, y cada tanto volvemos a tener correspondencia, escribirnos\u2026 Ahora hace bastante que no nos vemos, tal vez unos tres a\u00f1os, pero hace poco nos escribimos y est\u00e1 todo bien. Yo estuve en Bogot\u00e1 hace poco, y all\u00ed Los Rodr\u00edguez todav\u00eda son muy importantes y recordados, de modo que cuando volv\u00ed a Madrid, me dieron ganas de volver a conectar con Andr\u00e9s. Siempre pasa eso en las bandas, que esa convivencia de la que te hablaba deja entre los miembros de una grupo v\u00ednculos en gran modo fraternales, y c\u00f3digos que nunca se pierden, que son \u00fanicos, nadie m\u00e1s te conoce de esa manera como te conoce un compa\u00f1ero de una banda con el que est\u00e1s muchos a\u00f1os creando y componiendo, haciendo m\u00fasica, giras, grabando discos\u2026<br \/>\n<strong>-Vos que ya ten\u00e9s una vasta experiencia en el ambiente musical, desde los 70\u00b4s hasta hoy, \u00bfqu\u00e9 cosas pens\u00e1s que le est\u00e1n faltando o eventualmente sobrando al rock en la actualidad?<\/strong><\/p>\n<p style=\"text-align: justify;\">-Yo creo que est\u00e1 muy reglamentado y muy uniformado. Se han venido imponiendo ciertos patrones, y la individualidad es cada vez m\u00e1s dif\u00edcil de encontrar. Hoy en d\u00eda es m\u00e1s f\u00e1cil formar parte de algo, que marcar una diferencia individual, y yo creo que eso antes no pasaba, o al menos no pasaba tanto. Luego tambi\u00e9n me da como una cierta sensaci\u00f3n de que muchas veces los grupos hoy en d\u00eda son como m\u00e1s \u201cboy scouts\u201d por decirlo de alguna manera, no veo como esa especie de anarqu\u00eda que exist\u00eda antes que formaba parte de ese carisma y ese misterio que hab\u00eda detr\u00e1s de cada banda, se ha diluido mucho lo individual. No me refiero tanto a que hayan otros movimientos como por ejemplo lo fue el punk, sino a individuos, que hagan algo verdaderamente distinto, como pudo haber pasado en alg\u00fan momento con Prince, o incluso Beck. Cuesta mucho hoy en d\u00eda encontrar un m\u00fasico que te sorprenda, que veas que hace algo nuevo y distinto. No estoy diciendo que no haya, sencillamente creo que es m\u00e1s dif\u00edcil porque se prioriza lo grupal a lo individual.<\/p>\n<p style=\"text-align: justify;\"><strong>-\u00bfTe sent\u00eds un poco pionero o vanguardista del rock espa\u00f1ol de la segunda mitad de los 70\u00b4s, habiendo formado parte de Tequila? Tomando en cuenta que te fuiste adolescente de un pa\u00eds en el que se estaba imponiendo una dictadura como Argentina a otro que estaba saliendo de una como Espa\u00f1a\u2026<\/strong><\/p>\n<p style=\"text-align: justify;\">-Bueno, vanguardista digamos que no tanto, esas son palabras mayores. Digamos que jugu\u00e9 con cierta ventaja en Espa\u00f1a porque llegaba de Argentina muy formado en rock. En Espa\u00f1a se hab\u00edan perdido los mejores a\u00f1os del rock, y yo iba de Argentina ya con un cierto bagaje musical y rockero. Lo m\u00e1s importante es que esas canciones siguen estando muy presentes, no s\u00f3lo en la memoria colectiva, sino en los bares, en las calles, en las casas. Fijate que yo apenas ten\u00eda 17 a\u00f1os cuando grab\u00e9 el primer disco con Tequila, y ya tocaba junto con Juli\u00e1n (Infante), que despu\u00e9s me acompa\u00f1\u00f3 en Los Rodr\u00edguez. Es gracioso porque a veces alg\u00fan periodista me dice \u201cpero t\u00fa eres una leyenda del rock espa\u00f1ol, \u00bfc\u00f3mo te sienta eso?\u201d, y yo le digo \u201cbueno, mir\u00e1, mientras se conozcan mis canciones est\u00e1 todo bien, sino qu\u00e9 gracia tiene ser una leyenda\u201d -risas-. Creo que vanguardista era Frank Zappa, yo hac\u00eda un rock &amp; roll a lo Chuck Berry cantado en espa\u00f1ol.<\/p>\n<p style=\"text-align: justify;\"><strong>-Tambi\u00e9n ten\u00e9s experiencia en radio, a trav\u00e9s del programa \u201cLa Ventana\u201d, que hac\u00edas junto a Jaime Urrutia de Gabinete Caligari, hablanos acerca de eso\u2026<\/strong><\/p>\n<p style=\"text-align: justify;\">-S\u00ed, es cierto. Tambi\u00e9n s\u00e9 que Jaime es muy querido por ac\u00e1, y yo s\u00e9 que \u00e9l adora Montevideo. Para m\u00ed lo m\u00e1s grande que se ha hecho en Espa\u00f1a en cuanto a rock fue Gabinete Caligari. Tendr\u00eda que venir a tocar con Jaime a ac\u00e1 entonces -risas-. Ese programa que ten\u00edamos Jaime y yo \u201cLa Ventana\u201d era fant\u00e1stico, y la verdad que lo extra\u00f1o mucho, porque dur\u00f3 cinco a\u00f1os, y nos lo quitaron hace un a\u00f1o y pico porque cambi\u00f3 el formato, pas\u00f3 para la ma\u00f1ana y ya no hab\u00eda lugar para algo tan l\u00fadico como era eso. Era un programa muy largo en la tarde, y Jaime y yo ten\u00edamos una secci\u00f3n una vez por semana en la cual cada uno eleg\u00eda una canci\u00f3n que no se la dec\u00eda al otro, era algo que en realidad fuimos inventando sobre la marcha, y estas canciones eran una especie de excusa para hablar con los oyentes, con la conductora, llamaban oyentes, y era muy variado y hab\u00eda de todo, momentos de humor, momentos freakies, no era un programa erudito de m\u00fasica, era como un llevar nuestra m\u00fasica a un p\u00fablico no especializado en m\u00fasica. La gente se enganchaba much\u00edsimo, pero ocurri\u00f3 que al pasar el programa para la ma\u00f1ana era como m\u00e1s de noticias y eso, de todos modos dur\u00f3 cinco a\u00f1os, y fue un \u00e9xito, nuestra secci\u00f3n fue bastante exitosa, y no era espec\u00edficamente de rock, cada uno pon\u00eda la canci\u00f3n que le daba la gana, de repente Jaime pon\u00eda Las Grecas o a Raphael, y yo pon\u00eda a Charly Garc\u00eda o a Moris y no siempre coincid\u00edamos para nada. Lo que s\u00ed siempre pasaba era que disfrut\u00e1bamos mucho, y sobre todo era un disfrute encontrarse con Jaime y tomarse una cerveza una vez por semana.<br \/>\n<strong>-\u00bfQu\u00e9 opini\u00f3n te merece la descarga de m\u00fasica gratis por internet?<\/strong><\/p>\n<p style=\"text-align: justify;\">-Me da la sensaci\u00f3n de como que al principio nos quedamos todos en estado de shock, y que no va a haber una manera de regularlo. Creo que ya es un camino sin retorno, y que tendremos que acostumbrarnos a convivir con ello, a resignarnos, las nuevas generaciones ya crecieron con eso. Me parece genial que puedas tener m\u00fasica tan f\u00e1cilmente a tu alcance, es claro que es otra opci\u00f3n, pero tambi\u00e9n creo que existen portales o sitios legales y baratos desde donde pod\u00e9s tener toda la m\u00fasica que quieras por muy poco dinero al mes, y son buenas plataformas, por ejemplo creo que es interesante la m\u00fasica en streaming.Igualmente en lo econ\u00f3mico al creador siempre le va a afectar porque no es lo mismo que vender un disco f\u00edsico. En ese sentido, ya no hay vuelta atr\u00e1s, y en cierto modo va en desmedro del artista en cuanto a la compensaci\u00f3n econ\u00f3mica, ya que no deja de ser una propiedad intelectual, y en alg\u00fan modo deval\u00faa la creaci\u00f3n. Yo accedo a m\u00fasica a trav\u00e9s de la web s\u00ed, pero tambi\u00e9n necesito el formato disco convencional. La gente est\u00e1 muy ansiosa, y no llega a escuchar los discos como los escuchaba antes, escuchar y bajar m\u00fasica gratis por internet es como tomar un buen vino en un vaso de pl\u00e1stico, si le pregunt\u00e1s al en\u00f3logo \u201cesto c\u00f3mo hay que tomarlo\u201d, te va a decir que tiene que ser de determinada manera para que sepa mejor. Entonces, cuando yo hago un disco, lo presento as\u00ed como tal, y es as\u00ed como lo concibo. Ahora si no ten\u00e9s una copa de cristal, y te quer\u00e9s tomar el vino directo de la botella, bueno, qu\u00e9 le vamos a hacer, sabe distinto, y te est\u00e1s perdiendo algo.<br \/>\n<strong>-\u00bfConoc\u00e9s algo de la escena de rock uruguaya?<\/strong><\/p>\n<p style=\"text-align: justify;\">-Me estoy llevando algunos discos y unos cuantos nombres para buscar y escuchar en spotify antes de comprar el disco, cosa que hago habitualmente. La m\u00fasica uruguaya siempre fue interesante, siempre ha habido grandes m\u00fasicos, y todos esos grupos argentinos que me fascinaron cuando yo era chico, gran parte de la \u201cculpa\u201d la tuvieron grupos uruguayos como Los Shakers y Los Mockers.<\/p>\n<p style=\"text-align: justify;\"><strong>-\u00bfQu\u00e9 es lo que a estas alturas disfrut\u00e1s m\u00e1s de tu carrera solista?<\/strong><\/p>\n<p style=\"text-align: justify;\">-Disfruto mucho de los viajes, de toda la liturgia que hay alrededor de salir de viaje\u2026de las comidas tambi\u00e9n -risas-. Me encanta viajar por Espa\u00f1a, en esta gira en solitario hubo como otra atm\u00f3sfera evidentemente que cuando giramos con banda, que siempre hay como m\u00e1s efervescencia y m\u00e1s ansiedad. En una gira como solista hay m\u00e1s lugar para escribir, para la lectura, es m\u00e1s rom\u00e1ntica, m\u00e1s \u201cjuglaresca\u201d, y eso lo disfruto much\u00edsimo. Tambi\u00e9n creo que hay que ir variando, en alg\u00fan momento termino harto del trabajo en estudio, pero despu\u00e9s empiezo a extra\u00f1arlo tambi\u00e9n; me la paso muy bien haciendo colaboraciones, saliendo de invitado con otros artistas, ahora Loquillo (ex vocalista de Loquillo y Los Trogloditas) grab\u00f3 un disco en vivo, y yo fui a grabar tres temas en el escenario con \u00e9l, el programa de radio del que te habl\u00e9, hacer charlas sobre m\u00fasica\u2026la diversidad es lo m\u00e1s interesante, es una \u00e9poca de mucha actividad para mi.<\/p>\n<p style=\"text-align: justify;\"><strong>-\u00bfC\u00f3mo sigue esta gira?, \u00bfqu\u00e9 planes art\u00edsticos ten\u00e9s a futuro?<\/strong><\/p>\n<p style=\"text-align: justify;\">-Compuse material nuevo, que lo grab\u00e9 en una tarde vivo con la banda para un programa de televisi\u00f3n, pero me imagino que ese material lo querr\u00e9 volver a grabar de una manera un poco m\u00e1s tradicional en el estudio, estoy contento con eso. Ahora cuando llegue a Madrid tengo una charla en una especie de feria tecnol\u00f3gica sobre la creatividad, y la tengo que preparar y me interesa mucho. Despu\u00e9s tengo un concierto en el festival de guitarra de C\u00f3rdoba (Espa\u00f1a), que es un festival que tiene ya como treinta a\u00f1os y al que ya fui muchas veces a dar clases, y ahora ah\u00ed voy a hacer un concierto y una master class en el mismo d\u00eda. Y adem\u00e1s conciertos en Espa\u00f1a, aunque no en excesiva cantidad, seguir difundiendo \u201cLa Huesuda\u201d, que es un disco que sali\u00f3 hace ya un a\u00f1o. No s\u00e9, las cosas van surgiendo, no soy una persona que planifique demasiado, yo funciono as\u00ed, no tengo una agenda programada, m\u00e1s all\u00e1 que de aqu\u00ed a septiembre. A lo mejor hacer un disco en vivo podr\u00eda ser otra opci\u00f3n, no se, estoy pensando en voz alta -risas-. Pero te reitero que tengo muchas actividades, y las hago con gusto, luego lo que vaya surgiendo se ver\u00e1.<\/p>\n<p style=\"text-align: justify;\">\n<p style=\"text-align: justify;\">\n<p style=\"text-align: justify;\">[fbalbum url=https:\/\/www.facebook.com\/media\/set\/?set=a.674554879258095.1073742038.163210523725869&amp;type=3]<\/p>\n<p>&nbsp;<br \/>\n&nbsp;<\/p>\n<p style=\"text-align: justify;\">[sam id=&#8221;21&#8243; name=&#8221;notas y articulos&#8221; codes=&#8221;true&#8221;]<\/p>\n<p>&nbsp;<br \/>\n&nbsp;<\/p>\n","protected":false},"excerpt":{"rendered":"<p>Ariel Rot es una destacada figura del rock hispanoamericano. Nacido en Argentina, y emigrado en la adolescencia a Espa\u00f1a, Rot ha formado parte como guitarrista de dos grupos fundamentales del rock espa\u00f1ol como los son Tequila y Los Rodr\u00edguez. Tanto en la primera, en la cual particip\u00f3 siendo adolescente junto a Juli\u00e1n Infante (quien a\u00f1os [&hellip;]<\/p>\n","protected":false},"author":3,"featured_media":3265,"comment_status":"closed","ping_status":"closed","sticky":false,"template":"","format":"standard","meta":{"om_disable_all_campaigns":false,"ngg_post_thumbnail":0,"jnews-multi-image_gallery":[],"jnews_single_post":[],"jnews_primary_category":[],"jnews_social_meta":[],"jnews_override_counter":[],"footnotes":""},"categories":[59],"tags":[],"class_list":["post-3264","post","type-post","status-publish","format-standard","has-post-thumbnail","hentry","category-musicos"],"yoast_head":"<!-- This site is optimized with the Yoast SEO plugin v27.5 - https:\/\/yoast.com\/product\/yoast-seo-wordpress\/ -->\n<title>Llevar el rock en los huesos, entrevista a Ariel Rot (ex guitarrista de Los Rodr\u00edguez y Tequila) - Cooltivarte Portal<\/title>\n<meta name=\"description\" content=\"COOLTIVARTE.COM es un portal digital colaborativo de actualizaci\u00f3n permanente dedicado a difundir el acontecer art\u00edstico y cultural, entrevista artistas, gestores y productores de las diferentes disciplinas del arte, y publicando art\u00edculos de reflexi\u00f3n de producci\u00f3n propia sobre los elementos culturales.\" \/>\n<meta name=\"robots\" content=\"index, follow, max-snippet:-1, max-image-preview:large, max-video-preview:-1\" \/>\n<link rel=\"canonical\" href=\"https:\/\/cooltivarte.com\/portal\/llevar-el-rock-en-los-huesos-entrevista-a-ariel-rot-ex-guitarrista-de-los-rodriguez-y-tequila\/\" \/>\n<meta property=\"og:locale\" content=\"es_ES\" \/>\n<meta property=\"og:type\" content=\"article\" \/>\n<meta property=\"og:title\" content=\"Llevar el rock en los huesos, entrevista a Ariel Rot (ex guitarrista de Los Rodr\u00edguez y Tequila) - Cooltivarte Portal\" \/>\n<meta property=\"og:description\" content=\"COOLTIVARTE.COM es un portal digital colaborativo de actualizaci\u00f3n permanente dedicado a difundir el acontecer art\u00edstico y cultural, entrevista artistas, gestores y productores de las diferentes disciplinas del arte, y publicando art\u00edculos de reflexi\u00f3n de producci\u00f3n propia sobre los elementos culturales.\" \/>\n<meta property=\"og:url\" content=\"https:\/\/cooltivarte.com\/portal\/llevar-el-rock-en-los-huesos-entrevista-a-ariel-rot-ex-guitarrista-de-los-rodriguez-y-tequila\/\" \/>\n<meta property=\"og:site_name\" content=\"Cooltivarte Portal\" \/>\n<meta property=\"article:publisher\" content=\"https:\/\/www.facebook.com\/cooltivartecom\/\" \/>\n<meta property=\"article:author\" content=\"https:\/\/www.facebook.com\/paulo.roddel?fref=ts\" \/>\n<meta property=\"article:published_time\" content=\"2014-04-15T01:34:03+00:00\" \/>\n<meta property=\"article:modified_time\" content=\"2015-11-11T22:51:03+00:00\" \/>\n<meta property=\"og:image\" content=\"https:\/\/cooltivarte.com\/portal\/wp-content\/uploads\/2014\/05\/Ariel-Rot.jpg\" \/>\n\t<meta property=\"og:image:width\" content=\"450\" \/>\n\t<meta property=\"og:image:height\" content=\"299\" \/>\n\t<meta property=\"og:image:type\" content=\"image\/jpeg\" \/>\n<meta name=\"author\" content=\"Paulo Roddel\" \/>\n<meta name=\"twitter:card\" content=\"summary_large_image\" \/>\n<meta name=\"twitter:creator\" content=\"@https:\/\/x.com\/obolocultural\" \/>\n<meta name=\"twitter:site\" content=\"@obolocultural\" \/>\n<meta name=\"twitter:label1\" content=\"Escrito por\" \/>\n\t<meta name=\"twitter:data1\" content=\"Paulo Roddel\" \/>\n\t<meta name=\"twitter:label2\" content=\"Tiempo de lectura\" \/>\n\t<meta name=\"twitter:data2\" content=\"14 minutos\" \/>\n<!-- \/ Yoast SEO plugin. -->","yoast_head_json":{"title":"Llevar el rock en los huesos, entrevista a Ariel Rot (ex guitarrista de Los Rodr\u00edguez y Tequila) - Cooltivarte Portal","description":"COOLTIVARTE.COM es un portal digital colaborativo de actualizaci\u00f3n permanente dedicado a difundir el acontecer art\u00edstico y cultural, entrevista artistas, gestores y productores de las diferentes disciplinas del arte, y publicando art\u00edculos de reflexi\u00f3n de producci\u00f3n propia sobre los elementos culturales.","robots":{"index":"index","follow":"follow","max-snippet":"max-snippet:-1","max-image-preview":"max-image-preview:large","max-video-preview":"max-video-preview:-1"},"canonical":"https:\/\/cooltivarte.com\/portal\/llevar-el-rock-en-los-huesos-entrevista-a-ariel-rot-ex-guitarrista-de-los-rodriguez-y-tequila\/","og_locale":"es_ES","og_type":"article","og_title":"Llevar el rock en los huesos, entrevista a Ariel Rot (ex guitarrista de Los Rodr\u00edguez y Tequila) - Cooltivarte Portal","og_description":"COOLTIVARTE.COM es un portal digital colaborativo de actualizaci\u00f3n permanente dedicado a difundir el acontecer art\u00edstico y cultural, entrevista artistas, gestores y productores de las diferentes disciplinas del arte, y publicando art\u00edculos de reflexi\u00f3n de producci\u00f3n propia sobre los elementos culturales.","og_url":"https:\/\/cooltivarte.com\/portal\/llevar-el-rock-en-los-huesos-entrevista-a-ariel-rot-ex-guitarrista-de-los-rodriguez-y-tequila\/","og_site_name":"Cooltivarte Portal","article_publisher":"https:\/\/www.facebook.com\/cooltivartecom\/","article_author":"https:\/\/www.facebook.com\/paulo.roddel?fref=ts","article_published_time":"2014-04-15T01:34:03+00:00","article_modified_time":"2015-11-11T22:51:03+00:00","og_image":[{"width":450,"height":299,"url":"https:\/\/cooltivarte.com\/portal\/wp-content\/uploads\/2014\/05\/Ariel-Rot.jpg","type":"image\/jpeg"}],"author":"Paulo Roddel","twitter_card":"summary_large_image","twitter_creator":"@https:\/\/x.com\/obolocultural","twitter_site":"@obolocultural","twitter_misc":{"Escrito por":"Paulo Roddel","Tiempo de lectura":"14 minutos"},"schema":{"@context":"https:\/\/schema.org","@graph":[{"@type":"NewsArticle","@id":"https:\/\/cooltivarte.com\/portal\/llevar-el-rock-en-los-huesos-entrevista-a-ariel-rot-ex-guitarrista-de-los-rodriguez-y-tequila\/#article","isPartOf":{"@id":"https:\/\/cooltivarte.com\/portal\/llevar-el-rock-en-los-huesos-entrevista-a-ariel-rot-ex-guitarrista-de-los-rodriguez-y-tequila\/"},"author":{"name":"Paulo Roddel","@id":"https:\/\/cooltivarte.com\/portal\/#\/schema\/person\/cd2efa85c6b7f58778c3fe3b5426ecaa"},"headline":"Llevar el rock en los huesos, entrevista a Ariel Rot (ex guitarrista de Los Rodr\u00edguez y Tequila)","datePublished":"2014-04-15T01:34:03+00:00","dateModified":"2015-11-11T22:51:03+00:00","mainEntityOfPage":{"@id":"https:\/\/cooltivarte.com\/portal\/llevar-el-rock-en-los-huesos-entrevista-a-ariel-rot-ex-guitarrista-de-los-rodriguez-y-tequila\/"},"wordCount":2740,"publisher":{"@id":"https:\/\/cooltivarte.com\/portal\/#organization"},"image":{"@id":"https:\/\/cooltivarte.com\/portal\/llevar-el-rock-en-los-huesos-entrevista-a-ariel-rot-ex-guitarrista-de-los-rodriguez-y-tequila\/#primaryimage"},"thumbnailUrl":"https:\/\/cooltivarte.com\/portal\/wp-content\/uploads\/2014\/05\/Ariel-Rot.jpg","articleSection":["M\u00fasica"],"inLanguage":"es-AR"},{"@type":"WebPage","@id":"https:\/\/cooltivarte.com\/portal\/llevar-el-rock-en-los-huesos-entrevista-a-ariel-rot-ex-guitarrista-de-los-rodriguez-y-tequila\/","url":"https:\/\/cooltivarte.com\/portal\/llevar-el-rock-en-los-huesos-entrevista-a-ariel-rot-ex-guitarrista-de-los-rodriguez-y-tequila\/","name":"Llevar el rock en los huesos, entrevista a Ariel Rot (ex guitarrista de Los Rodr\u00edguez y Tequila) - Cooltivarte Portal","isPartOf":{"@id":"https:\/\/cooltivarte.com\/portal\/#website"},"primaryImageOfPage":{"@id":"https:\/\/cooltivarte.com\/portal\/llevar-el-rock-en-los-huesos-entrevista-a-ariel-rot-ex-guitarrista-de-los-rodriguez-y-tequila\/#primaryimage"},"image":{"@id":"https:\/\/cooltivarte.com\/portal\/llevar-el-rock-en-los-huesos-entrevista-a-ariel-rot-ex-guitarrista-de-los-rodriguez-y-tequila\/#primaryimage"},"thumbnailUrl":"https:\/\/cooltivarte.com\/portal\/wp-content\/uploads\/2014\/05\/Ariel-Rot.jpg","datePublished":"2014-04-15T01:34:03+00:00","dateModified":"2015-11-11T22:51:03+00:00","description":"COOLTIVARTE.COM es un portal digital colaborativo de actualizaci\u00f3n permanente dedicado a difundir el acontecer art\u00edstico y cultural, entrevista artistas, gestores y productores de las diferentes disciplinas del arte, y publicando art\u00edculos de reflexi\u00f3n de producci\u00f3n propia sobre los elementos culturales.","breadcrumb":{"@id":"https:\/\/cooltivarte.com\/portal\/llevar-el-rock-en-los-huesos-entrevista-a-ariel-rot-ex-guitarrista-de-los-rodriguez-y-tequila\/#breadcrumb"},"inLanguage":"es-AR","potentialAction":[{"@type":"ReadAction","target":["https:\/\/cooltivarte.com\/portal\/llevar-el-rock-en-los-huesos-entrevista-a-ariel-rot-ex-guitarrista-de-los-rodriguez-y-tequila\/"]}]},{"@type":"ImageObject","inLanguage":"es-AR","@id":"https:\/\/cooltivarte.com\/portal\/llevar-el-rock-en-los-huesos-entrevista-a-ariel-rot-ex-guitarrista-de-los-rodriguez-y-tequila\/#primaryimage","url":"https:\/\/cooltivarte.com\/portal\/wp-content\/uploads\/2014\/05\/Ariel-Rot.jpg","contentUrl":"https:\/\/cooltivarte.com\/portal\/wp-content\/uploads\/2014\/05\/Ariel-Rot.jpg","width":450,"height":299,"caption":"Ariel Rot - Fotos: Michelle Altier"},{"@type":"BreadcrumbList","@id":"https:\/\/cooltivarte.com\/portal\/llevar-el-rock-en-los-huesos-entrevista-a-ariel-rot-ex-guitarrista-de-los-rodriguez-y-tequila\/#breadcrumb","itemListElement":[{"@type":"ListItem","position":1,"name":"Portada","item":"https:\/\/cooltivarte.com\/portal\/"},{"@type":"ListItem","position":2,"name":"Llevar el rock en los huesos, entrevista a Ariel Rot (ex guitarrista de Los Rodr\u00edguez y Tequila)"}]},{"@type":"WebSite","@id":"https:\/\/cooltivarte.com\/portal\/#website","url":"https:\/\/cooltivarte.com\/portal\/","name":"Cooltivarte Portal","description":"Arte, cultura y turismo para el mundo ...","publisher":{"@id":"https:\/\/cooltivarte.com\/portal\/#organization"},"potentialAction":[{"@type":"SearchAction","target":{"@type":"EntryPoint","urlTemplate":"https:\/\/cooltivarte.com\/portal\/?s={search_term_string}"},"query-input":{"@type":"PropertyValueSpecification","valueRequired":true,"valueName":"search_term_string"}}],"inLanguage":"es-AR"},{"@type":"Organization","@id":"https:\/\/cooltivarte.com\/portal\/#organization","name":"cooltivarte","url":"https:\/\/cooltivarte.com\/portal\/","logo":{"@type":"ImageObject","inLanguage":"es-AR","@id":"https:\/\/cooltivarte.com\/portal\/#\/schema\/logo\/image\/","url":"https:\/\/cooltivarte.com\/portal\/wp-content\/uploads\/2020\/04\/logo-cooltivarte-v2.png","contentUrl":"https:\/\/cooltivarte.com\/portal\/wp-content\/uploads\/2020\/04\/logo-cooltivarte-v2.png","width":851,"height":243,"caption":"cooltivarte"},"image":{"@id":"https:\/\/cooltivarte.com\/portal\/#\/schema\/logo\/image\/"},"sameAs":["https:\/\/www.facebook.com\/cooltivartecom\/","https:\/\/x.com\/obolocultural","https:\/\/www.instagram.com\/_cooltivarte_\/","https:\/\/www.linkedin.com\/company\/-bolocultural?reportsuccess=8zaNG1HwhPbAR9iQhZ5rfGeqz_vQFftHun0ZWU0Wy9vNemRJ8vtcKdJvzQfW8XagyOJSKg0XvfJ1dp","https:\/\/www.pinterest.com\/cooltivarte\/","https:\/\/cooltivarte.tumblr.com\/","https:\/\/www.tiktok.com\/@cooltivarte","https:\/\/www.youtube.com\/@PrensaCooltivarte"]},{"@type":"Person","@id":"https:\/\/cooltivarte.com\/portal\/#\/schema\/person\/cd2efa85c6b7f58778c3fe3b5426ecaa","name":"Paulo Roddel","image":{"@type":"ImageObject","inLanguage":"es-AR","@id":"https:\/\/cooltivarte.com\/portal\/wp-content\/uploads\/2023\/04\/309588768_10221911924376380_7090664272806348508_n-120x120.jpg","url":"https:\/\/cooltivarte.com\/portal\/wp-content\/uploads\/2023\/04\/309588768_10221911924376380_7090664272806348508_n-120x120.jpg","contentUrl":"https:\/\/cooltivarte.com\/portal\/wp-content\/uploads\/2023\/04\/309588768_10221911924376380_7090664272806348508_n-120x120.jpg","caption":"Paulo Roddel"},"description":"Naci\u00f3 e1 13 de octubre de 1977, en Montevideo, Uruguay. Ha publicado poes\u00eda y cuentos en revistas y antolog\u00edas de escritores. Edit\u00f3 fanzines y publicaciones de rock de circulaci\u00f3n under en Montevideo (1997-2000). Co-fund\u00f3 los grupos de poetas 7 Segundos y Seis50, grab\u00f3 los cds de poes\u00eda \u201cSiete Segundos en la vuelta de tu oreja\u201d (Grupo 7 Segundos, 2002) y \u201cAblaci\u00f3n del Habla\u201d (Grupo Seis50, 2006). Ha publicado cinco libros de poes\u00eda \"Trapos\" (2004), \"Palidezco\" (2010), \"Ama\/zonas\" (2014), \"El ce\u00f1o del sue\u00f1o\" (2016), y \"Efecto acumulativo\" (2019). Ha colaborado en los peri\u00f3dicos La Diaria y La Rep\u00fablica, fue co-redactor de la revista cultural Fango (Premio Fondos Concursables del MEC, 2010-2011), colabor\u00f3 en las revistas culturales H-enciclopedia, Revista Ricardo Reis, Revista Vadenuevo, Revista Once, Magazine Montevideando, Suplemento El Pa\u00eds Cultural, entre otras publicaciones. En 2014 participa de la realizaci\u00f3n Poetas - Proyecto Cross Media. Colabora desde el 2010 en el portal cooltivarte.com. Participa en ciclos literarios y encuentros de escritores tanto en Uruguay como en Argentina, y como columnista invitado en radios tratando efem\u00e9rides vinculadas al rock. Como periodista cultural ha entrevistado a numerosas destacadas figuras de la cultura, tanto uruguayas como extranjeras en diferentes disciplinas art\u00edsticas. Colabora tambi\u00e9n en la revista digital Lam\u00e1s M\u00e9dula, de Buenos Aires. Produce y conduce el programa de rock uruguayo \"El Pulso El\u00e9ctrico\" en FM Ciudadela 88.7. Participa como columnista quincenal sobre m\u00fasica uruguaya en la Din\u00e1mico FM de Porto Alegre, Brasil. Es docente de ingl\u00e9s, librero, y curs\u00f3 la carrera de Licenciatura en Ciencias Hist\u00f3ricas en la Facultad de Humanidades y Ciencias de la Educaci\u00f3n de la UdelaR.","sameAs":["https:\/\/www.facebook.com\/paulo.roddel?fref=ts","https:\/\/www.instagram.com\/_cooltivarte_\/","https:\/\/www.linkedin.com\/company\/-bolocultural","https:\/\/www.pinterest.com\/cooltivarte","https:\/\/x.com\/https:\/\/x.com\/obolocultural","https:\/\/www.youtube.com\/@PrensaCooltivarte","https:\/\/www.tumblr.com\/blog\/cooltivarte"],"url":"https:\/\/cooltivarte.com\/portal\/author\/proddel\/"}]}},"_links":{"self":[{"href":"https:\/\/cooltivarte.com\/portal\/wp-json\/wp\/v2\/posts\/3264","targetHints":{"allow":["GET"]}}],"collection":[{"href":"https:\/\/cooltivarte.com\/portal\/wp-json\/wp\/v2\/posts"}],"about":[{"href":"https:\/\/cooltivarte.com\/portal\/wp-json\/wp\/v2\/types\/post"}],"author":[{"embeddable":true,"href":"https:\/\/cooltivarte.com\/portal\/wp-json\/wp\/v2\/users\/3"}],"replies":[{"embeddable":true,"href":"https:\/\/cooltivarte.com\/portal\/wp-json\/wp\/v2\/comments?post=3264"}],"version-history":[{"count":6,"href":"https:\/\/cooltivarte.com\/portal\/wp-json\/wp\/v2\/posts\/3264\/revisions"}],"predecessor-version":[{"id":17256,"href":"https:\/\/cooltivarte.com\/portal\/wp-json\/wp\/v2\/posts\/3264\/revisions\/17256"}],"wp:featuredmedia":[{"embeddable":true,"href":"https:\/\/cooltivarte.com\/portal\/wp-json\/wp\/v2\/media\/3265"}],"wp:attachment":[{"href":"https:\/\/cooltivarte.com\/portal\/wp-json\/wp\/v2\/media?parent=3264"}],"wp:term":[{"taxonomy":"category","embeddable":true,"href":"https:\/\/cooltivarte.com\/portal\/wp-json\/wp\/v2\/categories?post=3264"},{"taxonomy":"post_tag","embeddable":true,"href":"https:\/\/cooltivarte.com\/portal\/wp-json\/wp\/v2\/tags?post=3264"}],"curies":[{"name":"wp","href":"https:\/\/api.w.org\/{rel}","templated":true}]}}