{"id":31909,"date":"2017-07-30T00:44:30","date_gmt":"2017-07-30T03:44:30","guid":{"rendered":"http:\/\/cooltivarte.com\/portal\/?p=31909"},"modified":"2017-10-11T21:15:34","modified_gmt":"2017-10-12T00:15:34","slug":"jorge-armani-trio","status":"publish","type":"post","link":"https:\/\/cooltivarte.com\/portal\/jorge-armani-trio\/","title":{"rendered":"Jorge Armani Tr\u00edo: dulzura y garra rioplatenses"},"content":{"rendered":"<p><strong>Jorge Armani<\/strong> es argentino, m\u00e1s espec\u00edficamente marplatense. Hace a\u00f1os que viene a Montevideo y ha tocado con varios m\u00fasicos uruguayos, entre ellos con <a href=\"https:\/\/cooltivarte.com\/portal\/?s=Osvaldo+Fattoruso\">Osvaldo Fattoruso<\/a>, <a href=\"https:\/\/cooltivarte.com\/portal\/?s=Nacho+Mateu\">Nacho Mateu<\/a> y <a href=\"https:\/\/cooltivarte.com\/portal\/?s=Juan+Pablo+Chapital\">Juan Pablo Chapital<\/a>, con quienes grab\u00f3, en Estudios Sondor de Montevideo, un CD llamado \u201cAire\u201d, el d\u00eda 29 de julio de 2011, un a\u00f1o exacto antes del fallecimiento de nuestro admirado Osvaldo.<\/p>\n<p>El 13 de julio de 2017 quiso la suerte que Jorge Armani se presentara a tr\u00edo, en Francesco Bar (Hocquart y Mart\u00edn C. Mart\u00ednez), nada m\u00e1s ni nada menos que con <a href=\"https:\/\/cooltivarte.com\/portal\/?s=Mart%C3%ADn+Ibarburu\">Mart\u00edn Ibarburu<\/a> en la bater\u00eda y <a href=\"https:\/\/cooltivarte.com\/portal\/?s=Federico+Righi\">Federico Righi<\/a> en el bajo, y con <a href=\"https:\/\/cooltivarte.com\/portal\/?s=Juan+Pablo+Chapital\">Juan Pablo Chapital<\/a> (guitarra) como invitado.<\/p>\n<p>Montevideo tiene estas instancias m\u00e1gicas cada no tanto tiempo y es lo que la hace m\u00e1s querible: poder ver tremendo show de m\u00fasica maravillosa, como quien no quiere la cosa, cualquier d\u00eda de semana, en un lugar de precio accesible y de \u00e1nimo descontracturado.<\/p>\n<p>Juan Pablo Chapital tom\u00f3 la posta del micr\u00f3fono e hizo la presentaci\u00f3n de los m\u00fasicos. En su voz se pod\u00eda escuchar su admiraci\u00f3n por Armani, as\u00ed como por Mart\u00edn y Fede. Y cuando un m\u00fasico como El Chapa admira a otro, es sabio parar la oreja, porque la mano viene interesante.<\/p>\n<p>Las primer\u00edsimas notas de Armani ya trajeron certeza, confianza\u2026 eso bastante indefinible que hace que desde la audiencia una se sienta tranquila de que la mano viene de disfrute. Su sonoridad se present\u00f3 alegre, algo juguetona, muy dulce y con perfume a \u201ccandombe m\u00e1ntrico\u201d, digamos. Las frases en la guitarra, al estilo pregunta y respuesta, fueron armando una historia que generaba intriga. Apenas un par de minutos de comenzado el primer tema, Armani toca su primer solo, con gran calidad, con esa impronta de m\u00fasico experiente que tanto se agradece, y ah\u00ed mismo arranca el despliegue de genialidad de Mart\u00edn. Iban dos minutos. O sea, era casi un calentamiento; por l\u00f3gica mucho ensayo no pod\u00edan tener; era un solo, no estaba escrito en ning\u00fan lado. Y sin embargo la bater\u00eda estaba tan pero tan por dentro de lo que tocaba Armani que ah\u00ed mismo empec\u00e9 a flotar. Para mejor, Mart\u00edn y Fede a pesar de estar zambullidos en las partituras buena parte de la noche, tocaron su m\u00fasica con una sensibilidad extrema, entreg\u00e1ndole al todo musical exactamente lo que necesitaba. Tanto que si no los hubiera estado viendo, nunca me habr\u00eda enterado de que estaban leyendo. Este tema se llama \u201cCambios\u201d y est\u00e1 en el CD \u201cAire\u201d que les nombr\u00e9 al comienzo. \u00a0Algo que me llam\u00f3 la atenci\u00f3n desde ese primer momento fue el tarareo de Armani durante casi todo el toque, como si su pecho necesitara sacar para afuera una parte extra de toda esa energ\u00eda generada, al mejor estilo Keith Jarrett. \u00bfA ustedes no les ha pasado como audiencia de tener esa misma necesidad al escuchar a algunos m\u00fasicos? A m\u00ed me ha pasado y alguna vez las miradas molestas de mis vecinos de butaca me percataron de que no me hab\u00eda refrenado lo suficiente.<\/p>\n<p>El segundo tema trajo una segunda sonoridad de Armani, de car\u00e1cter m\u00e1s rockero, con alguito de distorsi\u00f3n, que se alternar\u00eda durante toda la noche con la primera sonoridad m\u00e1s dulce y cristalina. Esa alternancia de sonoridad pero tambi\u00e9n de intenci\u00f3n y de emociones nos mantendr\u00eda alertas e interesados hasta el final. Armani cont\u00f3 que este tema se llamaba \u201cRada\u201d y de su gran admiraci\u00f3n musical durante su juventud hacia R\u00faben. Eso me hizo pensar c\u00f3mo a veces los uruguayos pensamos que recibimos tanta influencia de la m\u00fasica argentina y me parece que se nos pasa un poco por alto que tambi\u00e9n nuestra m\u00fasica los ha influido a ellos. El car\u00e1cter del tema tiene todo que ver con Rada: candombero, rockero y muy funky, impresionantemente bailable, y un deleite Armani tocando la guitarra. Me encant\u00f3 que algunas de las combinaciones de sus notas, sin ser las mismas, me hicieron acordar a temas concretos de Rada. La verdad que un tributo excelente a nuestro \u00eddolo. Como no pod\u00eda ser de otra forma, Mart\u00edn y Fede le dieron un plus m\u00e1gico: mucho aire en la base. Si bien la guitarra ten\u00eda una impronta m\u00e1s compacta, ellos \u201cabrieron los le\u00f1os de abajo de la hoguera\u201d y eso, evidentemente, hizo que la danza de las llamas tuviera un vuelo m\u00e1gico. En cierto momento del tema, Armani le hace se\u00f1a a Mart\u00edn (y quiz\u00e1s a Fede tambi\u00e9n) y en ese momento tan temprano del toque, Mart\u00edn hizo toda su magia, toda su creaci\u00f3n de realidades so\u00f1adas: con ese amor a la m\u00fasica que lo caracteriza, s\u00faper dulce, a un volumen muy bajito (pues era lo que ped\u00eda ese momento), pero resaltando ciertas figuras candomberas, y en dupla con Fede, con quien suenan como una unidad indivisible y eterna. Mientras Mart\u00edn y Fede tocaban esa magia, Armani se gan\u00f3 mi simpat\u00eda profunda, pues su cara de goce durante el solo de Mart\u00edn fue genial de presenciar. Yo pens\u00e9: \u201cBueno, si vibra as\u00ed, igualito que yo, con este momento, entonces necesariamente estamos en la misma frecuencia\u201d. No s\u00e9 si le pasar\u00e1 muy seguido a Mart\u00edn que le den esa vida, esa posibilidad de hacer un solo tan largo ya en el segundo tema. Y de hecho el tema termin\u00f3 con el solo suyo. O sea: el subid\u00f3n de energ\u00eda que ten\u00edamos a esa altura, al minuto 13, ya era imparable\u2026 y nunca descendi\u00f3.<\/p>\n<p>Luego de ese segundo tema, Armani coment\u00f3 cu\u00e1nto admiraba al Chapa (\u201cYo estoy muy agradecido de ser amigo de esta bestia que hace todo bien\u201d, dijo) y a Mart\u00edn y Fede (\u201cHoy probamos a la tarde y pasamos los temas y la verdad que ya era para grabar\u2026 son tremendos\u201d).<\/p>\n<p>El tema siguiente, \u201cDar un paseo\u201d, fue una genialidad. \u00a1Me colgu\u00e9 de una manera con la base r\u00edtmica! Fue una gozadera bestial\u2026 algo de morirse. Un tema s\u00faper sentido de parte de Armani, tocado con enorme sensibilidad, con un balance perfecto de dulzura y garra (no charr\u00faa pero s\u00ed argentina) y esa base, s\u00ed charr\u00faa, maravillosa. Fue un tema que se me qued\u00f3 corto. Yo hubiera querido que durara el resto del toque\u2026 porque no pod\u00eda creer la felicidad celular que sent\u00eda.<\/p>\n<p>Y la cosa continu\u00f3 con otro tema que si bien era un poco m\u00e1s calmo, gracias al cielo mantuvo bastante del car\u00e1cter general del anterior. La sensaci\u00f3n corporal era de querer saltar de la silla y ponerse a bailar\u2026 y pedirles a los tres que por favor repitieran cada comp\u00e1s mil veces para poderlo incorporar plenamente. Otra vez Mart\u00edn hizo su despliegue de magia con esos acentos m\u00e1gicos y esas frases tan perfectamente articuladas y con ese gusto musical que lo caracterizar\u00e1 por toda la eternidad. Y dudo que haya mejor bajista (bueno, a excepci\u00f3n de su hermano Andr\u00e9s, claro) para tocar con Mart\u00edn que Fede. Son una unidad impresionante\u2026 hacen algo muy hermoso juntos. Se adivinan uno al otro todo el tiempo y conversan \u201cde ojos cerrados\u201d, creando una m\u00fasica muy, muy maravillosa. Ahora, me asombr\u00f3 mucho que Armani no quedaba para nada por afuera de esa magia conjunta. De hecho Armani me son\u00f3 muy familiar, si se quiere. Por supuesto que con una impronta nueva, con esa confianza extra que traen los grandes que vienen del exterior y que se distingue claramente, como si fuera un acento extranjero al hablar, pero bien dicho est\u00e1 que la m\u00fasica es el lenguaje universal\u2026 porque este tr\u00edo fue esa noche en el Francesco una fant\u00e1stica unidad de sentido y sensibilidad.<\/p>\n<p>Sigui\u00f3 una especie de canci\u00f3n de cuna de enorme belleza, en la que Fede toc\u00f3 tan pero tan hermoso, que parec\u00eda que las notas del bajo se met\u00edan en las venas y empujaban la sangre a voluntad. Y Mart\u00edn con su palo en el aro\u2026 ese jaque mate que nos deja en estado de excitaci\u00f3n por d\u00edas. No, no crean que por asemejarlo a una canci\u00f3n de cuna se trataba de algo empalagante ni inocente. Para nada. No s\u00e9 c\u00f3mo explicarlo. Este tema se llama \u201cAire\u201d y est\u00e1 en el CD del mismo nombre, as\u00ed que pueden escucharlo ah\u00ed. No dejen de escucharlo. Quedan avisados de que se enamorar\u00e1n.<\/p>\n<p>Hasta aqu\u00ed \u00edbamos por el minuto 40 del toque y mi pecho estaba a punto de explotar de tanta belleza. Fuera de broma, dudaba si no terminar\u00eda desarm\u00e1ndome de tanta fascinaci\u00f3n. Me daba miedo que las c\u00e9lulas se desconectaran entre s\u00ed. Estoy bastante segura de que un d\u00eda va a pasar\u2026 qui\u00e9n sabe d\u00f3nde me rematerializar\u00e9.<\/p>\n<p>La noche sigui\u00f3 en ascenso: cada vez m\u00e1s candombe, cada vez m\u00e1s funk, cada vez m\u00e1s frases interesantes en todos los instrumentos. Fede Righi toc\u00f3 un solo endemoniadamente bello en un tema precioso compuesto por Armani en honor a Jimmy Hall. Amo el sonido que Fede elige para su bajo: ese sonido m\u00e1s bien agudo\u2026 no s\u00e9 explicarlo mejor que eso, pero es hermos\u00edsimo. Y el ritmo bestial, que por supuesto estaba apuntalado por el otro bestia, que dialogaba\u2026 o que co-constru\u00eda su solo. En las notas de Armani me sorprendi\u00f3 que llegaba esa admiraci\u00f3n de la que habl\u00f3 cuando present\u00f3 el tema. No deja de sorprenderme lo m\u00e1gico que es que la m\u00fasica pueda transmitir la experiencia humana con tal detalle y profundidad.<\/p>\n<p>Sigui\u00f3 otro tema s\u00faper dulce y querible. Me pareci\u00f3 fascinante esa alternancia entre \u201cte destrozo el alma con el tema m\u00e1s funky y cool del mundo\u201d y \u201cte desarmo el coraz\u00f3n con el tema m\u00e1s dulce que hayas escuchado nunca\u201d. Armani toca sus notas con un convencimiento gigante y eso es una belleza. En este tema en particular, Mart\u00edn acompa\u00f1\u00f3 con escobillas y Fede apoyaba con unas frases que me pareci\u00f3 que se repet\u00edan bastante, as\u00ed que una pod\u00eda dejarse volar con la guitarra que ofrec\u00eda una propuesta bien bonita de viaje emocional. Pero lo que arranc\u00f3 como un tema s\u00faper manso fue ganando en intensidad y para cuando estaba por terminar, el coraz\u00f3n ya estaba al galope otra vez. Pero no por mucha nota, \u00bfeh? [que a m\u00ed eso ya no me aporta], sino por una transmisi\u00f3n de fuerza, de intenci\u00f3n, de magnitud envolvente\u2026 hermoso, hermoso. Algo digno de vivirse. Ah, \u00bfno les dije? Bueno, aqu\u00ed va: cuando vuelva Armani por estas tierras, \u00a1tienen que ir a escucharlo! O sea, pueden no ir\u2026 pero perderse esta experiencia es una picard\u00eda espantosa. Y si Armani llegara a leer esto, de mi parte le ruego que vuelva a tocar con Mart\u00edn, Fede y el Chapa. Y si fuera posible, \u00a1que graben el toque y lo editen como CD!<\/p>\n<p>Al terminar ese tema, alguien dijo: \u201cGracias, Jorge\u201d. Y yo apoyaba en silencio: s\u00ed, s\u00ed, s\u00ed: \u201cgracias\u201d.<\/p>\n<p>La noche continuaba con m\u00e1s sorpresas: una gran versi\u00f3n del tema de Zitarrosa \u201cEl viol\u00edn de Becho\u201d. Pone la piel de gallina pensar c\u00f3mo el arte inspira al arte, y luego inspira al arte otra vez, y as\u00ed sucesivamente, quiz\u00e1s hasta la eternidad. El violinista Becho Eizmendi inspirando a Zitarrosa; Armani inspirado por la inspiraci\u00f3n de Zitarrosa; y esta noche en particular este tr\u00edo inspirado por la versi\u00f3n de Armani y por Alfredo. El amor que llegaba de las notas de Armani en primer lugar y del tr\u00edo era muy grande.<\/p>\n<p>Al tema siguiente otra vez sobrevino la necesidad imperiosa de saltar de la silla y ponerse a bailar. Otra vez llevados del cuore a funkylandia con toda la calidad musical. Qu\u00e9 noche bestial\u2026 solo para corazones fortachones. Otra vez los acentos de la bata \u00a1y los silencios puestos en los momentos justos!, generando emoci\u00f3n (\u00bfRimshots? Creo que s\u00ed) y el bajo descosi\u00e9ndola, arrug\u00e1ndola, meti\u00e9ndola en todos los \u00e1ngulos con un solo de no creerse, mientras la guitarra viajaba con igual medida de virtuosismo y sensibilidad. De la cumbre del \u00e9xtasis al momento m\u00e1s \u00edntimo este tema fue un delirio de emociones. Chapeau, Armani.<\/p>\n<p>Por ac\u00e1 yo ya estaba casi para hacerme un control card\u00edaco y el inconsciente de Armani avisa que invita al escenario a Juan Pablo Chapital. Yo ten\u00eda todas las dudas del mundo si sobrevivir\u00eda para contarlo\u2026 pero aqu\u00ed estoy haci\u00e9ndolo, as\u00ed que parece que lo logr\u00e9\u2026 menos mal porque quiero volver a vivir esta experiencia alguna otra vez antes de partir a otros rumbos.<\/p>\n<p>Tengo un peque\u00f1o problemita con la m\u00fasica que toca el Chapa\u2026 \u00a1me deconstruye! Me eriza, me enamora, me desarma, me embelesa\u2026 qu\u00e9 s\u00e9 yo. Como dir\u00edan por el norte, \u201cyou name it\u201d. Y hablando de nombrar, este tema se llama \u201cSi quisiera\u201d. Por supuesto que est\u00e1 en Youtube, como varios de los anteriores, pero esta instancia en particular no est\u00e1, y realmente no saben lo que se perdieron quienes no fueron. El Chapa no toca la guitarra\u2026 El Chapa arma mundos m\u00e1gicos con esos dedos y su conexi\u00f3n a su coraz\u00f3n. Cada nota que crea se expande por todo el lugar de una manera tan incre\u00edble\u2026 y se te mete por los poros y se te instala\u2026 y ta, ni intentes salir ileso porque no hay caso. Es como que abre un portal dimensional. Te juro que no exagero nada, ni una pizca\u2026 nada de nada. Es as\u00ed mismo. Me impresion\u00f3 el buen gusto de Jorge en cada nota que eligi\u00f3 para tocar junto con el Chapa y era impresionante la sensaci\u00f3n divina que generaban esos dos seres, cada uno con su estilo bien marcado pero a la vez tan compatibles y tan complementarios que eriza. Me fascin\u00f3 la caballerosidad de ambos guitarristas cuando el otro ten\u00eda el protagonismo. Son gestos humanos hermosos que quedan muy en evidencia en el acto creativo musical.<\/p>\n<p>Luego los cuatro tocaron la canci\u00f3n \u201cInfancia\u201d. \u201cNo quiero renunciar a la infancia\u201d, dijo Jorge. Y me hizo pensar que los m\u00fasicos que se entregan al acto musical con cuerpo y alma en verdad son como ni\u00f1os jugando, creando, disfrutando. Quiz\u00e1s sea por eso que nos emociona de esa manera a quienes los escuchamos y nos dejamos atravesar. Este tema reson\u00f3 m\u00e1s con mi mente que con mi coraz\u00f3n\u2026 qui\u00e9n sabe por qu\u00e9. Lo percib\u00ed m\u00e1s pensado que otros, quiz\u00e1s. Y eso de alguna manera me hizo bajar un poquito la adrenalina bestial que tra\u00eda\u2026 hasta que sobre el final, como burl\u00e1ndose de mi altaner\u00eda, una frase se repiti\u00f3 con tremenda profundidad y mi coraz\u00f3n se desarm\u00f3 otra vez. Supuestamente era la \u00faltima pero el pedido de \u201coter\u201d [si se perdieron la an\u00e9cdota es porque no fueron, as\u00ed que a llorar al cuartito] fue firme y decidido de parte del p\u00fablico y nos regalaron un blues tremendo. Se llama &#8220;Deep Purple&#8221;. Al Chapa se le ocurri\u00f3 incluir la melod\u00eda de Birdland en un solo al comienzo del tema. Esa frasecita, que vienen a ser apenas unas 16 notas -o algo as\u00ed- es algo que te dispara afuera de la atm\u00f3sfera sin m\u00e1s vueltas. Pero si encima est\u00e1 tocada por este monstruito, que logra perforarte as\u00ed\u2026 mortal. Ese blues fue un remate de noche espectacular, con la adrenalina a tope.\u00a0 El tema termin\u00f3 con una sucesi\u00f3n maravillosa de cuatro y cuatro, en la que Mart\u00edn, con esa actitud corporal de humildad extrema, para decirlo en criollo: \u201cla hizo de goma\u201d.<\/p>\n<p>Y as\u00ed lleg\u00f3 el final de una noche musical para el infarto. Esperemos que se repita lo antes posible, porque la propuesta fue un disfrute de principio a fin.<\/p>\n<p>Antes de despedirme, quiero avisarles acerca de dos asuntos importantes:<\/p>\n<p>Federico Righi, el creador de tanta magia musical en nuestra ciudad, necesita operarse de la columna en Alemania el mes que viene (agosto). Para eso, unos amigos suyos abrieron un par de cuentas para que la gente pueda colaborar. Les paso estos datos y les pido que quienes puedan dar una mano, por favor lo hagan. Aunque sea poco, en la suma de muchos hace una gran diferencia.<br \/>\n1) Banco Rep\u00fablica. Caja de Ahorro en D\u00f3lares. Sucursal 191. N\u00famero de cuenta: 0409633. A nombre de Nicol\u00e1s y\/o Germ\u00e1n Parrillo.<\/p>\n<p>2) Abitab: Colectivo N\u00ba 77873.<\/p>\n<p>Lo otro que quiero contarles es que el 6 de agosto, o sea el pr\u00f3ximo domingo, a las 20 horas, Juan Pablo Chapital toca con su grupo en El Mingus y presenta temas suyos nuevos. Es una oportunidad completamente imperdible. Presenciar un concierto suyo a poquitos metros de distancia, casi como si estuviera tocando en el living de tu casa, es algo que si yo fuera t\u00fa, no me perder\u00eda ni loca\u2026 y de hecho no me lo voy a perder.<\/p>\n<p>Che, y gracias por leer mis torpes intentos de contar lo que generan estos monstruos. A la m\u00fasica no se la cuenta, no se la puede describir sin quedarse tristemente corto. La intenci\u00f3n con estas rese\u00f1as es principalmente decirte que pasa mucha magia en estos conciertos y animarte a que te acerques a gozarte la vida. Si logran eso, aunque sea una vez, entonces tienen sentido.<\/p>\n<p>Y si todav\u00eda nunca escuchaste a Jorge Armani, buscalo en Youtube para que la pr\u00f3xima vez no se te pase.<\/p>\n<p>A Jorge, Mart\u00edn, Federico y Juan Pablo: Muchas, muchas gracias por un viaje fant\u00e1stico. Que se repita, por favor.<\/p>\n<p>Fotos: Adriana Xalambr\u00ed y Jorge Gonz\u00e1lez.<\/p>\n<p>&nbsp;<\/p>\n<p>&nbsp;<\/p>\n","protected":false},"excerpt":{"rendered":"<p>Jorge Armani es argentino, m\u00e1s espec\u00edficamente marplatense. Hace a\u00f1os que viene a Montevideo y ha tocado con varios m\u00fasicos uruguayos, entre ellos con Osvaldo Fattoruso, Nacho Mateu y Juan Pablo Chapital, con quienes grab\u00f3, en Estudios Sondor de Montevideo, un CD llamado \u201cAire\u201d, el d\u00eda 29 de julio de 2011, un a\u00f1o exacto antes del [&hellip;]<\/p>\n","protected":false},"author":53,"featured_media":31923,"comment_status":"closed","ping_status":"closed","sticky":false,"template":"","format":"standard","meta":{"om_disable_all_campaigns":false,"ngg_post_thumbnail":0,"jnews-multi-image_gallery":[],"jnews_single_post":[],"jnews_primary_category":[],"jnews_social_meta":[],"jnews_override_counter":[],"footnotes":""},"categories":[50],"tags":[4463,4927,266,2706],"class_list":["post-31909","post","type-post","status-publish","format-standard","has-post-thumbnail","hentry","category-coberturas","tag-federico-righi","tag-jorge-armani","tag-juan-pablo-chapital","tag-martin-ibarburu"],"yoast_head":"<!-- This site is optimized with the Yoast SEO plugin v27.5 - https:\/\/yoast.com\/product\/yoast-seo-wordpress\/ -->\n<title>Jorge Armani Tr\u00edo: dulzura y garra rioplatenses - Cooltivarte Portal<\/title>\n<meta name=\"description\" content=\"COOLTIVARTE.COM es un portal digital colaborativo de actualizaci\u00f3n permanente dedicado a difundir el acontecer art\u00edstico y cultural, entrevista artistas, gestores y productores de las diferentes disciplinas del arte, y publicando art\u00edculos de reflexi\u00f3n de producci\u00f3n propia sobre los elementos culturales.\" \/>\n<meta name=\"robots\" content=\"index, follow, max-snippet:-1, max-image-preview:large, max-video-preview:-1\" \/>\n<link rel=\"canonical\" href=\"https:\/\/cooltivarte.com\/portal\/jorge-armani-trio\/\" \/>\n<meta property=\"og:locale\" content=\"es_ES\" \/>\n<meta property=\"og:type\" content=\"article\" \/>\n<meta property=\"og:title\" content=\"Jorge Armani Tr\u00edo: dulzura y garra rioplatenses - Cooltivarte Portal\" \/>\n<meta property=\"og:description\" content=\"COOLTIVARTE.COM es un portal digital colaborativo de actualizaci\u00f3n permanente dedicado a difundir el acontecer art\u00edstico y cultural, entrevista artistas, gestores y productores de las diferentes disciplinas del arte, y publicando art\u00edculos de reflexi\u00f3n de producci\u00f3n propia sobre los elementos culturales.\" \/>\n<meta property=\"og:url\" content=\"https:\/\/cooltivarte.com\/portal\/jorge-armani-trio\/\" \/>\n<meta property=\"og:site_name\" content=\"Cooltivarte Portal\" \/>\n<meta property=\"article:publisher\" content=\"https:\/\/www.facebook.com\/cooltivartecom\/\" \/>\n<meta property=\"article:author\" content=\"https:\/\/www.facebook.com\/luna.llena.568294\" \/>\n<meta property=\"article:published_time\" content=\"2017-07-30T03:44:30+00:00\" \/>\n<meta property=\"article:modified_time\" content=\"2017-10-12T00:15:34+00:00\" \/>\n<meta property=\"og:image\" content=\"https:\/\/cooltivarte.com\/portal\/wp-content\/uploads\/2017\/07\/Jorge-Armani-Tr\u00edo-en-Francesco-Bar-13-de-julio-de-2017-Fotos-de-Adriana-Xalambri-y-Jorge-Gonzalez-Ballart-3.jpg\" \/>\n\t<meta property=\"og:image:width\" content=\"1200\" \/>\n\t<meta property=\"og:image:height\" content=\"900\" \/>\n\t<meta property=\"og:image:type\" content=\"image\/jpeg\" \/>\n<meta name=\"author\" content=\"Patricia Schiavone\" \/>\n<meta name=\"twitter:card\" content=\"summary_large_image\" \/>\n<meta name=\"twitter:creator\" content=\"@https:\/\/x.com\/obolocultural\" \/>\n<meta name=\"twitter:site\" content=\"@obolocultural\" \/>\n<meta name=\"twitter:label1\" content=\"Escrito por\" \/>\n\t<meta name=\"twitter:data1\" content=\"Patricia Schiavone\" \/>\n\t<meta name=\"twitter:label2\" content=\"Tiempo de lectura\" \/>\n\t<meta name=\"twitter:data2\" content=\"15 minutos\" \/>\n<!-- \/ Yoast SEO plugin. -->","yoast_head_json":{"title":"Jorge Armani Tr\u00edo: dulzura y garra rioplatenses - Cooltivarte Portal","description":"COOLTIVARTE.COM es un portal digital colaborativo de actualizaci\u00f3n permanente dedicado a difundir el acontecer art\u00edstico y cultural, entrevista artistas, gestores y productores de las diferentes disciplinas del arte, y publicando art\u00edculos de reflexi\u00f3n de producci\u00f3n propia sobre los elementos culturales.","robots":{"index":"index","follow":"follow","max-snippet":"max-snippet:-1","max-image-preview":"max-image-preview:large","max-video-preview":"max-video-preview:-1"},"canonical":"https:\/\/cooltivarte.com\/portal\/jorge-armani-trio\/","og_locale":"es_ES","og_type":"article","og_title":"Jorge Armani Tr\u00edo: dulzura y garra rioplatenses - Cooltivarte Portal","og_description":"COOLTIVARTE.COM es un portal digital colaborativo de actualizaci\u00f3n permanente dedicado a difundir el acontecer art\u00edstico y cultural, entrevista artistas, gestores y productores de las diferentes disciplinas del arte, y publicando art\u00edculos de reflexi\u00f3n de producci\u00f3n propia sobre los elementos culturales.","og_url":"https:\/\/cooltivarte.com\/portal\/jorge-armani-trio\/","og_site_name":"Cooltivarte Portal","article_publisher":"https:\/\/www.facebook.com\/cooltivartecom\/","article_author":"https:\/\/www.facebook.com\/luna.llena.568294","article_published_time":"2017-07-30T03:44:30+00:00","article_modified_time":"2017-10-12T00:15:34+00:00","og_image":[{"width":1200,"height":900,"url":"https:\/\/cooltivarte.com\/portal\/wp-content\/uploads\/2017\/07\/Jorge-Armani-Tr\u00edo-en-Francesco-Bar-13-de-julio-de-2017-Fotos-de-Adriana-Xalambri-y-Jorge-Gonzalez-Ballart-3.jpg","type":"image\/jpeg"}],"author":"Patricia Schiavone","twitter_card":"summary_large_image","twitter_creator":"@https:\/\/x.com\/obolocultural","twitter_site":"@obolocultural","twitter_misc":{"Escrito por":"Patricia Schiavone","Tiempo de lectura":"15 minutos"},"schema":{"@context":"https:\/\/schema.org","@graph":[{"@type":"NewsArticle","@id":"https:\/\/cooltivarte.com\/portal\/jorge-armani-trio\/#article","isPartOf":{"@id":"https:\/\/cooltivarte.com\/portal\/jorge-armani-trio\/"},"author":{"name":"Patricia Schiavone","@id":"https:\/\/cooltivarte.com\/portal\/#\/schema\/person\/564b71fe2867b0e25bd5608c1a6695b8"},"headline":"Jorge Armani Tr\u00edo: dulzura y garra rioplatenses","datePublished":"2017-07-30T03:44:30+00:00","dateModified":"2017-10-12T00:15:34+00:00","mainEntityOfPage":{"@id":"https:\/\/cooltivarte.com\/portal\/jorge-armani-trio\/"},"wordCount":3034,"publisher":{"@id":"https:\/\/cooltivarte.com\/portal\/#organization"},"image":{"@id":"https:\/\/cooltivarte.com\/portal\/jorge-armani-trio\/#primaryimage"},"thumbnailUrl":"https:\/\/cooltivarte.com\/portal\/wp-content\/uploads\/2017\/07\/Jorge-Armani-Tr\u00edo-en-Francesco-Bar-13-de-julio-de-2017-Fotos-de-Adriana-Xalambri-y-Jorge-Gonzalez-Ballart-3.jpg","keywords":["Federico Righi","Jorge Armani","Juan Pablo Chapital","Mart\u00edn Ibarburu"],"articleSection":["Coberturas"],"inLanguage":"es-AR"},{"@type":"WebPage","@id":"https:\/\/cooltivarte.com\/portal\/jorge-armani-trio\/","url":"https:\/\/cooltivarte.com\/portal\/jorge-armani-trio\/","name":"Jorge Armani Tr\u00edo: dulzura y garra rioplatenses - Cooltivarte Portal","isPartOf":{"@id":"https:\/\/cooltivarte.com\/portal\/#website"},"primaryImageOfPage":{"@id":"https:\/\/cooltivarte.com\/portal\/jorge-armani-trio\/#primaryimage"},"image":{"@id":"https:\/\/cooltivarte.com\/portal\/jorge-armani-trio\/#primaryimage"},"thumbnailUrl":"https:\/\/cooltivarte.com\/portal\/wp-content\/uploads\/2017\/07\/Jorge-Armani-Tr\u00edo-en-Francesco-Bar-13-de-julio-de-2017-Fotos-de-Adriana-Xalambri-y-Jorge-Gonzalez-Ballart-3.jpg","datePublished":"2017-07-30T03:44:30+00:00","dateModified":"2017-10-12T00:15:34+00:00","description":"COOLTIVARTE.COM es un portal digital colaborativo de actualizaci\u00f3n permanente dedicado a difundir el acontecer art\u00edstico y cultural, entrevista artistas, gestores y productores de las diferentes disciplinas del arte, y publicando art\u00edculos de reflexi\u00f3n de producci\u00f3n propia sobre los elementos culturales.","breadcrumb":{"@id":"https:\/\/cooltivarte.com\/portal\/jorge-armani-trio\/#breadcrumb"},"inLanguage":"es-AR","potentialAction":[{"@type":"ReadAction","target":["https:\/\/cooltivarte.com\/portal\/jorge-armani-trio\/"]}]},{"@type":"ImageObject","inLanguage":"es-AR","@id":"https:\/\/cooltivarte.com\/portal\/jorge-armani-trio\/#primaryimage","url":"https:\/\/cooltivarte.com\/portal\/wp-content\/uploads\/2017\/07\/Jorge-Armani-Tr\u00edo-en-Francesco-Bar-13-de-julio-de-2017-Fotos-de-Adriana-Xalambri-y-Jorge-Gonzalez-Ballart-3.jpg","contentUrl":"https:\/\/cooltivarte.com\/portal\/wp-content\/uploads\/2017\/07\/Jorge-Armani-Tr\u00edo-en-Francesco-Bar-13-de-julio-de-2017-Fotos-de-Adriana-Xalambri-y-Jorge-Gonzalez-Ballart-3.jpg","width":1200,"height":900,"caption":"Jorge Armani Tr\u00edo en Francesco Bar 13 de julio de 2017 Fotos de Adriana Xalambri y Jorge Gonzalez Ballart"},{"@type":"BreadcrumbList","@id":"https:\/\/cooltivarte.com\/portal\/jorge-armani-trio\/#breadcrumb","itemListElement":[{"@type":"ListItem","position":1,"name":"Portada","item":"https:\/\/cooltivarte.com\/portal\/"},{"@type":"ListItem","position":2,"name":"Jorge Armani Tr\u00edo: dulzura y garra rioplatenses"}]},{"@type":"WebSite","@id":"https:\/\/cooltivarte.com\/portal\/#website","url":"https:\/\/cooltivarte.com\/portal\/","name":"Cooltivarte Portal","description":"Arte, cultura y turismo para el mundo ...","publisher":{"@id":"https:\/\/cooltivarte.com\/portal\/#organization"},"potentialAction":[{"@type":"SearchAction","target":{"@type":"EntryPoint","urlTemplate":"https:\/\/cooltivarte.com\/portal\/?s={search_term_string}"},"query-input":{"@type":"PropertyValueSpecification","valueRequired":true,"valueName":"search_term_string"}}],"inLanguage":"es-AR"},{"@type":"Organization","@id":"https:\/\/cooltivarte.com\/portal\/#organization","name":"cooltivarte","url":"https:\/\/cooltivarte.com\/portal\/","logo":{"@type":"ImageObject","inLanguage":"es-AR","@id":"https:\/\/cooltivarte.com\/portal\/#\/schema\/logo\/image\/","url":"https:\/\/cooltivarte.com\/portal\/wp-content\/uploads\/2020\/04\/logo-cooltivarte-v2.png","contentUrl":"https:\/\/cooltivarte.com\/portal\/wp-content\/uploads\/2020\/04\/logo-cooltivarte-v2.png","width":851,"height":243,"caption":"cooltivarte"},"image":{"@id":"https:\/\/cooltivarte.com\/portal\/#\/schema\/logo\/image\/"},"sameAs":["https:\/\/www.facebook.com\/cooltivartecom\/","https:\/\/x.com\/obolocultural","https:\/\/www.instagram.com\/_cooltivarte_\/","https:\/\/www.linkedin.com\/company\/-bolocultural?reportsuccess=8zaNG1HwhPbAR9iQhZ5rfGeqz_vQFftHun0ZWU0Wy9vNemRJ8vtcKdJvzQfW8XagyOJSKg0XvfJ1dp","https:\/\/www.pinterest.com\/cooltivarte\/","https:\/\/cooltivarte.tumblr.com\/","https:\/\/www.tiktok.com\/@cooltivarte","https:\/\/www.youtube.com\/@PrensaCooltivarte"]},{"@type":"Person","@id":"https:\/\/cooltivarte.com\/portal\/#\/schema\/person\/564b71fe2867b0e25bd5608c1a6695b8","name":"Patricia Schiavone","image":{"@type":"ImageObject","inLanguage":"es-AR","@id":"https:\/\/cooltivarte.com\/portal\/wp-content\/uploads\/2019\/05\/1-120x120.jpg","url":"https:\/\/cooltivarte.com\/portal\/wp-content\/uploads\/2019\/05\/1-120x120.jpg","contentUrl":"https:\/\/cooltivarte.com\/portal\/wp-content\/uploads\/2019\/05\/1-120x120.jpg","caption":"Patricia Schiavone"},"description":"Patricia Schiavone es Coach Personal, Practicante e Instructora de Reiki y amante de la m\u00fasica. Su p\u00e1gina de facebook: @sersentiryhacer y su sitio web:","sameAs":["https:\/\/atresillado.wordpress.com\/","https:\/\/www.facebook.com\/luna.llena.568294","https:\/\/www.instagram.com\/_cooltivarte_\/","https:\/\/www.linkedin.com\/company\/-bolocultural","https:\/\/www.pinterest.com\/cooltivarte","https:\/\/x.com\/https:\/\/x.com\/obolocultural","https:\/\/www.youtube.com\/@PrensaCooltivarte","https:\/\/www.tumblr.com\/blog\/cooltivarte"],"url":"https:\/\/cooltivarte.com\/portal\/author\/patricia-schiavone\/"}]}},"_links":{"self":[{"href":"https:\/\/cooltivarte.com\/portal\/wp-json\/wp\/v2\/posts\/31909","targetHints":{"allow":["GET"]}}],"collection":[{"href":"https:\/\/cooltivarte.com\/portal\/wp-json\/wp\/v2\/posts"}],"about":[{"href":"https:\/\/cooltivarte.com\/portal\/wp-json\/wp\/v2\/types\/post"}],"author":[{"embeddable":true,"href":"https:\/\/cooltivarte.com\/portal\/wp-json\/wp\/v2\/users\/53"}],"replies":[{"embeddable":true,"href":"https:\/\/cooltivarte.com\/portal\/wp-json\/wp\/v2\/comments?post=31909"}],"version-history":[{"count":4,"href":"https:\/\/cooltivarte.com\/portal\/wp-json\/wp\/v2\/posts\/31909\/revisions"}],"predecessor-version":[{"id":31931,"href":"https:\/\/cooltivarte.com\/portal\/wp-json\/wp\/v2\/posts\/31909\/revisions\/31931"}],"wp:featuredmedia":[{"embeddable":true,"href":"https:\/\/cooltivarte.com\/portal\/wp-json\/wp\/v2\/media\/31923"}],"wp:attachment":[{"href":"https:\/\/cooltivarte.com\/portal\/wp-json\/wp\/v2\/media?parent=31909"}],"wp:term":[{"taxonomy":"category","embeddable":true,"href":"https:\/\/cooltivarte.com\/portal\/wp-json\/wp\/v2\/categories?post=31909"},{"taxonomy":"post_tag","embeddable":true,"href":"https:\/\/cooltivarte.com\/portal\/wp-json\/wp\/v2\/tags?post=31909"}],"curies":[{"name":"wp","href":"https:\/\/api.w.org\/{rel}","templated":true}]}}