{"id":31518,"date":"2017-07-12T10:14:07","date_gmt":"2017-07-12T13:14:07","guid":{"rendered":"http:\/\/cooltivarte.com\/portal\/?p=31518"},"modified":"2019-08-03T17:12:33","modified_gmt":"2019-08-03T20:12:33","slug":"andres-calamaro-gira-licencia-para-cantar","status":"publish","type":"post","link":"https:\/\/cooltivarte.com\/portal\/andres-calamaro-gira-licencia-para-cantar\/","title":{"rendered":"Andr\u00e9s Calamaro, Gira &#8220;Licencia Para Cantar&#8221;"},"content":{"rendered":"<p><strong>Auditorio Nacional del Sodre<\/strong> el 11 de julio con el esperado regreso de <strong><a href=\"https:\/\/cooltivarte.com\/portal\/?s=ANDR%C3%89S+CALAMARO\">ANDR\u00c9S CALAMARO<\/a><\/strong> a Montevideo.<\/p>\n<p>&nbsp;<\/p>\n<h4>&nbsp;<a href=\"https:\/\/www.facebook.com\/pg\/cooltivartecom\/photos\/?tab=album&amp;album_id=1413692892010953\" target=\"_blank\" rel=\"noopener\">Ver fotogaler\u00eda<\/a><\/h4>\n<p><iframe style=\"border: none; overflow: hidden;\" src=\"https:\/\/www.facebook.com\/plugins\/post.php?href=https%3A%2F%2Fwww.facebook.com%2Fmedia%2Fset%2F%3Fset%3Da.1413692892010953%26type%3D3&amp;width=500\" width=\"500\" height=\"669\" frameborder=\"0\" scrolling=\"no\"><\/iframe><br \/>\n&nbsp;<\/p>\n<p>&nbsp;<\/p>\n<p>&nbsp;<\/p>\n<p>&nbsp;<\/p>\n","protected":false},"excerpt":{"rendered":"<p>Auditorio Nacional del Sodre el 11 de julio con el esperado regreso de ANDR\u00c9S CALAMARO a Montevideo. &nbsp; &nbsp;Ver fotogaler\u00eda &nbsp; &nbsp; &nbsp; &nbsp;<\/p>\n","protected":false},"author":65,"featured_media":31520,"comment_status":"closed","ping_status":"closed","sticky":false,"template":"","format":"standard","meta":{"om_disable_all_campaigns":false,"ngg_post_thumbnail":0,"jnews-multi-image_gallery":[],"jnews_single_post":[],"jnews_primary_category":[],"jnews_social_meta":[],"jnews_override_counter":[],"footnotes":""},"categories":[50],"tags":[585,1025,168],"class_list":["post-31518","post","type-post","status-publish","format-standard","has-post-thumbnail","hentry","category-coberturas","tag-andres-calamaro","tag-auditorio-nacional-del-sodre","tag-montevideo"],"yoast_head":"<!-- This site is optimized with the Yoast SEO plugin v27.5 - https:\/\/yoast.com\/product\/yoast-seo-wordpress\/ -->\n<title>Andr\u00e9s Calamaro, Gira &quot;Licencia Para Cantar&quot; - Cooltivarte Portal<\/title>\n<meta name=\"description\" content=\"COOLTIVARTE.COM es un portal digital colaborativo de actualizaci\u00f3n permanente dedicado a difundir el acontecer art\u00edstico y cultural, entrevista artistas, gestores y productores de las diferentes disciplinas del arte, y publicando art\u00edculos de reflexi\u00f3n de producci\u00f3n propia sobre los elementos culturales.\" \/>\n<meta name=\"robots\" content=\"index, follow, max-snippet:-1, max-image-preview:large, max-video-preview:-1\" \/>\n<link rel=\"canonical\" href=\"https:\/\/cooltivarte.com\/portal\/andres-calamaro-gira-licencia-para-cantar\/\" \/>\n<meta property=\"og:locale\" content=\"es_ES\" \/>\n<meta property=\"og:type\" content=\"article\" \/>\n<meta property=\"og:title\" content=\"Andr\u00e9s Calamaro, Gira &quot;Licencia Para Cantar&quot; - Cooltivarte Portal\" \/>\n<meta property=\"og:description\" content=\"COOLTIVARTE.COM es un portal digital colaborativo de actualizaci\u00f3n permanente dedicado a difundir el acontecer art\u00edstico y cultural, entrevista artistas, gestores y productores de las diferentes disciplinas del arte, y publicando art\u00edculos de reflexi\u00f3n de producci\u00f3n propia sobre los elementos culturales.\" \/>\n<meta property=\"og:url\" content=\"https:\/\/cooltivarte.com\/portal\/andres-calamaro-gira-licencia-para-cantar\/\" \/>\n<meta property=\"og:site_name\" content=\"Cooltivarte Portal\" \/>\n<meta property=\"article:publisher\" content=\"https:\/\/www.facebook.com\/cooltivartecom\/\" \/>\n<meta property=\"article:author\" content=\"https:\/\/www.facebook.com\/viritaprado?fref=ts\" \/>\n<meta property=\"article:published_time\" content=\"2017-07-12T13:14:07+00:00\" \/>\n<meta property=\"article:modified_time\" content=\"2019-08-03T20:12:33+00:00\" \/>\n<meta property=\"og:image\" content=\"https:\/\/cooltivarte.com\/portal\/wp-content\/uploads\/2017\/07\/Auditorio-Nacional-del-Sodre-11-de-Julio-de-2017-Fotograf\u00eda-Virginia-Prado.jpg\" \/>\n\t<meta property=\"og:image:width\" content=\"1024\" \/>\n\t<meta property=\"og:image:height\" content=\"662\" \/>\n\t<meta property=\"og:image:type\" content=\"image\/jpeg\" \/>\n<meta name=\"author\" content=\"Virginia Prado\" \/>\n<meta name=\"twitter:card\" content=\"summary_large_image\" \/>\n<meta name=\"twitter:creator\" content=\"@https:\/\/x.com\/viripradoouteda\" \/>\n<meta name=\"twitter:site\" content=\"@obolocultural\" \/>\n<meta name=\"twitter:label1\" content=\"Escrito por\" \/>\n\t<meta name=\"twitter:data1\" content=\"Virginia Prado\" \/>\n<!-- \/ Yoast SEO plugin. -->","yoast_head_json":{"title":"Andr\u00e9s Calamaro, Gira \"Licencia Para Cantar\" - Cooltivarte Portal","description":"COOLTIVARTE.COM es un portal digital colaborativo de actualizaci\u00f3n permanente dedicado a difundir el acontecer art\u00edstico y cultural, entrevista artistas, gestores y productores de las diferentes disciplinas del arte, y publicando art\u00edculos de reflexi\u00f3n de producci\u00f3n propia sobre los elementos culturales.","robots":{"index":"index","follow":"follow","max-snippet":"max-snippet:-1","max-image-preview":"max-image-preview:large","max-video-preview":"max-video-preview:-1"},"canonical":"https:\/\/cooltivarte.com\/portal\/andres-calamaro-gira-licencia-para-cantar\/","og_locale":"es_ES","og_type":"article","og_title":"Andr\u00e9s Calamaro, Gira \"Licencia Para Cantar\" - Cooltivarte Portal","og_description":"COOLTIVARTE.COM es un portal digital colaborativo de actualizaci\u00f3n permanente dedicado a difundir el acontecer art\u00edstico y cultural, entrevista artistas, gestores y productores de las diferentes disciplinas del arte, y publicando art\u00edculos de reflexi\u00f3n de producci\u00f3n propia sobre los elementos culturales.","og_url":"https:\/\/cooltivarte.com\/portal\/andres-calamaro-gira-licencia-para-cantar\/","og_site_name":"Cooltivarte Portal","article_publisher":"https:\/\/www.facebook.com\/cooltivartecom\/","article_author":"https:\/\/www.facebook.com\/viritaprado?fref=ts","article_published_time":"2017-07-12T13:14:07+00:00","article_modified_time":"2019-08-03T20:12:33+00:00","og_image":[{"width":1024,"height":662,"url":"https:\/\/cooltivarte.com\/portal\/wp-content\/uploads\/2017\/07\/Auditorio-Nacional-del-Sodre-11-de-Julio-de-2017-Fotograf\u00eda-Virginia-Prado.jpg","type":"image\/jpeg"}],"author":"Virginia Prado","twitter_card":"summary_large_image","twitter_creator":"@https:\/\/x.com\/viripradoouteda","twitter_site":"@obolocultural","twitter_misc":{"Escrito por":"Virginia Prado"},"schema":{"@context":"https:\/\/schema.org","@graph":[{"@type":"NewsArticle","@id":"https:\/\/cooltivarte.com\/portal\/andres-calamaro-gira-licencia-para-cantar\/#article","isPartOf":{"@id":"https:\/\/cooltivarte.com\/portal\/andres-calamaro-gira-licencia-para-cantar\/"},"author":{"name":"Virginia Prado","@id":"https:\/\/cooltivarte.com\/portal\/#\/schema\/person\/f3fb4795d294783e096468497e60949b"},"headline":"Andr\u00e9s Calamaro, Gira &#8220;Licencia Para Cantar&#8221;","datePublished":"2017-07-12T13:14:07+00:00","dateModified":"2019-08-03T20:12:33+00:00","mainEntityOfPage":{"@id":"https:\/\/cooltivarte.com\/portal\/andres-calamaro-gira-licencia-para-cantar\/"},"wordCount":33,"publisher":{"@id":"https:\/\/cooltivarte.com\/portal\/#organization"},"image":{"@id":"https:\/\/cooltivarte.com\/portal\/andres-calamaro-gira-licencia-para-cantar\/#primaryimage"},"thumbnailUrl":"https:\/\/cooltivarte.com\/portal\/wp-content\/uploads\/2017\/07\/Auditorio-Nacional-del-Sodre-11-de-Julio-de-2017-Fotograf\u00eda-Virginia-Prado.jpg","keywords":["Andr\u00e9s Calamaro","Auditorio Nacional del SODRE","Montevideo"],"articleSection":["Coberturas"],"inLanguage":"es-AR"},{"@type":"WebPage","@id":"https:\/\/cooltivarte.com\/portal\/andres-calamaro-gira-licencia-para-cantar\/","url":"https:\/\/cooltivarte.com\/portal\/andres-calamaro-gira-licencia-para-cantar\/","name":"Andr\u00e9s Calamaro, Gira \"Licencia Para Cantar\" - Cooltivarte Portal","isPartOf":{"@id":"https:\/\/cooltivarte.com\/portal\/#website"},"primaryImageOfPage":{"@id":"https:\/\/cooltivarte.com\/portal\/andres-calamaro-gira-licencia-para-cantar\/#primaryimage"},"image":{"@id":"https:\/\/cooltivarte.com\/portal\/andres-calamaro-gira-licencia-para-cantar\/#primaryimage"},"thumbnailUrl":"https:\/\/cooltivarte.com\/portal\/wp-content\/uploads\/2017\/07\/Auditorio-Nacional-del-Sodre-11-de-Julio-de-2017-Fotograf\u00eda-Virginia-Prado.jpg","datePublished":"2017-07-12T13:14:07+00:00","dateModified":"2019-08-03T20:12:33+00:00","description":"COOLTIVARTE.COM es un portal digital colaborativo de actualizaci\u00f3n permanente dedicado a difundir el acontecer art\u00edstico y cultural, entrevista artistas, gestores y productores de las diferentes disciplinas del arte, y publicando art\u00edculos de reflexi\u00f3n de producci\u00f3n propia sobre los elementos culturales.","breadcrumb":{"@id":"https:\/\/cooltivarte.com\/portal\/andres-calamaro-gira-licencia-para-cantar\/#breadcrumb"},"inLanguage":"es-AR","potentialAction":[{"@type":"ReadAction","target":["https:\/\/cooltivarte.com\/portal\/andres-calamaro-gira-licencia-para-cantar\/"]}]},{"@type":"ImageObject","inLanguage":"es-AR","@id":"https:\/\/cooltivarte.com\/portal\/andres-calamaro-gira-licencia-para-cantar\/#primaryimage","url":"https:\/\/cooltivarte.com\/portal\/wp-content\/uploads\/2017\/07\/Auditorio-Nacional-del-Sodre-11-de-Julio-de-2017-Fotograf\u00eda-Virginia-Prado.jpg","contentUrl":"https:\/\/cooltivarte.com\/portal\/wp-content\/uploads\/2017\/07\/Auditorio-Nacional-del-Sodre-11-de-Julio-de-2017-Fotograf\u00eda-Virginia-Prado.jpg","width":1024,"height":662,"caption":"Auditorio Nacional del Sodre 10 y 11 de Julio de 2017 Fotograf\u00eda: Virginia Prado"},{"@type":"BreadcrumbList","@id":"https:\/\/cooltivarte.com\/portal\/andres-calamaro-gira-licencia-para-cantar\/#breadcrumb","itemListElement":[{"@type":"ListItem","position":1,"name":"Portada","item":"https:\/\/cooltivarte.com\/portal\/"},{"@type":"ListItem","position":2,"name":"Andr\u00e9s Calamaro, Gira \u00abLicencia Para Cantar\u00bb"}]},{"@type":"WebSite","@id":"https:\/\/cooltivarte.com\/portal\/#website","url":"https:\/\/cooltivarte.com\/portal\/","name":"Cooltivarte Portal","description":"Arte, cultura y turismo para el mundo ...","publisher":{"@id":"https:\/\/cooltivarte.com\/portal\/#organization"},"potentialAction":[{"@type":"SearchAction","target":{"@type":"EntryPoint","urlTemplate":"https:\/\/cooltivarte.com\/portal\/?s={search_term_string}"},"query-input":{"@type":"PropertyValueSpecification","valueRequired":true,"valueName":"search_term_string"}}],"inLanguage":"es-AR"},{"@type":"Organization","@id":"https:\/\/cooltivarte.com\/portal\/#organization","name":"cooltivarte","url":"https:\/\/cooltivarte.com\/portal\/","logo":{"@type":"ImageObject","inLanguage":"es-AR","@id":"https:\/\/cooltivarte.com\/portal\/#\/schema\/logo\/image\/","url":"https:\/\/cooltivarte.com\/portal\/wp-content\/uploads\/2020\/04\/logo-cooltivarte-v2.png","contentUrl":"https:\/\/cooltivarte.com\/portal\/wp-content\/uploads\/2020\/04\/logo-cooltivarte-v2.png","width":851,"height":243,"caption":"cooltivarte"},"image":{"@id":"https:\/\/cooltivarte.com\/portal\/#\/schema\/logo\/image\/"},"sameAs":["https:\/\/www.facebook.com\/cooltivartecom\/","https:\/\/x.com\/obolocultural","https:\/\/www.instagram.com\/_cooltivarte_\/","https:\/\/www.linkedin.com\/company\/-bolocultural?reportsuccess=8zaNG1HwhPbAR9iQhZ5rfGeqz_vQFftHun0ZWU0Wy9vNemRJ8vtcKdJvzQfW8XagyOJSKg0XvfJ1dp","https:\/\/www.pinterest.com\/cooltivarte\/","https:\/\/cooltivarte.tumblr.com\/","https:\/\/www.tiktok.com\/@cooltivarte","https:\/\/www.youtube.com\/@PrensaCooltivarte"]},{"@type":"Person","@id":"https:\/\/cooltivarte.com\/portal\/#\/schema\/person\/f3fb4795d294783e096468497e60949b","name":"Virginia Prado","image":{"@type":"ImageObject","inLanguage":"es-AR","@id":"https:\/\/cooltivarte.com\/portal\/wp-content\/uploads\/2015\/06\/virginia.jpg","url":"https:\/\/cooltivarte.com\/portal\/wp-content\/uploads\/2015\/06\/virginia.jpg","contentUrl":"https:\/\/cooltivarte.com\/portal\/wp-content\/uploads\/2015\/06\/virginia.jpg","caption":"Virginia Prado"},"description":"Naci\u00f3 el 9 de febrero de 1984, estudiante de psicolog\u00eda en la UdelaR. Proviene de una familia de comunicadores radiales, gr\u00e1ficos, etc, con una gran influencia por la misma desde chica. Comenz\u00f3 con la fotograf\u00eda en el 2011 de modo profesional, pero desde peque\u00f1a con la influencia de su padre y hermano (los dos fot\u00f3grafos aficionados) . Actualmente trabaja en el \u00e1rea de psicolog\u00eda laboral y por otro lado en fotograf\u00eda freelance y dependiente de Sodio Uruguay, en fotograf\u00eda publicitaria y de productos. Se incorpora a cooltivarte en 2015","sameAs":["https:\/\/www.facebook.com\/viritaprado?fref=ts","https:\/\/www.instagram.com\/_cooltivarte_\/","https:\/\/www.linkedin.com\/company\/-bolocultural","https:\/\/www.pinterest.com\/cooltivarte","https:\/\/x.com\/https:\/\/x.com\/viripradoouteda","https:\/\/www.youtube.com\/@PrensaCooltivarte","https:\/\/www.tumblr.com\/blog\/cooltivarte"],"url":"https:\/\/cooltivarte.com\/portal\/author\/virginia-prado\/"}]}},"_links":{"self":[{"href":"https:\/\/cooltivarte.com\/portal\/wp-json\/wp\/v2\/posts\/31518","targetHints":{"allow":["GET"]}}],"collection":[{"href":"https:\/\/cooltivarte.com\/portal\/wp-json\/wp\/v2\/posts"}],"about":[{"href":"https:\/\/cooltivarte.com\/portal\/wp-json\/wp\/v2\/types\/post"}],"author":[{"embeddable":true,"href":"https:\/\/cooltivarte.com\/portal\/wp-json\/wp\/v2\/users\/65"}],"replies":[{"embeddable":true,"href":"https:\/\/cooltivarte.com\/portal\/wp-json\/wp\/v2\/comments?post=31518"}],"version-history":[{"count":4,"href":"https:\/\/cooltivarte.com\/portal\/wp-json\/wp\/v2\/posts\/31518\/revisions"}],"predecessor-version":[{"id":51767,"href":"https:\/\/cooltivarte.com\/portal\/wp-json\/wp\/v2\/posts\/31518\/revisions\/51767"}],"wp:featuredmedia":[{"embeddable":true,"href":"https:\/\/cooltivarte.com\/portal\/wp-json\/wp\/v2\/media\/31520"}],"wp:attachment":[{"href":"https:\/\/cooltivarte.com\/portal\/wp-json\/wp\/v2\/media?parent=31518"}],"wp:term":[{"taxonomy":"category","embeddable":true,"href":"https:\/\/cooltivarte.com\/portal\/wp-json\/wp\/v2\/categories?post=31518"},{"taxonomy":"post_tag","embeddable":true,"href":"https:\/\/cooltivarte.com\/portal\/wp-json\/wp\/v2\/tags?post=31518"}],"curies":[{"name":"wp","href":"https:\/\/api.w.org\/{rel}","templated":true}]}}