{"id":30495,"date":"2017-06-13T19:54:36","date_gmt":"2017-06-13T22:54:36","guid":{"rendered":"http:\/\/cooltivarte.com\/portal\/?p=30495"},"modified":"2017-06-13T19:55:26","modified_gmt":"2017-06-13T22:55:26","slug":"damian-gularte-el-decir-de-luis-dedicado-a-l-a-spinetta","status":"publish","type":"post","link":"https:\/\/cooltivarte.com\/portal\/damian-gularte-el-decir-de-luis-dedicado-a-l-a-spinetta\/","title":{"rendered":"Dami\u00e1n Gularte &#8211; El decir de Luis (dedicado a L.A. Spinetta)"},"content":{"rendered":"<p>&#8220;EL DECIR DE LUIS&#8221;<\/p>\n<p>Alma trascendi\u00f3<br \/>\nqueda en cada luz<br \/>\nansias de crear<\/p>\n<p>Vu\u00e9lvete canci\u00f3n<br \/>\nbarro de papel<br \/>\ncisne encantador<\/p>\n<p>Busco en el umbral<br \/>\nversos de Artaud<br \/>\nel decir de Luis<br \/>\nvale descifrar<\/p>\n<p>Valle al interior<br \/>\ncielo en su sentir<br \/>\nvuelo superior<br \/>\ntodo inspira a Luis<\/p>\n<p><a href=\"https:\/\/cooltivarte.com\/portal\/?s=Dami%C3%A1n+Gularte\"><strong>Dami\u00e1n Gularte<\/strong><\/a>: guitarra y voz<br \/>\n<a href=\"https:\/\/cooltivarte.com\/portal\/?s=Federico+Gra%C3%B1a\">Federico Gra\u00f1a<\/a>: guitarra el\u00e9ctrica<br \/>\n<strong><a href=\"https:\/\/cooltivarte.com\/portal\/?s=Sebasti%C3%A1n+Zinola\">Sebasti\u00e1n Zinola<\/a><\/strong>: teclado<br \/>\n<strong><a href=\"https:\/\/cooltivarte.com\/portal\/?s=Nacho+Mateu\">Nacho Mateu<\/a><\/strong>: bajo<br \/>\n<a href=\"https:\/\/cooltivarte.com\/portal\/?s=Mart%C3%ADn+Ibarburu\"><strong>Mart\u00edn Ibarburu<\/strong><\/a>: bater\u00eda<br \/>\n<strong><a href=\"http:\/\/pelaomeneses.com\" target=\"_blank\" rel=\"noopener noreferrer\">Pablo &#8220;Pelao&#8221; Meneses<\/a><\/strong>: percusi\u00f3n<\/p>\n<p>Fotograf\u00eda y dise\u00f1o gr\u00e1fico: Eugin Core<br \/>\nGrabaci\u00f3n de bajo y bater\u00eda: Daniel B\u00e1ez<br \/>\nMezcla: Gianpaolo Giaimo<br \/>\nMastering: \u00c1lvaro &#8220;Mono&#8221; Reyes<\/p>\n<p>&nbsp;<\/p>\n<p>&nbsp;<\/p>\n","protected":false},"excerpt":{"rendered":"<p>&#8220;EL DECIR DE LUIS&#8221; Alma trascendi\u00f3 queda en cada luz ansias de crear Vu\u00e9lvete canci\u00f3n barro de papel cisne encantador Busco en el umbral versos de Artaud el decir de Luis vale descifrar Valle al interior cielo en su sentir vuelo superior todo inspira a Luis Dami\u00e1n Gularte: guitarra y voz Federico Gra\u00f1a: guitarra el\u00e9ctrica [&hellip;]<\/p>\n","protected":false},"author":8,"featured_media":30497,"comment_status":"closed","ping_status":"closed","sticky":false,"template":"","format":"video","meta":{"om_disable_all_campaigns":false,"ngg_post_thumbnail":0,"jnews-multi-image_gallery":[],"jnews_single_post":[],"jnews_primary_category":[],"jnews_social_meta":[],"jnews_override_counter":[],"footnotes":""},"categories":[73],"tags":[],"class_list":["post-30495","post","type-post","status-publish","format-video","has-post-thumbnail","hentry","category-discos","post_format-post-format-video"],"yoast_head":"<!-- This site is optimized with the Yoast SEO plugin v27.5 - https:\/\/yoast.com\/product\/yoast-seo-wordpress\/ -->\n<title>Dami\u00e1n Gularte - El decir de Luis (dedicado a L.A. Spinetta) - Cooltivarte Portal<\/title>\n<meta name=\"description\" content=\"COOLTIVARTE.COM es un portal digital colaborativo de actualizaci\u00f3n permanente dedicado a difundir el acontecer art\u00edstico y cultural, entrevista artistas, gestores y productores de las diferentes disciplinas del arte, y publicando art\u00edculos de reflexi\u00f3n de producci\u00f3n propia sobre los elementos culturales.\" \/>\n<meta name=\"robots\" content=\"index, follow, max-snippet:-1, max-image-preview:large, max-video-preview:-1\" \/>\n<link rel=\"canonical\" href=\"https:\/\/cooltivarte.com\/portal\/damian-gularte-el-decir-de-luis-dedicado-a-l-a-spinetta\/\" \/>\n<meta property=\"og:locale\" content=\"es_ES\" \/>\n<meta property=\"og:type\" content=\"article\" \/>\n<meta property=\"og:title\" content=\"Dami\u00e1n Gularte - El decir de Luis (dedicado a L.A. Spinetta) - Cooltivarte Portal\" \/>\n<meta property=\"og:description\" content=\"COOLTIVARTE.COM es un portal digital colaborativo de actualizaci\u00f3n permanente dedicado a difundir el acontecer art\u00edstico y cultural, entrevista artistas, gestores y productores de las diferentes disciplinas del arte, y publicando art\u00edculos de reflexi\u00f3n de producci\u00f3n propia sobre los elementos culturales.\" \/>\n<meta property=\"og:url\" content=\"https:\/\/cooltivarte.com\/portal\/damian-gularte-el-decir-de-luis-dedicado-a-l-a-spinetta\/\" \/>\n<meta property=\"og:site_name\" content=\"Cooltivarte Portal\" \/>\n<meta property=\"article:publisher\" content=\"https:\/\/www.facebook.com\/cooltivartecom\/\" \/>\n<meta property=\"article:author\" content=\"https:\/\/www.facebook.com\/cooltivartecom\" \/>\n<meta property=\"article:published_time\" content=\"2017-06-13T22:54:36+00:00\" \/>\n<meta property=\"article:modified_time\" content=\"2017-06-13T22:55:26+00:00\" \/>\n<meta property=\"og:image\" content=\"https:\/\/cooltivarte.com\/portal\/wp-content\/uploads\/2017\/06\/hqdefault-61.jpg\" \/>\n\t<meta property=\"og:image:width\" content=\"480\" \/>\n\t<meta property=\"og:image:height\" content=\"360\" \/>\n\t<meta property=\"og:image:type\" content=\"image\/jpeg\" \/>\n<meta name=\"author\" content=\"Cooltivarte\" \/>\n<meta name=\"twitter:card\" content=\"summary_large_image\" \/>\n<meta name=\"twitter:creator\" content=\"@https:\/\/x.com\/obolocultural\" \/>\n<meta name=\"twitter:site\" content=\"@obolocultural\" \/>\n<meta name=\"twitter:label1\" content=\"Escrito por\" \/>\n\t<meta name=\"twitter:data1\" content=\"Cooltivarte\" \/>\n\t<meta name=\"twitter:label2\" content=\"Tiempo de lectura\" \/>\n\t<meta name=\"twitter:data2\" content=\"1 minuto\" \/>\n<!-- \/ Yoast SEO plugin. -->","yoast_head_json":{"title":"Dami\u00e1n Gularte - El decir de Luis (dedicado a L.A. Spinetta) - Cooltivarte Portal","description":"COOLTIVARTE.COM es un portal digital colaborativo de actualizaci\u00f3n permanente dedicado a difundir el acontecer art\u00edstico y cultural, entrevista artistas, gestores y productores de las diferentes disciplinas del arte, y publicando art\u00edculos de reflexi\u00f3n de producci\u00f3n propia sobre los elementos culturales.","robots":{"index":"index","follow":"follow","max-snippet":"max-snippet:-1","max-image-preview":"max-image-preview:large","max-video-preview":"max-video-preview:-1"},"canonical":"https:\/\/cooltivarte.com\/portal\/damian-gularte-el-decir-de-luis-dedicado-a-l-a-spinetta\/","og_locale":"es_ES","og_type":"article","og_title":"Dami\u00e1n Gularte - El decir de Luis (dedicado a L.A. Spinetta) - Cooltivarte Portal","og_description":"COOLTIVARTE.COM es un portal digital colaborativo de actualizaci\u00f3n permanente dedicado a difundir el acontecer art\u00edstico y cultural, entrevista artistas, gestores y productores de las diferentes disciplinas del arte, y publicando art\u00edculos de reflexi\u00f3n de producci\u00f3n propia sobre los elementos culturales.","og_url":"https:\/\/cooltivarte.com\/portal\/damian-gularte-el-decir-de-luis-dedicado-a-l-a-spinetta\/","og_site_name":"Cooltivarte Portal","article_publisher":"https:\/\/www.facebook.com\/cooltivartecom\/","article_author":"https:\/\/www.facebook.com\/cooltivartecom","article_published_time":"2017-06-13T22:54:36+00:00","article_modified_time":"2017-06-13T22:55:26+00:00","og_image":[{"width":480,"height":360,"url":"https:\/\/cooltivarte.com\/portal\/wp-content\/uploads\/2017\/06\/hqdefault-61.jpg","type":"image\/jpeg"}],"author":"Cooltivarte","twitter_card":"summary_large_image","twitter_creator":"@https:\/\/x.com\/obolocultural","twitter_site":"@obolocultural","twitter_misc":{"Escrito por":"Cooltivarte","Tiempo de lectura":"1 minuto"},"schema":{"@context":"https:\/\/schema.org","@graph":[{"@type":"NewsArticle","@id":"https:\/\/cooltivarte.com\/portal\/damian-gularte-el-decir-de-luis-dedicado-a-l-a-spinetta\/#article","isPartOf":{"@id":"https:\/\/cooltivarte.com\/portal\/damian-gularte-el-decir-de-luis-dedicado-a-l-a-spinetta\/"},"author":{"name":"Cooltivarte","@id":"https:\/\/cooltivarte.com\/portal\/#\/schema\/person\/ec2a4f4e71b740d0c559c0ab9a157e19"},"headline":"Dami\u00e1n Gularte &#8211; El decir de Luis (dedicado a L.A. Spinetta)","datePublished":"2017-06-13T22:54:36+00:00","dateModified":"2017-06-13T22:55:26+00:00","mainEntityOfPage":{"@id":"https:\/\/cooltivarte.com\/portal\/damian-gularte-el-decir-de-luis-dedicado-a-l-a-spinetta\/"},"wordCount":118,"publisher":{"@id":"https:\/\/cooltivarte.com\/portal\/#organization"},"image":{"@id":"https:\/\/cooltivarte.com\/portal\/damian-gularte-el-decir-de-luis-dedicado-a-l-a-spinetta\/#primaryimage"},"thumbnailUrl":"https:\/\/cooltivarte.com\/portal\/wp-content\/uploads\/2017\/06\/hqdefault-61.jpg","articleSection":["Discos"],"inLanguage":"es-AR"},{"@type":"WebPage","@id":"https:\/\/cooltivarte.com\/portal\/damian-gularte-el-decir-de-luis-dedicado-a-l-a-spinetta\/","url":"https:\/\/cooltivarte.com\/portal\/damian-gularte-el-decir-de-luis-dedicado-a-l-a-spinetta\/","name":"Dami\u00e1n Gularte - El decir de Luis (dedicado a L.A. Spinetta) - Cooltivarte Portal","isPartOf":{"@id":"https:\/\/cooltivarte.com\/portal\/#website"},"primaryImageOfPage":{"@id":"https:\/\/cooltivarte.com\/portal\/damian-gularte-el-decir-de-luis-dedicado-a-l-a-spinetta\/#primaryimage"},"image":{"@id":"https:\/\/cooltivarte.com\/portal\/damian-gularte-el-decir-de-luis-dedicado-a-l-a-spinetta\/#primaryimage"},"thumbnailUrl":"https:\/\/cooltivarte.com\/portal\/wp-content\/uploads\/2017\/06\/hqdefault-61.jpg","datePublished":"2017-06-13T22:54:36+00:00","dateModified":"2017-06-13T22:55:26+00:00","description":"COOLTIVARTE.COM es un portal digital colaborativo de actualizaci\u00f3n permanente dedicado a difundir el acontecer art\u00edstico y cultural, entrevista artistas, gestores y productores de las diferentes disciplinas del arte, y publicando art\u00edculos de reflexi\u00f3n de producci\u00f3n propia sobre los elementos culturales.","breadcrumb":{"@id":"https:\/\/cooltivarte.com\/portal\/damian-gularte-el-decir-de-luis-dedicado-a-l-a-spinetta\/#breadcrumb"},"inLanguage":"es-AR","potentialAction":[{"@type":"ReadAction","target":["https:\/\/cooltivarte.com\/portal\/damian-gularte-el-decir-de-luis-dedicado-a-l-a-spinetta\/"]}]},{"@type":"ImageObject","inLanguage":"es-AR","@id":"https:\/\/cooltivarte.com\/portal\/damian-gularte-el-decir-de-luis-dedicado-a-l-a-spinetta\/#primaryimage","url":"https:\/\/cooltivarte.com\/portal\/wp-content\/uploads\/2017\/06\/hqdefault-61.jpg","contentUrl":"https:\/\/cooltivarte.com\/portal\/wp-content\/uploads\/2017\/06\/hqdefault-61.jpg","width":480,"height":360,"caption":"Dami\u00e1n Gularte - El decir de Luis"},{"@type":"BreadcrumbList","@id":"https:\/\/cooltivarte.com\/portal\/damian-gularte-el-decir-de-luis-dedicado-a-l-a-spinetta\/#breadcrumb","itemListElement":[{"@type":"ListItem","position":1,"name":"Portada","item":"https:\/\/cooltivarte.com\/portal\/"},{"@type":"ListItem","position":2,"name":"Dami\u00e1n Gularte &#8211; El decir de Luis (dedicado a L.A. Spinetta)"}]},{"@type":"WebSite","@id":"https:\/\/cooltivarte.com\/portal\/#website","url":"https:\/\/cooltivarte.com\/portal\/","name":"Cooltivarte Portal","description":"Arte, cultura y turismo para el mundo ...","publisher":{"@id":"https:\/\/cooltivarte.com\/portal\/#organization"},"potentialAction":[{"@type":"SearchAction","target":{"@type":"EntryPoint","urlTemplate":"https:\/\/cooltivarte.com\/portal\/?s={search_term_string}"},"query-input":{"@type":"PropertyValueSpecification","valueRequired":true,"valueName":"search_term_string"}}],"inLanguage":"es-AR"},{"@type":"Organization","@id":"https:\/\/cooltivarte.com\/portal\/#organization","name":"cooltivarte","url":"https:\/\/cooltivarte.com\/portal\/","logo":{"@type":"ImageObject","inLanguage":"es-AR","@id":"https:\/\/cooltivarte.com\/portal\/#\/schema\/logo\/image\/","url":"https:\/\/cooltivarte.com\/portal\/wp-content\/uploads\/2020\/04\/logo-cooltivarte-v2.png","contentUrl":"https:\/\/cooltivarte.com\/portal\/wp-content\/uploads\/2020\/04\/logo-cooltivarte-v2.png","width":851,"height":243,"caption":"cooltivarte"},"image":{"@id":"https:\/\/cooltivarte.com\/portal\/#\/schema\/logo\/image\/"},"sameAs":["https:\/\/www.facebook.com\/cooltivartecom\/","https:\/\/x.com\/obolocultural","https:\/\/www.instagram.com\/_cooltivarte_\/","https:\/\/www.linkedin.com\/company\/-bolocultural?reportsuccess=8zaNG1HwhPbAR9iQhZ5rfGeqz_vQFftHun0ZWU0Wy9vNemRJ8vtcKdJvzQfW8XagyOJSKg0XvfJ1dp","https:\/\/www.pinterest.com\/cooltivarte\/","https:\/\/cooltivarte.tumblr.com\/","https:\/\/www.tiktok.com\/@cooltivarte","https:\/\/www.youtube.com\/@PrensaCooltivarte"]},{"@type":"Person","@id":"https:\/\/cooltivarte.com\/portal\/#\/schema\/person\/ec2a4f4e71b740d0c559c0ab9a157e19","name":"Cooltivarte","image":{"@type":"ImageObject","inLanguage":"es-AR","@id":"https:\/\/cooltivarte.com\/portal\/wp-content\/uploads\/2014\/05\/logo-cooltivarte-120x120.jpg","url":"https:\/\/cooltivarte.com\/portal\/wp-content\/uploads\/2014\/05\/logo-cooltivarte-120x120.jpg","contentUrl":"https:\/\/cooltivarte.com\/portal\/wp-content\/uploads\/2014\/05\/logo-cooltivarte-120x120.jpg","caption":"Cooltivarte"},"description":"Somos COOLTIVARTE.COM. Un portal digital dedicado a difundir el acontecer art\u00edstico y cultural del Uruguay. Estamos en la vuelta desde el a\u00f1o 2003, y como evoluci\u00f3n del bolet\u00edn Obolo Cultural, nos encontramos abocados a apoyar a los artistas nacionales brind\u00e1ndoles un espacio de difusi\u00f3n. Creemos en la idea de utilizar la potencialidad que hoy d\u00eda nos otorga la web, para que la cultura uruguaya y sus creadores dispongan de una din\u00e1mica ventana, que los ponga en contacto entre s\u00ed y con el mundo. Somos COOLTIVARTE.COM y pretendemos configurarnos como un portal din\u00e1mico, entretenido y atento a los nuevos emprendimientos, que busque siempre la interacci\u00f3n con los artistas.","sameAs":["http:\/\/www.cooltivarte.com","https:\/\/www.facebook.com\/cooltivartecom","https:\/\/www.instagram.com\/_cooltivarte_\/","https:\/\/www.linkedin.com\/company\/-bolocultural","https:\/\/www.pinterest.com\/cooltivarte\/","https:\/\/x.com\/https:\/\/x.com\/obolocultural","https:\/\/www.youtube.com\/@PrensaCooltivarte","https:\/\/www.tumblr.com\/blog\/cooltivarte"],"url":"https:\/\/cooltivarte.com\/portal\/author\/cooltivarte\/"}]}},"_links":{"self":[{"href":"https:\/\/cooltivarte.com\/portal\/wp-json\/wp\/v2\/posts\/30495","targetHints":{"allow":["GET"]}}],"collection":[{"href":"https:\/\/cooltivarte.com\/portal\/wp-json\/wp\/v2\/posts"}],"about":[{"href":"https:\/\/cooltivarte.com\/portal\/wp-json\/wp\/v2\/types\/post"}],"author":[{"embeddable":true,"href":"https:\/\/cooltivarte.com\/portal\/wp-json\/wp\/v2\/users\/8"}],"replies":[{"embeddable":true,"href":"https:\/\/cooltivarte.com\/portal\/wp-json\/wp\/v2\/comments?post=30495"}],"version-history":[{"count":1,"href":"https:\/\/cooltivarte.com\/portal\/wp-json\/wp\/v2\/posts\/30495\/revisions"}],"predecessor-version":[{"id":30496,"href":"https:\/\/cooltivarte.com\/portal\/wp-json\/wp\/v2\/posts\/30495\/revisions\/30496"}],"wp:featuredmedia":[{"embeddable":true,"href":"https:\/\/cooltivarte.com\/portal\/wp-json\/wp\/v2\/media\/30497"}],"wp:attachment":[{"href":"https:\/\/cooltivarte.com\/portal\/wp-json\/wp\/v2\/media?parent=30495"}],"wp:term":[{"taxonomy":"category","embeddable":true,"href":"https:\/\/cooltivarte.com\/portal\/wp-json\/wp\/v2\/categories?post=30495"},{"taxonomy":"post_tag","embeddable":true,"href":"https:\/\/cooltivarte.com\/portal\/wp-json\/wp\/v2\/tags?post=30495"}],"curies":[{"name":"wp","href":"https:\/\/api.w.org\/{rel}","templated":true}]}}