{"id":30435,"date":"2017-06-11T21:09:31","date_gmt":"2017-06-12T00:09:31","guid":{"rendered":"http:\/\/cooltivarte.com\/portal\/?p=30435"},"modified":"2025-11-30T19:25:46","modified_gmt":"2025-11-30T22:25:46","slug":"rumbo-al-fondo-de-la-red","status":"publish","type":"post","link":"https:\/\/cooltivarte.com\/portal\/rumbo-al-fondo-de-la-red\/","title":{"rendered":"Rumbo Al fondo de la red"},"content":{"rendered":"<p><iframe title=\"YouTube video player\" src=\"https:\/\/www.youtube.com\/embed\/FpKU5de9qp0?si=mI8L64veP0oNyikB\" width=\"100%\" height=\"515\" frameborder=\"0\" allowfullscreen=\"allowfullscreen\"><span data-mce-type=\"bookmark\" style=\"display: inline-block; width: 0px; overflow: hidden; line-height: 0;\" class=\"mce_SELRES_start\">\ufeff<\/span><\/iframe><\/p>\n<p>&nbsp;<\/p>\n<p>En 1978, <strong><a href=\"https:\/\/cooltivarte.com\/portal\/?s=Mauricio+Ubal\">Mauricio Ubal <\/a><\/strong>comienza a tocar en sus primeros recitales, y un a\u00f1o despu\u00e9s funda el grupo <a href=\"https:\/\/cooltivarte.com\/portal\/?s=Rumbo\"><strong>Rumbo<\/strong><\/a>, junto a <a href=\"https:\/\/cooltivarte.com\/portal\/?s=Laura+Canoura\"><strong>Laura Canoura<\/strong><\/a>, <a href=\"https:\/\/cooltivarte.com\/portal\/?s=Gonzalo+Moreira\" target=\"_blank\" rel=\"noopener\"><strong>Gonzalo Moreira<\/strong><\/a>, <a href=\"https:\/\/cooltivarte.com\/portal\/?s=Carlos+Vicente\" target=\"_blank\" rel=\"noopener\"><strong>Carlos Vicente<\/strong><\/a>, <a href=\"https:\/\/cooltivarte.com\/portal\/?s=Miguel+L%C3%B3pez\" target=\"_blank\" rel=\"noopener\"><strong>Miguel L\u00f3pez<\/strong><\/a> y <a href=\"https:\/\/cooltivarte.com\/portal\/?s=Gustavo+Ripa\"><strong>Gustavo Ripa<\/strong><\/a>.<\/p>\n<p>&nbsp;<\/p>\n<div>\n<div class=\"par\" dir=\"auto\">&nbsp;<\/div>\n<\/div>\n<p>Por la forma de pararse<br \/>\nen el medio de la cancha,<br \/>\nde matarla con el pecho,<br \/>\nde volar hasta la raya,<br \/>\nno se sabe con que pie<br \/>\nse les va a ir otra vez,<br \/>\ncon una mo\u00f1a fugaz<br \/>\no sirviendo una pared.<\/p>\n<p>Por al forma de pararla,<br \/>\nde apretarla contra el piso,<br \/>\nlevantando la cabeza,<br \/>\nganando el pique cortito.<br \/>\nNo se sabe con que pie<br \/>\nlo desbordar\u00e1 otra vez<br \/>\nal zaguero lateral,<br \/>\na mis ojos que no creen.<\/p>\n<p>Como quiebra la cintura<br \/>\ny la raz\u00f3n<br \/>\ny se acomoda en el aire,<br \/>\np\u00e1jaro,<br \/>\npara pintarle ese gol<br \/>\nal domingo.<\/p>\n<p>Por la forma de cambiarla,<br \/>\nsin hacer una de m\u00e1s.<br \/>\npor esa comba exquisita,<br \/>\nque se anticipa al azar,<br \/>\nno se sabe con que pie<br \/>\nse desmarcar\u00e1 otra vez<br \/>\nde las canillas del back<br \/>\nen su camino a la red.<\/p>\n<p>Por la forma de pararse<br \/>\npara patear el penal,<br \/>\ndonde se lo juega todo,<br \/>\nsin revancha ni &#8220;replay&#8221;.<br \/>\nNo se sabe con que pie<br \/>\nse desmarcar\u00e1 otra vez<br \/>\ndel zaguero lateral,<br \/>\nde mis ojos que no creen.<\/p>\n<p>Como quiebra la cintura<br \/>\ny la raz\u00f3n,<br \/>\ny se acomoda en el aire,<br \/>\np\u00e1jaro,<br \/>\npara pintarle ese gol<br \/>\nal olvido.<\/p>\n<p>&nbsp;<\/p>\n<p>&nbsp;<\/p>\n<p>&nbsp;<\/p>\n","protected":false},"excerpt":{"rendered":"<p>En 1978, Mauricio Ubal comienza a tocar en sus primeros recitales, y un a\u00f1o despu\u00e9s funda el grupo Rumbo, junto a Laura Canoura, Gonzalo Moreira, Carlos Vicente, Miguel L\u00f3pez y Gustavo Ripa.<\/p>\n","protected":false},"author":8,"featured_media":30437,"comment_status":"closed","ping_status":"closed","sticky":false,"template":"","format":"standard","meta":{"om_disable_all_campaigns":false,"ngg_post_thumbnail":0,"jnews-multi-image_gallery":[],"jnews_single_post":{"format":"standard","override":[{"template":"4","parallax":"1","layout":"right-sidebar","sidebar":"default-sidebar","second_sidebar":"default-sidebar","sticky_sidebar":"1","share_position":"bottom","share_float_style":"share-monocrhome","show_share_counter":"1","show_view_counter":"1","show_featured":"1","show_post_meta":"1","show_post_author":"1","show_post_author_image":"1","show_post_date":"1","post_date_format":"default","post_date_format_custom":"Y\/m\/d","show_post_category":"1","post_reading_time_wpm":"300","post_calculate_word_method":"str_word_count","zoom_button_out_step":"2","zoom_button_in_step":"3","show_post_tag":"1","show_prev_next_post":"1","show_popup_post":"1","show_comment_section":"1","number_popup_post":"1","show_author_box":"1","show_post_related":"0","show_inline_post_related":"0"}],"image_override":[{"single_post_thumbnail_size":"no-crop","single_post_gallery_size":"crop-500"}],"trending_post_position":"meta","trending_post_label":"Trending","sponsored_post_label":"Sponsored by","disable_ad":"0","subtitle":""},"jnews_primary_category":[],"jnews_social_meta":[],"jnews_override_counter":{"view_counter_number":"0","share_counter_number":"0","like_counter_number":"0","dislike_counter_number":"0"},"footnotes":""},"categories":[14772],"tags":[16936,16359,1755,23093],"class_list":["post-30435","post","type-post","status-publish","format-standard","has-post-thumbnail","hentry","category-video","tag-carlos-vicente","tag-gonzalo-moreira","tag-laura-canoura","tag-miguel-lopez"],"yoast_head":"<!-- This site is optimized with the Yoast SEO plugin v27.5 - https:\/\/yoast.com\/product\/yoast-seo-wordpress\/ -->\n<title>Rumbo Al fondo de la red - Cooltivarte Portal<\/title>\n<meta name=\"description\" content=\"En 1978, Mauricio Ubal comienza a tocar en sus primeros recitales, y un a\u00f1o despu\u00e9s funda el grupo Rumbo, junto a Laura Canoura, Gonzalo Moreira, Carlos Vicente, Miguel L\u00f3pez y Gustavo Ripa.\" \/>\n<meta name=\"robots\" content=\"index, follow, max-snippet:-1, max-image-preview:large, max-video-preview:-1\" \/>\n<link rel=\"canonical\" href=\"https:\/\/cooltivarte.com\/portal\/rumbo-al-fondo-de-la-red\/\" \/>\n<meta property=\"og:locale\" content=\"es_ES\" \/>\n<meta property=\"og:type\" content=\"article\" \/>\n<meta property=\"og:title\" content=\"Rumbo Al fondo de la red - Cooltivarte Portal\" \/>\n<meta property=\"og:description\" content=\"En 1978, Mauricio Ubal comienza a tocar en sus primeros recitales, y un a\u00f1o despu\u00e9s funda el grupo Rumbo, junto a Laura Canoura, Gonzalo Moreira, Carlos Vicente, Miguel L\u00f3pez y Gustavo Ripa.\" \/>\n<meta property=\"og:url\" content=\"https:\/\/cooltivarte.com\/portal\/rumbo-al-fondo-de-la-red\/\" \/>\n<meta property=\"og:site_name\" content=\"Cooltivarte Portal\" \/>\n<meta property=\"article:publisher\" content=\"https:\/\/www.facebook.com\/cooltivartecom\/\" \/>\n<meta property=\"article:author\" content=\"https:\/\/www.facebook.com\/cooltivartecom\" \/>\n<meta property=\"article:published_time\" content=\"2017-06-12T00:09:31+00:00\" \/>\n<meta property=\"article:modified_time\" content=\"2025-11-30T22:25:46+00:00\" \/>\n<meta property=\"og:image\" content=\"https:\/\/cooltivarte.com\/portal\/wp-content\/uploads\/2017\/06\/hqdefault-52.jpg\" \/>\n\t<meta property=\"og:image:width\" content=\"480\" \/>\n\t<meta property=\"og:image:height\" content=\"360\" \/>\n\t<meta property=\"og:image:type\" content=\"image\/jpeg\" \/>\n<meta name=\"author\" content=\"Cooltivarte\" \/>\n<meta name=\"twitter:card\" content=\"summary_large_image\" \/>\n<meta name=\"twitter:creator\" content=\"@https:\/\/x.com\/obolocultural\" \/>\n<meta name=\"twitter:site\" content=\"@obolocultural\" \/>\n<meta name=\"twitter:label1\" content=\"Escrito por\" \/>\n\t<meta name=\"twitter:data1\" content=\"Cooltivarte\" \/>\n\t<meta name=\"twitter:label2\" content=\"Tiempo de lectura\" \/>\n\t<meta name=\"twitter:data2\" content=\"2 minutos\" \/>\n<!-- \/ Yoast SEO plugin. -->","yoast_head_json":{"title":"Rumbo Al fondo de la red - Cooltivarte Portal","description":"En 1978, Mauricio Ubal comienza a tocar en sus primeros recitales, y un a\u00f1o despu\u00e9s funda el grupo Rumbo, junto a Laura Canoura, Gonzalo Moreira, Carlos Vicente, Miguel L\u00f3pez y Gustavo Ripa.","robots":{"index":"index","follow":"follow","max-snippet":"max-snippet:-1","max-image-preview":"max-image-preview:large","max-video-preview":"max-video-preview:-1"},"canonical":"https:\/\/cooltivarte.com\/portal\/rumbo-al-fondo-de-la-red\/","og_locale":"es_ES","og_type":"article","og_title":"Rumbo Al fondo de la red - Cooltivarte Portal","og_description":"En 1978, Mauricio Ubal comienza a tocar en sus primeros recitales, y un a\u00f1o despu\u00e9s funda el grupo Rumbo, junto a Laura Canoura, Gonzalo Moreira, Carlos Vicente, Miguel L\u00f3pez y Gustavo Ripa.","og_url":"https:\/\/cooltivarte.com\/portal\/rumbo-al-fondo-de-la-red\/","og_site_name":"Cooltivarte Portal","article_publisher":"https:\/\/www.facebook.com\/cooltivartecom\/","article_author":"https:\/\/www.facebook.com\/cooltivartecom","article_published_time":"2017-06-12T00:09:31+00:00","article_modified_time":"2025-11-30T22:25:46+00:00","og_image":[{"width":480,"height":360,"url":"https:\/\/cooltivarte.com\/portal\/wp-content\/uploads\/2017\/06\/hqdefault-52.jpg","type":"image\/jpeg"}],"author":"Cooltivarte","twitter_card":"summary_large_image","twitter_creator":"@https:\/\/x.com\/obolocultural","twitter_site":"@obolocultural","twitter_misc":{"Escrito por":"Cooltivarte","Tiempo de lectura":"2 minutos"},"schema":{"@context":"https:\/\/schema.org","@graph":[{"@type":"NewsArticle","@id":"https:\/\/cooltivarte.com\/portal\/rumbo-al-fondo-de-la-red\/#article","isPartOf":{"@id":"https:\/\/cooltivarte.com\/portal\/rumbo-al-fondo-de-la-red\/"},"author":{"name":"Cooltivarte","@id":"https:\/\/cooltivarte.com\/portal\/#\/schema\/person\/ec2a4f4e71b740d0c559c0ab9a157e19"},"headline":"Rumbo Al fondo de la red","datePublished":"2017-06-12T00:09:31+00:00","dateModified":"2025-11-30T22:25:46+00:00","mainEntityOfPage":{"@id":"https:\/\/cooltivarte.com\/portal\/rumbo-al-fondo-de-la-red\/"},"wordCount":247,"publisher":{"@id":"https:\/\/cooltivarte.com\/portal\/#organization"},"image":{"@id":"https:\/\/cooltivarte.com\/portal\/rumbo-al-fondo-de-la-red\/#primaryimage"},"thumbnailUrl":"https:\/\/cooltivarte.com\/portal\/wp-content\/uploads\/2017\/06\/hqdefault-52.jpg","keywords":["Carlos Vicente","Gonzalo Moreira","Laura Canoura","Miguel L\u00f3pez"],"articleSection":["Video"],"inLanguage":"es-AR"},{"@type":"WebPage","@id":"https:\/\/cooltivarte.com\/portal\/rumbo-al-fondo-de-la-red\/","url":"https:\/\/cooltivarte.com\/portal\/rumbo-al-fondo-de-la-red\/","name":"Rumbo Al fondo de la red - Cooltivarte Portal","isPartOf":{"@id":"https:\/\/cooltivarte.com\/portal\/#website"},"primaryImageOfPage":{"@id":"https:\/\/cooltivarte.com\/portal\/rumbo-al-fondo-de-la-red\/#primaryimage"},"image":{"@id":"https:\/\/cooltivarte.com\/portal\/rumbo-al-fondo-de-la-red\/#primaryimage"},"thumbnailUrl":"https:\/\/cooltivarte.com\/portal\/wp-content\/uploads\/2017\/06\/hqdefault-52.jpg","datePublished":"2017-06-12T00:09:31+00:00","dateModified":"2025-11-30T22:25:46+00:00","description":"En 1978, Mauricio Ubal comienza a tocar en sus primeros recitales, y un a\u00f1o despu\u00e9s funda el grupo Rumbo, junto a Laura Canoura, Gonzalo Moreira, Carlos Vicente, Miguel L\u00f3pez y Gustavo Ripa.","breadcrumb":{"@id":"https:\/\/cooltivarte.com\/portal\/rumbo-al-fondo-de-la-red\/#breadcrumb"},"inLanguage":"es-AR","potentialAction":[{"@type":"ReadAction","target":["https:\/\/cooltivarte.com\/portal\/rumbo-al-fondo-de-la-red\/"]}]},{"@type":"ImageObject","inLanguage":"es-AR","@id":"https:\/\/cooltivarte.com\/portal\/rumbo-al-fondo-de-la-red\/#primaryimage","url":"https:\/\/cooltivarte.com\/portal\/wp-content\/uploads\/2017\/06\/hqdefault-52.jpg","contentUrl":"https:\/\/cooltivarte.com\/portal\/wp-content\/uploads\/2017\/06\/hqdefault-52.jpg","width":480,"height":360,"caption":"Rumbo Al fondo de la red"},{"@type":"BreadcrumbList","@id":"https:\/\/cooltivarte.com\/portal\/rumbo-al-fondo-de-la-red\/#breadcrumb","itemListElement":[{"@type":"ListItem","position":1,"name":"Portada","item":"https:\/\/cooltivarte.com\/portal\/"},{"@type":"ListItem","position":2,"name":"Rumbo Al fondo de la red"}]},{"@type":"WebSite","@id":"https:\/\/cooltivarte.com\/portal\/#website","url":"https:\/\/cooltivarte.com\/portal\/","name":"Cooltivarte Portal","description":"Arte, cultura y turismo para el mundo ...","publisher":{"@id":"https:\/\/cooltivarte.com\/portal\/#organization"},"potentialAction":[{"@type":"SearchAction","target":{"@type":"EntryPoint","urlTemplate":"https:\/\/cooltivarte.com\/portal\/?s={search_term_string}"},"query-input":{"@type":"PropertyValueSpecification","valueRequired":true,"valueName":"search_term_string"}}],"inLanguage":"es-AR"},{"@type":"Organization","@id":"https:\/\/cooltivarte.com\/portal\/#organization","name":"cooltivarte","url":"https:\/\/cooltivarte.com\/portal\/","logo":{"@type":"ImageObject","inLanguage":"es-AR","@id":"https:\/\/cooltivarte.com\/portal\/#\/schema\/logo\/image\/","url":"https:\/\/cooltivarte.com\/portal\/wp-content\/uploads\/2020\/04\/logo-cooltivarte-v2.png","contentUrl":"https:\/\/cooltivarte.com\/portal\/wp-content\/uploads\/2020\/04\/logo-cooltivarte-v2.png","width":851,"height":243,"caption":"cooltivarte"},"image":{"@id":"https:\/\/cooltivarte.com\/portal\/#\/schema\/logo\/image\/"},"sameAs":["https:\/\/www.facebook.com\/cooltivartecom\/","https:\/\/x.com\/obolocultural","https:\/\/www.instagram.com\/_cooltivarte_\/","https:\/\/www.linkedin.com\/company\/-bolocultural?reportsuccess=8zaNG1HwhPbAR9iQhZ5rfGeqz_vQFftHun0ZWU0Wy9vNemRJ8vtcKdJvzQfW8XagyOJSKg0XvfJ1dp","https:\/\/www.pinterest.com\/cooltivarte\/","https:\/\/cooltivarte.tumblr.com\/","https:\/\/www.tiktok.com\/@cooltivarte","https:\/\/www.youtube.com\/@PrensaCooltivarte"]},{"@type":"Person","@id":"https:\/\/cooltivarte.com\/portal\/#\/schema\/person\/ec2a4f4e71b740d0c559c0ab9a157e19","name":"Cooltivarte","image":{"@type":"ImageObject","inLanguage":"es-AR","@id":"https:\/\/cooltivarte.com\/portal\/wp-content\/uploads\/2014\/05\/logo-cooltivarte-120x120.jpg","url":"https:\/\/cooltivarte.com\/portal\/wp-content\/uploads\/2014\/05\/logo-cooltivarte-120x120.jpg","contentUrl":"https:\/\/cooltivarte.com\/portal\/wp-content\/uploads\/2014\/05\/logo-cooltivarte-120x120.jpg","caption":"Cooltivarte"},"description":"Somos COOLTIVARTE.COM. Un portal digital dedicado a difundir el acontecer art\u00edstico y cultural del Uruguay. Estamos en la vuelta desde el a\u00f1o 2003, y como evoluci\u00f3n del bolet\u00edn Obolo Cultural, nos encontramos abocados a apoyar a los artistas nacionales brind\u00e1ndoles un espacio de difusi\u00f3n. Creemos en la idea de utilizar la potencialidad que hoy d\u00eda nos otorga la web, para que la cultura uruguaya y sus creadores dispongan de una din\u00e1mica ventana, que los ponga en contacto entre s\u00ed y con el mundo. Somos COOLTIVARTE.COM y pretendemos configurarnos como un portal din\u00e1mico, entretenido y atento a los nuevos emprendimientos, que busque siempre la interacci\u00f3n con los artistas.","sameAs":["http:\/\/www.cooltivarte.com","https:\/\/www.facebook.com\/cooltivartecom","https:\/\/www.instagram.com\/_cooltivarte_\/","https:\/\/www.linkedin.com\/company\/-bolocultural","https:\/\/www.pinterest.com\/cooltivarte\/","https:\/\/x.com\/https:\/\/x.com\/obolocultural","https:\/\/www.youtube.com\/@PrensaCooltivarte","https:\/\/www.tumblr.com\/blog\/cooltivarte"],"url":"https:\/\/cooltivarte.com\/portal\/author\/cooltivarte\/"}]}},"_links":{"self":[{"href":"https:\/\/cooltivarte.com\/portal\/wp-json\/wp\/v2\/posts\/30435","targetHints":{"allow":["GET"]}}],"collection":[{"href":"https:\/\/cooltivarte.com\/portal\/wp-json\/wp\/v2\/posts"}],"about":[{"href":"https:\/\/cooltivarte.com\/portal\/wp-json\/wp\/v2\/types\/post"}],"author":[{"embeddable":true,"href":"https:\/\/cooltivarte.com\/portal\/wp-json\/wp\/v2\/users\/8"}],"replies":[{"embeddable":true,"href":"https:\/\/cooltivarte.com\/portal\/wp-json\/wp\/v2\/comments?post=30435"}],"version-history":[{"count":6,"href":"https:\/\/cooltivarte.com\/portal\/wp-json\/wp\/v2\/posts\/30435\/revisions"}],"predecessor-version":[{"id":120239,"href":"https:\/\/cooltivarte.com\/portal\/wp-json\/wp\/v2\/posts\/30435\/revisions\/120239"}],"wp:featuredmedia":[{"embeddable":true,"href":"https:\/\/cooltivarte.com\/portal\/wp-json\/wp\/v2\/media\/30437"}],"wp:attachment":[{"href":"https:\/\/cooltivarte.com\/portal\/wp-json\/wp\/v2\/media?parent=30435"}],"wp:term":[{"taxonomy":"category","embeddable":true,"href":"https:\/\/cooltivarte.com\/portal\/wp-json\/wp\/v2\/categories?post=30435"},{"taxonomy":"post_tag","embeddable":true,"href":"https:\/\/cooltivarte.com\/portal\/wp-json\/wp\/v2\/tags?post=30435"}],"curies":[{"name":"wp","href":"https:\/\/api.w.org\/{rel}","templated":true}]}}