{"id":28684,"date":"2017-05-01T01:59:03","date_gmt":"2017-05-01T04:59:03","guid":{"rendered":"http:\/\/cooltivarte.com\/portal\/?p=28684"},"modified":"2024-07-07T20:02:37","modified_gmt":"2024-07-07T23:02:37","slug":"dia-internacional-del-jazz-en-punta-del-este","status":"publish","type":"post","link":"https:\/\/cooltivarte.com\/portal\/dia-internacional-del-jazz-en-punta-del-este\/","title":{"rendered":"D\u00eda Internacional del Jazz en Punta del Este"},"content":{"rendered":"<p><iframe title=\"YouTube video player\" src=\"https:\/\/www.youtube.com\/embed\/Gq8N_al5XcU?si=G8PKCFmrgK8AaJoO\" width=\"100%\" height=\"515\" frameborder=\"0\" allowfullscreen=\"allowfullscreen\"><span data-mce-type=\"bookmark\" style=\"display: inline-block; width: 0px; overflow: hidden; line-height: 0;\" class=\"mce_SELRES_start\">\ufeff<\/span><\/iframe><\/p>\n<p>&nbsp;<\/p>\n<p><a href=\"https:\/\/cooltivarte.com\/portal\/?s=Festival+Internacional+de+Jazz+de+Punta+del+Este\"><strong>Festival Internacional de Jazz de Punta del Este<\/strong><\/a> festeja el <strong>D\u00eda Internacional del Jazz<\/strong><br \/>\n<strong>Finca El Sosiego<\/strong><br \/>\n30\/4\/17<\/p>\n<p>&nbsp;<\/p>\n<p><strong><a href=\"https:\/\/cooltivarte.com\/portal\/?s=Popo+Romano\">Popo Romano<\/a>&nbsp;&#8211; Contrabajo<\/strong><br \/>\n<strong><a href=\"https:\/\/cooltivarte.com\/portal\/?s=Pablo+Meneses\" target=\"_blank\" rel=\"noopener noreferrer\">Pablo Meneses<\/a> &#8211; Bater\u00eda<a href=\"http:\/\/pelaomeneses.com\" target=\"_blank\" rel=\"noopener noreferrer\"><br \/>\n<\/a><a href=\"https:\/\/cooltivarte.com\/portal\/?s=Maxi+Nathan\">Maxi Nathan<\/a>&nbsp;&#8211; Vibr\u00e1fono<\/strong><br \/>\n<strong><a href=\"https:\/\/cooltivarte.com\/portal\/?s=Daniel+Escanellas\" target=\"_blank\" rel=\"noopener\">Daniel Escanellas<\/a> &#8211; Saxo<br \/>\n<a href=\"https:\/\/www.facebook.com\/sebastian.zinola?fref=ts\" target=\"_blank\" rel=\"noopener noreferrer\">Sebasti\u00e1n Zinola<\/a> &#8211; Piano<br \/>\n<\/strong><\/p>\n<p>&nbsp;<\/p>\n<p>&nbsp;<\/p>\n<p>&nbsp;<\/p>\n","protected":false},"excerpt":{"rendered":"<p>Festival Internacional de Jazz de Punta del Este festeja el D\u00eda Internacional del Jazz<br \/>\nFinca El Sosiego<br \/>\n30\/4\/17<\/p>\n<p>Popo Romano\u00a0&#8211; Contrabajo<br \/>\nPablo Meneses &#8211; Bater\u00eda<br \/>\nMaxi Nathan\u00a0&#8211; Vibr\u00e1fono<br \/>\nDaniel Escanellas &#8211; Saxo<br \/>\nSebasti\u00e1n Zinola &#8211; Piano<\/p>\n","protected":false},"author":41,"featured_media":28686,"comment_status":"closed","ping_status":"closed","sticky":false,"template":"","format":"standard","meta":{"om_disable_all_campaigns":false,"ngg_post_thumbnail":0,"jnews-multi-image_gallery":[],"jnews_single_post":{"subtitle":"Finca El Sosiego - 30\/4\/2017","format":"standard","video":"","gallery":"","source_name":"","source_url":"","via_name":"","via_url":"","override_template":"0","override":[{"template":"4","single_blog_custom":"","parallax":"1","fullscreen":"0","layout":"right-sidebar","sidebar":"default-sidebar","second_sidebar":"default-sidebar","sticky_sidebar":"1","share_position":"bottom","share_float_style":"share-monocrhome","show_share_counter":"1","show_view_counter":"1","show_featured":"1","show_post_meta":"1","show_post_author":"1","show_post_author_image":"1","show_post_date":"1","post_date_format":"default","post_date_format_custom":"Y\/m\/d","show_post_category":"1","show_post_reading_time":"0","post_reading_time_wpm":"300","show_zoom_button":"0","zoom_button_out_step":"2","zoom_button_in_step":"3","show_post_tag":"1","show_prev_next_post":"1","show_popup_post":"1","number_popup_post":"1","show_author_box":"1","show_post_related":"0","show_inline_post_related":"0"}],"override_image_size":"0","image_override":[{"single_post_thumbnail_size":"no-crop","single_post_gallery_size":"crop-500"}],"trending_post":"0","trending_post_position":"meta","trending_post_label":"Trending","sponsored_post":"0","sponsored_post_label":"Sponsored by","sponsored_post_name":"","sponsored_post_url":"","sponsored_post_logo_enable":"0","sponsored_post_logo":"","sponsored_post_desc":"","disable_ad":"0"},"jnews_primary_category":{"id":"","hide":""},"jnews_social_meta":{"fb_title":"","fb_description":"","fb_image":"","twitter_title":"","twitter_description":"","twitter_image":""},"jnews_override_counter":{"override_view_counter":"0","view_counter_number":"0","override_share_counter":"0","share_counter_number":"0","override_like_counter":"0","like_counter_number":"0","override_dislike_counter":"0","dislike_counter_number":"0"},"footnotes":""},"categories":[14772],"tags":[1718,8419,195,100],"class_list":["post-28684","post","type-post","status-publish","format-standard","has-post-thumbnail","hentry","category-video","tag-festival-internacional-de-jazz-de-punta-del-este","tag-finca-el-sosiego","tag-jazz","tag-musica"],"yoast_head":"<!-- This site is optimized with the Yoast SEO plugin v27.5 - https:\/\/yoast.com\/product\/yoast-seo-wordpress\/ -->\n<title>D\u00eda Internacional del Jazz en Punta del Este - Cooltivarte Portal<\/title>\n<meta name=\"description\" content=\"Popo Romano\u00a0- Contrabajo - Pablo Meneses - Bater\u00eda - Maxi Nathan\u00a0- Vibr\u00e1fono - Daniel Escanellas - Saxo - Sebasti\u00e1n Zinola - Piano\" \/>\n<meta name=\"robots\" content=\"index, follow, max-snippet:-1, max-image-preview:large, max-video-preview:-1\" \/>\n<link rel=\"canonical\" href=\"https:\/\/cooltivarte.com\/portal\/dia-internacional-del-jazz-en-punta-del-este\/\" \/>\n<meta property=\"og:locale\" content=\"es_ES\" \/>\n<meta property=\"og:type\" content=\"article\" \/>\n<meta property=\"og:title\" content=\"D\u00eda Internacional del Jazz en Punta del Este - Cooltivarte Portal\" \/>\n<meta property=\"og:description\" content=\"Popo Romano\u00a0- Contrabajo - Pablo Meneses - Bater\u00eda - Maxi Nathan\u00a0- Vibr\u00e1fono - Daniel Escanellas - Saxo - Sebasti\u00e1n Zinola - Piano\" \/>\n<meta property=\"og:url\" content=\"https:\/\/cooltivarte.com\/portal\/dia-internacional-del-jazz-en-punta-del-este\/\" \/>\n<meta property=\"og:site_name\" content=\"Cooltivarte Portal\" \/>\n<meta property=\"article:publisher\" content=\"https:\/\/www.facebook.com\/cooltivartecom\/\" \/>\n<meta property=\"article:author\" content=\"https:\/\/www.facebook.com\/servando.valero?fref=ts\" \/>\n<meta property=\"article:published_time\" content=\"2017-05-01T04:59:03+00:00\" \/>\n<meta property=\"article:modified_time\" content=\"2024-07-07T23:02:37+00:00\" \/>\n<meta property=\"og:image\" content=\"https:\/\/cooltivarte.com\/portal\/wp-content\/uploads\/2017\/05\/hqdefault.jpg\" \/>\n\t<meta property=\"og:image:width\" content=\"480\" \/>\n\t<meta property=\"og:image:height\" content=\"360\" \/>\n\t<meta property=\"og:image:type\" content=\"image\/jpeg\" \/>\n<meta name=\"author\" content=\"Servando Valero\" \/>\n<meta name=\"twitter:card\" content=\"summary_large_image\" \/>\n<meta name=\"twitter:creator\" content=\"@https:\/\/x.com\/obolocultural\" \/>\n<meta name=\"twitter:site\" content=\"@obolocultural\" \/>\n<meta name=\"twitter:label1\" content=\"Escrito por\" \/>\n\t<meta name=\"twitter:data1\" content=\"Servando Valero\" \/>\n\t<meta name=\"twitter:label2\" content=\"Tiempo de lectura\" \/>\n\t<meta name=\"twitter:data2\" content=\"1 minuto\" \/>\n<!-- \/ Yoast SEO plugin. -->","yoast_head_json":{"title":"D\u00eda Internacional del Jazz en Punta del Este - Cooltivarte Portal","description":"Popo Romano\u00a0- Contrabajo - Pablo Meneses - Bater\u00eda - Maxi Nathan\u00a0- Vibr\u00e1fono - Daniel Escanellas - Saxo - Sebasti\u00e1n Zinola - Piano","robots":{"index":"index","follow":"follow","max-snippet":"max-snippet:-1","max-image-preview":"max-image-preview:large","max-video-preview":"max-video-preview:-1"},"canonical":"https:\/\/cooltivarte.com\/portal\/dia-internacional-del-jazz-en-punta-del-este\/","og_locale":"es_ES","og_type":"article","og_title":"D\u00eda Internacional del Jazz en Punta del Este - Cooltivarte Portal","og_description":"Popo Romano\u00a0- Contrabajo - Pablo Meneses - Bater\u00eda - Maxi Nathan\u00a0- Vibr\u00e1fono - Daniel Escanellas - Saxo - Sebasti\u00e1n Zinola - Piano","og_url":"https:\/\/cooltivarte.com\/portal\/dia-internacional-del-jazz-en-punta-del-este\/","og_site_name":"Cooltivarte Portal","article_publisher":"https:\/\/www.facebook.com\/cooltivartecom\/","article_author":"https:\/\/www.facebook.com\/servando.valero?fref=ts","article_published_time":"2017-05-01T04:59:03+00:00","article_modified_time":"2024-07-07T23:02:37+00:00","og_image":[{"width":480,"height":360,"url":"https:\/\/cooltivarte.com\/portal\/wp-content\/uploads\/2017\/05\/hqdefault.jpg","type":"image\/jpeg"}],"author":"Servando Valero","twitter_card":"summary_large_image","twitter_creator":"@https:\/\/x.com\/obolocultural","twitter_site":"@obolocultural","twitter_misc":{"Escrito por":"Servando Valero","Tiempo de lectura":"1 minuto"},"schema":{"@context":"https:\/\/schema.org","@graph":[{"@type":"NewsArticle","@id":"https:\/\/cooltivarte.com\/portal\/dia-internacional-del-jazz-en-punta-del-este\/#article","isPartOf":{"@id":"https:\/\/cooltivarte.com\/portal\/dia-internacional-del-jazz-en-punta-del-este\/"},"author":{"name":"Servando Valero","@id":"https:\/\/cooltivarte.com\/portal\/#\/schema\/person\/a9c901ded8b890fe72d6c94e6e144121"},"headline":"D\u00eda Internacional del Jazz en Punta del Este","datePublished":"2017-05-01T04:59:03+00:00","dateModified":"2024-07-07T23:02:37+00:00","mainEntityOfPage":{"@id":"https:\/\/cooltivarte.com\/portal\/dia-internacional-del-jazz-en-punta-del-este\/"},"wordCount":57,"publisher":{"@id":"https:\/\/cooltivarte.com\/portal\/#organization"},"image":{"@id":"https:\/\/cooltivarte.com\/portal\/dia-internacional-del-jazz-en-punta-del-este\/#primaryimage"},"thumbnailUrl":"https:\/\/cooltivarte.com\/portal\/wp-content\/uploads\/2017\/05\/hqdefault.jpg","keywords":["Festival Internacional de Jazz de Punta del Este","Finca El Sosiego","Jazz","M\u00fasica"],"articleSection":["Video"],"inLanguage":"es-AR"},{"@type":"WebPage","@id":"https:\/\/cooltivarte.com\/portal\/dia-internacional-del-jazz-en-punta-del-este\/","url":"https:\/\/cooltivarte.com\/portal\/dia-internacional-del-jazz-en-punta-del-este\/","name":"D\u00eda Internacional del Jazz en Punta del Este - Cooltivarte Portal","isPartOf":{"@id":"https:\/\/cooltivarte.com\/portal\/#website"},"primaryImageOfPage":{"@id":"https:\/\/cooltivarte.com\/portal\/dia-internacional-del-jazz-en-punta-del-este\/#primaryimage"},"image":{"@id":"https:\/\/cooltivarte.com\/portal\/dia-internacional-del-jazz-en-punta-del-este\/#primaryimage"},"thumbnailUrl":"https:\/\/cooltivarte.com\/portal\/wp-content\/uploads\/2017\/05\/hqdefault.jpg","datePublished":"2017-05-01T04:59:03+00:00","dateModified":"2024-07-07T23:02:37+00:00","description":"Popo Romano\u00a0- Contrabajo - Pablo Meneses - Bater\u00eda - Maxi Nathan\u00a0- Vibr\u00e1fono - Daniel Escanellas - Saxo - Sebasti\u00e1n Zinola - Piano","breadcrumb":{"@id":"https:\/\/cooltivarte.com\/portal\/dia-internacional-del-jazz-en-punta-del-este\/#breadcrumb"},"inLanguage":"es-AR","potentialAction":[{"@type":"ReadAction","target":["https:\/\/cooltivarte.com\/portal\/dia-internacional-del-jazz-en-punta-del-este\/"]}]},{"@type":"ImageObject","inLanguage":"es-AR","@id":"https:\/\/cooltivarte.com\/portal\/dia-internacional-del-jazz-en-punta-del-este\/#primaryimage","url":"https:\/\/cooltivarte.com\/portal\/wp-content\/uploads\/2017\/05\/hqdefault.jpg","contentUrl":"https:\/\/cooltivarte.com\/portal\/wp-content\/uploads\/2017\/05\/hqdefault.jpg","width":480,"height":360,"caption":"D\u00eda Internacional del Jazz"},{"@type":"BreadcrumbList","@id":"https:\/\/cooltivarte.com\/portal\/dia-internacional-del-jazz-en-punta-del-este\/#breadcrumb","itemListElement":[{"@type":"ListItem","position":1,"name":"Portada","item":"https:\/\/cooltivarte.com\/portal\/"},{"@type":"ListItem","position":2,"name":"D\u00eda Internacional del Jazz en Punta del Este"}]},{"@type":"WebSite","@id":"https:\/\/cooltivarte.com\/portal\/#website","url":"https:\/\/cooltivarte.com\/portal\/","name":"Cooltivarte Portal","description":"Arte, cultura y turismo para el mundo ...","publisher":{"@id":"https:\/\/cooltivarte.com\/portal\/#organization"},"potentialAction":[{"@type":"SearchAction","target":{"@type":"EntryPoint","urlTemplate":"https:\/\/cooltivarte.com\/portal\/?s={search_term_string}"},"query-input":{"@type":"PropertyValueSpecification","valueRequired":true,"valueName":"search_term_string"}}],"inLanguage":"es-AR"},{"@type":"Organization","@id":"https:\/\/cooltivarte.com\/portal\/#organization","name":"cooltivarte","url":"https:\/\/cooltivarte.com\/portal\/","logo":{"@type":"ImageObject","inLanguage":"es-AR","@id":"https:\/\/cooltivarte.com\/portal\/#\/schema\/logo\/image\/","url":"https:\/\/cooltivarte.com\/portal\/wp-content\/uploads\/2020\/04\/logo-cooltivarte-v2.png","contentUrl":"https:\/\/cooltivarte.com\/portal\/wp-content\/uploads\/2020\/04\/logo-cooltivarte-v2.png","width":851,"height":243,"caption":"cooltivarte"},"image":{"@id":"https:\/\/cooltivarte.com\/portal\/#\/schema\/logo\/image\/"},"sameAs":["https:\/\/www.facebook.com\/cooltivartecom\/","https:\/\/x.com\/obolocultural","https:\/\/www.instagram.com\/_cooltivarte_\/","https:\/\/www.linkedin.com\/company\/-bolocultural?reportsuccess=8zaNG1HwhPbAR9iQhZ5rfGeqz_vQFftHun0ZWU0Wy9vNemRJ8vtcKdJvzQfW8XagyOJSKg0XvfJ1dp","https:\/\/www.pinterest.com\/cooltivarte\/","https:\/\/cooltivarte.tumblr.com\/","https:\/\/www.tiktok.com\/@cooltivarte","https:\/\/www.youtube.com\/@PrensaCooltivarte"]},{"@type":"Person","@id":"https:\/\/cooltivarte.com\/portal\/#\/schema\/person\/a9c901ded8b890fe72d6c94e6e144121","name":"Servando Valero","image":{"@type":"ImageObject","inLanguage":"es-AR","@id":"https:\/\/cooltivarte.com\/portal\/wp-content\/uploads\/2015\/01\/servando-valero-120x120.jpg","url":"https:\/\/cooltivarte.com\/portal\/wp-content\/uploads\/2015\/01\/servando-valero-120x120.jpg","contentUrl":"https:\/\/cooltivarte.com\/portal\/wp-content\/uploads\/2015\/01\/servando-valero-120x120.jpg","caption":"Servando Valero"},"description":"Nacido en 1979 Servando Valero ha trabajado en Maldonado en el diario Estediario y en la revista cultural Iscariote. Tambi\u00e9n colabor\u00f3 en el semanario Brecha de Montevideo. En el a\u00f1o 2000 realiz\u00f3 el curso b\u00e1sico de Fotograf\u00eda en el Foto Club Uruguayo (FCU) y en 2004 concurri\u00f3 al Taller de Fotorreportaje con el Prof. Daniel Caselli. En 2005 realiza una exposici\u00f3n individual en Casa de la Cultura de Maldonado. En 2007 participa de la exposici\u00f3n colectiva en el Museo Mazzoni (Maldonado). En 2008 tambi\u00e9n es part\u00edcipe de una exposici\u00f3n mixta junto al artista pl\u00e1stico Dar\u00edo Parissi en el XIII\u00ba Festival Internacional de Jazz de Punta del Este. En 2009 y 2010 expuso individualmente en el Museo Mazzoni de Maldonado.","sameAs":["http:\/\/uy.linkedin.com\/pub\/servando-valero\/50\/b19\/74","https:\/\/www.facebook.com\/servando.valero?fref=ts","https:\/\/www.instagram.com\/_cooltivarte_\/","https:\/\/www.linkedin.com\/company\/-bolocultural","https:\/\/www.pinterest.com\/cooltivarte","https:\/\/x.com\/https:\/\/x.com\/obolocultural","https:\/\/www.youtube.com\/channel\/UCnWqVnH5F8gszscFI0Fy1RA","https:\/\/www.tumblr.com\/blog\/cooltivarte"],"url":"https:\/\/cooltivarte.com\/portal\/author\/servando\/"}]}},"_links":{"self":[{"href":"https:\/\/cooltivarte.com\/portal\/wp-json\/wp\/v2\/posts\/28684","targetHints":{"allow":["GET"]}}],"collection":[{"href":"https:\/\/cooltivarte.com\/portal\/wp-json\/wp\/v2\/posts"}],"about":[{"href":"https:\/\/cooltivarte.com\/portal\/wp-json\/wp\/v2\/types\/post"}],"author":[{"embeddable":true,"href":"https:\/\/cooltivarte.com\/portal\/wp-json\/wp\/v2\/users\/41"}],"replies":[{"embeddable":true,"href":"https:\/\/cooltivarte.com\/portal\/wp-json\/wp\/v2\/comments?post=28684"}],"version-history":[{"count":7,"href":"https:\/\/cooltivarte.com\/portal\/wp-json\/wp\/v2\/posts\/28684\/revisions"}],"predecessor-version":[{"id":104640,"href":"https:\/\/cooltivarte.com\/portal\/wp-json\/wp\/v2\/posts\/28684\/revisions\/104640"}],"wp:featuredmedia":[{"embeddable":true,"href":"https:\/\/cooltivarte.com\/portal\/wp-json\/wp\/v2\/media\/28686"}],"wp:attachment":[{"href":"https:\/\/cooltivarte.com\/portal\/wp-json\/wp\/v2\/media?parent=28684"}],"wp:term":[{"taxonomy":"category","embeddable":true,"href":"https:\/\/cooltivarte.com\/portal\/wp-json\/wp\/v2\/categories?post=28684"},{"taxonomy":"post_tag","embeddable":true,"href":"https:\/\/cooltivarte.com\/portal\/wp-json\/wp\/v2\/tags?post=28684"}],"curies":[{"name":"wp","href":"https:\/\/api.w.org\/{rel}","templated":true}]}}