{"id":28671,"date":"2017-04-30T20:44:19","date_gmt":"2017-04-30T23:44:19","guid":{"rendered":"http:\/\/cooltivarte.com\/portal\/?p=28671"},"modified":"2017-12-09T00:52:27","modified_gmt":"2017-12-09T03:52:27","slug":"el-principal-desafio-crisis-educativa-y-deficit-cultural","status":"publish","type":"post","link":"https:\/\/cooltivarte.com\/portal\/el-principal-desafio-crisis-educativa-y-deficit-cultural\/","title":{"rendered":"El principal desaf\u00edo: crisis educativa y d\u00e9ficit cultural"},"content":{"rendered":"<p>Estimados, comparto audio de la instancia que me tuvo como invitado a fines del a\u00f1o pasado en la <strong>Feria del Libro de San Jos\u00e9<\/strong>, en donde abord\u00e9 el v\u00ednculo entre <strong><a href=\"https:\/\/cooltivarte.com\/portal\/proyecto-educacion-y-capital-cultural-del-prof-pablo-romero-garcia\/\">educaci\u00f3n y capital cultural<\/a><\/strong>, reflexionando sobre el principal problema y desaf\u00edo que tenemos como comunidad.<\/p>\n<p>Desde mi experiencia como docente y desde propuestas concretas que presento para abordar la tem\u00e1tica, se traen a escena autores como <strong>Vaz Ferreira, Bourdieu, Giroux<\/strong>, etc., buscando enriquecer el campo te\u00f3rico en relaci\u00f3n con la pr\u00e1ctica en el marco de un debate que es necesario promover y colocar decididamente en la escena p\u00fablica.<\/p>\n<p>&nbsp;<br \/>\n&nbsp;<\/p>\n<p><script async src=\"\/\/pagead2.googlesyndication.com\/pagead\/js\/adsbygoogle.js\"><\/script><br \/>\n<script>\n  (adsbygoogle = window.adsbygoogle || []).push({\n    google_ad_client: \"ca-pub-1258162831753121\",\n    enable_page_level_ads: true\n  });\n<\/script><\/p>\n<p>&nbsp;<br \/>\n&nbsp;<\/p>\n","protected":false},"excerpt":{"rendered":"<p>Estimados, comparto audio de la instancia que me tuvo como invitado a fines del a\u00f1o pasado en la Feria del Libro de San Jos\u00e9, en donde abord\u00e9 el v\u00ednculo entre educaci\u00f3n y capital cultural, reflexionando sobre el principal problema y desaf\u00edo que tenemos como comunidad. Desde mi experiencia como docente y desde propuestas concretas que [&hellip;]<\/p>\n","protected":false},"author":9,"featured_media":28673,"comment_status":"closed","ping_status":"closed","sticky":false,"template":"","format":"video","meta":{"om_disable_all_campaigns":false,"ngg_post_thumbnail":0,"jnews-multi-image_gallery":[],"jnews_single_post":[],"jnews_primary_category":[],"jnews_social_meta":[],"jnews_override_counter":[],"footnotes":""},"categories":[3384],"tags":[],"class_list":["post-28671","post","type-post","status-publish","format-video","has-post-thumbnail","hentry","category-educacion","post_format-post-format-video"],"yoast_head":"<!-- This site is optimized with the Yoast SEO plugin v27.5 - https:\/\/yoast.com\/product\/yoast-seo-wordpress\/ -->\n<title>El principal desaf\u00edo: crisis educativa y d\u00e9ficit cultural - Cooltivarte Portal<\/title>\n<meta name=\"description\" content=\"COOLTIVARTE.COM es un portal digital colaborativo de actualizaci\u00f3n permanente dedicado a difundir el acontecer art\u00edstico y cultural, entrevista artistas, gestores y productores de las diferentes disciplinas del arte, y publicando art\u00edculos de reflexi\u00f3n de producci\u00f3n propia sobre los elementos culturales.\" \/>\n<meta name=\"robots\" content=\"index, follow, max-snippet:-1, max-image-preview:large, max-video-preview:-1\" \/>\n<link rel=\"canonical\" href=\"https:\/\/cooltivarte.com\/portal\/el-principal-desafio-crisis-educativa-y-deficit-cultural\/\" \/>\n<meta property=\"og:locale\" content=\"es_ES\" \/>\n<meta property=\"og:type\" content=\"article\" \/>\n<meta property=\"og:title\" content=\"El principal desaf\u00edo: crisis educativa y d\u00e9ficit cultural - Cooltivarte Portal\" \/>\n<meta property=\"og:description\" content=\"COOLTIVARTE.COM es un portal digital colaborativo de actualizaci\u00f3n permanente dedicado a difundir el acontecer art\u00edstico y cultural, entrevista artistas, gestores y productores de las diferentes disciplinas del arte, y publicando art\u00edculos de reflexi\u00f3n de producci\u00f3n propia sobre los elementos culturales.\" \/>\n<meta property=\"og:url\" content=\"https:\/\/cooltivarte.com\/portal\/el-principal-desafio-crisis-educativa-y-deficit-cultural\/\" \/>\n<meta property=\"og:site_name\" content=\"Cooltivarte Portal\" \/>\n<meta property=\"article:publisher\" content=\"https:\/\/www.facebook.com\/cooltivartecom\/\" \/>\n<meta property=\"article:author\" content=\"http:\/\/www.facebook.com\/pablorom777\" \/>\n<meta property=\"article:published_time\" content=\"2017-04-30T23:44:19+00:00\" \/>\n<meta property=\"article:modified_time\" content=\"2017-12-09T03:52:27+00:00\" \/>\n<meta property=\"og:image\" content=\"https:\/\/cooltivarte.com\/portal\/wp-content\/uploads\/2017\/04\/pablo-romero.jpg\" \/>\n\t<meta property=\"og:image:width\" content=\"704\" \/>\n\t<meta property=\"og:image:height\" content=\"396\" \/>\n\t<meta property=\"og:image:type\" content=\"image\/jpeg\" \/>\n<meta name=\"author\" content=\"Pablo Romero\" \/>\n<meta name=\"twitter:card\" content=\"summary_large_image\" \/>\n<meta name=\"twitter:creator\" content=\"@https:\/\/twitter.com\/Pabloromero74\" \/>\n<meta name=\"twitter:site\" content=\"@obolocultural\" \/>\n<meta name=\"twitter:label1\" content=\"Escrito por\" \/>\n\t<meta name=\"twitter:data1\" content=\"Pablo Romero\" \/>\n\t<meta name=\"twitter:label2\" content=\"Tiempo de lectura\" \/>\n\t<meta name=\"twitter:data2\" content=\"1 minuto\" \/>\n<!-- \/ Yoast SEO plugin. -->","yoast_head_json":{"title":"El principal desaf\u00edo: crisis educativa y d\u00e9ficit cultural - Cooltivarte Portal","description":"COOLTIVARTE.COM es un portal digital colaborativo de actualizaci\u00f3n permanente dedicado a difundir el acontecer art\u00edstico y cultural, entrevista artistas, gestores y productores de las diferentes disciplinas del arte, y publicando art\u00edculos de reflexi\u00f3n de producci\u00f3n propia sobre los elementos culturales.","robots":{"index":"index","follow":"follow","max-snippet":"max-snippet:-1","max-image-preview":"max-image-preview:large","max-video-preview":"max-video-preview:-1"},"canonical":"https:\/\/cooltivarte.com\/portal\/el-principal-desafio-crisis-educativa-y-deficit-cultural\/","og_locale":"es_ES","og_type":"article","og_title":"El principal desaf\u00edo: crisis educativa y d\u00e9ficit cultural - Cooltivarte Portal","og_description":"COOLTIVARTE.COM es un portal digital colaborativo de actualizaci\u00f3n permanente dedicado a difundir el acontecer art\u00edstico y cultural, entrevista artistas, gestores y productores de las diferentes disciplinas del arte, y publicando art\u00edculos de reflexi\u00f3n de producci\u00f3n propia sobre los elementos culturales.","og_url":"https:\/\/cooltivarte.com\/portal\/el-principal-desafio-crisis-educativa-y-deficit-cultural\/","og_site_name":"Cooltivarte Portal","article_publisher":"https:\/\/www.facebook.com\/cooltivartecom\/","article_author":"http:\/\/www.facebook.com\/pablorom777","article_published_time":"2017-04-30T23:44:19+00:00","article_modified_time":"2017-12-09T03:52:27+00:00","og_image":[{"width":704,"height":396,"url":"https:\/\/cooltivarte.com\/portal\/wp-content\/uploads\/2017\/04\/pablo-romero.jpg","type":"image\/jpeg"}],"author":"Pablo Romero","twitter_card":"summary_large_image","twitter_creator":"@https:\/\/twitter.com\/Pabloromero74","twitter_site":"@obolocultural","twitter_misc":{"Escrito por":"Pablo Romero","Tiempo de lectura":"1 minuto"},"schema":{"@context":"https:\/\/schema.org","@graph":[{"@type":"NewsArticle","@id":"https:\/\/cooltivarte.com\/portal\/el-principal-desafio-crisis-educativa-y-deficit-cultural\/#article","isPartOf":{"@id":"https:\/\/cooltivarte.com\/portal\/el-principal-desafio-crisis-educativa-y-deficit-cultural\/"},"author":{"name":"Pablo Romero","@id":"https:\/\/cooltivarte.com\/portal\/#\/schema\/person\/4142f96deaf5a27e4da3000f2d909698"},"headline":"El principal desaf\u00edo: crisis educativa y d\u00e9ficit cultural","datePublished":"2017-04-30T23:44:19+00:00","dateModified":"2017-12-09T03:52:27+00:00","mainEntityOfPage":{"@id":"https:\/\/cooltivarte.com\/portal\/el-principal-desafio-crisis-educativa-y-deficit-cultural\/"},"wordCount":121,"publisher":{"@id":"https:\/\/cooltivarte.com\/portal\/#organization"},"image":{"@id":"https:\/\/cooltivarte.com\/portal\/el-principal-desafio-crisis-educativa-y-deficit-cultural\/#primaryimage"},"thumbnailUrl":"https:\/\/cooltivarte.com\/portal\/wp-content\/uploads\/2017\/04\/pablo-romero.jpg","articleSection":["Educaci\u00f3n"],"inLanguage":"es-AR"},{"@type":"WebPage","@id":"https:\/\/cooltivarte.com\/portal\/el-principal-desafio-crisis-educativa-y-deficit-cultural\/","url":"https:\/\/cooltivarte.com\/portal\/el-principal-desafio-crisis-educativa-y-deficit-cultural\/","name":"El principal desaf\u00edo: crisis educativa y d\u00e9ficit cultural - Cooltivarte Portal","isPartOf":{"@id":"https:\/\/cooltivarte.com\/portal\/#website"},"primaryImageOfPage":{"@id":"https:\/\/cooltivarte.com\/portal\/el-principal-desafio-crisis-educativa-y-deficit-cultural\/#primaryimage"},"image":{"@id":"https:\/\/cooltivarte.com\/portal\/el-principal-desafio-crisis-educativa-y-deficit-cultural\/#primaryimage"},"thumbnailUrl":"https:\/\/cooltivarte.com\/portal\/wp-content\/uploads\/2017\/04\/pablo-romero.jpg","datePublished":"2017-04-30T23:44:19+00:00","dateModified":"2017-12-09T03:52:27+00:00","description":"COOLTIVARTE.COM es un portal digital colaborativo de actualizaci\u00f3n permanente dedicado a difundir el acontecer art\u00edstico y cultural, entrevista artistas, gestores y productores de las diferentes disciplinas del arte, y publicando art\u00edculos de reflexi\u00f3n de producci\u00f3n propia sobre los elementos culturales.","breadcrumb":{"@id":"https:\/\/cooltivarte.com\/portal\/el-principal-desafio-crisis-educativa-y-deficit-cultural\/#breadcrumb"},"inLanguage":"es-AR","potentialAction":[{"@type":"ReadAction","target":["https:\/\/cooltivarte.com\/portal\/el-principal-desafio-crisis-educativa-y-deficit-cultural\/"]}]},{"@type":"ImageObject","inLanguage":"es-AR","@id":"https:\/\/cooltivarte.com\/portal\/el-principal-desafio-crisis-educativa-y-deficit-cultural\/#primaryimage","url":"https:\/\/cooltivarte.com\/portal\/wp-content\/uploads\/2017\/04\/pablo-romero.jpg","contentUrl":"https:\/\/cooltivarte.com\/portal\/wp-content\/uploads\/2017\/04\/pablo-romero.jpg","width":704,"height":396,"caption":"pablo romero"},{"@type":"BreadcrumbList","@id":"https:\/\/cooltivarte.com\/portal\/el-principal-desafio-crisis-educativa-y-deficit-cultural\/#breadcrumb","itemListElement":[{"@type":"ListItem","position":1,"name":"Portada","item":"https:\/\/cooltivarte.com\/portal\/"},{"@type":"ListItem","position":2,"name":"El principal desaf\u00edo: crisis educativa y d\u00e9ficit cultural"}]},{"@type":"WebSite","@id":"https:\/\/cooltivarte.com\/portal\/#website","url":"https:\/\/cooltivarte.com\/portal\/","name":"Cooltivarte Portal","description":"Arte, cultura y turismo para el mundo ...","publisher":{"@id":"https:\/\/cooltivarte.com\/portal\/#organization"},"potentialAction":[{"@type":"SearchAction","target":{"@type":"EntryPoint","urlTemplate":"https:\/\/cooltivarte.com\/portal\/?s={search_term_string}"},"query-input":{"@type":"PropertyValueSpecification","valueRequired":true,"valueName":"search_term_string"}}],"inLanguage":"es-AR"},{"@type":"Organization","@id":"https:\/\/cooltivarte.com\/portal\/#organization","name":"cooltivarte","url":"https:\/\/cooltivarte.com\/portal\/","logo":{"@type":"ImageObject","inLanguage":"es-AR","@id":"https:\/\/cooltivarte.com\/portal\/#\/schema\/logo\/image\/","url":"https:\/\/cooltivarte.com\/portal\/wp-content\/uploads\/2020\/04\/logo-cooltivarte-v2.png","contentUrl":"https:\/\/cooltivarte.com\/portal\/wp-content\/uploads\/2020\/04\/logo-cooltivarte-v2.png","width":851,"height":243,"caption":"cooltivarte"},"image":{"@id":"https:\/\/cooltivarte.com\/portal\/#\/schema\/logo\/image\/"},"sameAs":["https:\/\/www.facebook.com\/cooltivartecom\/","https:\/\/x.com\/obolocultural","https:\/\/www.instagram.com\/_cooltivarte_\/","https:\/\/www.linkedin.com\/company\/-bolocultural?reportsuccess=8zaNG1HwhPbAR9iQhZ5rfGeqz_vQFftHun0ZWU0Wy9vNemRJ8vtcKdJvzQfW8XagyOJSKg0XvfJ1dp","https:\/\/www.pinterest.com\/cooltivarte\/","https:\/\/cooltivarte.tumblr.com\/","https:\/\/www.tiktok.com\/@cooltivarte","https:\/\/www.youtube.com\/@PrensaCooltivarte"]},{"@type":"Person","@id":"https:\/\/cooltivarte.com\/portal\/#\/schema\/person\/4142f96deaf5a27e4da3000f2d909698","name":"Pablo Romero","image":{"@type":"ImageObject","inLanguage":"es-AR","@id":"https:\/\/cooltivarte.com\/portal\/wp-content\/uploads\/2014\/05\/pablo-romero-120x120.jpg","url":"https:\/\/cooltivarte.com\/portal\/wp-content\/uploads\/2014\/05\/pablo-romero-120x120.jpg","contentUrl":"https:\/\/cooltivarte.com\/portal\/wp-content\/uploads\/2014\/05\/pablo-romero-120x120.jpg","caption":"Pablo Romero"},"description":"Profesor de Filosof\u00eda (egresado del IPA) y posgraduado como Especialista en Pol\u00edtica y Gesti\u00f3n de la Educaci\u00f3n, es docente de \u00c9tica en Universidad CLAEH y de Filosof\u00eda en educaci\u00f3n secundaria. Autor de \"Sobre el sentido de educar\" (Ediciones B-Penguin Random House, 2021) y coautor de obras sobre el campo de la filosof\u00eda de la educaci\u00f3n, es expositor a nivel nacional e internacional sobre temas educativos. Se ha desempe\u00f1ado como docente de Argumentaci\u00f3n en la Universidad Cat\u00f3lica y realizado ciclos de columnas de filosof\u00eda en radio El Espectador y en el canal televisivo TV Ciudad.","sameAs":["http:\/\/pabloromero7.blogspot.com\/","http:\/\/www.facebook.com\/pablorom777","https:\/\/www.instagram.com\/pabloromero1974\/","https:\/\/www.linkedin.com\/in\/pablo-romero-garca-7b82989b\/","https:\/\/www.pinterest.com\/cooltivarte\/","https:\/\/x.com\/https:\/\/twitter.com\/Pabloromero74","https:\/\/www.youtube.com\/@PrensaCooltivarte","https:\/\/cooltivarte.tumblr.com\/"],"url":"https:\/\/cooltivarte.com\/portal\/author\/romero\/"}]}},"_links":{"self":[{"href":"https:\/\/cooltivarte.com\/portal\/wp-json\/wp\/v2\/posts\/28671","targetHints":{"allow":["GET"]}}],"collection":[{"href":"https:\/\/cooltivarte.com\/portal\/wp-json\/wp\/v2\/posts"}],"about":[{"href":"https:\/\/cooltivarte.com\/portal\/wp-json\/wp\/v2\/types\/post"}],"author":[{"embeddable":true,"href":"https:\/\/cooltivarte.com\/portal\/wp-json\/wp\/v2\/users\/9"}],"replies":[{"embeddable":true,"href":"https:\/\/cooltivarte.com\/portal\/wp-json\/wp\/v2\/comments?post=28671"}],"version-history":[{"count":2,"href":"https:\/\/cooltivarte.com\/portal\/wp-json\/wp\/v2\/posts\/28671\/revisions"}],"predecessor-version":[{"id":36726,"href":"https:\/\/cooltivarte.com\/portal\/wp-json\/wp\/v2\/posts\/28671\/revisions\/36726"}],"wp:featuredmedia":[{"embeddable":true,"href":"https:\/\/cooltivarte.com\/portal\/wp-json\/wp\/v2\/media\/28673"}],"wp:attachment":[{"href":"https:\/\/cooltivarte.com\/portal\/wp-json\/wp\/v2\/media?parent=28671"}],"wp:term":[{"taxonomy":"category","embeddable":true,"href":"https:\/\/cooltivarte.com\/portal\/wp-json\/wp\/v2\/categories?post=28671"},{"taxonomy":"post_tag","embeddable":true,"href":"https:\/\/cooltivarte.com\/portal\/wp-json\/wp\/v2\/tags?post=28671"}],"curies":[{"name":"wp","href":"https:\/\/api.w.org\/{rel}","templated":true}]}}